{"id":17680,"date":"2018-05-13T08:52:46","date_gmt":"2018-05-13T13:52:46","guid":{"rendered":"http:\/\/futbolhoy.co\/?p=17680"},"modified":"2018-05-13T08:53:34","modified_gmt":"2018-05-13T13:53:34","slug":"alves-confia-en-buen-desempeno-de-brasil-en-el-mundial","status":"publish","type":"post","link":"https:\/\/futbolhoy.co\/index.php\/2018\/05\/13\/alves-confia-en-buen-desempeno-de-brasil-en-el-mundial\/","title":{"rendered":"Alves conf\u00eda en buen desempe\u00f1o de Brasil en el Mundial"},"content":{"rendered":"<p class=\"m_4726402106950608064ydp19a2dadaMsoNormal\" style=\"text-align: justify;\">El lateral <strong>Daniel Alves<\/strong>, del <strong>Par\u00eds Saint Germain<\/strong>, asegur\u00f3 que conf\u00eda en una gran actuaci\u00f3n de la selecci\u00f3n brasile\u00f1a que disputar\u00e1 el <strong>Mundial de Rusia 2018<\/strong>, tras conocerse que se perder\u00e1 el torneo por una lesi\u00f3n en la rodilla derecha.<\/p>\n<p class=\"m_4726402106950608064ydp19a2dadaMsoNormal\" style=\"text-align: justify;\">\"Conf\u00edo mucho en ese grupo porque siempre da lo mejor de s\u00ed cuando se junta, cuando trabaja\", anot\u00f3 en un v\u00eddeo que public\u00f3 en su cuenta de Instagram.<\/p>\n<p class=\"m_4726402106950608064ydp19a2dadaMsoNormal\" style=\"text-align: justify;\">\"Estoy seguro que va a resultar todo bien. Incluso, ya sali\u00f3 todo bien\", agreg\u00f3 el lateral en un mensaje donde adem\u00e1s agradeci\u00f3 el apoyo recibido por la lesi\u00f3n que lo margin\u00f3 del Mundial.<\/p>\n<p class=\"m_4726402106950608064ydp19a2dadaMsoNormal\" style=\"text-align: justify;\">Los m\u00e9dicos de la selecci\u00f3n brasile\u00f1a, en su primer diagn\u00f3stico aseguraron que el futbolista necesitar\u00e1 inicialmente 3 semanas de recuperaci\u00f3n antes de ser sometido a una cirug\u00eda que puede dejarlo al menos seis meses fuera de competencia.<\/p>\n<blockquote class=\"instagram-media\" data-instgrm-captioned data-instgrm-permalink=\"https:\/\/www.instagram.com\/p\/Bir7YEKAIx4\/\" data-instgrm-version=\"8\" style=\" background:#FFF; border:0; border-radius:3px; box-shadow:0 0 1px 0 rgba(0,0,0,0.5),0 1px 10px 0 rgba(0,0,0,0.15); margin: 1px; max-width:658px; padding:0; width:99.375%; width:-webkit-calc(100% - 2px); width:calc(100% - 2px);\">\n<div style=\"padding:8px;\">\n<div style=\" background:#F8F8F8; line-height:0; margin-top:40px; padding:62.5% 0; text-align:center; width:100%;\">\n<div style=\" background:url(data:image\/png;base64,iVBORw0KGgoAAAANSUhEUgAAACwAAAAsCAMAAAApWqozAAAABGdBTUEAALGPC\/xhBQAAAAFzUkdCAK7OHOkAAAAMUExURczMzPf399fX1+bm5mzY9AMAAADiSURBVDjLvZXbEsMgCES5\/P8\/t9FuRVCRmU73JWlzosgSIIZURCjo\/ad+EQJJB4Hv8BFt+IDpQoCx1wjOSBFhh2XssxEIYn3ulI\/6MNReE07UIWJEv8UEOWDS88LY97kqyTliJKKtuYBbruAyVh5wOHiXmpi5we58Ek028czwyuQdLKPG1Bkb4NnM+VeAnfHqn1k4+GPT6uGQcvu2h2OVuIf\/gWUFyy8OWEpdyZSa3aVCqpVoVvzZZ2VTnn2wU8qzVjDDetO90GSy9mVLqtgYSy231MxrY6I2gGqjrTY0L8fxCxfCBbhWrsYYAAAAAElFTkSuQmCC); display:block; height:44px; margin:0 auto -44px; position:relative; top:-22px; width:44px;\"><\/div>\n<\/div>\n<p style=\" margin:8px 0 0 0; padding:0 4px;\"> <a href=\"https:\/\/www.instagram.com\/p\/Bir7YEKAIx4\/\" style=\" color:#000; font-family:Arial,sans-serif; font-size:14px; font-style:normal; font-weight:normal; line-height:17px; text-decoration:none; word-wrap:break-word;\" target=\"_blank\">Obrigado!! #foreverGoodCrazy\ud83c\udfac  By @tptglobal @playerstribune<\/a><\/p>\n<p style=\" color:#c9c8cd; font-family:Arial,sans-serif; font-size:14px; line-height:17px; margin-bottom:0; margin-top:8px; overflow:hidden; padding:8px 0 7px; text-align:center; text-overflow:ellipsis; white-space:nowrap;\">A post shared by <a href=\"https:\/\/www.instagram.com\/danialves\/\" style=\" color:#c9c8cd; font-family:Arial,sans-serif; font-size:14px; font-style:normal; font-weight:normal; line-height:17px;\" target=\"_blank\"> DanialvesD2 My Twitter<\/a> (@danialves) on <time style=\" font-family:Arial,sans-serif; font-size:14px; line-height:17px;\" datetime=\"2018-05-12T17:51:53+00:00\">May 12, 2018 at 10:51am PDT<\/time><\/p>\n<\/div>\n<\/blockquote>\n<p><script async defer src=\"\/\/www.instagram.com\/embed.js\"><\/script><\/p>\n<p>&nbsp;<\/p>\n","protected":false},"excerpt":{"rendered":"<p>El lateral Daniel Alves, del Par\u00eds Saint Germain, asegur\u00f3 que conf\u00eda en una gran actuaci\u00f3n de la selecci\u00f3n brasile\u00f1a que disputar\u00e1 el Mundial de Rusia 2018, tras conocerse que se perder\u00e1 el torneo por una lesi\u00f3n en la rodilla derecha. \"Conf\u00edo mucho en ese grupo porque siempre da lo mejor de s\u00ed cuando se junta, [&hellip;]<\/p>\n","protected":false},"author":5,"featured_media":17693,"comment_status":"open","ping_status":"open","sticky":false,"template":"","format":"standard","meta":{"_acf_changed":false,"footnotes":""},"categories":[6],"tags":[775,274],"class_list":{"0":"post-17680","1":"post","2":"type-post","3":"status-publish","4":"format-standard","5":"has-post-thumbnail","7":"category-mundial","8":"tag-dani-alves","9":"tag-seleccion-brasil"},"acf":[],"yoast_head":"<!-- This site is optimized with the Yoast SEO plugin v26.8 - https:\/\/yoast.com\/product\/yoast-seo-wordpress\/ -->\n<title>Alves conf\u00eda en buen desempe\u00f1o de Brasil en el Mundial -<\/title>\n<meta name=\"robots\" content=\"index, follow, max-snippet:-1, max-image-preview:large, max-video-preview:-1\" \/>\n<link rel=\"canonical\" href=\"https:\/\/futbolhoy.co\/index.php\/2018\/05\/13\/alves-confia-en-buen-desempeno-de-brasil-en-el-mundial\/\" \/>\n<meta property=\"og:locale\" content=\"es_ES\" \/>\n<meta property=\"og:type\" content=\"article\" \/>\n<meta property=\"og:title\" content=\"Alves conf\u00eda en buen desempe\u00f1o de Brasil en el Mundial -\" \/>\n<meta property=\"og:description\" content=\"El lateral Daniel Alves, del Par\u00eds Saint Germain, asegur\u00f3 que conf\u00eda en una gran actuaci\u00f3n de la selecci\u00f3n brasile\u00f1a que disputar\u00e1 el Mundial de Rusia 2018, tras conocerse que se perder\u00e1 el torneo por una lesi\u00f3n en la rodilla derecha. &quot;Conf\u00edo mucho en ese grupo porque siempre da lo mejor de s\u00ed cuando se junta, [&hellip;]\" \/>\n<meta property=\"og:url\" content=\"https:\/\/futbolhoy.co\/index.php\/2018\/05\/13\/alves-confia-en-buen-desempeno-de-brasil-en-el-mundial\/\" \/>\n<meta property=\"article:publisher\" content=\"https:\/\/www.facebook.com\/FutbolHoyCol\/\" \/>\n<meta property=\"article:published_time\" content=\"2018-05-13T13:52:46+00:00\" \/>\n<meta property=\"article:modified_time\" content=\"2018-05-13T13:53:34+00:00\" \/>\n<meta property=\"og:image\" content=\"https:\/\/futbolhoy.co\/wp-content\/uploads\/2018\/05\/IMG_20180513_085215.jpg\" \/>\n\t<meta property=\"og:image:width\" content=\"700\" \/>\n\t<meta property=\"og:image:height\" content=\"467\" \/>\n\t<meta property=\"og:image:type\" content=\"image\/jpeg\" \/>\n<meta name=\"author\" content=\"Laura Hern\u00e1ndez\" \/>\n<meta name=\"twitter:card\" content=\"summary_large_image\" \/>\n<meta name=\"twitter:creator\" content=\"@FutbolHoyCol\" \/>\n<meta name=\"twitter:site\" content=\"@FutbolHoyCol\" \/>\n<meta name=\"twitter:label1\" content=\"Escrito por\" \/>\n\t<meta name=\"twitter:data1\" content=\"Laura Hern\u00e1ndez\" \/>\n\t<meta name=\"twitter:label2\" content=\"Tiempo de lectura\" \/>\n\t<meta name=\"twitter:data2\" content=\"1 minuto\" \/>\n<script type=\"application\/ld+json\" class=\"yoast-schema-graph\">{\"@context\":\"https:\/\/schema.org\",\"@graph\":[{\"@type\":\"Article\",\"@id\":\"https:\/\/futbolhoy.co\/index.php\/2018\/05\/13\/alves-confia-en-buen-desempeno-de-brasil-en-el-mundial\/#article\",\"isPartOf\":{\"@id\":\"https:\/\/futbolhoy.co\/index.php\/2018\/05\/13\/alves-confia-en-buen-desempeno-de-brasil-en-el-mundial\/\"},\"author\":{\"name\":\"Laura Hern\u00e1ndez\",\"@id\":\"https:\/\/futbolhoy.co\/#\/schema\/person\/c4a353a512b127643723a34bb1812f7d\"},\"headline\":\"Alves conf\u00eda en buen desempe\u00f1o de Brasil en el Mundial\",\"datePublished\":\"2018-05-13T13:52:46+00:00\",\"dateModified\":\"2018-05-13T13:53:34+00:00\",\"mainEntityOfPage\":{\"@id\":\"https:\/\/futbolhoy.co\/index.php\/2018\/05\/13\/alves-confia-en-buen-desempeno-de-brasil-en-el-mundial\/\"},\"wordCount\":172,\"commentCount\":0,\"publisher\":{\"@id\":\"https:\/\/futbolhoy.co\/#organization\"},\"image\":{\"@id\":\"https:\/\/futbolhoy.co\/index.php\/2018\/05\/13\/alves-confia-en-buen-desempeno-de-brasil-en-el-mundial\/#primaryimage\"},\"thumbnailUrl\":\"https:\/\/futbolhoy.co\/wp-content\/uploads\/2018\/05\/IMG_20180513_085215.jpg\",\"keywords\":[\"Dani alves\",\"Selecci\u00f3n Brasil\"],\"articleSection\":[\"Mundial\"],\"inLanguage\":\"es\",\"potentialAction\":[{\"@type\":\"CommentAction\",\"name\":\"Comment\",\"target\":[\"https:\/\/futbolhoy.co\/index.php\/2018\/05\/13\/alves-confia-en-buen-desempeno-de-brasil-en-el-mundial\/#respond\"]}]},{\"@type\":\"WebPage\",\"@id\":\"https:\/\/futbolhoy.co\/index.php\/2018\/05\/13\/alves-confia-en-buen-desempeno-de-brasil-en-el-mundial\/\",\"url\":\"https:\/\/futbolhoy.co\/index.php\/2018\/05\/13\/alves-confia-en-buen-desempeno-de-brasil-en-el-mundial\/\",\"name\":\"Alves conf\u00eda en buen desempe\u00f1o de Brasil en el Mundial -\",\"isPartOf\":{\"@id\":\"https:\/\/futbolhoy.co\/#website\"},\"primaryImageOfPage\":{\"@id\":\"https:\/\/futbolhoy.co\/index.php\/2018\/05\/13\/alves-confia-en-buen-desempeno-de-brasil-en-el-mundial\/#primaryimage\"},\"image\":{\"@id\":\"https:\/\/futbolhoy.co\/index.php\/2018\/05\/13\/alves-confia-en-buen-desempeno-de-brasil-en-el-mundial\/#primaryimage\"},\"thumbnailUrl\":\"https:\/\/futbolhoy.co\/wp-content\/uploads\/2018\/05\/IMG_20180513_085215.jpg\",\"datePublished\":\"2018-05-13T13:52:46+00:00\",\"dateModified\":\"2018-05-13T13:53:34+00:00\",\"breadcrumb\":{\"@id\":\"https:\/\/futbolhoy.co\/index.php\/2018\/05\/13\/alves-confia-en-buen-desempeno-de-brasil-en-el-mundial\/#breadcrumb\"},\"inLanguage\":\"es\",\"potentialAction\":[{\"@type\":\"ReadAction\",\"target\":[\"https:\/\/futbolhoy.co\/index.php\/2018\/05\/13\/alves-confia-en-buen-desempeno-de-brasil-en-el-mundial\/\"]}]},{\"@type\":\"ImageObject\",\"inLanguage\":\"es\",\"@id\":\"https:\/\/futbolhoy.co\/index.php\/2018\/05\/13\/alves-confia-en-buen-desempeno-de-brasil-en-el-mundial\/#primaryimage\",\"url\":\"https:\/\/futbolhoy.co\/wp-content\/uploads\/2018\/05\/IMG_20180513_085215.jpg\",\"contentUrl\":\"https:\/\/futbolhoy.co\/wp-content\/uploads\/2018\/05\/IMG_20180513_085215.jpg\",\"width\":700,\"height\":467},{\"@type\":\"BreadcrumbList\",\"@id\":\"https:\/\/futbolhoy.co\/index.php\/2018\/05\/13\/alves-confia-en-buen-desempeno-de-brasil-en-el-mundial\/#breadcrumb\",\"itemListElement\":[{\"@type\":\"ListItem\",\"position\":1,\"name\":\"Portada\",\"item\":\"https:\/\/futbolhoy.co\/\"},{\"@type\":\"ListItem\",\"position\":2,\"name\":\"Alves conf\u00eda en buen desempe\u00f1o de Brasil en el Mundial\"}]},{\"@type\":\"WebSite\",\"@id\":\"https:\/\/futbolhoy.co\/#website\",\"url\":\"https:\/\/futbolhoy.co\/\",\"name\":\"FutbolHoy\",\"description\":\"\",\"publisher\":{\"@id\":\"https:\/\/futbolhoy.co\/#organization\"},\"potentialAction\":[{\"@type\":\"SearchAction\",\"target\":{\"@type\":\"EntryPoint\",\"urlTemplate\":\"https:\/\/futbolhoy.co\/?s={search_term_string}\"},\"query-input\":{\"@type\":\"PropertyValueSpecification\",\"valueRequired\":true,\"valueName\":\"search_term_string\"}}],\"inLanguage\":\"es\"},{\"@type\":\"Organization\",\"@id\":\"https:\/\/futbolhoy.co\/#organization\",\"name\":\"Futbolhoy.co\",\"url\":\"https:\/\/futbolhoy.co\/\",\"logo\":{\"@type\":\"ImageObject\",\"inLanguage\":\"es\",\"@id\":\"https:\/\/futbolhoy.co\/#\/schema\/logo\/image\/\",\"url\":\"https:\/\/futbolhoy.co\/wp-content\/uploads\/2018\/08\/17426380_1906371736249227_6326180412931521141_n.jpg\",\"contentUrl\":\"https:\/\/futbolhoy.co\/wp-content\/uploads\/2018\/08\/17426380_1906371736249227_6326180412931521141_n.jpg\",\"width\":960,\"height\":960,\"caption\":\"Futbolhoy.co\"},\"image\":{\"@id\":\"https:\/\/futbolhoy.co\/#\/schema\/logo\/image\/\"},\"sameAs\":[\"https:\/\/www.facebook.com\/FutbolHoyCol\/\",\"https:\/\/x.com\/FutbolHoyCol\",\"https:\/\/www.instagram.com\/futbolhoycol\/\"]},{\"@type\":\"Person\",\"@id\":\"https:\/\/futbolhoy.co\/#\/schema\/person\/c4a353a512b127643723a34bb1812f7d\",\"name\":\"Laura Hern\u00e1ndez\",\"image\":{\"@type\":\"ImageObject\",\"inLanguage\":\"es\",\"@id\":\"https:\/\/futbolhoy.co\/#\/schema\/person\/image\/\",\"url\":\"https:\/\/secure.gravatar.com\/avatar\/d25959a15b9b293a743f99181c7cfd01?s=96&d=mm&r=g\",\"contentUrl\":\"https:\/\/secure.gravatar.com\/avatar\/d25959a15b9b293a743f99181c7cfd01?s=96&d=mm&r=g\",\"caption\":\"Laura Hern\u00e1ndez\"}}]}<\/script>\n<!-- \/ Yoast SEO plugin. -->","yoast_head_json":{"title":"Alves conf\u00eda en buen desempe\u00f1o de Brasil en el Mundial -","robots":{"index":"index","follow":"follow","max-snippet":"max-snippet:-1","max-image-preview":"max-image-preview:large","max-video-preview":"max-video-preview:-1"},"canonical":"https:\/\/futbolhoy.co\/index.php\/2018\/05\/13\/alves-confia-en-buen-desempeno-de-brasil-en-el-mundial\/","og_locale":"es_ES","og_type":"article","og_title":"Alves conf\u00eda en buen desempe\u00f1o de Brasil en el Mundial -","og_description":"El lateral Daniel Alves, del Par\u00eds Saint Germain, asegur\u00f3 que conf\u00eda en una gran actuaci\u00f3n de la selecci\u00f3n brasile\u00f1a que disputar\u00e1 el Mundial de Rusia 2018, tras conocerse que se perder\u00e1 el torneo por una lesi\u00f3n en la rodilla derecha. \"Conf\u00edo mucho en ese grupo porque siempre da lo mejor de s\u00ed cuando se junta, [&hellip;]","og_url":"https:\/\/futbolhoy.co\/index.php\/2018\/05\/13\/alves-confia-en-buen-desempeno-de-brasil-en-el-mundial\/","article_publisher":"https:\/\/www.facebook.com\/FutbolHoyCol\/","article_published_time":"2018-05-13T13:52:46+00:00","article_modified_time":"2018-05-13T13:53:34+00:00","og_image":[{"width":700,"height":467,"url":"https:\/\/futbolhoy.co\/wp-content\/uploads\/2018\/05\/IMG_20180513_085215.jpg","type":"image\/jpeg"}],"author":"Laura Hern\u00e1ndez","twitter_card":"summary_large_image","twitter_creator":"@FutbolHoyCol","twitter_site":"@FutbolHoyCol","twitter_misc":{"Escrito por":"Laura Hern\u00e1ndez","Tiempo de lectura":"1 minuto"},"schema":{"@context":"https:\/\/schema.org","@graph":[{"@type":"Article","@id":"https:\/\/futbolhoy.co\/index.php\/2018\/05\/13\/alves-confia-en-buen-desempeno-de-brasil-en-el-mundial\/#article","isPartOf":{"@id":"https:\/\/futbolhoy.co\/index.php\/2018\/05\/13\/alves-confia-en-buen-desempeno-de-brasil-en-el-mundial\/"},"author":{"name":"Laura Hern\u00e1ndez","@id":"https:\/\/futbolhoy.co\/#\/schema\/person\/c4a353a512b127643723a34bb1812f7d"},"headline":"Alves conf\u00eda en buen desempe\u00f1o de Brasil en el Mundial","datePublished":"2018-05-13T13:52:46+00:00","dateModified":"2018-05-13T13:53:34+00:00","mainEntityOfPage":{"@id":"https:\/\/futbolhoy.co\/index.php\/2018\/05\/13\/alves-confia-en-buen-desempeno-de-brasil-en-el-mundial\/"},"wordCount":172,"commentCount":0,"publisher":{"@id":"https:\/\/futbolhoy.co\/#organization"},"image":{"@id":"https:\/\/futbolhoy.co\/index.php\/2018\/05\/13\/alves-confia-en-buen-desempeno-de-brasil-en-el-mundial\/#primaryimage"},"thumbnailUrl":"https:\/\/futbolhoy.co\/wp-content\/uploads\/2018\/05\/IMG_20180513_085215.jpg","keywords":["Dani alves","Selecci\u00f3n Brasil"],"articleSection":["Mundial"],"inLanguage":"es","potentialAction":[{"@type":"CommentAction","name":"Comment","target":["https:\/\/futbolhoy.co\/index.php\/2018\/05\/13\/alves-confia-en-buen-desempeno-de-brasil-en-el-mundial\/#respond"]}]},{"@type":"WebPage","@id":"https:\/\/futbolhoy.co\/index.php\/2018\/05\/13\/alves-confia-en-buen-desempeno-de-brasil-en-el-mundial\/","url":"https:\/\/futbolhoy.co\/index.php\/2018\/05\/13\/alves-confia-en-buen-desempeno-de-brasil-en-el-mundial\/","name":"Alves conf\u00eda en buen desempe\u00f1o de Brasil en el Mundial -","isPartOf":{"@id":"https:\/\/futbolhoy.co\/#website"},"primaryImageOfPage":{"@id":"https:\/\/futbolhoy.co\/index.php\/2018\/05\/13\/alves-confia-en-buen-desempeno-de-brasil-en-el-mundial\/#primaryimage"},"image":{"@id":"https:\/\/futbolhoy.co\/index.php\/2018\/05\/13\/alves-confia-en-buen-desempeno-de-brasil-en-el-mundial\/#primaryimage"},"thumbnailUrl":"https:\/\/futbolhoy.co\/wp-content\/uploads\/2018\/05\/IMG_20180513_085215.jpg","datePublished":"2018-05-13T13:52:46+00:00","dateModified":"2018-05-13T13:53:34+00:00","breadcrumb":{"@id":"https:\/\/futbolhoy.co\/index.php\/2018\/05\/13\/alves-confia-en-buen-desempeno-de-brasil-en-el-mundial\/#breadcrumb"},"inLanguage":"es","potentialAction":[{"@type":"ReadAction","target":["https:\/\/futbolhoy.co\/index.php\/2018\/05\/13\/alves-confia-en-buen-desempeno-de-brasil-en-el-mundial\/"]}]},{"@type":"ImageObject","inLanguage":"es","@id":"https:\/\/futbolhoy.co\/index.php\/2018\/05\/13\/alves-confia-en-buen-desempeno-de-brasil-en-el-mundial\/#primaryimage","url":"https:\/\/futbolhoy.co\/wp-content\/uploads\/2018\/05\/IMG_20180513_085215.jpg","contentUrl":"https:\/\/futbolhoy.co\/wp-content\/uploads\/2018\/05\/IMG_20180513_085215.jpg","width":700,"height":467},{"@type":"BreadcrumbList","@id":"https:\/\/futbolhoy.co\/index.php\/2018\/05\/13\/alves-confia-en-buen-desempeno-de-brasil-en-el-mundial\/#breadcrumb","itemListElement":[{"@type":"ListItem","position":1,"name":"Portada","item":"https:\/\/futbolhoy.co\/"},{"@type":"ListItem","position":2,"name":"Alves conf\u00eda en buen desempe\u00f1o de Brasil en el Mundial"}]},{"@type":"WebSite","@id":"https:\/\/futbolhoy.co\/#website","url":"https:\/\/futbolhoy.co\/","name":"FutbolHoy","description":"","publisher":{"@id":"https:\/\/futbolhoy.co\/#organization"},"potentialAction":[{"@type":"SearchAction","target":{"@type":"EntryPoint","urlTemplate":"https:\/\/futbolhoy.co\/?s={search_term_string}"},"query-input":{"@type":"PropertyValueSpecification","valueRequired":true,"valueName":"search_term_string"}}],"inLanguage":"es"},{"@type":"Organization","@id":"https:\/\/futbolhoy.co\/#organization","name":"Futbolhoy.co","url":"https:\/\/futbolhoy.co\/","logo":{"@type":"ImageObject","inLanguage":"es","@id":"https:\/\/futbolhoy.co\/#\/schema\/logo\/image\/","url":"https:\/\/futbolhoy.co\/wp-content\/uploads\/2018\/08\/17426380_1906371736249227_6326180412931521141_n.jpg","contentUrl":"https:\/\/futbolhoy.co\/wp-content\/uploads\/2018\/08\/17426380_1906371736249227_6326180412931521141_n.jpg","width":960,"height":960,"caption":"Futbolhoy.co"},"image":{"@id":"https:\/\/futbolhoy.co\/#\/schema\/logo\/image\/"},"sameAs":["https:\/\/www.facebook.com\/FutbolHoyCol\/","https:\/\/x.com\/FutbolHoyCol","https:\/\/www.instagram.com\/futbolhoycol\/"]},{"@type":"Person","@id":"https:\/\/futbolhoy.co\/#\/schema\/person\/c4a353a512b127643723a34bb1812f7d","name":"Laura Hern\u00e1ndez","image":{"@type":"ImageObject","inLanguage":"es","@id":"https:\/\/futbolhoy.co\/#\/schema\/person\/image\/","url":"https:\/\/secure.gravatar.com\/avatar\/d25959a15b9b293a743f99181c7cfd01?s=96&d=mm&r=g","contentUrl":"https:\/\/secure.gravatar.com\/avatar\/d25959a15b9b293a743f99181c7cfd01?s=96&d=mm&r=g","caption":"Laura Hern\u00e1ndez"}}]}},"publishpress_future_action":{"enabled":false,"date":"2026-05-04 17:21:47","action":"change-status","newStatus":"draft","terms":[],"taxonomy":"category","extraData":[]},"publishpress_future_workflow_manual_trigger":{"enabledWorkflows":[]},"_links":{"self":[{"href":"https:\/\/futbolhoy.co\/index.php\/wp-json\/wp\/v2\/posts\/17680","targetHints":{"allow":["GET"]}}],"collection":[{"href":"https:\/\/futbolhoy.co\/index.php\/wp-json\/wp\/v2\/posts"}],"about":[{"href":"https:\/\/futbolhoy.co\/index.php\/wp-json\/wp\/v2\/types\/post"}],"author":[{"embeddable":true,"href":"https:\/\/futbolhoy.co\/index.php\/wp-json\/wp\/v2\/users\/5"}],"replies":[{"embeddable":true,"href":"https:\/\/futbolhoy.co\/index.php\/wp-json\/wp\/v2\/comments?post=17680"}],"version-history":[{"count":2,"href":"https:\/\/futbolhoy.co\/index.php\/wp-json\/wp\/v2\/posts\/17680\/revisions"}],"predecessor-version":[{"id":17695,"href":"https:\/\/futbolhoy.co\/index.php\/wp-json\/wp\/v2\/posts\/17680\/revisions\/17695"}],"wp:featuredmedia":[{"embeddable":true,"href":"https:\/\/futbolhoy.co\/index.php\/wp-json\/wp\/v2\/media\/17693"}],"wp:attachment":[{"href":"https:\/\/futbolhoy.co\/index.php\/wp-json\/wp\/v2\/media?parent=17680"}],"wp:term":[{"taxonomy":"category","embeddable":true,"href":"https:\/\/futbolhoy.co\/index.php\/wp-json\/wp\/v2\/categories?post=17680"},{"taxonomy":"post_tag","embeddable":true,"href":"https:\/\/futbolhoy.co\/index.php\/wp-json\/wp\/v2\/tags?post=17680"}],"curies":[{"name":"wp","href":"https:\/\/api.w.org\/{rel}","templated":true}]}}