{"id":17682,"date":"2018-05-13T08:10:29","date_gmt":"2018-05-13T13:10:29","guid":{"rendered":"http:\/\/futbolhoy.co\/?p=17682"},"modified":"2018-05-13T15:40:06","modified_gmt":"2018-05-13T20:40:06","slug":"reinaldo-rueda-capacito-tecnicos-hondurenos","status":"publish","type":"post","link":"https:\/\/futbolhoy.co\/index.php\/2018\/05\/13\/reinaldo-rueda-capacito-tecnicos-hondurenos\/","title":{"rendered":"Reinaldo Rueda capacit\u00f3 t\u00e9cnicos hondure\u00f1os"},"content":{"rendered":"<p class=\"m_4726402106950608064ydp19a2dadaMsoNormal\" style=\"text-align: justify;\">El t\u00e9cnico colombiano <strong>Reinaldo Rueda,<\/strong> actual seleccionador de <strong>Chile<\/strong>, concluy\u00f3 un curso en Tegucigalpa en el que capacit\u00f3 300 entrenadores hondure\u00f1os como parte de una jornada auspiciada por la Federaci\u00f3n de F\u00fatbol de ese pa\u00eds.<\/p>\n<p class=\"m_4726402106950608064ydp19a2dadaMsoNormal\" style=\"text-align: justify;\">Reconocidos entrenadores como <strong>Jos\u00e9 de la Paz Herrera<\/strong>, quien clasific\u00f3 a Honduras a su primer mundial, el de Espa\u00f1a 1982, y <strong>Ram\u00f3n Enrique Maradiaga<\/strong>, quien ha dirigido a las selecciones de su pa\u00eds, El Salvador y Guatemala, participaron en la capacitaci\u00f3n.<\/p>\n<p class=\"m_4726402106950608064ydp19a2dadaMsoNormal\" style=\"text-align: justify;\">Rueda, quien adem\u00e1s cuenta con la nacionalidad del pa\u00eds centroamericano, clasific\u00f3 a <strong>Honduras<\/strong> al Mundial de Sud\u00e1frica 2010.<\/p>\n","protected":false},"excerpt":{"rendered":"<p>El t\u00e9cnico colombiano Reinaldo Rueda, actual seleccionador de Chile, concluy\u00f3 un curso en Tegucigalpa en el que capacit\u00f3 300 entrenadores hondure\u00f1os como parte de una jornada auspiciada por la Federaci\u00f3n de F\u00fatbol de ese pa\u00eds. Reconocidos entrenadores como Jos\u00e9 de la Paz Herrera, quien clasific\u00f3 a Honduras a su primer mundial, el de Espa\u00f1a 1982, [&hellip;]<\/p>\n","protected":false},"author":5,"featured_media":11900,"comment_status":"open","ping_status":"open","sticky":false,"template":"","format":"standard","meta":{"_acf_changed":false,"footnotes":""},"categories":[152],"tags":[96],"class_list":{"0":"post-17682","1":"post","2":"type-post","3":"status-publish","4":"format-standard","5":"has-post-thumbnail","7":"category-mundo-futbol","8":"tag-reinaldo-rueda"},"acf":[],"yoast_head":"<!-- This site is optimized with the Yoast SEO plugin v26.8 - https:\/\/yoast.com\/product\/yoast-seo-wordpress\/ -->\n<title>Reinaldo Rueda capacit\u00f3 t\u00e9cnicos hondure\u00f1os -<\/title>\n<meta name=\"robots\" content=\"index, follow, max-snippet:-1, max-image-preview:large, max-video-preview:-1\" \/>\n<link rel=\"canonical\" href=\"https:\/\/futbolhoy.co\/index.php\/2018\/05\/13\/reinaldo-rueda-capacito-tecnicos-hondurenos\/\" \/>\n<meta property=\"og:locale\" content=\"es_ES\" \/>\n<meta property=\"og:type\" content=\"article\" \/>\n<meta property=\"og:title\" content=\"Reinaldo Rueda capacit\u00f3 t\u00e9cnicos hondure\u00f1os -\" \/>\n<meta property=\"og:description\" content=\"El t\u00e9cnico colombiano Reinaldo Rueda, actual seleccionador de Chile, concluy\u00f3 un curso en Tegucigalpa en el que capacit\u00f3 300 entrenadores hondure\u00f1os como parte de una jornada auspiciada por la Federaci\u00f3n de F\u00fatbol de ese pa\u00eds. Reconocidos entrenadores como Jos\u00e9 de la Paz Herrera, quien clasific\u00f3 a Honduras a su primer mundial, el de Espa\u00f1a 1982, [&hellip;]\" \/>\n<meta property=\"og:url\" content=\"https:\/\/futbolhoy.co\/index.php\/2018\/05\/13\/reinaldo-rueda-capacito-tecnicos-hondurenos\/\" \/>\n<meta property=\"article:publisher\" content=\"https:\/\/www.facebook.com\/FutbolHoyCol\/\" \/>\n<meta property=\"article:published_time\" content=\"2018-05-13T13:10:29+00:00\" \/>\n<meta property=\"article:modified_time\" content=\"2018-05-13T20:40:06+00:00\" \/>\n<meta property=\"og:image\" content=\"https:\/\/futbolhoy.co\/wp-content\/uploads\/2018\/01\/Rueda-reinaldo-7.jpg\" \/>\n\t<meta property=\"og:image:width\" content=\"600\" \/>\n\t<meta property=\"og:image:height\" content=\"398\" \/>\n\t<meta property=\"og:image:type\" content=\"image\/jpeg\" \/>\n<meta name=\"author\" content=\"Laura Hern\u00e1ndez\" \/>\n<meta name=\"twitter:card\" content=\"summary_large_image\" \/>\n<meta name=\"twitter:creator\" content=\"@FutbolHoyCol\" \/>\n<meta name=\"twitter:site\" content=\"@FutbolHoyCol\" \/>\n<meta name=\"twitter:label1\" content=\"Escrito por\" \/>\n\t<meta name=\"twitter:data1\" content=\"Laura Hern\u00e1ndez\" \/>\n\t<meta name=\"twitter:label2\" content=\"Tiempo de lectura\" \/>\n\t<meta name=\"twitter:data2\" content=\"1 minuto\" \/>\n<script type=\"application\/ld+json\" class=\"yoast-schema-graph\">{\"@context\":\"https:\/\/schema.org\",\"@graph\":[{\"@type\":\"Article\",\"@id\":\"https:\/\/futbolhoy.co\/index.php\/2018\/05\/13\/reinaldo-rueda-capacito-tecnicos-hondurenos\/#article\",\"isPartOf\":{\"@id\":\"https:\/\/futbolhoy.co\/index.php\/2018\/05\/13\/reinaldo-rueda-capacito-tecnicos-hondurenos\/\"},\"author\":{\"name\":\"Laura Hern\u00e1ndez\",\"@id\":\"https:\/\/futbolhoy.co\/#\/schema\/person\/c4a353a512b127643723a34bb1812f7d\"},\"headline\":\"Reinaldo Rueda capacit\u00f3 t\u00e9cnicos hondure\u00f1os\",\"datePublished\":\"2018-05-13T13:10:29+00:00\",\"dateModified\":\"2018-05-13T20:40:06+00:00\",\"mainEntityOfPage\":{\"@id\":\"https:\/\/futbolhoy.co\/index.php\/2018\/05\/13\/reinaldo-rueda-capacito-tecnicos-hondurenos\/\"},\"wordCount\":110,\"commentCount\":0,\"publisher\":{\"@id\":\"https:\/\/futbolhoy.co\/#organization\"},\"image\":{\"@id\":\"https:\/\/futbolhoy.co\/index.php\/2018\/05\/13\/reinaldo-rueda-capacito-tecnicos-hondurenos\/#primaryimage\"},\"thumbnailUrl\":\"https:\/\/futbolhoy.co\/wp-content\/uploads\/2018\/01\/Rueda-reinaldo-7.jpg\",\"keywords\":[\"Reinaldo Rueda\"],\"articleSection\":[\"Mundo Futbol\"],\"inLanguage\":\"es\",\"potentialAction\":[{\"@type\":\"CommentAction\",\"name\":\"Comment\",\"target\":[\"https:\/\/futbolhoy.co\/index.php\/2018\/05\/13\/reinaldo-rueda-capacito-tecnicos-hondurenos\/#respond\"]}]},{\"@type\":\"WebPage\",\"@id\":\"https:\/\/futbolhoy.co\/index.php\/2018\/05\/13\/reinaldo-rueda-capacito-tecnicos-hondurenos\/\",\"url\":\"https:\/\/futbolhoy.co\/index.php\/2018\/05\/13\/reinaldo-rueda-capacito-tecnicos-hondurenos\/\",\"name\":\"Reinaldo Rueda capacit\u00f3 t\u00e9cnicos hondure\u00f1os -\",\"isPartOf\":{\"@id\":\"https:\/\/futbolhoy.co\/#website\"},\"primaryImageOfPage\":{\"@id\":\"https:\/\/futbolhoy.co\/index.php\/2018\/05\/13\/reinaldo-rueda-capacito-tecnicos-hondurenos\/#primaryimage\"},\"image\":{\"@id\":\"https:\/\/futbolhoy.co\/index.php\/2018\/05\/13\/reinaldo-rueda-capacito-tecnicos-hondurenos\/#primaryimage\"},\"thumbnailUrl\":\"https:\/\/futbolhoy.co\/wp-content\/uploads\/2018\/01\/Rueda-reinaldo-7.jpg\",\"datePublished\":\"2018-05-13T13:10:29+00:00\",\"dateModified\":\"2018-05-13T20:40:06+00:00\",\"breadcrumb\":{\"@id\":\"https:\/\/futbolhoy.co\/index.php\/2018\/05\/13\/reinaldo-rueda-capacito-tecnicos-hondurenos\/#breadcrumb\"},\"inLanguage\":\"es\",\"potentialAction\":[{\"@type\":\"ReadAction\",\"target\":[\"https:\/\/futbolhoy.co\/index.php\/2018\/05\/13\/reinaldo-rueda-capacito-tecnicos-hondurenos\/\"]}]},{\"@type\":\"ImageObject\",\"inLanguage\":\"es\",\"@id\":\"https:\/\/futbolhoy.co\/index.php\/2018\/05\/13\/reinaldo-rueda-capacito-tecnicos-hondurenos\/#primaryimage\",\"url\":\"https:\/\/futbolhoy.co\/wp-content\/uploads\/2018\/01\/Rueda-reinaldo-7.jpg\",\"contentUrl\":\"https:\/\/futbolhoy.co\/wp-content\/uploads\/2018\/01\/Rueda-reinaldo-7.jpg\",\"width\":600,\"height\":398},{\"@type\":\"BreadcrumbList\",\"@id\":\"https:\/\/futbolhoy.co\/index.php\/2018\/05\/13\/reinaldo-rueda-capacito-tecnicos-hondurenos\/#breadcrumb\",\"itemListElement\":[{\"@type\":\"ListItem\",\"position\":1,\"name\":\"Portada\",\"item\":\"https:\/\/futbolhoy.co\/\"},{\"@type\":\"ListItem\",\"position\":2,\"name\":\"Reinaldo Rueda capacit\u00f3 t\u00e9cnicos hondure\u00f1os\"}]},{\"@type\":\"WebSite\",\"@id\":\"https:\/\/futbolhoy.co\/#website\",\"url\":\"https:\/\/futbolhoy.co\/\",\"name\":\"FutbolHoy\",\"description\":\"\",\"publisher\":{\"@id\":\"https:\/\/futbolhoy.co\/#organization\"},\"potentialAction\":[{\"@type\":\"SearchAction\",\"target\":{\"@type\":\"EntryPoint\",\"urlTemplate\":\"https:\/\/futbolhoy.co\/?s={search_term_string}\"},\"query-input\":{\"@type\":\"PropertyValueSpecification\",\"valueRequired\":true,\"valueName\":\"search_term_string\"}}],\"inLanguage\":\"es\"},{\"@type\":\"Organization\",\"@id\":\"https:\/\/futbolhoy.co\/#organization\",\"name\":\"Futbolhoy.co\",\"url\":\"https:\/\/futbolhoy.co\/\",\"logo\":{\"@type\":\"ImageObject\",\"inLanguage\":\"es\",\"@id\":\"https:\/\/futbolhoy.co\/#\/schema\/logo\/image\/\",\"url\":\"https:\/\/futbolhoy.co\/wp-content\/uploads\/2018\/08\/17426380_1906371736249227_6326180412931521141_n.jpg\",\"contentUrl\":\"https:\/\/futbolhoy.co\/wp-content\/uploads\/2018\/08\/17426380_1906371736249227_6326180412931521141_n.jpg\",\"width\":960,\"height\":960,\"caption\":\"Futbolhoy.co\"},\"image\":{\"@id\":\"https:\/\/futbolhoy.co\/#\/schema\/logo\/image\/\"},\"sameAs\":[\"https:\/\/www.facebook.com\/FutbolHoyCol\/\",\"https:\/\/x.com\/FutbolHoyCol\",\"https:\/\/www.instagram.com\/futbolhoycol\/\"]},{\"@type\":\"Person\",\"@id\":\"https:\/\/futbolhoy.co\/#\/schema\/person\/c4a353a512b127643723a34bb1812f7d\",\"name\":\"Laura Hern\u00e1ndez\",\"image\":{\"@type\":\"ImageObject\",\"inLanguage\":\"es\",\"@id\":\"https:\/\/futbolhoy.co\/#\/schema\/person\/image\/\",\"url\":\"https:\/\/secure.gravatar.com\/avatar\/d25959a15b9b293a743f99181c7cfd01?s=96&d=mm&r=g\",\"contentUrl\":\"https:\/\/secure.gravatar.com\/avatar\/d25959a15b9b293a743f99181c7cfd01?s=96&d=mm&r=g\",\"caption\":\"Laura Hern\u00e1ndez\"}}]}<\/script>\n<!-- \/ Yoast SEO plugin. -->","yoast_head_json":{"title":"Reinaldo Rueda capacit\u00f3 t\u00e9cnicos hondure\u00f1os -","robots":{"index":"index","follow":"follow","max-snippet":"max-snippet:-1","max-image-preview":"max-image-preview:large","max-video-preview":"max-video-preview:-1"},"canonical":"https:\/\/futbolhoy.co\/index.php\/2018\/05\/13\/reinaldo-rueda-capacito-tecnicos-hondurenos\/","og_locale":"es_ES","og_type":"article","og_title":"Reinaldo Rueda capacit\u00f3 t\u00e9cnicos hondure\u00f1os -","og_description":"El t\u00e9cnico colombiano Reinaldo Rueda, actual seleccionador de Chile, concluy\u00f3 un curso en Tegucigalpa en el que capacit\u00f3 300 entrenadores hondure\u00f1os como parte de una jornada auspiciada por la Federaci\u00f3n de F\u00fatbol de ese pa\u00eds. Reconocidos entrenadores como Jos\u00e9 de la Paz Herrera, quien clasific\u00f3 a Honduras a su primer mundial, el de Espa\u00f1a 1982, [&hellip;]","og_url":"https:\/\/futbolhoy.co\/index.php\/2018\/05\/13\/reinaldo-rueda-capacito-tecnicos-hondurenos\/","article_publisher":"https:\/\/www.facebook.com\/FutbolHoyCol\/","article_published_time":"2018-05-13T13:10:29+00:00","article_modified_time":"2018-05-13T20:40:06+00:00","og_image":[{"width":600,"height":398,"url":"https:\/\/futbolhoy.co\/wp-content\/uploads\/2018\/01\/Rueda-reinaldo-7.jpg","type":"image\/jpeg"}],"author":"Laura Hern\u00e1ndez","twitter_card":"summary_large_image","twitter_creator":"@FutbolHoyCol","twitter_site":"@FutbolHoyCol","twitter_misc":{"Escrito por":"Laura Hern\u00e1ndez","Tiempo de lectura":"1 minuto"},"schema":{"@context":"https:\/\/schema.org","@graph":[{"@type":"Article","@id":"https:\/\/futbolhoy.co\/index.php\/2018\/05\/13\/reinaldo-rueda-capacito-tecnicos-hondurenos\/#article","isPartOf":{"@id":"https:\/\/futbolhoy.co\/index.php\/2018\/05\/13\/reinaldo-rueda-capacito-tecnicos-hondurenos\/"},"author":{"name":"Laura Hern\u00e1ndez","@id":"https:\/\/futbolhoy.co\/#\/schema\/person\/c4a353a512b127643723a34bb1812f7d"},"headline":"Reinaldo Rueda capacit\u00f3 t\u00e9cnicos hondure\u00f1os","datePublished":"2018-05-13T13:10:29+00:00","dateModified":"2018-05-13T20:40:06+00:00","mainEntityOfPage":{"@id":"https:\/\/futbolhoy.co\/index.php\/2018\/05\/13\/reinaldo-rueda-capacito-tecnicos-hondurenos\/"},"wordCount":110,"commentCount":0,"publisher":{"@id":"https:\/\/futbolhoy.co\/#organization"},"image":{"@id":"https:\/\/futbolhoy.co\/index.php\/2018\/05\/13\/reinaldo-rueda-capacito-tecnicos-hondurenos\/#primaryimage"},"thumbnailUrl":"https:\/\/futbolhoy.co\/wp-content\/uploads\/2018\/01\/Rueda-reinaldo-7.jpg","keywords":["Reinaldo Rueda"],"articleSection":["Mundo Futbol"],"inLanguage":"es","potentialAction":[{"@type":"CommentAction","name":"Comment","target":["https:\/\/futbolhoy.co\/index.php\/2018\/05\/13\/reinaldo-rueda-capacito-tecnicos-hondurenos\/#respond"]}]},{"@type":"WebPage","@id":"https:\/\/futbolhoy.co\/index.php\/2018\/05\/13\/reinaldo-rueda-capacito-tecnicos-hondurenos\/","url":"https:\/\/futbolhoy.co\/index.php\/2018\/05\/13\/reinaldo-rueda-capacito-tecnicos-hondurenos\/","name":"Reinaldo Rueda capacit\u00f3 t\u00e9cnicos hondure\u00f1os -","isPartOf":{"@id":"https:\/\/futbolhoy.co\/#website"},"primaryImageOfPage":{"@id":"https:\/\/futbolhoy.co\/index.php\/2018\/05\/13\/reinaldo-rueda-capacito-tecnicos-hondurenos\/#primaryimage"},"image":{"@id":"https:\/\/futbolhoy.co\/index.php\/2018\/05\/13\/reinaldo-rueda-capacito-tecnicos-hondurenos\/#primaryimage"},"thumbnailUrl":"https:\/\/futbolhoy.co\/wp-content\/uploads\/2018\/01\/Rueda-reinaldo-7.jpg","datePublished":"2018-05-13T13:10:29+00:00","dateModified":"2018-05-13T20:40:06+00:00","breadcrumb":{"@id":"https:\/\/futbolhoy.co\/index.php\/2018\/05\/13\/reinaldo-rueda-capacito-tecnicos-hondurenos\/#breadcrumb"},"inLanguage":"es","potentialAction":[{"@type":"ReadAction","target":["https:\/\/futbolhoy.co\/index.php\/2018\/05\/13\/reinaldo-rueda-capacito-tecnicos-hondurenos\/"]}]},{"@type":"ImageObject","inLanguage":"es","@id":"https:\/\/futbolhoy.co\/index.php\/2018\/05\/13\/reinaldo-rueda-capacito-tecnicos-hondurenos\/#primaryimage","url":"https:\/\/futbolhoy.co\/wp-content\/uploads\/2018\/01\/Rueda-reinaldo-7.jpg","contentUrl":"https:\/\/futbolhoy.co\/wp-content\/uploads\/2018\/01\/Rueda-reinaldo-7.jpg","width":600,"height":398},{"@type":"BreadcrumbList","@id":"https:\/\/futbolhoy.co\/index.php\/2018\/05\/13\/reinaldo-rueda-capacito-tecnicos-hondurenos\/#breadcrumb","itemListElement":[{"@type":"ListItem","position":1,"name":"Portada","item":"https:\/\/futbolhoy.co\/"},{"@type":"ListItem","position":2,"name":"Reinaldo Rueda capacit\u00f3 t\u00e9cnicos hondure\u00f1os"}]},{"@type":"WebSite","@id":"https:\/\/futbolhoy.co\/#website","url":"https:\/\/futbolhoy.co\/","name":"FutbolHoy","description":"","publisher":{"@id":"https:\/\/futbolhoy.co\/#organization"},"potentialAction":[{"@type":"SearchAction","target":{"@type":"EntryPoint","urlTemplate":"https:\/\/futbolhoy.co\/?s={search_term_string}"},"query-input":{"@type":"PropertyValueSpecification","valueRequired":true,"valueName":"search_term_string"}}],"inLanguage":"es"},{"@type":"Organization","@id":"https:\/\/futbolhoy.co\/#organization","name":"Futbolhoy.co","url":"https:\/\/futbolhoy.co\/","logo":{"@type":"ImageObject","inLanguage":"es","@id":"https:\/\/futbolhoy.co\/#\/schema\/logo\/image\/","url":"https:\/\/futbolhoy.co\/wp-content\/uploads\/2018\/08\/17426380_1906371736249227_6326180412931521141_n.jpg","contentUrl":"https:\/\/futbolhoy.co\/wp-content\/uploads\/2018\/08\/17426380_1906371736249227_6326180412931521141_n.jpg","width":960,"height":960,"caption":"Futbolhoy.co"},"image":{"@id":"https:\/\/futbolhoy.co\/#\/schema\/logo\/image\/"},"sameAs":["https:\/\/www.facebook.com\/FutbolHoyCol\/","https:\/\/x.com\/FutbolHoyCol","https:\/\/www.instagram.com\/futbolhoycol\/"]},{"@type":"Person","@id":"https:\/\/futbolhoy.co\/#\/schema\/person\/c4a353a512b127643723a34bb1812f7d","name":"Laura Hern\u00e1ndez","image":{"@type":"ImageObject","inLanguage":"es","@id":"https:\/\/futbolhoy.co\/#\/schema\/person\/image\/","url":"https:\/\/secure.gravatar.com\/avatar\/d25959a15b9b293a743f99181c7cfd01?s=96&d=mm&r=g","contentUrl":"https:\/\/secure.gravatar.com\/avatar\/d25959a15b9b293a743f99181c7cfd01?s=96&d=mm&r=g","caption":"Laura Hern\u00e1ndez"}}]}},"publishpress_future_action":{"enabled":false,"date":"2026-05-04 17:20:29","action":"change-status","newStatus":"draft","terms":[],"taxonomy":"category","extraData":[]},"publishpress_future_workflow_manual_trigger":{"enabledWorkflows":[]},"_links":{"self":[{"href":"https:\/\/futbolhoy.co\/index.php\/wp-json\/wp\/v2\/posts\/17682","targetHints":{"allow":["GET"]}}],"collection":[{"href":"https:\/\/futbolhoy.co\/index.php\/wp-json\/wp\/v2\/posts"}],"about":[{"href":"https:\/\/futbolhoy.co\/index.php\/wp-json\/wp\/v2\/types\/post"}],"author":[{"embeddable":true,"href":"https:\/\/futbolhoy.co\/index.php\/wp-json\/wp\/v2\/users\/5"}],"replies":[{"embeddable":true,"href":"https:\/\/futbolhoy.co\/index.php\/wp-json\/wp\/v2\/comments?post=17682"}],"version-history":[{"count":1,"href":"https:\/\/futbolhoy.co\/index.php\/wp-json\/wp\/v2\/posts\/17682\/revisions"}],"predecessor-version":[{"id":17689,"href":"https:\/\/futbolhoy.co\/index.php\/wp-json\/wp\/v2\/posts\/17682\/revisions\/17689"}],"wp:featuredmedia":[{"embeddable":true,"href":"https:\/\/futbolhoy.co\/index.php\/wp-json\/wp\/v2\/media\/11900"}],"wp:attachment":[{"href":"https:\/\/futbolhoy.co\/index.php\/wp-json\/wp\/v2\/media?parent=17682"}],"wp:term":[{"taxonomy":"category","embeddable":true,"href":"https:\/\/futbolhoy.co\/index.php\/wp-json\/wp\/v2\/categories?post=17682"},{"taxonomy":"post_tag","embeddable":true,"href":"https:\/\/futbolhoy.co\/index.php\/wp-json\/wp\/v2\/tags?post=17682"}],"curies":[{"name":"wp","href":"https:\/\/api.w.org\/{rel}","templated":true}]}}