{"id":17683,"date":"2018-05-13T08:36:45","date_gmt":"2018-05-13T13:36:45","guid":{"rendered":"http:\/\/futbolhoy.co\/?p=17683"},"modified":"2018-05-13T08:36:45","modified_gmt":"2018-05-13T13:36:45","slug":"mancini-deja-al-zenit-y-se-acerca-a-la-seleccion-italiana","status":"publish","type":"post","link":"https:\/\/futbolhoy.co\/index.php\/2018\/05\/13\/mancini-deja-al-zenit-y-se-acerca-a-la-seleccion-italiana\/","title":{"rendered":"Mancini deja al Zenit y se acerca a la selecci\u00f3n italiana"},"content":{"rendered":"<p class=\"m_4726402106950608064ydp19a2dadaMsoNormal\" style=\"text-align: justify;\">El t\u00e9cnico italiano <strong>Roberto Mancini<\/strong> lleg\u00f3 a un acuerdo para dejar este lunes al <strong>Zenit San Petersburgo<\/strong>, y se perfila como el posible seleccionador del combinado de su pa\u00eds.<\/p>\n<p class=\"m_4726402106950608064ydp19a2dadaMsoNormal\" style=\"text-align: justify;\">\"El acuerdo con el t\u00e9cnico italiano expira el 14 de mayo\", inform\u00f3 el equipo ruso, que precis\u00f3 que la decisi\u00f3n se dio de mutuo acuerdo.<\/p>\n<p class=\"m_4726402106950608064ydp19a2dadaMsoNormal\" style=\"text-align: justify;\"><strong>Mancini<\/strong>, quien complet\u00f3 varias semanas negociando con la <strong>Federaci\u00f3n Italiana<\/strong>, dejar\u00e1 el <strong>Zenit<\/strong> al cierre de esta Liga, que concluye este domingo.<\/p>\n<p class=\"m_4726402106950608064ydp19a2dadaMsoNormal\" style=\"text-align: justify;\">La prensa rusa mencion\u00f3 al italiano <strong>Carlo Ancelotti<\/strong> y al espa\u00f1ol <strong>Unai Emery<\/strong> como candidatos para llegar al Zenit.<\/p>\n","protected":false},"excerpt":{"rendered":"<p>El t\u00e9cnico italiano Roberto Mancini lleg\u00f3 a un acuerdo para dejar este lunes al Zenit San Petersburgo, y se perfila como el posible seleccionador del combinado de su pa\u00eds. \"El acuerdo con el t\u00e9cnico italiano expira el 14 de mayo\", inform\u00f3 el equipo ruso, que precis\u00f3 que la decisi\u00f3n se dio de mutuo acuerdo. Mancini, [&hellip;]<\/p>\n","protected":false},"author":5,"featured_media":17687,"comment_status":"open","ping_status":"open","sticky":false,"template":"","format":"standard","meta":{"_acf_changed":false,"footnotes":""},"categories":[152],"tags":[798,443,799],"class_list":{"0":"post-17683","1":"post","2":"type-post","3":"status-publish","4":"format-standard","5":"has-post-thumbnail","7":"category-mundo-futbol","8":"tag-mancini","9":"tag-seleccion-italiana","10":"tag-zenit"},"acf":[],"yoast_head":"<!-- This site is optimized with the Yoast SEO plugin v26.8 - https:\/\/yoast.com\/product\/yoast-seo-wordpress\/ -->\n<title>Mancini deja al Zenit y se acerca a la selecci\u00f3n italiana -<\/title>\n<meta name=\"robots\" content=\"index, follow, max-snippet:-1, max-image-preview:large, max-video-preview:-1\" \/>\n<link rel=\"canonical\" href=\"https:\/\/futbolhoy.co\/index.php\/2018\/05\/13\/mancini-deja-al-zenit-y-se-acerca-a-la-seleccion-italiana\/\" \/>\n<meta property=\"og:locale\" content=\"es_ES\" \/>\n<meta property=\"og:type\" content=\"article\" \/>\n<meta property=\"og:title\" content=\"Mancini deja al Zenit y se acerca a la selecci\u00f3n italiana -\" \/>\n<meta property=\"og:description\" content=\"El t\u00e9cnico italiano Roberto Mancini lleg\u00f3 a un acuerdo para dejar este lunes al Zenit San Petersburgo, y se perfila como el posible seleccionador del combinado de su pa\u00eds. &quot;El acuerdo con el t\u00e9cnico italiano expira el 14 de mayo&quot;, inform\u00f3 el equipo ruso, que precis\u00f3 que la decisi\u00f3n se dio de mutuo acuerdo. Mancini, [&hellip;]\" \/>\n<meta property=\"og:url\" content=\"https:\/\/futbolhoy.co\/index.php\/2018\/05\/13\/mancini-deja-al-zenit-y-se-acerca-a-la-seleccion-italiana\/\" \/>\n<meta property=\"article:publisher\" content=\"https:\/\/www.facebook.com\/FutbolHoyCol\/\" \/>\n<meta property=\"article:published_time\" content=\"2018-05-13T13:36:45+00:00\" \/>\n<meta property=\"og:image\" content=\"https:\/\/futbolhoy.co\/wp-content\/uploads\/2018\/05\/IMG_20180513_083226.jpg\" \/>\n\t<meta property=\"og:image:width\" content=\"1176\" \/>\n\t<meta property=\"og:image:height\" content=\"750\" \/>\n\t<meta property=\"og:image:type\" content=\"image\/jpeg\" \/>\n<meta name=\"author\" content=\"Laura Hern\u00e1ndez\" \/>\n<meta name=\"twitter:card\" content=\"summary_large_image\" \/>\n<meta name=\"twitter:creator\" content=\"@FutbolHoyCol\" \/>\n<meta name=\"twitter:site\" content=\"@FutbolHoyCol\" \/>\n<meta name=\"twitter:label1\" content=\"Escrito por\" \/>\n\t<meta name=\"twitter:data1\" content=\"Laura Hern\u00e1ndez\" \/>\n\t<meta name=\"twitter:label2\" content=\"Tiempo de lectura\" \/>\n\t<meta name=\"twitter:data2\" content=\"1 minuto\" \/>\n<script type=\"application\/ld+json\" class=\"yoast-schema-graph\">{\"@context\":\"https:\/\/schema.org\",\"@graph\":[{\"@type\":\"Article\",\"@id\":\"https:\/\/futbolhoy.co\/index.php\/2018\/05\/13\/mancini-deja-al-zenit-y-se-acerca-a-la-seleccion-italiana\/#article\",\"isPartOf\":{\"@id\":\"https:\/\/futbolhoy.co\/index.php\/2018\/05\/13\/mancini-deja-al-zenit-y-se-acerca-a-la-seleccion-italiana\/\"},\"author\":{\"name\":\"Laura Hern\u00e1ndez\",\"@id\":\"https:\/\/futbolhoy.co\/#\/schema\/person\/c4a353a512b127643723a34bb1812f7d\"},\"headline\":\"Mancini deja al Zenit y se acerca a la selecci\u00f3n italiana\",\"datePublished\":\"2018-05-13T13:36:45+00:00\",\"mainEntityOfPage\":{\"@id\":\"https:\/\/futbolhoy.co\/index.php\/2018\/05\/13\/mancini-deja-al-zenit-y-se-acerca-a-la-seleccion-italiana\/\"},\"wordCount\":112,\"commentCount\":0,\"publisher\":{\"@id\":\"https:\/\/futbolhoy.co\/#organization\"},\"image\":{\"@id\":\"https:\/\/futbolhoy.co\/index.php\/2018\/05\/13\/mancini-deja-al-zenit-y-se-acerca-a-la-seleccion-italiana\/#primaryimage\"},\"thumbnailUrl\":\"https:\/\/futbolhoy.co\/wp-content\/uploads\/2018\/05\/IMG_20180513_083226.jpg\",\"keywords\":[\"Mancini\",\"Selecci\u00f3n italiana\",\"Zenit\"],\"articleSection\":[\"Mundo Futbol\"],\"inLanguage\":\"es\",\"potentialAction\":[{\"@type\":\"CommentAction\",\"name\":\"Comment\",\"target\":[\"https:\/\/futbolhoy.co\/index.php\/2018\/05\/13\/mancini-deja-al-zenit-y-se-acerca-a-la-seleccion-italiana\/#respond\"]}]},{\"@type\":\"WebPage\",\"@id\":\"https:\/\/futbolhoy.co\/index.php\/2018\/05\/13\/mancini-deja-al-zenit-y-se-acerca-a-la-seleccion-italiana\/\",\"url\":\"https:\/\/futbolhoy.co\/index.php\/2018\/05\/13\/mancini-deja-al-zenit-y-se-acerca-a-la-seleccion-italiana\/\",\"name\":\"Mancini deja al Zenit y se acerca a la selecci\u00f3n italiana -\",\"isPartOf\":{\"@id\":\"https:\/\/futbolhoy.co\/#website\"},\"primaryImageOfPage\":{\"@id\":\"https:\/\/futbolhoy.co\/index.php\/2018\/05\/13\/mancini-deja-al-zenit-y-se-acerca-a-la-seleccion-italiana\/#primaryimage\"},\"image\":{\"@id\":\"https:\/\/futbolhoy.co\/index.php\/2018\/05\/13\/mancini-deja-al-zenit-y-se-acerca-a-la-seleccion-italiana\/#primaryimage\"},\"thumbnailUrl\":\"https:\/\/futbolhoy.co\/wp-content\/uploads\/2018\/05\/IMG_20180513_083226.jpg\",\"datePublished\":\"2018-05-13T13:36:45+00:00\",\"breadcrumb\":{\"@id\":\"https:\/\/futbolhoy.co\/index.php\/2018\/05\/13\/mancini-deja-al-zenit-y-se-acerca-a-la-seleccion-italiana\/#breadcrumb\"},\"inLanguage\":\"es\",\"potentialAction\":[{\"@type\":\"ReadAction\",\"target\":[\"https:\/\/futbolhoy.co\/index.php\/2018\/05\/13\/mancini-deja-al-zenit-y-se-acerca-a-la-seleccion-italiana\/\"]}]},{\"@type\":\"ImageObject\",\"inLanguage\":\"es\",\"@id\":\"https:\/\/futbolhoy.co\/index.php\/2018\/05\/13\/mancini-deja-al-zenit-y-se-acerca-a-la-seleccion-italiana\/#primaryimage\",\"url\":\"https:\/\/futbolhoy.co\/wp-content\/uploads\/2018\/05\/IMG_20180513_083226.jpg\",\"contentUrl\":\"https:\/\/futbolhoy.co\/wp-content\/uploads\/2018\/05\/IMG_20180513_083226.jpg\",\"width\":1176,\"height\":750},{\"@type\":\"BreadcrumbList\",\"@id\":\"https:\/\/futbolhoy.co\/index.php\/2018\/05\/13\/mancini-deja-al-zenit-y-se-acerca-a-la-seleccion-italiana\/#breadcrumb\",\"itemListElement\":[{\"@type\":\"ListItem\",\"position\":1,\"name\":\"Portada\",\"item\":\"https:\/\/futbolhoy.co\/\"},{\"@type\":\"ListItem\",\"position\":2,\"name\":\"Mancini deja al Zenit y se acerca a la selecci\u00f3n italiana\"}]},{\"@type\":\"WebSite\",\"@id\":\"https:\/\/futbolhoy.co\/#website\",\"url\":\"https:\/\/futbolhoy.co\/\",\"name\":\"FutbolHoy\",\"description\":\"\",\"publisher\":{\"@id\":\"https:\/\/futbolhoy.co\/#organization\"},\"potentialAction\":[{\"@type\":\"SearchAction\",\"target\":{\"@type\":\"EntryPoint\",\"urlTemplate\":\"https:\/\/futbolhoy.co\/?s={search_term_string}\"},\"query-input\":{\"@type\":\"PropertyValueSpecification\",\"valueRequired\":true,\"valueName\":\"search_term_string\"}}],\"inLanguage\":\"es\"},{\"@type\":\"Organization\",\"@id\":\"https:\/\/futbolhoy.co\/#organization\",\"name\":\"Futbolhoy.co\",\"url\":\"https:\/\/futbolhoy.co\/\",\"logo\":{\"@type\":\"ImageObject\",\"inLanguage\":\"es\",\"@id\":\"https:\/\/futbolhoy.co\/#\/schema\/logo\/image\/\",\"url\":\"https:\/\/futbolhoy.co\/wp-content\/uploads\/2018\/08\/17426380_1906371736249227_6326180412931521141_n.jpg\",\"contentUrl\":\"https:\/\/futbolhoy.co\/wp-content\/uploads\/2018\/08\/17426380_1906371736249227_6326180412931521141_n.jpg\",\"width\":960,\"height\":960,\"caption\":\"Futbolhoy.co\"},\"image\":{\"@id\":\"https:\/\/futbolhoy.co\/#\/schema\/logo\/image\/\"},\"sameAs\":[\"https:\/\/www.facebook.com\/FutbolHoyCol\/\",\"https:\/\/x.com\/FutbolHoyCol\",\"https:\/\/www.instagram.com\/futbolhoycol\/\"]},{\"@type\":\"Person\",\"@id\":\"https:\/\/futbolhoy.co\/#\/schema\/person\/c4a353a512b127643723a34bb1812f7d\",\"name\":\"Laura Hern\u00e1ndez\",\"image\":{\"@type\":\"ImageObject\",\"inLanguage\":\"es\",\"@id\":\"https:\/\/futbolhoy.co\/#\/schema\/person\/image\/\",\"url\":\"https:\/\/secure.gravatar.com\/avatar\/d25959a15b9b293a743f99181c7cfd01?s=96&d=mm&r=g\",\"contentUrl\":\"https:\/\/secure.gravatar.com\/avatar\/d25959a15b9b293a743f99181c7cfd01?s=96&d=mm&r=g\",\"caption\":\"Laura Hern\u00e1ndez\"}}]}<\/script>\n<!-- \/ Yoast SEO plugin. -->","yoast_head_json":{"title":"Mancini deja al Zenit y se acerca a la selecci\u00f3n italiana -","robots":{"index":"index","follow":"follow","max-snippet":"max-snippet:-1","max-image-preview":"max-image-preview:large","max-video-preview":"max-video-preview:-1"},"canonical":"https:\/\/futbolhoy.co\/index.php\/2018\/05\/13\/mancini-deja-al-zenit-y-se-acerca-a-la-seleccion-italiana\/","og_locale":"es_ES","og_type":"article","og_title":"Mancini deja al Zenit y se acerca a la selecci\u00f3n italiana -","og_description":"El t\u00e9cnico italiano Roberto Mancini lleg\u00f3 a un acuerdo para dejar este lunes al Zenit San Petersburgo, y se perfila como el posible seleccionador del combinado de su pa\u00eds. \"El acuerdo con el t\u00e9cnico italiano expira el 14 de mayo\", inform\u00f3 el equipo ruso, que precis\u00f3 que la decisi\u00f3n se dio de mutuo acuerdo. Mancini, [&hellip;]","og_url":"https:\/\/futbolhoy.co\/index.php\/2018\/05\/13\/mancini-deja-al-zenit-y-se-acerca-a-la-seleccion-italiana\/","article_publisher":"https:\/\/www.facebook.com\/FutbolHoyCol\/","article_published_time":"2018-05-13T13:36:45+00:00","og_image":[{"width":1176,"height":750,"url":"https:\/\/futbolhoy.co\/wp-content\/uploads\/2018\/05\/IMG_20180513_083226.jpg","type":"image\/jpeg"}],"author":"Laura Hern\u00e1ndez","twitter_card":"summary_large_image","twitter_creator":"@FutbolHoyCol","twitter_site":"@FutbolHoyCol","twitter_misc":{"Escrito por":"Laura Hern\u00e1ndez","Tiempo de lectura":"1 minuto"},"schema":{"@context":"https:\/\/schema.org","@graph":[{"@type":"Article","@id":"https:\/\/futbolhoy.co\/index.php\/2018\/05\/13\/mancini-deja-al-zenit-y-se-acerca-a-la-seleccion-italiana\/#article","isPartOf":{"@id":"https:\/\/futbolhoy.co\/index.php\/2018\/05\/13\/mancini-deja-al-zenit-y-se-acerca-a-la-seleccion-italiana\/"},"author":{"name":"Laura Hern\u00e1ndez","@id":"https:\/\/futbolhoy.co\/#\/schema\/person\/c4a353a512b127643723a34bb1812f7d"},"headline":"Mancini deja al Zenit y se acerca a la selecci\u00f3n italiana","datePublished":"2018-05-13T13:36:45+00:00","mainEntityOfPage":{"@id":"https:\/\/futbolhoy.co\/index.php\/2018\/05\/13\/mancini-deja-al-zenit-y-se-acerca-a-la-seleccion-italiana\/"},"wordCount":112,"commentCount":0,"publisher":{"@id":"https:\/\/futbolhoy.co\/#organization"},"image":{"@id":"https:\/\/futbolhoy.co\/index.php\/2018\/05\/13\/mancini-deja-al-zenit-y-se-acerca-a-la-seleccion-italiana\/#primaryimage"},"thumbnailUrl":"https:\/\/futbolhoy.co\/wp-content\/uploads\/2018\/05\/IMG_20180513_083226.jpg","keywords":["Mancini","Selecci\u00f3n italiana","Zenit"],"articleSection":["Mundo Futbol"],"inLanguage":"es","potentialAction":[{"@type":"CommentAction","name":"Comment","target":["https:\/\/futbolhoy.co\/index.php\/2018\/05\/13\/mancini-deja-al-zenit-y-se-acerca-a-la-seleccion-italiana\/#respond"]}]},{"@type":"WebPage","@id":"https:\/\/futbolhoy.co\/index.php\/2018\/05\/13\/mancini-deja-al-zenit-y-se-acerca-a-la-seleccion-italiana\/","url":"https:\/\/futbolhoy.co\/index.php\/2018\/05\/13\/mancini-deja-al-zenit-y-se-acerca-a-la-seleccion-italiana\/","name":"Mancini deja al Zenit y se acerca a la selecci\u00f3n italiana -","isPartOf":{"@id":"https:\/\/futbolhoy.co\/#website"},"primaryImageOfPage":{"@id":"https:\/\/futbolhoy.co\/index.php\/2018\/05\/13\/mancini-deja-al-zenit-y-se-acerca-a-la-seleccion-italiana\/#primaryimage"},"image":{"@id":"https:\/\/futbolhoy.co\/index.php\/2018\/05\/13\/mancini-deja-al-zenit-y-se-acerca-a-la-seleccion-italiana\/#primaryimage"},"thumbnailUrl":"https:\/\/futbolhoy.co\/wp-content\/uploads\/2018\/05\/IMG_20180513_083226.jpg","datePublished":"2018-05-13T13:36:45+00:00","breadcrumb":{"@id":"https:\/\/futbolhoy.co\/index.php\/2018\/05\/13\/mancini-deja-al-zenit-y-se-acerca-a-la-seleccion-italiana\/#breadcrumb"},"inLanguage":"es","potentialAction":[{"@type":"ReadAction","target":["https:\/\/futbolhoy.co\/index.php\/2018\/05\/13\/mancini-deja-al-zenit-y-se-acerca-a-la-seleccion-italiana\/"]}]},{"@type":"ImageObject","inLanguage":"es","@id":"https:\/\/futbolhoy.co\/index.php\/2018\/05\/13\/mancini-deja-al-zenit-y-se-acerca-a-la-seleccion-italiana\/#primaryimage","url":"https:\/\/futbolhoy.co\/wp-content\/uploads\/2018\/05\/IMG_20180513_083226.jpg","contentUrl":"https:\/\/futbolhoy.co\/wp-content\/uploads\/2018\/05\/IMG_20180513_083226.jpg","width":1176,"height":750},{"@type":"BreadcrumbList","@id":"https:\/\/futbolhoy.co\/index.php\/2018\/05\/13\/mancini-deja-al-zenit-y-se-acerca-a-la-seleccion-italiana\/#breadcrumb","itemListElement":[{"@type":"ListItem","position":1,"name":"Portada","item":"https:\/\/futbolhoy.co\/"},{"@type":"ListItem","position":2,"name":"Mancini deja al Zenit y se acerca a la selecci\u00f3n italiana"}]},{"@type":"WebSite","@id":"https:\/\/futbolhoy.co\/#website","url":"https:\/\/futbolhoy.co\/","name":"FutbolHoy","description":"","publisher":{"@id":"https:\/\/futbolhoy.co\/#organization"},"potentialAction":[{"@type":"SearchAction","target":{"@type":"EntryPoint","urlTemplate":"https:\/\/futbolhoy.co\/?s={search_term_string}"},"query-input":{"@type":"PropertyValueSpecification","valueRequired":true,"valueName":"search_term_string"}}],"inLanguage":"es"},{"@type":"Organization","@id":"https:\/\/futbolhoy.co\/#organization","name":"Futbolhoy.co","url":"https:\/\/futbolhoy.co\/","logo":{"@type":"ImageObject","inLanguage":"es","@id":"https:\/\/futbolhoy.co\/#\/schema\/logo\/image\/","url":"https:\/\/futbolhoy.co\/wp-content\/uploads\/2018\/08\/17426380_1906371736249227_6326180412931521141_n.jpg","contentUrl":"https:\/\/futbolhoy.co\/wp-content\/uploads\/2018\/08\/17426380_1906371736249227_6326180412931521141_n.jpg","width":960,"height":960,"caption":"Futbolhoy.co"},"image":{"@id":"https:\/\/futbolhoy.co\/#\/schema\/logo\/image\/"},"sameAs":["https:\/\/www.facebook.com\/FutbolHoyCol\/","https:\/\/x.com\/FutbolHoyCol","https:\/\/www.instagram.com\/futbolhoycol\/"]},{"@type":"Person","@id":"https:\/\/futbolhoy.co\/#\/schema\/person\/c4a353a512b127643723a34bb1812f7d","name":"Laura Hern\u00e1ndez","image":{"@type":"ImageObject","inLanguage":"es","@id":"https:\/\/futbolhoy.co\/#\/schema\/person\/image\/","url":"https:\/\/secure.gravatar.com\/avatar\/d25959a15b9b293a743f99181c7cfd01?s=96&d=mm&r=g","contentUrl":"https:\/\/secure.gravatar.com\/avatar\/d25959a15b9b293a743f99181c7cfd01?s=96&d=mm&r=g","caption":"Laura Hern\u00e1ndez"}}]}},"publishpress_future_action":{"enabled":false,"date":"2026-05-04 10:11:05","action":"change-status","newStatus":"draft","terms":[],"taxonomy":"category","extraData":[]},"publishpress_future_workflow_manual_trigger":{"enabledWorkflows":[]},"_links":{"self":[{"href":"https:\/\/futbolhoy.co\/index.php\/wp-json\/wp\/v2\/posts\/17683","targetHints":{"allow":["GET"]}}],"collection":[{"href":"https:\/\/futbolhoy.co\/index.php\/wp-json\/wp\/v2\/posts"}],"about":[{"href":"https:\/\/futbolhoy.co\/index.php\/wp-json\/wp\/v2\/types\/post"}],"author":[{"embeddable":true,"href":"https:\/\/futbolhoy.co\/index.php\/wp-json\/wp\/v2\/users\/5"}],"replies":[{"embeddable":true,"href":"https:\/\/futbolhoy.co\/index.php\/wp-json\/wp\/v2\/comments?post=17683"}],"version-history":[{"count":1,"href":"https:\/\/futbolhoy.co\/index.php\/wp-json\/wp\/v2\/posts\/17683\/revisions"}],"predecessor-version":[{"id":17688,"href":"https:\/\/futbolhoy.co\/index.php\/wp-json\/wp\/v2\/posts\/17683\/revisions\/17688"}],"wp:featuredmedia":[{"embeddable":true,"href":"https:\/\/futbolhoy.co\/index.php\/wp-json\/wp\/v2\/media\/17687"}],"wp:attachment":[{"href":"https:\/\/futbolhoy.co\/index.php\/wp-json\/wp\/v2\/media?parent=17683"}],"wp:term":[{"taxonomy":"category","embeddable":true,"href":"https:\/\/futbolhoy.co\/index.php\/wp-json\/wp\/v2\/categories?post=17683"},{"taxonomy":"post_tag","embeddable":true,"href":"https:\/\/futbolhoy.co\/index.php\/wp-json\/wp\/v2\/tags?post=17683"}],"curies":[{"name":"wp","href":"https:\/\/api.w.org\/{rel}","templated":true}]}}