{"id":17684,"date":"2018-05-13T08:28:11","date_gmt":"2018-05-13T13:28:11","guid":{"rendered":"http:\/\/futbolhoy.co\/?p=17684"},"modified":"2018-05-13T08:28:11","modified_gmt":"2018-05-13T13:28:11","slug":"salah-el-mejor-del-ano-en-la-liga-premier","status":"publish","type":"post","link":"https:\/\/futbolhoy.co\/index.php\/2018\/05\/13\/salah-el-mejor-del-ano-en-la-liga-premier\/","title":{"rendered":"Salah, el mejor del a\u00f1o en la Liga Premier"},"content":{"rendered":"<p class=\"m_6974838204010548069ydpe71397dbMsoNormal\" style=\"text-align: justify;\">El egipcio <strong>Mohamed Salah,<\/strong> delantero del <strong>Liverpool<\/strong>, recibi\u00f3 la distinci\u00f3n como el mejor jugador del a\u00f1o en la <strong>Premier League<\/strong>.<\/p>\n<p><strong>Salah<\/strong>, que regres\u00f3 a mediados del a\u00f1o pasado al balompi\u00e9 ingl\u00e9s tras un paso por la liga italiana, marc\u00f3 31 goles en 37 partidos disputados esta temporada.<\/p>\n<p class=\"m_6974838204010548069ydpe71397dbMsoNormal\" style=\"text-align: justify;\">El futbolista africano, de 25 a\u00f1os, ya se hab\u00eda logrado los galardones entregados por el sindicato de futbolistas de <strong>Inglaterra<\/strong> y la Asociaci\u00f3n de periodistas deportivos de ese pa\u00eds al mejor jugador del a\u00f1o.<\/p>\n<p class=\"m_6974838204010548069ydpe71397dbMsoNormal\" style=\"text-align: justify;\">El delantero venci\u00f3 en la votaci\u00f3n a Kevin De Bruyne (Manchester City), David de Gea (Manchester United), Harry Kane (Tottenham Hotspur), Raheem Sterling (Manchester City) y James Tarkowski (Burnley).<\/p>\n<blockquote class=\"twitter-tweet\" data-width=\"550\">\n<p lang=\"en\" dir=\"ltr\">Congratulations, <a href=\"https:\/\/twitter.com\/MoSalah?ref_src=twsrc%5Etfw\">@MoSalah<\/a>! \ud83d\udd25\ud83d\udd25\ud83d\udd25<\/p>\n<p>2017\/18 <a href=\"https:\/\/twitter.com\/premierleague?ref_src=twsrc%5Etfw\">@premierleague<\/a> Player of the Season. \ud83d\ude4c<a href=\"https:\/\/t.co\/315A8o3OVR\">https:\/\/t.co\/315A8o3OVR<\/a> <a href=\"https:\/\/t.co\/XYdvKCXgc7\">pic.twitter.com\/XYdvKCXgc7<\/a><\/p>\n<p>&mdash; Liverpool FC (@LFC) <a href=\"https:\/\/twitter.com\/LFC\/status\/995589466097115136?ref_src=twsrc%5Etfw\">May 13, 2018<\/a><\/p><\/blockquote>\n<p><script async src=\"https:\/\/platform.twitter.com\/widgets.js\" charset=\"utf-8\"><\/script><\/p>\n<p>&nbsp;<\/p>\n","protected":false},"excerpt":{"rendered":"<p>El egipcio Mohamed Salah, delantero del Liverpool, recibi\u00f3 la distinci\u00f3n como el mejor jugador del a\u00f1o en la Premier League. Salah, que regres\u00f3 a mediados del a\u00f1o pasado al balompi\u00e9 ingl\u00e9s tras un paso por la liga italiana, marc\u00f3 31 goles en 37 partidos disputados esta temporada. El futbolista africano, de 25 a\u00f1os, ya se [&hellip;]<\/p>\n","protected":false},"author":5,"featured_media":17685,"comment_status":"open","ping_status":"open","sticky":false,"template":"","format":"standard","meta":{"_acf_changed":false,"footnotes":""},"categories":[152],"tags":[79,797],"class_list":{"0":"post-17684","1":"post","2":"type-post","3":"status-publish","4":"format-standard","5":"has-post-thumbnail","7":"category-mundo-futbol","8":"tag-liverpool","9":"tag-mohamed-salah"},"acf":[],"yoast_head":"<!-- This site is optimized with the Yoast SEO plugin v26.8 - https:\/\/yoast.com\/product\/yoast-seo-wordpress\/ -->\n<title>Salah, el mejor del a\u00f1o en la Liga Premier -<\/title>\n<meta name=\"robots\" content=\"index, follow, max-snippet:-1, max-image-preview:large, max-video-preview:-1\" \/>\n<link rel=\"canonical\" href=\"https:\/\/futbolhoy.co\/index.php\/2018\/05\/13\/salah-el-mejor-del-ano-en-la-liga-premier\/\" \/>\n<meta property=\"og:locale\" content=\"es_ES\" \/>\n<meta property=\"og:type\" content=\"article\" \/>\n<meta property=\"og:title\" content=\"Salah, el mejor del a\u00f1o en la Liga Premier -\" \/>\n<meta property=\"og:description\" content=\"El egipcio Mohamed Salah, delantero del Liverpool, recibi\u00f3 la distinci\u00f3n como el mejor jugador del a\u00f1o en la Premier League. Salah, que regres\u00f3 a mediados del a\u00f1o pasado al balompi\u00e9 ingl\u00e9s tras un paso por la liga italiana, marc\u00f3 31 goles en 37 partidos disputados esta temporada. El futbolista africano, de 25 a\u00f1os, ya se [&hellip;]\" \/>\n<meta property=\"og:url\" content=\"https:\/\/futbolhoy.co\/index.php\/2018\/05\/13\/salah-el-mejor-del-ano-en-la-liga-premier\/\" \/>\n<meta property=\"article:publisher\" content=\"https:\/\/www.facebook.com\/FutbolHoyCol\/\" \/>\n<meta property=\"article:published_time\" content=\"2018-05-13T13:28:11+00:00\" \/>\n<meta property=\"og:image\" content=\"https:\/\/futbolhoy.co\/wp-content\/uploads\/2018\/05\/IMG_20180513_082503.jpg\" \/>\n\t<meta property=\"og:image:width\" content=\"2048\" \/>\n\t<meta property=\"og:image:height\" content=\"1364\" \/>\n\t<meta property=\"og:image:type\" content=\"image\/jpeg\" \/>\n<meta name=\"author\" content=\"Laura Hern\u00e1ndez\" \/>\n<meta name=\"twitter:card\" content=\"summary_large_image\" \/>\n<meta name=\"twitter:creator\" content=\"@FutbolHoyCol\" \/>\n<meta name=\"twitter:site\" content=\"@FutbolHoyCol\" \/>\n<meta name=\"twitter:label1\" content=\"Escrito por\" \/>\n\t<meta name=\"twitter:data1\" content=\"Laura Hern\u00e1ndez\" \/>\n\t<meta name=\"twitter:label2\" content=\"Tiempo de lectura\" \/>\n\t<meta name=\"twitter:data2\" content=\"1 minuto\" \/>\n<script type=\"application\/ld+json\" class=\"yoast-schema-graph\">{\"@context\":\"https:\/\/schema.org\",\"@graph\":[{\"@type\":\"Article\",\"@id\":\"https:\/\/futbolhoy.co\/index.php\/2018\/05\/13\/salah-el-mejor-del-ano-en-la-liga-premier\/#article\",\"isPartOf\":{\"@id\":\"https:\/\/futbolhoy.co\/index.php\/2018\/05\/13\/salah-el-mejor-del-ano-en-la-liga-premier\/\"},\"author\":{\"name\":\"Laura Hern\u00e1ndez\",\"@id\":\"https:\/\/futbolhoy.co\/#\/schema\/person\/c4a353a512b127643723a34bb1812f7d\"},\"headline\":\"Salah, el mejor del a\u00f1o en la Liga Premier\",\"datePublished\":\"2018-05-13T13:28:11+00:00\",\"mainEntityOfPage\":{\"@id\":\"https:\/\/futbolhoy.co\/index.php\/2018\/05\/13\/salah-el-mejor-del-ano-en-la-liga-premier\/\"},\"wordCount\":134,\"commentCount\":0,\"publisher\":{\"@id\":\"https:\/\/futbolhoy.co\/#organization\"},\"image\":{\"@id\":\"https:\/\/futbolhoy.co\/index.php\/2018\/05\/13\/salah-el-mejor-del-ano-en-la-liga-premier\/#primaryimage\"},\"thumbnailUrl\":\"https:\/\/futbolhoy.co\/wp-content\/uploads\/2018\/05\/IMG_20180513_082503.jpg\",\"keywords\":[\"Liverpool\",\"Mohamed Salah\"],\"articleSection\":[\"Mundo Futbol\"],\"inLanguage\":\"es\",\"potentialAction\":[{\"@type\":\"CommentAction\",\"name\":\"Comment\",\"target\":[\"https:\/\/futbolhoy.co\/index.php\/2018\/05\/13\/salah-el-mejor-del-ano-en-la-liga-premier\/#respond\"]}]},{\"@type\":\"WebPage\",\"@id\":\"https:\/\/futbolhoy.co\/index.php\/2018\/05\/13\/salah-el-mejor-del-ano-en-la-liga-premier\/\",\"url\":\"https:\/\/futbolhoy.co\/index.php\/2018\/05\/13\/salah-el-mejor-del-ano-en-la-liga-premier\/\",\"name\":\"Salah, el mejor del a\u00f1o en la Liga Premier -\",\"isPartOf\":{\"@id\":\"https:\/\/futbolhoy.co\/#website\"},\"primaryImageOfPage\":{\"@id\":\"https:\/\/futbolhoy.co\/index.php\/2018\/05\/13\/salah-el-mejor-del-ano-en-la-liga-premier\/#primaryimage\"},\"image\":{\"@id\":\"https:\/\/futbolhoy.co\/index.php\/2018\/05\/13\/salah-el-mejor-del-ano-en-la-liga-premier\/#primaryimage\"},\"thumbnailUrl\":\"https:\/\/futbolhoy.co\/wp-content\/uploads\/2018\/05\/IMG_20180513_082503.jpg\",\"datePublished\":\"2018-05-13T13:28:11+00:00\",\"breadcrumb\":{\"@id\":\"https:\/\/futbolhoy.co\/index.php\/2018\/05\/13\/salah-el-mejor-del-ano-en-la-liga-premier\/#breadcrumb\"},\"inLanguage\":\"es\",\"potentialAction\":[{\"@type\":\"ReadAction\",\"target\":[\"https:\/\/futbolhoy.co\/index.php\/2018\/05\/13\/salah-el-mejor-del-ano-en-la-liga-premier\/\"]}]},{\"@type\":\"ImageObject\",\"inLanguage\":\"es\",\"@id\":\"https:\/\/futbolhoy.co\/index.php\/2018\/05\/13\/salah-el-mejor-del-ano-en-la-liga-premier\/#primaryimage\",\"url\":\"https:\/\/futbolhoy.co\/wp-content\/uploads\/2018\/05\/IMG_20180513_082503.jpg\",\"contentUrl\":\"https:\/\/futbolhoy.co\/wp-content\/uploads\/2018\/05\/IMG_20180513_082503.jpg\",\"width\":2048,\"height\":1364},{\"@type\":\"BreadcrumbList\",\"@id\":\"https:\/\/futbolhoy.co\/index.php\/2018\/05\/13\/salah-el-mejor-del-ano-en-la-liga-premier\/#breadcrumb\",\"itemListElement\":[{\"@type\":\"ListItem\",\"position\":1,\"name\":\"Portada\",\"item\":\"https:\/\/futbolhoy.co\/\"},{\"@type\":\"ListItem\",\"position\":2,\"name\":\"Salah, el mejor del a\u00f1o en la Liga Premier\"}]},{\"@type\":\"WebSite\",\"@id\":\"https:\/\/futbolhoy.co\/#website\",\"url\":\"https:\/\/futbolhoy.co\/\",\"name\":\"FutbolHoy\",\"description\":\"\",\"publisher\":{\"@id\":\"https:\/\/futbolhoy.co\/#organization\"},\"potentialAction\":[{\"@type\":\"SearchAction\",\"target\":{\"@type\":\"EntryPoint\",\"urlTemplate\":\"https:\/\/futbolhoy.co\/?s={search_term_string}\"},\"query-input\":{\"@type\":\"PropertyValueSpecification\",\"valueRequired\":true,\"valueName\":\"search_term_string\"}}],\"inLanguage\":\"es\"},{\"@type\":\"Organization\",\"@id\":\"https:\/\/futbolhoy.co\/#organization\",\"name\":\"Futbolhoy.co\",\"url\":\"https:\/\/futbolhoy.co\/\",\"logo\":{\"@type\":\"ImageObject\",\"inLanguage\":\"es\",\"@id\":\"https:\/\/futbolhoy.co\/#\/schema\/logo\/image\/\",\"url\":\"https:\/\/futbolhoy.co\/wp-content\/uploads\/2018\/08\/17426380_1906371736249227_6326180412931521141_n.jpg\",\"contentUrl\":\"https:\/\/futbolhoy.co\/wp-content\/uploads\/2018\/08\/17426380_1906371736249227_6326180412931521141_n.jpg\",\"width\":960,\"height\":960,\"caption\":\"Futbolhoy.co\"},\"image\":{\"@id\":\"https:\/\/futbolhoy.co\/#\/schema\/logo\/image\/\"},\"sameAs\":[\"https:\/\/www.facebook.com\/FutbolHoyCol\/\",\"https:\/\/x.com\/FutbolHoyCol\",\"https:\/\/www.instagram.com\/futbolhoycol\/\"]},{\"@type\":\"Person\",\"@id\":\"https:\/\/futbolhoy.co\/#\/schema\/person\/c4a353a512b127643723a34bb1812f7d\",\"name\":\"Laura Hern\u00e1ndez\",\"image\":{\"@type\":\"ImageObject\",\"inLanguage\":\"es\",\"@id\":\"https:\/\/futbolhoy.co\/#\/schema\/person\/image\/\",\"url\":\"https:\/\/secure.gravatar.com\/avatar\/d25959a15b9b293a743f99181c7cfd01?s=96&d=mm&r=g\",\"contentUrl\":\"https:\/\/secure.gravatar.com\/avatar\/d25959a15b9b293a743f99181c7cfd01?s=96&d=mm&r=g\",\"caption\":\"Laura Hern\u00e1ndez\"}}]}<\/script>\n<!-- \/ Yoast SEO plugin. -->","yoast_head_json":{"title":"Salah, el mejor del a\u00f1o en la Liga Premier -","robots":{"index":"index","follow":"follow","max-snippet":"max-snippet:-1","max-image-preview":"max-image-preview:large","max-video-preview":"max-video-preview:-1"},"canonical":"https:\/\/futbolhoy.co\/index.php\/2018\/05\/13\/salah-el-mejor-del-ano-en-la-liga-premier\/","og_locale":"es_ES","og_type":"article","og_title":"Salah, el mejor del a\u00f1o en la Liga Premier -","og_description":"El egipcio Mohamed Salah, delantero del Liverpool, recibi\u00f3 la distinci\u00f3n como el mejor jugador del a\u00f1o en la Premier League. Salah, que regres\u00f3 a mediados del a\u00f1o pasado al balompi\u00e9 ingl\u00e9s tras un paso por la liga italiana, marc\u00f3 31 goles en 37 partidos disputados esta temporada. El futbolista africano, de 25 a\u00f1os, ya se [&hellip;]","og_url":"https:\/\/futbolhoy.co\/index.php\/2018\/05\/13\/salah-el-mejor-del-ano-en-la-liga-premier\/","article_publisher":"https:\/\/www.facebook.com\/FutbolHoyCol\/","article_published_time":"2018-05-13T13:28:11+00:00","og_image":[{"width":2048,"height":1364,"url":"https:\/\/futbolhoy.co\/wp-content\/uploads\/2018\/05\/IMG_20180513_082503.jpg","type":"image\/jpeg"}],"author":"Laura Hern\u00e1ndez","twitter_card":"summary_large_image","twitter_creator":"@FutbolHoyCol","twitter_site":"@FutbolHoyCol","twitter_misc":{"Escrito por":"Laura Hern\u00e1ndez","Tiempo de lectura":"1 minuto"},"schema":{"@context":"https:\/\/schema.org","@graph":[{"@type":"Article","@id":"https:\/\/futbolhoy.co\/index.php\/2018\/05\/13\/salah-el-mejor-del-ano-en-la-liga-premier\/#article","isPartOf":{"@id":"https:\/\/futbolhoy.co\/index.php\/2018\/05\/13\/salah-el-mejor-del-ano-en-la-liga-premier\/"},"author":{"name":"Laura Hern\u00e1ndez","@id":"https:\/\/futbolhoy.co\/#\/schema\/person\/c4a353a512b127643723a34bb1812f7d"},"headline":"Salah, el mejor del a\u00f1o en la Liga Premier","datePublished":"2018-05-13T13:28:11+00:00","mainEntityOfPage":{"@id":"https:\/\/futbolhoy.co\/index.php\/2018\/05\/13\/salah-el-mejor-del-ano-en-la-liga-premier\/"},"wordCount":134,"commentCount":0,"publisher":{"@id":"https:\/\/futbolhoy.co\/#organization"},"image":{"@id":"https:\/\/futbolhoy.co\/index.php\/2018\/05\/13\/salah-el-mejor-del-ano-en-la-liga-premier\/#primaryimage"},"thumbnailUrl":"https:\/\/futbolhoy.co\/wp-content\/uploads\/2018\/05\/IMG_20180513_082503.jpg","keywords":["Liverpool","Mohamed Salah"],"articleSection":["Mundo Futbol"],"inLanguage":"es","potentialAction":[{"@type":"CommentAction","name":"Comment","target":["https:\/\/futbolhoy.co\/index.php\/2018\/05\/13\/salah-el-mejor-del-ano-en-la-liga-premier\/#respond"]}]},{"@type":"WebPage","@id":"https:\/\/futbolhoy.co\/index.php\/2018\/05\/13\/salah-el-mejor-del-ano-en-la-liga-premier\/","url":"https:\/\/futbolhoy.co\/index.php\/2018\/05\/13\/salah-el-mejor-del-ano-en-la-liga-premier\/","name":"Salah, el mejor del a\u00f1o en la Liga Premier -","isPartOf":{"@id":"https:\/\/futbolhoy.co\/#website"},"primaryImageOfPage":{"@id":"https:\/\/futbolhoy.co\/index.php\/2018\/05\/13\/salah-el-mejor-del-ano-en-la-liga-premier\/#primaryimage"},"image":{"@id":"https:\/\/futbolhoy.co\/index.php\/2018\/05\/13\/salah-el-mejor-del-ano-en-la-liga-premier\/#primaryimage"},"thumbnailUrl":"https:\/\/futbolhoy.co\/wp-content\/uploads\/2018\/05\/IMG_20180513_082503.jpg","datePublished":"2018-05-13T13:28:11+00:00","breadcrumb":{"@id":"https:\/\/futbolhoy.co\/index.php\/2018\/05\/13\/salah-el-mejor-del-ano-en-la-liga-premier\/#breadcrumb"},"inLanguage":"es","potentialAction":[{"@type":"ReadAction","target":["https:\/\/futbolhoy.co\/index.php\/2018\/05\/13\/salah-el-mejor-del-ano-en-la-liga-premier\/"]}]},{"@type":"ImageObject","inLanguage":"es","@id":"https:\/\/futbolhoy.co\/index.php\/2018\/05\/13\/salah-el-mejor-del-ano-en-la-liga-premier\/#primaryimage","url":"https:\/\/futbolhoy.co\/wp-content\/uploads\/2018\/05\/IMG_20180513_082503.jpg","contentUrl":"https:\/\/futbolhoy.co\/wp-content\/uploads\/2018\/05\/IMG_20180513_082503.jpg","width":2048,"height":1364},{"@type":"BreadcrumbList","@id":"https:\/\/futbolhoy.co\/index.php\/2018\/05\/13\/salah-el-mejor-del-ano-en-la-liga-premier\/#breadcrumb","itemListElement":[{"@type":"ListItem","position":1,"name":"Portada","item":"https:\/\/futbolhoy.co\/"},{"@type":"ListItem","position":2,"name":"Salah, el mejor del a\u00f1o en la Liga Premier"}]},{"@type":"WebSite","@id":"https:\/\/futbolhoy.co\/#website","url":"https:\/\/futbolhoy.co\/","name":"FutbolHoy","description":"","publisher":{"@id":"https:\/\/futbolhoy.co\/#organization"},"potentialAction":[{"@type":"SearchAction","target":{"@type":"EntryPoint","urlTemplate":"https:\/\/futbolhoy.co\/?s={search_term_string}"},"query-input":{"@type":"PropertyValueSpecification","valueRequired":true,"valueName":"search_term_string"}}],"inLanguage":"es"},{"@type":"Organization","@id":"https:\/\/futbolhoy.co\/#organization","name":"Futbolhoy.co","url":"https:\/\/futbolhoy.co\/","logo":{"@type":"ImageObject","inLanguage":"es","@id":"https:\/\/futbolhoy.co\/#\/schema\/logo\/image\/","url":"https:\/\/futbolhoy.co\/wp-content\/uploads\/2018\/08\/17426380_1906371736249227_6326180412931521141_n.jpg","contentUrl":"https:\/\/futbolhoy.co\/wp-content\/uploads\/2018\/08\/17426380_1906371736249227_6326180412931521141_n.jpg","width":960,"height":960,"caption":"Futbolhoy.co"},"image":{"@id":"https:\/\/futbolhoy.co\/#\/schema\/logo\/image\/"},"sameAs":["https:\/\/www.facebook.com\/FutbolHoyCol\/","https:\/\/x.com\/FutbolHoyCol","https:\/\/www.instagram.com\/futbolhoycol\/"]},{"@type":"Person","@id":"https:\/\/futbolhoy.co\/#\/schema\/person\/c4a353a512b127643723a34bb1812f7d","name":"Laura Hern\u00e1ndez","image":{"@type":"ImageObject","inLanguage":"es","@id":"https:\/\/futbolhoy.co\/#\/schema\/person\/image\/","url":"https:\/\/secure.gravatar.com\/avatar\/d25959a15b9b293a743f99181c7cfd01?s=96&d=mm&r=g","contentUrl":"https:\/\/secure.gravatar.com\/avatar\/d25959a15b9b293a743f99181c7cfd01?s=96&d=mm&r=g","caption":"Laura Hern\u00e1ndez"}}]}},"publishpress_future_action":{"enabled":false,"date":"2026-05-04 14:37:12","action":"change-status","newStatus":"draft","terms":[],"taxonomy":"category","extraData":[]},"publishpress_future_workflow_manual_trigger":{"enabledWorkflows":[]},"_links":{"self":[{"href":"https:\/\/futbolhoy.co\/index.php\/wp-json\/wp\/v2\/posts\/17684","targetHints":{"allow":["GET"]}}],"collection":[{"href":"https:\/\/futbolhoy.co\/index.php\/wp-json\/wp\/v2\/posts"}],"about":[{"href":"https:\/\/futbolhoy.co\/index.php\/wp-json\/wp\/v2\/types\/post"}],"author":[{"embeddable":true,"href":"https:\/\/futbolhoy.co\/index.php\/wp-json\/wp\/v2\/users\/5"}],"replies":[{"embeddable":true,"href":"https:\/\/futbolhoy.co\/index.php\/wp-json\/wp\/v2\/comments?post=17684"}],"version-history":[{"count":1,"href":"https:\/\/futbolhoy.co\/index.php\/wp-json\/wp\/v2\/posts\/17684\/revisions"}],"predecessor-version":[{"id":17686,"href":"https:\/\/futbolhoy.co\/index.php\/wp-json\/wp\/v2\/posts\/17684\/revisions\/17686"}],"wp:featuredmedia":[{"embeddable":true,"href":"https:\/\/futbolhoy.co\/index.php\/wp-json\/wp\/v2\/media\/17685"}],"wp:attachment":[{"href":"https:\/\/futbolhoy.co\/index.php\/wp-json\/wp\/v2\/media?parent=17684"}],"wp:term":[{"taxonomy":"category","embeddable":true,"href":"https:\/\/futbolhoy.co\/index.php\/wp-json\/wp\/v2\/categories?post=17684"},{"taxonomy":"post_tag","embeddable":true,"href":"https:\/\/futbolhoy.co\/index.php\/wp-json\/wp\/v2\/tags?post=17684"}],"curies":[{"name":"wp","href":"https:\/\/api.w.org\/{rel}","templated":true}]}}