{"id":17754,"date":"2018-05-14T12:07:23","date_gmt":"2018-05-14T17:07:23","guid":{"rendered":"http:\/\/futbolhoy.co\/?p=17754"},"modified":"2018-05-15T07:57:42","modified_gmt":"2018-05-15T12:57:42","slug":"armani-en-la-lista-de-35-preseleccionados-por-argentina","status":"publish","type":"post","link":"https:\/\/futbolhoy.co\/index.php\/2018\/05\/14\/armani-en-la-lista-de-35-preseleccionados-por-argentina\/","title":{"rendered":"Armani en la lista de 35 preseleccionados por Argentina"},"content":{"rendered":"<p style=\"text-align: justify;\">El arquero de\u00a0<b>River Plate<\/b>,\u00a0<b>Franco Armani<\/b>, fue incluido en el grupo de 35 preseleccionados de\u00a0<b>Argentina\u00a0<\/b>por el t\u00e9cnico\u00a0<b>Jorge Sampaoli<\/b>\u00a0para afrontar el\u00a0<b>Mundial de Rusia<\/b>, en un listado que encabeza el capit\u00e1n\u00a0<b>Lionel Messi<\/b>.<\/p>\n<p style=\"text-align: justify;\">En la n\u00f3mina adem\u00e1s se destaca la presencia del volante\u00a0<b>Ricardo Centuri\u00f3n<\/b>\u00a0de\u00a0<b>Racing\u00a0<\/b>y el delantero\u00a0<b>Mauro Icardi<\/b>\u00a0del\u00a0<b>Inter de Mil\u00e1n<\/b>.<\/p>\n<p style=\"text-align: justify;\"><strong>Arqueros:<\/strong>\u00a0Sergio Romero, Wilfredo Caballero, Franco Armani y Nahuel Guzm\u00e1n.<\/p>\n<p style=\"text-align: justify;\"><strong>Defensas:<\/strong>\u00a0Gabriel Mercado, Federico Fazio, Marcos Rojo, Nicol\u00e1s Otamendi, Ramiro Funes Mori, Germ\u00e1n Pezzella, Nicol\u00e1s Tagliafico y Cristian Ansaldi.<\/p>\n<p style=\"text-align: justify;\"><strong>Volantes:<\/strong>\u00a0Javier Mascherano, Eduardo Salvio, Marcos Acu\u00f1a, Leandro Paredes, Pablo P\u00e9rez, Rodrigo Battaglia, Ever Banega, Enzo P\u00e9rez, Lucas Biglia, Manuel Lanzini, Giovani Lo Celso, Maximiliano Meza, \u00c1ngel Di Mar\u00eda, Diego Perotti, Guido Pizarro y Ricardo Centuri\u00f3n.<\/p>\n<p style=\"text-align: justify;\"><strong>Delanteros:<\/strong>\u00a0Lionel Messi, Sergio Ag\u00fcero, Gonzalo Higua\u00edn, Lautaro Mart\u00ednez, Cristian Pav\u00f3n, Paulo Dybala y Mauro Icardi.<\/p>\n<p><iframe style=\"border: none; overflow: hidden;\" src=\"https:\/\/www.facebook.com\/plugins\/post.php?href=https%3A%2F%2Fwww.facebook.com%2FAFASeleccionArgentina%2Fposts%2F2044798919066214&amp;width=500\" width=\"500\" height=\"366\" frameborder=\"0\" scrolling=\"no\"><\/iframe><\/p>\n","protected":false},"excerpt":{"rendered":"<p>El arquero de\u00a0River Plate,\u00a0Franco Armani, fue incluido en el grupo de 35 preseleccionados de\u00a0Argentina\u00a0por el t\u00e9cnico\u00a0Jorge Sampaoli\u00a0para afrontar el\u00a0Mundial de Rusia, en un listado que encabeza el capit\u00e1n\u00a0Lionel Messi. En la n\u00f3mina adem\u00e1s se destaca la presencia del volante\u00a0Ricardo Centuri\u00f3n\u00a0de\u00a0Racing\u00a0y el delantero\u00a0Mauro Icardi\u00a0del\u00a0Inter de Mil\u00e1n. Arqueros:\u00a0Sergio Romero, Wilfredo Caballero, Franco Armani y Nahuel Guzm\u00e1n. Defensas:\u00a0Gabriel [&hellip;]<\/p>\n","protected":false},"author":5,"featured_media":15855,"comment_status":"open","ping_status":"open","sticky":false,"template":"","format":"standard","meta":{"_acf_changed":false,"footnotes":""},"categories":[6],"tags":[530,334,119,244],"class_list":{"0":"post-17754","1":"post","2":"type-post","3":"status-publish","4":"format-standard","5":"has-post-thumbnail","7":"category-mundial","8":"tag-franco-armani","9":"tag-jorge-sampaoli","10":"tag-mundial-rusia-2018","11":"tag-seleccion-argentina"},"acf":[],"yoast_head":"<!-- This site is optimized with the Yoast SEO plugin v26.8 - https:\/\/yoast.com\/product\/yoast-seo-wordpress\/ -->\n<title>Armani en la lista de 35 preseleccionados por Argentina -<\/title>\n<meta name=\"robots\" content=\"index, follow, max-snippet:-1, max-image-preview:large, max-video-preview:-1\" \/>\n<link rel=\"canonical\" href=\"https:\/\/futbolhoy.co\/index.php\/2018\/05\/14\/armani-en-la-lista-de-35-preseleccionados-por-argentina\/\" \/>\n<meta property=\"og:locale\" content=\"es_ES\" \/>\n<meta property=\"og:type\" content=\"article\" \/>\n<meta property=\"og:title\" content=\"Armani en la lista de 35 preseleccionados por Argentina -\" \/>\n<meta property=\"og:description\" content=\"El arquero de\u00a0River Plate,\u00a0Franco Armani, fue incluido en el grupo de 35 preseleccionados de\u00a0Argentina\u00a0por el t\u00e9cnico\u00a0Jorge Sampaoli\u00a0para afrontar el\u00a0Mundial de Rusia, en un listado que encabeza el capit\u00e1n\u00a0Lionel Messi. En la n\u00f3mina adem\u00e1s se destaca la presencia del volante\u00a0Ricardo Centuri\u00f3n\u00a0de\u00a0Racing\u00a0y el delantero\u00a0Mauro Icardi\u00a0del\u00a0Inter de Mil\u00e1n. Arqueros:\u00a0Sergio Romero, Wilfredo Caballero, Franco Armani y Nahuel Guzm\u00e1n. Defensas:\u00a0Gabriel [&hellip;]\" \/>\n<meta property=\"og:url\" content=\"https:\/\/futbolhoy.co\/index.php\/2018\/05\/14\/armani-en-la-lista-de-35-preseleccionados-por-argentina\/\" \/>\n<meta property=\"article:publisher\" content=\"https:\/\/www.facebook.com\/FutbolHoyCol\/\" \/>\n<meta property=\"article:published_time\" content=\"2018-05-14T17:07:23+00:00\" \/>\n<meta property=\"article:modified_time\" content=\"2018-05-15T12:57:42+00:00\" \/>\n<meta property=\"og:image\" content=\"https:\/\/futbolhoy.co\/wp-content\/uploads\/2018\/04\/Armani.jpg\" \/>\n\t<meta property=\"og:image:width\" content=\"1200\" \/>\n\t<meta property=\"og:image:height\" content=\"675\" \/>\n\t<meta property=\"og:image:type\" content=\"image\/jpeg\" \/>\n<meta name=\"author\" content=\"Laura Hern\u00e1ndez\" \/>\n<meta name=\"twitter:card\" content=\"summary_large_image\" \/>\n<meta name=\"twitter:creator\" content=\"@FutbolHoyCol\" \/>\n<meta name=\"twitter:site\" content=\"@FutbolHoyCol\" \/>\n<meta name=\"twitter:label1\" content=\"Escrito por\" \/>\n\t<meta name=\"twitter:data1\" content=\"Laura Hern\u00e1ndez\" \/>\n\t<meta name=\"twitter:label2\" content=\"Tiempo de lectura\" \/>\n\t<meta name=\"twitter:data2\" content=\"1 minuto\" \/>\n<script type=\"application\/ld+json\" class=\"yoast-schema-graph\">{\"@context\":\"https:\/\/schema.org\",\"@graph\":[{\"@type\":\"Article\",\"@id\":\"https:\/\/futbolhoy.co\/index.php\/2018\/05\/14\/armani-en-la-lista-de-35-preseleccionados-por-argentina\/#article\",\"isPartOf\":{\"@id\":\"https:\/\/futbolhoy.co\/index.php\/2018\/05\/14\/armani-en-la-lista-de-35-preseleccionados-por-argentina\/\"},\"author\":{\"name\":\"Laura Hern\u00e1ndez\",\"@id\":\"https:\/\/futbolhoy.co\/#\/schema\/person\/c4a353a512b127643723a34bb1812f7d\"},\"headline\":\"Armani en la lista de 35 preseleccionados por Argentina\",\"datePublished\":\"2018-05-14T17:07:23+00:00\",\"dateModified\":\"2018-05-15T12:57:42+00:00\",\"mainEntityOfPage\":{\"@id\":\"https:\/\/futbolhoy.co\/index.php\/2018\/05\/14\/armani-en-la-lista-de-35-preseleccionados-por-argentina\/\"},\"wordCount\":167,\"commentCount\":0,\"publisher\":{\"@id\":\"https:\/\/futbolhoy.co\/#organization\"},\"image\":{\"@id\":\"https:\/\/futbolhoy.co\/index.php\/2018\/05\/14\/armani-en-la-lista-de-35-preseleccionados-por-argentina\/#primaryimage\"},\"thumbnailUrl\":\"https:\/\/futbolhoy.co\/wp-content\/uploads\/2018\/04\/Armani.jpg\",\"keywords\":[\"Franco Armani\",\"Jorge Sampaoli\",\"Mundial Rusia 2018\",\"Selecci\u00f3n Argentina\"],\"articleSection\":[\"Mundial\"],\"inLanguage\":\"es\",\"potentialAction\":[{\"@type\":\"CommentAction\",\"name\":\"Comment\",\"target\":[\"https:\/\/futbolhoy.co\/index.php\/2018\/05\/14\/armani-en-la-lista-de-35-preseleccionados-por-argentina\/#respond\"]}]},{\"@type\":\"WebPage\",\"@id\":\"https:\/\/futbolhoy.co\/index.php\/2018\/05\/14\/armani-en-la-lista-de-35-preseleccionados-por-argentina\/\",\"url\":\"https:\/\/futbolhoy.co\/index.php\/2018\/05\/14\/armani-en-la-lista-de-35-preseleccionados-por-argentina\/\",\"name\":\"Armani en la lista de 35 preseleccionados por Argentina -\",\"isPartOf\":{\"@id\":\"https:\/\/futbolhoy.co\/#website\"},\"primaryImageOfPage\":{\"@id\":\"https:\/\/futbolhoy.co\/index.php\/2018\/05\/14\/armani-en-la-lista-de-35-preseleccionados-por-argentina\/#primaryimage\"},\"image\":{\"@id\":\"https:\/\/futbolhoy.co\/index.php\/2018\/05\/14\/armani-en-la-lista-de-35-preseleccionados-por-argentina\/#primaryimage\"},\"thumbnailUrl\":\"https:\/\/futbolhoy.co\/wp-content\/uploads\/2018\/04\/Armani.jpg\",\"datePublished\":\"2018-05-14T17:07:23+00:00\",\"dateModified\":\"2018-05-15T12:57:42+00:00\",\"breadcrumb\":{\"@id\":\"https:\/\/futbolhoy.co\/index.php\/2018\/05\/14\/armani-en-la-lista-de-35-preseleccionados-por-argentina\/#breadcrumb\"},\"inLanguage\":\"es\",\"potentialAction\":[{\"@type\":\"ReadAction\",\"target\":[\"https:\/\/futbolhoy.co\/index.php\/2018\/05\/14\/armani-en-la-lista-de-35-preseleccionados-por-argentina\/\"]}]},{\"@type\":\"ImageObject\",\"inLanguage\":\"es\",\"@id\":\"https:\/\/futbolhoy.co\/index.php\/2018\/05\/14\/armani-en-la-lista-de-35-preseleccionados-por-argentina\/#primaryimage\",\"url\":\"https:\/\/futbolhoy.co\/wp-content\/uploads\/2018\/04\/Armani.jpg\",\"contentUrl\":\"https:\/\/futbolhoy.co\/wp-content\/uploads\/2018\/04\/Armani.jpg\",\"width\":1200,\"height\":675,\"caption\":\"@CARPoficial\"},{\"@type\":\"BreadcrumbList\",\"@id\":\"https:\/\/futbolhoy.co\/index.php\/2018\/05\/14\/armani-en-la-lista-de-35-preseleccionados-por-argentina\/#breadcrumb\",\"itemListElement\":[{\"@type\":\"ListItem\",\"position\":1,\"name\":\"Portada\",\"item\":\"https:\/\/futbolhoy.co\/\"},{\"@type\":\"ListItem\",\"position\":2,\"name\":\"Armani en la lista de 35 preseleccionados por Argentina\"}]},{\"@type\":\"WebSite\",\"@id\":\"https:\/\/futbolhoy.co\/#website\",\"url\":\"https:\/\/futbolhoy.co\/\",\"name\":\"FutbolHoy\",\"description\":\"\",\"publisher\":{\"@id\":\"https:\/\/futbolhoy.co\/#organization\"},\"potentialAction\":[{\"@type\":\"SearchAction\",\"target\":{\"@type\":\"EntryPoint\",\"urlTemplate\":\"https:\/\/futbolhoy.co\/?s={search_term_string}\"},\"query-input\":{\"@type\":\"PropertyValueSpecification\",\"valueRequired\":true,\"valueName\":\"search_term_string\"}}],\"inLanguage\":\"es\"},{\"@type\":\"Organization\",\"@id\":\"https:\/\/futbolhoy.co\/#organization\",\"name\":\"Futbolhoy.co\",\"url\":\"https:\/\/futbolhoy.co\/\",\"logo\":{\"@type\":\"ImageObject\",\"inLanguage\":\"es\",\"@id\":\"https:\/\/futbolhoy.co\/#\/schema\/logo\/image\/\",\"url\":\"https:\/\/futbolhoy.co\/wp-content\/uploads\/2018\/08\/17426380_1906371736249227_6326180412931521141_n.jpg\",\"contentUrl\":\"https:\/\/futbolhoy.co\/wp-content\/uploads\/2018\/08\/17426380_1906371736249227_6326180412931521141_n.jpg\",\"width\":960,\"height\":960,\"caption\":\"Futbolhoy.co\"},\"image\":{\"@id\":\"https:\/\/futbolhoy.co\/#\/schema\/logo\/image\/\"},\"sameAs\":[\"https:\/\/www.facebook.com\/FutbolHoyCol\/\",\"https:\/\/x.com\/FutbolHoyCol\",\"https:\/\/www.instagram.com\/futbolhoycol\/\"]},{\"@type\":\"Person\",\"@id\":\"https:\/\/futbolhoy.co\/#\/schema\/person\/c4a353a512b127643723a34bb1812f7d\",\"name\":\"Laura Hern\u00e1ndez\",\"image\":{\"@type\":\"ImageObject\",\"inLanguage\":\"es\",\"@id\":\"https:\/\/futbolhoy.co\/#\/schema\/person\/image\/\",\"url\":\"https:\/\/secure.gravatar.com\/avatar\/d25959a15b9b293a743f99181c7cfd01?s=96&d=mm&r=g\",\"contentUrl\":\"https:\/\/secure.gravatar.com\/avatar\/d25959a15b9b293a743f99181c7cfd01?s=96&d=mm&r=g\",\"caption\":\"Laura Hern\u00e1ndez\"}}]}<\/script>\n<!-- \/ Yoast SEO plugin. -->","yoast_head_json":{"title":"Armani en la lista de 35 preseleccionados por Argentina -","robots":{"index":"index","follow":"follow","max-snippet":"max-snippet:-1","max-image-preview":"max-image-preview:large","max-video-preview":"max-video-preview:-1"},"canonical":"https:\/\/futbolhoy.co\/index.php\/2018\/05\/14\/armani-en-la-lista-de-35-preseleccionados-por-argentina\/","og_locale":"es_ES","og_type":"article","og_title":"Armani en la lista de 35 preseleccionados por Argentina -","og_description":"El arquero de\u00a0River Plate,\u00a0Franco Armani, fue incluido en el grupo de 35 preseleccionados de\u00a0Argentina\u00a0por el t\u00e9cnico\u00a0Jorge Sampaoli\u00a0para afrontar el\u00a0Mundial de Rusia, en un listado que encabeza el capit\u00e1n\u00a0Lionel Messi. En la n\u00f3mina adem\u00e1s se destaca la presencia del volante\u00a0Ricardo Centuri\u00f3n\u00a0de\u00a0Racing\u00a0y el delantero\u00a0Mauro Icardi\u00a0del\u00a0Inter de Mil\u00e1n. Arqueros:\u00a0Sergio Romero, Wilfredo Caballero, Franco Armani y Nahuel Guzm\u00e1n. Defensas:\u00a0Gabriel [&hellip;]","og_url":"https:\/\/futbolhoy.co\/index.php\/2018\/05\/14\/armani-en-la-lista-de-35-preseleccionados-por-argentina\/","article_publisher":"https:\/\/www.facebook.com\/FutbolHoyCol\/","article_published_time":"2018-05-14T17:07:23+00:00","article_modified_time":"2018-05-15T12:57:42+00:00","og_image":[{"width":1200,"height":675,"url":"https:\/\/futbolhoy.co\/wp-content\/uploads\/2018\/04\/Armani.jpg","type":"image\/jpeg"}],"author":"Laura Hern\u00e1ndez","twitter_card":"summary_large_image","twitter_creator":"@FutbolHoyCol","twitter_site":"@FutbolHoyCol","twitter_misc":{"Escrito por":"Laura Hern\u00e1ndez","Tiempo de lectura":"1 minuto"},"schema":{"@context":"https:\/\/schema.org","@graph":[{"@type":"Article","@id":"https:\/\/futbolhoy.co\/index.php\/2018\/05\/14\/armani-en-la-lista-de-35-preseleccionados-por-argentina\/#article","isPartOf":{"@id":"https:\/\/futbolhoy.co\/index.php\/2018\/05\/14\/armani-en-la-lista-de-35-preseleccionados-por-argentina\/"},"author":{"name":"Laura Hern\u00e1ndez","@id":"https:\/\/futbolhoy.co\/#\/schema\/person\/c4a353a512b127643723a34bb1812f7d"},"headline":"Armani en la lista de 35 preseleccionados por Argentina","datePublished":"2018-05-14T17:07:23+00:00","dateModified":"2018-05-15T12:57:42+00:00","mainEntityOfPage":{"@id":"https:\/\/futbolhoy.co\/index.php\/2018\/05\/14\/armani-en-la-lista-de-35-preseleccionados-por-argentina\/"},"wordCount":167,"commentCount":0,"publisher":{"@id":"https:\/\/futbolhoy.co\/#organization"},"image":{"@id":"https:\/\/futbolhoy.co\/index.php\/2018\/05\/14\/armani-en-la-lista-de-35-preseleccionados-por-argentina\/#primaryimage"},"thumbnailUrl":"https:\/\/futbolhoy.co\/wp-content\/uploads\/2018\/04\/Armani.jpg","keywords":["Franco Armani","Jorge Sampaoli","Mundial Rusia 2018","Selecci\u00f3n Argentina"],"articleSection":["Mundial"],"inLanguage":"es","potentialAction":[{"@type":"CommentAction","name":"Comment","target":["https:\/\/futbolhoy.co\/index.php\/2018\/05\/14\/armani-en-la-lista-de-35-preseleccionados-por-argentina\/#respond"]}]},{"@type":"WebPage","@id":"https:\/\/futbolhoy.co\/index.php\/2018\/05\/14\/armani-en-la-lista-de-35-preseleccionados-por-argentina\/","url":"https:\/\/futbolhoy.co\/index.php\/2018\/05\/14\/armani-en-la-lista-de-35-preseleccionados-por-argentina\/","name":"Armani en la lista de 35 preseleccionados por Argentina -","isPartOf":{"@id":"https:\/\/futbolhoy.co\/#website"},"primaryImageOfPage":{"@id":"https:\/\/futbolhoy.co\/index.php\/2018\/05\/14\/armani-en-la-lista-de-35-preseleccionados-por-argentina\/#primaryimage"},"image":{"@id":"https:\/\/futbolhoy.co\/index.php\/2018\/05\/14\/armani-en-la-lista-de-35-preseleccionados-por-argentina\/#primaryimage"},"thumbnailUrl":"https:\/\/futbolhoy.co\/wp-content\/uploads\/2018\/04\/Armani.jpg","datePublished":"2018-05-14T17:07:23+00:00","dateModified":"2018-05-15T12:57:42+00:00","breadcrumb":{"@id":"https:\/\/futbolhoy.co\/index.php\/2018\/05\/14\/armani-en-la-lista-de-35-preseleccionados-por-argentina\/#breadcrumb"},"inLanguage":"es","potentialAction":[{"@type":"ReadAction","target":["https:\/\/futbolhoy.co\/index.php\/2018\/05\/14\/armani-en-la-lista-de-35-preseleccionados-por-argentina\/"]}]},{"@type":"ImageObject","inLanguage":"es","@id":"https:\/\/futbolhoy.co\/index.php\/2018\/05\/14\/armani-en-la-lista-de-35-preseleccionados-por-argentina\/#primaryimage","url":"https:\/\/futbolhoy.co\/wp-content\/uploads\/2018\/04\/Armani.jpg","contentUrl":"https:\/\/futbolhoy.co\/wp-content\/uploads\/2018\/04\/Armani.jpg","width":1200,"height":675,"caption":"@CARPoficial"},{"@type":"BreadcrumbList","@id":"https:\/\/futbolhoy.co\/index.php\/2018\/05\/14\/armani-en-la-lista-de-35-preseleccionados-por-argentina\/#breadcrumb","itemListElement":[{"@type":"ListItem","position":1,"name":"Portada","item":"https:\/\/futbolhoy.co\/"},{"@type":"ListItem","position":2,"name":"Armani en la lista de 35 preseleccionados por Argentina"}]},{"@type":"WebSite","@id":"https:\/\/futbolhoy.co\/#website","url":"https:\/\/futbolhoy.co\/","name":"FutbolHoy","description":"","publisher":{"@id":"https:\/\/futbolhoy.co\/#organization"},"potentialAction":[{"@type":"SearchAction","target":{"@type":"EntryPoint","urlTemplate":"https:\/\/futbolhoy.co\/?s={search_term_string}"},"query-input":{"@type":"PropertyValueSpecification","valueRequired":true,"valueName":"search_term_string"}}],"inLanguage":"es"},{"@type":"Organization","@id":"https:\/\/futbolhoy.co\/#organization","name":"Futbolhoy.co","url":"https:\/\/futbolhoy.co\/","logo":{"@type":"ImageObject","inLanguage":"es","@id":"https:\/\/futbolhoy.co\/#\/schema\/logo\/image\/","url":"https:\/\/futbolhoy.co\/wp-content\/uploads\/2018\/08\/17426380_1906371736249227_6326180412931521141_n.jpg","contentUrl":"https:\/\/futbolhoy.co\/wp-content\/uploads\/2018\/08\/17426380_1906371736249227_6326180412931521141_n.jpg","width":960,"height":960,"caption":"Futbolhoy.co"},"image":{"@id":"https:\/\/futbolhoy.co\/#\/schema\/logo\/image\/"},"sameAs":["https:\/\/www.facebook.com\/FutbolHoyCol\/","https:\/\/x.com\/FutbolHoyCol","https:\/\/www.instagram.com\/futbolhoycol\/"]},{"@type":"Person","@id":"https:\/\/futbolhoy.co\/#\/schema\/person\/c4a353a512b127643723a34bb1812f7d","name":"Laura Hern\u00e1ndez","image":{"@type":"ImageObject","inLanguage":"es","@id":"https:\/\/futbolhoy.co\/#\/schema\/person\/image\/","url":"https:\/\/secure.gravatar.com\/avatar\/d25959a15b9b293a743f99181c7cfd01?s=96&d=mm&r=g","contentUrl":"https:\/\/secure.gravatar.com\/avatar\/d25959a15b9b293a743f99181c7cfd01?s=96&d=mm&r=g","caption":"Laura Hern\u00e1ndez"}}]}},"publishpress_future_action":{"enabled":false,"date":"2026-05-04 05:58:49","action":"change-status","newStatus":"draft","terms":[],"taxonomy":"category","extraData":[]},"publishpress_future_workflow_manual_trigger":{"enabledWorkflows":[]},"_links":{"self":[{"href":"https:\/\/futbolhoy.co\/index.php\/wp-json\/wp\/v2\/posts\/17754","targetHints":{"allow":["GET"]}}],"collection":[{"href":"https:\/\/futbolhoy.co\/index.php\/wp-json\/wp\/v2\/posts"}],"about":[{"href":"https:\/\/futbolhoy.co\/index.php\/wp-json\/wp\/v2\/types\/post"}],"author":[{"embeddable":true,"href":"https:\/\/futbolhoy.co\/index.php\/wp-json\/wp\/v2\/users\/5"}],"replies":[{"embeddable":true,"href":"https:\/\/futbolhoy.co\/index.php\/wp-json\/wp\/v2\/comments?post=17754"}],"version-history":[{"count":1,"href":"https:\/\/futbolhoy.co\/index.php\/wp-json\/wp\/v2\/posts\/17754\/revisions"}],"predecessor-version":[{"id":17766,"href":"https:\/\/futbolhoy.co\/index.php\/wp-json\/wp\/v2\/posts\/17754\/revisions\/17766"}],"wp:featuredmedia":[{"embeddable":true,"href":"https:\/\/futbolhoy.co\/index.php\/wp-json\/wp\/v2\/media\/15855"}],"wp:attachment":[{"href":"https:\/\/futbolhoy.co\/index.php\/wp-json\/wp\/v2\/media?parent=17754"}],"wp:term":[{"taxonomy":"category","embeddable":true,"href":"https:\/\/futbolhoy.co\/index.php\/wp-json\/wp\/v2\/categories?post=17754"},{"taxonomy":"post_tag","embeddable":true,"href":"https:\/\/futbolhoy.co\/index.php\/wp-json\/wp\/v2\/tags?post=17754"}],"curies":[{"name":"wp","href":"https:\/\/api.w.org\/{rel}","templated":true}]}}