{"id":17755,"date":"2018-05-14T13:00:44","date_gmt":"2018-05-14T18:00:44","guid":{"rendered":"http:\/\/futbolhoy.co\/?p=17755"},"modified":"2018-05-14T13:00:44","modified_gmt":"2018-05-14T18:00:44","slug":"tevez-dejara-el-futbol-en-2019","status":"publish","type":"post","link":"https:\/\/futbolhoy.co\/index.php\/2018\/05\/14\/tevez-dejara-el-futbol-en-2019\/","title":{"rendered":"Tevez dejar\u00e1 el f\u00fatbol en 2019"},"content":{"rendered":"<p style=\"text-align: justify;\">El delantero argentino\u00a0<b>Carlos Tevez<\/b>\u00a0anunci\u00f3 que a finales de 2019 se retirar\u00e1 de la actividad como futbolista profesional actuando para\u00a0<b>Boca Juniors<\/b>.<\/p>\n<p style=\"text-align: justify;\">\u2018<b>El Apache<\/b>\u2019 hizo el anuncio durante una visita suya a \u2018<b>El Trece<\/b>\u2019 donde indic\u00f3: \u201cCuando finalice mi contrato con Boca a finales de 2019 me retiro. Me gustar\u00eda estar ligado a Boca, pero primero tendr\u00e9 que hacer el duelo. Es importante tomarse tiempo para lo que uno enfrentar\u00e1 despu\u00e9s de ser futbolista\u201d.<\/p>\n<p style=\"text-align: justify;\">El gran objetivo de Tevez es lograr de nuevo un t\u00edtulo de\u00a0<b>Copa Libertadores<\/b>\u00a0con el \u2018xeneize\u2019.<\/p>\n","protected":false},"excerpt":{"rendered":"<p>El delantero argentino\u00a0Carlos Tevez\u00a0anunci\u00f3 que a finales de 2019 se retirar\u00e1 de la actividad como futbolista profesional actuando para\u00a0Boca Juniors. \u2018El Apache\u2019 hizo el anuncio durante una visita suya a \u2018El Trece\u2019 donde indic\u00f3: \u201cCuando finalice mi contrato con Boca a finales de 2019 me retiro. Me gustar\u00eda estar ligado a Boca, pero primero tendr\u00e9 [&hellip;]<\/p>\n","protected":false},"author":5,"featured_media":17778,"comment_status":"open","ping_status":"open","sticky":false,"template":"","format":"standard","meta":{"_acf_changed":false,"footnotes":""},"categories":[152],"tags":[260,138],"class_list":{"0":"post-17755","1":"post","2":"type-post","3":"status-publish","4":"format-standard","5":"has-post-thumbnail","7":"category-mundo-futbol","8":"tag-boca-juniors","9":"tag-carlos-tevez"},"acf":[],"yoast_head":"<!-- This site is optimized with the Yoast SEO plugin v26.8 - https:\/\/yoast.com\/product\/yoast-seo-wordpress\/ -->\n<title>Tevez dejar\u00e1 el f\u00fatbol en 2019 -<\/title>\n<meta name=\"robots\" content=\"index, follow, max-snippet:-1, max-image-preview:large, max-video-preview:-1\" \/>\n<link rel=\"canonical\" href=\"https:\/\/futbolhoy.co\/index.php\/2018\/05\/14\/tevez-dejara-el-futbol-en-2019\/\" \/>\n<meta property=\"og:locale\" content=\"es_ES\" \/>\n<meta property=\"og:type\" content=\"article\" \/>\n<meta property=\"og:title\" content=\"Tevez dejar\u00e1 el f\u00fatbol en 2019 -\" \/>\n<meta property=\"og:description\" content=\"El delantero argentino\u00a0Carlos Tevez\u00a0anunci\u00f3 que a finales de 2019 se retirar\u00e1 de la actividad como futbolista profesional actuando para\u00a0Boca Juniors. \u2018El Apache\u2019 hizo el anuncio durante una visita suya a \u2018El Trece\u2019 donde indic\u00f3: \u201cCuando finalice mi contrato con Boca a finales de 2019 me retiro. Me gustar\u00eda estar ligado a Boca, pero primero tendr\u00e9 [&hellip;]\" \/>\n<meta property=\"og:url\" content=\"https:\/\/futbolhoy.co\/index.php\/2018\/05\/14\/tevez-dejara-el-futbol-en-2019\/\" \/>\n<meta property=\"article:publisher\" content=\"https:\/\/www.facebook.com\/FutbolHoyCol\/\" \/>\n<meta property=\"article:published_time\" content=\"2018-05-14T18:00:44+00:00\" \/>\n<meta property=\"og:image\" content=\"https:\/\/futbolhoy.co\/wp-content\/uploads\/2018\/05\/Dc2ITFLWkAI9NJt.jpg\" \/>\n\t<meta property=\"og:image:width\" content=\"1200\" \/>\n\t<meta property=\"og:image:height\" content=\"797\" \/>\n\t<meta property=\"og:image:type\" content=\"image\/jpeg\" \/>\n<meta name=\"author\" content=\"Laura Hern\u00e1ndez\" \/>\n<meta name=\"twitter:card\" content=\"summary_large_image\" \/>\n<meta name=\"twitter:creator\" content=\"@FutbolHoyCol\" \/>\n<meta name=\"twitter:site\" content=\"@FutbolHoyCol\" \/>\n<meta name=\"twitter:label1\" content=\"Escrito por\" \/>\n\t<meta name=\"twitter:data1\" content=\"Laura Hern\u00e1ndez\" \/>\n<script type=\"application\/ld+json\" class=\"yoast-schema-graph\">{\"@context\":\"https:\/\/schema.org\",\"@graph\":[{\"@type\":\"Article\",\"@id\":\"https:\/\/futbolhoy.co\/index.php\/2018\/05\/14\/tevez-dejara-el-futbol-en-2019\/#article\",\"isPartOf\":{\"@id\":\"https:\/\/futbolhoy.co\/index.php\/2018\/05\/14\/tevez-dejara-el-futbol-en-2019\/\"},\"author\":{\"name\":\"Laura Hern\u00e1ndez\",\"@id\":\"https:\/\/futbolhoy.co\/#\/schema\/person\/c4a353a512b127643723a34bb1812f7d\"},\"headline\":\"Tevez dejar\u00e1 el f\u00fatbol en 2019\",\"datePublished\":\"2018-05-14T18:00:44+00:00\",\"mainEntityOfPage\":{\"@id\":\"https:\/\/futbolhoy.co\/index.php\/2018\/05\/14\/tevez-dejara-el-futbol-en-2019\/\"},\"wordCount\":99,\"commentCount\":0,\"publisher\":{\"@id\":\"https:\/\/futbolhoy.co\/#organization\"},\"image\":{\"@id\":\"https:\/\/futbolhoy.co\/index.php\/2018\/05\/14\/tevez-dejara-el-futbol-en-2019\/#primaryimage\"},\"thumbnailUrl\":\"https:\/\/futbolhoy.co\/wp-content\/uploads\/2018\/05\/Dc2ITFLWkAI9NJt.jpg\",\"keywords\":[\"Boca Juniors\",\"Carlos Tevez\"],\"articleSection\":[\"Mundo Futbol\"],\"inLanguage\":\"es\",\"potentialAction\":[{\"@type\":\"CommentAction\",\"name\":\"Comment\",\"target\":[\"https:\/\/futbolhoy.co\/index.php\/2018\/05\/14\/tevez-dejara-el-futbol-en-2019\/#respond\"]}]},{\"@type\":\"WebPage\",\"@id\":\"https:\/\/futbolhoy.co\/index.php\/2018\/05\/14\/tevez-dejara-el-futbol-en-2019\/\",\"url\":\"https:\/\/futbolhoy.co\/index.php\/2018\/05\/14\/tevez-dejara-el-futbol-en-2019\/\",\"name\":\"Tevez dejar\u00e1 el f\u00fatbol en 2019 -\",\"isPartOf\":{\"@id\":\"https:\/\/futbolhoy.co\/#website\"},\"primaryImageOfPage\":{\"@id\":\"https:\/\/futbolhoy.co\/index.php\/2018\/05\/14\/tevez-dejara-el-futbol-en-2019\/#primaryimage\"},\"image\":{\"@id\":\"https:\/\/futbolhoy.co\/index.php\/2018\/05\/14\/tevez-dejara-el-futbol-en-2019\/#primaryimage\"},\"thumbnailUrl\":\"https:\/\/futbolhoy.co\/wp-content\/uploads\/2018\/05\/Dc2ITFLWkAI9NJt.jpg\",\"datePublished\":\"2018-05-14T18:00:44+00:00\",\"breadcrumb\":{\"@id\":\"https:\/\/futbolhoy.co\/index.php\/2018\/05\/14\/tevez-dejara-el-futbol-en-2019\/#breadcrumb\"},\"inLanguage\":\"es\",\"potentialAction\":[{\"@type\":\"ReadAction\",\"target\":[\"https:\/\/futbolhoy.co\/index.php\/2018\/05\/14\/tevez-dejara-el-futbol-en-2019\/\"]}]},{\"@type\":\"ImageObject\",\"inLanguage\":\"es\",\"@id\":\"https:\/\/futbolhoy.co\/index.php\/2018\/05\/14\/tevez-dejara-el-futbol-en-2019\/#primaryimage\",\"url\":\"https:\/\/futbolhoy.co\/wp-content\/uploads\/2018\/05\/Dc2ITFLWkAI9NJt.jpg\",\"contentUrl\":\"https:\/\/futbolhoy.co\/wp-content\/uploads\/2018\/05\/Dc2ITFLWkAI9NJt.jpg\",\"width\":1200,\"height\":797,\"caption\":\"Twitter @BocaJrsoficial\"},{\"@type\":\"BreadcrumbList\",\"@id\":\"https:\/\/futbolhoy.co\/index.php\/2018\/05\/14\/tevez-dejara-el-futbol-en-2019\/#breadcrumb\",\"itemListElement\":[{\"@type\":\"ListItem\",\"position\":1,\"name\":\"Portada\",\"item\":\"https:\/\/futbolhoy.co\/\"},{\"@type\":\"ListItem\",\"position\":2,\"name\":\"Tevez dejar\u00e1 el f\u00fatbol en 2019\"}]},{\"@type\":\"WebSite\",\"@id\":\"https:\/\/futbolhoy.co\/#website\",\"url\":\"https:\/\/futbolhoy.co\/\",\"name\":\"FutbolHoy\",\"description\":\"\",\"publisher\":{\"@id\":\"https:\/\/futbolhoy.co\/#organization\"},\"potentialAction\":[{\"@type\":\"SearchAction\",\"target\":{\"@type\":\"EntryPoint\",\"urlTemplate\":\"https:\/\/futbolhoy.co\/?s={search_term_string}\"},\"query-input\":{\"@type\":\"PropertyValueSpecification\",\"valueRequired\":true,\"valueName\":\"search_term_string\"}}],\"inLanguage\":\"es\"},{\"@type\":\"Organization\",\"@id\":\"https:\/\/futbolhoy.co\/#organization\",\"name\":\"Futbolhoy.co\",\"url\":\"https:\/\/futbolhoy.co\/\",\"logo\":{\"@type\":\"ImageObject\",\"inLanguage\":\"es\",\"@id\":\"https:\/\/futbolhoy.co\/#\/schema\/logo\/image\/\",\"url\":\"https:\/\/futbolhoy.co\/wp-content\/uploads\/2018\/08\/17426380_1906371736249227_6326180412931521141_n.jpg\",\"contentUrl\":\"https:\/\/futbolhoy.co\/wp-content\/uploads\/2018\/08\/17426380_1906371736249227_6326180412931521141_n.jpg\",\"width\":960,\"height\":960,\"caption\":\"Futbolhoy.co\"},\"image\":{\"@id\":\"https:\/\/futbolhoy.co\/#\/schema\/logo\/image\/\"},\"sameAs\":[\"https:\/\/www.facebook.com\/FutbolHoyCol\/\",\"https:\/\/x.com\/FutbolHoyCol\",\"https:\/\/www.instagram.com\/futbolhoycol\/\"]},{\"@type\":\"Person\",\"@id\":\"https:\/\/futbolhoy.co\/#\/schema\/person\/c4a353a512b127643723a34bb1812f7d\",\"name\":\"Laura Hern\u00e1ndez\",\"image\":{\"@type\":\"ImageObject\",\"inLanguage\":\"es\",\"@id\":\"https:\/\/futbolhoy.co\/#\/schema\/person\/image\/\",\"url\":\"https:\/\/secure.gravatar.com\/avatar\/d25959a15b9b293a743f99181c7cfd01?s=96&d=mm&r=g\",\"contentUrl\":\"https:\/\/secure.gravatar.com\/avatar\/d25959a15b9b293a743f99181c7cfd01?s=96&d=mm&r=g\",\"caption\":\"Laura Hern\u00e1ndez\"}}]}<\/script>\n<!-- \/ Yoast SEO plugin. -->","yoast_head_json":{"title":"Tevez dejar\u00e1 el f\u00fatbol en 2019 -","robots":{"index":"index","follow":"follow","max-snippet":"max-snippet:-1","max-image-preview":"max-image-preview:large","max-video-preview":"max-video-preview:-1"},"canonical":"https:\/\/futbolhoy.co\/index.php\/2018\/05\/14\/tevez-dejara-el-futbol-en-2019\/","og_locale":"es_ES","og_type":"article","og_title":"Tevez dejar\u00e1 el f\u00fatbol en 2019 -","og_description":"El delantero argentino\u00a0Carlos Tevez\u00a0anunci\u00f3 que a finales de 2019 se retirar\u00e1 de la actividad como futbolista profesional actuando para\u00a0Boca Juniors. \u2018El Apache\u2019 hizo el anuncio durante una visita suya a \u2018El Trece\u2019 donde indic\u00f3: \u201cCuando finalice mi contrato con Boca a finales de 2019 me retiro. Me gustar\u00eda estar ligado a Boca, pero primero tendr\u00e9 [&hellip;]","og_url":"https:\/\/futbolhoy.co\/index.php\/2018\/05\/14\/tevez-dejara-el-futbol-en-2019\/","article_publisher":"https:\/\/www.facebook.com\/FutbolHoyCol\/","article_published_time":"2018-05-14T18:00:44+00:00","og_image":[{"width":1200,"height":797,"url":"https:\/\/futbolhoy.co\/wp-content\/uploads\/2018\/05\/Dc2ITFLWkAI9NJt.jpg","type":"image\/jpeg"}],"author":"Laura Hern\u00e1ndez","twitter_card":"summary_large_image","twitter_creator":"@FutbolHoyCol","twitter_site":"@FutbolHoyCol","twitter_misc":{"Escrito por":"Laura Hern\u00e1ndez"},"schema":{"@context":"https:\/\/schema.org","@graph":[{"@type":"Article","@id":"https:\/\/futbolhoy.co\/index.php\/2018\/05\/14\/tevez-dejara-el-futbol-en-2019\/#article","isPartOf":{"@id":"https:\/\/futbolhoy.co\/index.php\/2018\/05\/14\/tevez-dejara-el-futbol-en-2019\/"},"author":{"name":"Laura Hern\u00e1ndez","@id":"https:\/\/futbolhoy.co\/#\/schema\/person\/c4a353a512b127643723a34bb1812f7d"},"headline":"Tevez dejar\u00e1 el f\u00fatbol en 2019","datePublished":"2018-05-14T18:00:44+00:00","mainEntityOfPage":{"@id":"https:\/\/futbolhoy.co\/index.php\/2018\/05\/14\/tevez-dejara-el-futbol-en-2019\/"},"wordCount":99,"commentCount":0,"publisher":{"@id":"https:\/\/futbolhoy.co\/#organization"},"image":{"@id":"https:\/\/futbolhoy.co\/index.php\/2018\/05\/14\/tevez-dejara-el-futbol-en-2019\/#primaryimage"},"thumbnailUrl":"https:\/\/futbolhoy.co\/wp-content\/uploads\/2018\/05\/Dc2ITFLWkAI9NJt.jpg","keywords":["Boca Juniors","Carlos Tevez"],"articleSection":["Mundo Futbol"],"inLanguage":"es","potentialAction":[{"@type":"CommentAction","name":"Comment","target":["https:\/\/futbolhoy.co\/index.php\/2018\/05\/14\/tevez-dejara-el-futbol-en-2019\/#respond"]}]},{"@type":"WebPage","@id":"https:\/\/futbolhoy.co\/index.php\/2018\/05\/14\/tevez-dejara-el-futbol-en-2019\/","url":"https:\/\/futbolhoy.co\/index.php\/2018\/05\/14\/tevez-dejara-el-futbol-en-2019\/","name":"Tevez dejar\u00e1 el f\u00fatbol en 2019 -","isPartOf":{"@id":"https:\/\/futbolhoy.co\/#website"},"primaryImageOfPage":{"@id":"https:\/\/futbolhoy.co\/index.php\/2018\/05\/14\/tevez-dejara-el-futbol-en-2019\/#primaryimage"},"image":{"@id":"https:\/\/futbolhoy.co\/index.php\/2018\/05\/14\/tevez-dejara-el-futbol-en-2019\/#primaryimage"},"thumbnailUrl":"https:\/\/futbolhoy.co\/wp-content\/uploads\/2018\/05\/Dc2ITFLWkAI9NJt.jpg","datePublished":"2018-05-14T18:00:44+00:00","breadcrumb":{"@id":"https:\/\/futbolhoy.co\/index.php\/2018\/05\/14\/tevez-dejara-el-futbol-en-2019\/#breadcrumb"},"inLanguage":"es","potentialAction":[{"@type":"ReadAction","target":["https:\/\/futbolhoy.co\/index.php\/2018\/05\/14\/tevez-dejara-el-futbol-en-2019\/"]}]},{"@type":"ImageObject","inLanguage":"es","@id":"https:\/\/futbolhoy.co\/index.php\/2018\/05\/14\/tevez-dejara-el-futbol-en-2019\/#primaryimage","url":"https:\/\/futbolhoy.co\/wp-content\/uploads\/2018\/05\/Dc2ITFLWkAI9NJt.jpg","contentUrl":"https:\/\/futbolhoy.co\/wp-content\/uploads\/2018\/05\/Dc2ITFLWkAI9NJt.jpg","width":1200,"height":797,"caption":"Twitter @BocaJrsoficial"},{"@type":"BreadcrumbList","@id":"https:\/\/futbolhoy.co\/index.php\/2018\/05\/14\/tevez-dejara-el-futbol-en-2019\/#breadcrumb","itemListElement":[{"@type":"ListItem","position":1,"name":"Portada","item":"https:\/\/futbolhoy.co\/"},{"@type":"ListItem","position":2,"name":"Tevez dejar\u00e1 el f\u00fatbol en 2019"}]},{"@type":"WebSite","@id":"https:\/\/futbolhoy.co\/#website","url":"https:\/\/futbolhoy.co\/","name":"FutbolHoy","description":"","publisher":{"@id":"https:\/\/futbolhoy.co\/#organization"},"potentialAction":[{"@type":"SearchAction","target":{"@type":"EntryPoint","urlTemplate":"https:\/\/futbolhoy.co\/?s={search_term_string}"},"query-input":{"@type":"PropertyValueSpecification","valueRequired":true,"valueName":"search_term_string"}}],"inLanguage":"es"},{"@type":"Organization","@id":"https:\/\/futbolhoy.co\/#organization","name":"Futbolhoy.co","url":"https:\/\/futbolhoy.co\/","logo":{"@type":"ImageObject","inLanguage":"es","@id":"https:\/\/futbolhoy.co\/#\/schema\/logo\/image\/","url":"https:\/\/futbolhoy.co\/wp-content\/uploads\/2018\/08\/17426380_1906371736249227_6326180412931521141_n.jpg","contentUrl":"https:\/\/futbolhoy.co\/wp-content\/uploads\/2018\/08\/17426380_1906371736249227_6326180412931521141_n.jpg","width":960,"height":960,"caption":"Futbolhoy.co"},"image":{"@id":"https:\/\/futbolhoy.co\/#\/schema\/logo\/image\/"},"sameAs":["https:\/\/www.facebook.com\/FutbolHoyCol\/","https:\/\/x.com\/FutbolHoyCol","https:\/\/www.instagram.com\/futbolhoycol\/"]},{"@type":"Person","@id":"https:\/\/futbolhoy.co\/#\/schema\/person\/c4a353a512b127643723a34bb1812f7d","name":"Laura Hern\u00e1ndez","image":{"@type":"ImageObject","inLanguage":"es","@id":"https:\/\/futbolhoy.co\/#\/schema\/person\/image\/","url":"https:\/\/secure.gravatar.com\/avatar\/d25959a15b9b293a743f99181c7cfd01?s=96&d=mm&r=g","contentUrl":"https:\/\/secure.gravatar.com\/avatar\/d25959a15b9b293a743f99181c7cfd01?s=96&d=mm&r=g","caption":"Laura Hern\u00e1ndez"}}]}},"publishpress_future_action":{"enabled":false,"date":"2026-05-03 21:48:37","action":"change-status","newStatus":"draft","terms":[],"taxonomy":"category","extraData":[]},"publishpress_future_workflow_manual_trigger":{"enabledWorkflows":[]},"_links":{"self":[{"href":"https:\/\/futbolhoy.co\/index.php\/wp-json\/wp\/v2\/posts\/17755","targetHints":{"allow":["GET"]}}],"collection":[{"href":"https:\/\/futbolhoy.co\/index.php\/wp-json\/wp\/v2\/posts"}],"about":[{"href":"https:\/\/futbolhoy.co\/index.php\/wp-json\/wp\/v2\/types\/post"}],"author":[{"embeddable":true,"href":"https:\/\/futbolhoy.co\/index.php\/wp-json\/wp\/v2\/users\/5"}],"replies":[{"embeddable":true,"href":"https:\/\/futbolhoy.co\/index.php\/wp-json\/wp\/v2\/comments?post=17755"}],"version-history":[{"count":1,"href":"https:\/\/futbolhoy.co\/index.php\/wp-json\/wp\/v2\/posts\/17755\/revisions"}],"predecessor-version":[{"id":17779,"href":"https:\/\/futbolhoy.co\/index.php\/wp-json\/wp\/v2\/posts\/17755\/revisions\/17779"}],"wp:featuredmedia":[{"embeddable":true,"href":"https:\/\/futbolhoy.co\/index.php\/wp-json\/wp\/v2\/media\/17778"}],"wp:attachment":[{"href":"https:\/\/futbolhoy.co\/index.php\/wp-json\/wp\/v2\/media?parent=17755"}],"wp:term":[{"taxonomy":"category","embeddable":true,"href":"https:\/\/futbolhoy.co\/index.php\/wp-json\/wp\/v2\/categories?post=17755"},{"taxonomy":"post_tag","embeddable":true,"href":"https:\/\/futbolhoy.co\/index.php\/wp-json\/wp\/v2\/tags?post=17755"}],"curies":[{"name":"wp","href":"https:\/\/api.w.org\/{rel}","templated":true}]}}