{"id":17782,"date":"2018-05-14T16:12:10","date_gmt":"2018-05-14T21:12:10","guid":{"rendered":"http:\/\/futbolhoy.co\/?p=17782"},"modified":"2018-05-15T07:50:01","modified_gmt":"2018-05-15T12:50:01","slug":"lista-la-convocatoria-de-jugadores-preseleccionados-de-colombia","status":"publish","type":"post","link":"https:\/\/futbolhoy.co\/index.php\/2018\/05\/14\/lista-la-convocatoria-de-jugadores-preseleccionados-de-colombia\/","title":{"rendered":"Lista la convocatoria de jugadores preseleccionados de Colombia"},"content":{"rendered":"<p style=\"text-align: justify;\">El seleccionador colombiano\u00a0<b>Jos\u00e9 Nestor P\u00e9kerman<\/b>\u00a0convoc\u00f3 35 jugadores a la preselecci\u00f3n que disputar\u00e1 el\u00a0<b>Mundial de Rusia\u00a0<\/b>incluyendo como grandes novedades al arquero\u00a0<b>Iv\u00e1n Mauricio Arboleda<\/b>\u00a0de\u00a0<b>Banfield<\/b>\u00a0de Argentina y los volantes\u00a0<b>Sebasti\u00e1n P\u00e9rez<\/b>\u00a0de\u00a0<b>Boca Juniors<\/b>\u00a0y\u00a0<b>Gustavo Cuellar<\/b>\u00a0de\u00a0<b>Flamengo<\/b>.<\/p>\n<p style=\"text-align: justify;\">Del grupo de jugadores que hicieron parte de la \u00faltima gira por Europa, sali\u00f3\u00a0<b>V\u00edctor Cantillo<\/b>\u00a0del Junior y no aparecen\u00a0<b>Avil\u00e9s Hurtado<\/b>, delantero del\u00a0<b>Monterrey<\/b>\u00a0y\u00a0<b>Felipe Pardo<\/b>\u00a0del\u00a0<b>Olympiacos<\/b>, quienes en esa oportunidad fueron reserva.<\/p>\n<p style=\"text-align: justify;\"><strong>Arqueros<b>\u00a0(4):<\/b><\/strong><\/p>\n<ul style=\"text-align: justify;\">\n<li>David Ospina (Arsenal)<\/li>\n<li>Camilo Vargas (Deportivo Cali)<\/li>\n<li>Jos\u00e9 Fernando Cudrado (Once Caldas)<\/li>\n<li>Iv\u00e1n Arboleda (Banfield)<\/li>\n<\/ul>\n<p style=\"text-align: justify;\"><strong>Defensas<b>\u00a0(11):<\/b><\/strong><\/p>\n<ul style=\"text-align: justify;\">\n<li>Santiago Arias (PSV Eindhoven)<\/li>\n<li>Cristian Zapata (Mil\u00e1n)<\/li>\n<li>D\u00e1vinson S\u00e1nchez (Tottenham)<\/li>\n<li>Yerry Mina (Fc Barcelona)<\/li>\n<li>Johan Mojica (Girona)<\/li>\n<li>Oscar Murillo (Pachuca)<\/li>\n<li>Frank Fabra (Boca Juniors)<\/li>\n<li>Bernardo Espinoza (Girona)<\/li>\n<li>William Tesillo (Le\u00f3n)<\/li>\n<li>Stefan Medina (Monterrey)<\/li>\n<li>Farid D\u00edaz (Olimpia).<\/li>\n<\/ul>\n<p style=\"text-align: justify;\"><strong>Volantes\u00a0<b>(14):<\/b><\/strong><\/p>\n<ul style=\"text-align: justify;\">\n<li>Carlos S\u00e1nchez (Espanyol)<\/li>\n<li>Abel Aguilar (Deportivo Cali)<\/li>\n<li>James Rodr\u00edguez (Bayern M\u00fanich)<\/li>\n<li>Giovanni Moreno (Shanghai Shenhua)<\/li>\n<li>Matheus Uribe (Am\u00e9rica de M\u00e9xico)<\/li>\n<li>Wilmar Barrios (Boca Juniors)<\/li>\n<li>Yimmi Char\u00e1 (Junior)<\/li>\n<li>Juan Fernando Quintero (River Plate)<\/li>\n<li>Jefferson Lerma (Levante)<\/li>\n<li>Jos\u00e9 Heriberto Izquierdo (Brighton Albion)<\/li>\n<li>Edwin Cardona (Boca Juniors)<\/li>\n<li>Juan Guillermo Cuadrado (Juventus)<\/li>\n<li>Gustavo Cuellar (Flamengo)<\/li>\n<li>Sebasti\u00e1n P\u00e9rez (Boca Juniors)<\/li>\n<\/ul>\n<p style=\"text-align: justify;\"><strong>Delanteros (6):<\/strong><\/p>\n<ul>\n<li style=\"text-align: justify;\">Falcao Garc\u00eda (As M\u00f3naco)<\/li>\n<li style=\"text-align: justify;\">Duvan Zapata (Sampdoria)<\/li>\n<li style=\"text-align: justify;\">Luis Fernando Muriel (Sevilla)<\/li>\n<li style=\"text-align: justify;\">Carlos Bacca (Villarreal)<\/li>\n<li style=\"text-align: justify;\">Miguel \u00c1ngel Borja (Palmeiras)<\/li>\n<li style=\"text-align: justify;\">Te\u00f3filo Guti\u00e9rrez (Junior)<\/li>\n<\/ul>\n","protected":false},"excerpt":{"rendered":"<p>El seleccionador colombiano\u00a0Jos\u00e9 Nestor P\u00e9kerman\u00a0convoc\u00f3 35 jugadores a la preselecci\u00f3n que disputar\u00e1 el\u00a0Mundial de Rusia\u00a0incluyendo como grandes novedades al arquero\u00a0Iv\u00e1n Mauricio Arboleda\u00a0de\u00a0Banfield\u00a0de Argentina y los volantes\u00a0Sebasti\u00e1n P\u00e9rez\u00a0de\u00a0Boca Juniors\u00a0y\u00a0Gustavo Cuellar\u00a0de\u00a0Flamengo. Del grupo de jugadores que hicieron parte de la \u00faltima gira por Europa, sali\u00f3\u00a0V\u00edctor Cantillo\u00a0del Junior y no aparecen\u00a0Avil\u00e9s Hurtado, delantero del\u00a0Monterrey\u00a0y\u00a0Felipe Pardo\u00a0del\u00a0Olympiacos, quienes en esa [&hellip;]<\/p>\n","protected":false},"author":5,"featured_media":17783,"comment_status":"open","ping_status":"open","sticky":false,"template":"","format":"standard","meta":{"_acf_changed":false,"footnotes":""},"categories":[418],"tags":[127],"class_list":{"0":"post-17782","1":"post","2":"type-post","3":"status-publish","4":"format-standard","5":"has-post-thumbnail","7":"category-colombia","8":"tag-seleccion-colombia"},"acf":[],"yoast_head":"<!-- This site is optimized with the Yoast SEO plugin v26.8 - https:\/\/yoast.com\/product\/yoast-seo-wordpress\/ -->\n<title>Lista la convocatoria de jugadores preseleccionados de Colombia -<\/title>\n<meta name=\"robots\" content=\"index, follow, max-snippet:-1, max-image-preview:large, max-video-preview:-1\" \/>\n<link rel=\"canonical\" href=\"https:\/\/futbolhoy.co\/index.php\/2018\/05\/14\/lista-la-convocatoria-de-jugadores-preseleccionados-de-colombia\/\" \/>\n<meta property=\"og:locale\" content=\"es_ES\" \/>\n<meta property=\"og:type\" content=\"article\" \/>\n<meta property=\"og:title\" content=\"Lista la convocatoria de jugadores preseleccionados de Colombia -\" \/>\n<meta property=\"og:description\" content=\"El seleccionador colombiano\u00a0Jos\u00e9 Nestor P\u00e9kerman\u00a0convoc\u00f3 35 jugadores a la preselecci\u00f3n que disputar\u00e1 el\u00a0Mundial de Rusia\u00a0incluyendo como grandes novedades al arquero\u00a0Iv\u00e1n Mauricio Arboleda\u00a0de\u00a0Banfield\u00a0de Argentina y los volantes\u00a0Sebasti\u00e1n P\u00e9rez\u00a0de\u00a0Boca Juniors\u00a0y\u00a0Gustavo Cuellar\u00a0de\u00a0Flamengo. Del grupo de jugadores que hicieron parte de la \u00faltima gira por Europa, sali\u00f3\u00a0V\u00edctor Cantillo\u00a0del Junior y no aparecen\u00a0Avil\u00e9s Hurtado, delantero del\u00a0Monterrey\u00a0y\u00a0Felipe Pardo\u00a0del\u00a0Olympiacos, quienes en esa [&hellip;]\" \/>\n<meta property=\"og:url\" content=\"https:\/\/futbolhoy.co\/index.php\/2018\/05\/14\/lista-la-convocatoria-de-jugadores-preseleccionados-de-colombia\/\" \/>\n<meta property=\"article:publisher\" content=\"https:\/\/www.facebook.com\/FutbolHoyCol\/\" \/>\n<meta property=\"article:published_time\" content=\"2018-05-14T21:12:10+00:00\" \/>\n<meta property=\"article:modified_time\" content=\"2018-05-15T12:50:01+00:00\" \/>\n<meta property=\"og:image\" content=\"https:\/\/futbolhoy.co\/wp-content\/uploads\/2018\/05\/DdL1A02WsAAwe_S.jpg\" \/>\n\t<meta property=\"og:image:width\" content=\"1056\" \/>\n\t<meta property=\"og:image:height\" content=\"703\" \/>\n\t<meta property=\"og:image:type\" content=\"image\/jpeg\" \/>\n<meta name=\"author\" content=\"Laura Hern\u00e1ndez\" \/>\n<meta name=\"twitter:card\" content=\"summary_large_image\" \/>\n<meta name=\"twitter:creator\" content=\"@FutbolHoyCol\" \/>\n<meta name=\"twitter:site\" content=\"@FutbolHoyCol\" \/>\n<meta name=\"twitter:label1\" content=\"Escrito por\" \/>\n\t<meta name=\"twitter:data1\" content=\"Laura Hern\u00e1ndez\" \/>\n\t<meta name=\"twitter:label2\" content=\"Tiempo de lectura\" \/>\n\t<meta name=\"twitter:data2\" content=\"1 minuto\" \/>\n<script type=\"application\/ld+json\" class=\"yoast-schema-graph\">{\"@context\":\"https:\/\/schema.org\",\"@graph\":[{\"@type\":\"Article\",\"@id\":\"https:\/\/futbolhoy.co\/index.php\/2018\/05\/14\/lista-la-convocatoria-de-jugadores-preseleccionados-de-colombia\/#article\",\"isPartOf\":{\"@id\":\"https:\/\/futbolhoy.co\/index.php\/2018\/05\/14\/lista-la-convocatoria-de-jugadores-preseleccionados-de-colombia\/\"},\"author\":{\"name\":\"Laura Hern\u00e1ndez\",\"@id\":\"https:\/\/futbolhoy.co\/#\/schema\/person\/c4a353a512b127643723a34bb1812f7d\"},\"headline\":\"Lista la convocatoria de jugadores preseleccionados de Colombia\",\"datePublished\":\"2018-05-14T21:12:10+00:00\",\"dateModified\":\"2018-05-15T12:50:01+00:00\",\"mainEntityOfPage\":{\"@id\":\"https:\/\/futbolhoy.co\/index.php\/2018\/05\/14\/lista-la-convocatoria-de-jugadores-preseleccionados-de-colombia\/\"},\"wordCount\":243,\"commentCount\":0,\"publisher\":{\"@id\":\"https:\/\/futbolhoy.co\/#organization\"},\"image\":{\"@id\":\"https:\/\/futbolhoy.co\/index.php\/2018\/05\/14\/lista-la-convocatoria-de-jugadores-preseleccionados-de-colombia\/#primaryimage\"},\"thumbnailUrl\":\"https:\/\/futbolhoy.co\/wp-content\/uploads\/2018\/05\/DdL1A02WsAAwe_S.jpg\",\"keywords\":[\"Selecci\u00f3n Colombia\"],\"articleSection\":[\"Colombia\"],\"inLanguage\":\"es\",\"potentialAction\":[{\"@type\":\"CommentAction\",\"name\":\"Comment\",\"target\":[\"https:\/\/futbolhoy.co\/index.php\/2018\/05\/14\/lista-la-convocatoria-de-jugadores-preseleccionados-de-colombia\/#respond\"]}]},{\"@type\":\"WebPage\",\"@id\":\"https:\/\/futbolhoy.co\/index.php\/2018\/05\/14\/lista-la-convocatoria-de-jugadores-preseleccionados-de-colombia\/\",\"url\":\"https:\/\/futbolhoy.co\/index.php\/2018\/05\/14\/lista-la-convocatoria-de-jugadores-preseleccionados-de-colombia\/\",\"name\":\"Lista la convocatoria de jugadores preseleccionados de Colombia -\",\"isPartOf\":{\"@id\":\"https:\/\/futbolhoy.co\/#website\"},\"primaryImageOfPage\":{\"@id\":\"https:\/\/futbolhoy.co\/index.php\/2018\/05\/14\/lista-la-convocatoria-de-jugadores-preseleccionados-de-colombia\/#primaryimage\"},\"image\":{\"@id\":\"https:\/\/futbolhoy.co\/index.php\/2018\/05\/14\/lista-la-convocatoria-de-jugadores-preseleccionados-de-colombia\/#primaryimage\"},\"thumbnailUrl\":\"https:\/\/futbolhoy.co\/wp-content\/uploads\/2018\/05\/DdL1A02WsAAwe_S.jpg\",\"datePublished\":\"2018-05-14T21:12:10+00:00\",\"dateModified\":\"2018-05-15T12:50:01+00:00\",\"breadcrumb\":{\"@id\":\"https:\/\/futbolhoy.co\/index.php\/2018\/05\/14\/lista-la-convocatoria-de-jugadores-preseleccionados-de-colombia\/#breadcrumb\"},\"inLanguage\":\"es\",\"potentialAction\":[{\"@type\":\"ReadAction\",\"target\":[\"https:\/\/futbolhoy.co\/index.php\/2018\/05\/14\/lista-la-convocatoria-de-jugadores-preseleccionados-de-colombia\/\"]}]},{\"@type\":\"ImageObject\",\"inLanguage\":\"es\",\"@id\":\"https:\/\/futbolhoy.co\/index.php\/2018\/05\/14\/lista-la-convocatoria-de-jugadores-preseleccionados-de-colombia\/#primaryimage\",\"url\":\"https:\/\/futbolhoy.co\/wp-content\/uploads\/2018\/05\/DdL1A02WsAAwe_S.jpg\",\"contentUrl\":\"https:\/\/futbolhoy.co\/wp-content\/uploads\/2018\/05\/DdL1A02WsAAwe_S.jpg\",\"width\":1056,\"height\":703,\"caption\":\"Twitter @FCFSeleccionCol\"},{\"@type\":\"BreadcrumbList\",\"@id\":\"https:\/\/futbolhoy.co\/index.php\/2018\/05\/14\/lista-la-convocatoria-de-jugadores-preseleccionados-de-colombia\/#breadcrumb\",\"itemListElement\":[{\"@type\":\"ListItem\",\"position\":1,\"name\":\"Portada\",\"item\":\"https:\/\/futbolhoy.co\/\"},{\"@type\":\"ListItem\",\"position\":2,\"name\":\"Lista la convocatoria de jugadores preseleccionados de Colombia\"}]},{\"@type\":\"WebSite\",\"@id\":\"https:\/\/futbolhoy.co\/#website\",\"url\":\"https:\/\/futbolhoy.co\/\",\"name\":\"FutbolHoy\",\"description\":\"\",\"publisher\":{\"@id\":\"https:\/\/futbolhoy.co\/#organization\"},\"potentialAction\":[{\"@type\":\"SearchAction\",\"target\":{\"@type\":\"EntryPoint\",\"urlTemplate\":\"https:\/\/futbolhoy.co\/?s={search_term_string}\"},\"query-input\":{\"@type\":\"PropertyValueSpecification\",\"valueRequired\":true,\"valueName\":\"search_term_string\"}}],\"inLanguage\":\"es\"},{\"@type\":\"Organization\",\"@id\":\"https:\/\/futbolhoy.co\/#organization\",\"name\":\"Futbolhoy.co\",\"url\":\"https:\/\/futbolhoy.co\/\",\"logo\":{\"@type\":\"ImageObject\",\"inLanguage\":\"es\",\"@id\":\"https:\/\/futbolhoy.co\/#\/schema\/logo\/image\/\",\"url\":\"https:\/\/futbolhoy.co\/wp-content\/uploads\/2018\/08\/17426380_1906371736249227_6326180412931521141_n.jpg\",\"contentUrl\":\"https:\/\/futbolhoy.co\/wp-content\/uploads\/2018\/08\/17426380_1906371736249227_6326180412931521141_n.jpg\",\"width\":960,\"height\":960,\"caption\":\"Futbolhoy.co\"},\"image\":{\"@id\":\"https:\/\/futbolhoy.co\/#\/schema\/logo\/image\/\"},\"sameAs\":[\"https:\/\/www.facebook.com\/FutbolHoyCol\/\",\"https:\/\/x.com\/FutbolHoyCol\",\"https:\/\/www.instagram.com\/futbolhoycol\/\"]},{\"@type\":\"Person\",\"@id\":\"https:\/\/futbolhoy.co\/#\/schema\/person\/c4a353a512b127643723a34bb1812f7d\",\"name\":\"Laura Hern\u00e1ndez\",\"image\":{\"@type\":\"ImageObject\",\"inLanguage\":\"es\",\"@id\":\"https:\/\/futbolhoy.co\/#\/schema\/person\/image\/\",\"url\":\"https:\/\/secure.gravatar.com\/avatar\/d25959a15b9b293a743f99181c7cfd01?s=96&d=mm&r=g\",\"contentUrl\":\"https:\/\/secure.gravatar.com\/avatar\/d25959a15b9b293a743f99181c7cfd01?s=96&d=mm&r=g\",\"caption\":\"Laura Hern\u00e1ndez\"}}]}<\/script>\n<!-- \/ Yoast SEO plugin. -->","yoast_head_json":{"title":"Lista la convocatoria de jugadores preseleccionados de Colombia -","robots":{"index":"index","follow":"follow","max-snippet":"max-snippet:-1","max-image-preview":"max-image-preview:large","max-video-preview":"max-video-preview:-1"},"canonical":"https:\/\/futbolhoy.co\/index.php\/2018\/05\/14\/lista-la-convocatoria-de-jugadores-preseleccionados-de-colombia\/","og_locale":"es_ES","og_type":"article","og_title":"Lista la convocatoria de jugadores preseleccionados de Colombia -","og_description":"El seleccionador colombiano\u00a0Jos\u00e9 Nestor P\u00e9kerman\u00a0convoc\u00f3 35 jugadores a la preselecci\u00f3n que disputar\u00e1 el\u00a0Mundial de Rusia\u00a0incluyendo como grandes novedades al arquero\u00a0Iv\u00e1n Mauricio Arboleda\u00a0de\u00a0Banfield\u00a0de Argentina y los volantes\u00a0Sebasti\u00e1n P\u00e9rez\u00a0de\u00a0Boca Juniors\u00a0y\u00a0Gustavo Cuellar\u00a0de\u00a0Flamengo. Del grupo de jugadores que hicieron parte de la \u00faltima gira por Europa, sali\u00f3\u00a0V\u00edctor Cantillo\u00a0del Junior y no aparecen\u00a0Avil\u00e9s Hurtado, delantero del\u00a0Monterrey\u00a0y\u00a0Felipe Pardo\u00a0del\u00a0Olympiacos, quienes en esa [&hellip;]","og_url":"https:\/\/futbolhoy.co\/index.php\/2018\/05\/14\/lista-la-convocatoria-de-jugadores-preseleccionados-de-colombia\/","article_publisher":"https:\/\/www.facebook.com\/FutbolHoyCol\/","article_published_time":"2018-05-14T21:12:10+00:00","article_modified_time":"2018-05-15T12:50:01+00:00","og_image":[{"width":1056,"height":703,"url":"https:\/\/futbolhoy.co\/wp-content\/uploads\/2018\/05\/DdL1A02WsAAwe_S.jpg","type":"image\/jpeg"}],"author":"Laura Hern\u00e1ndez","twitter_card":"summary_large_image","twitter_creator":"@FutbolHoyCol","twitter_site":"@FutbolHoyCol","twitter_misc":{"Escrito por":"Laura Hern\u00e1ndez","Tiempo de lectura":"1 minuto"},"schema":{"@context":"https:\/\/schema.org","@graph":[{"@type":"Article","@id":"https:\/\/futbolhoy.co\/index.php\/2018\/05\/14\/lista-la-convocatoria-de-jugadores-preseleccionados-de-colombia\/#article","isPartOf":{"@id":"https:\/\/futbolhoy.co\/index.php\/2018\/05\/14\/lista-la-convocatoria-de-jugadores-preseleccionados-de-colombia\/"},"author":{"name":"Laura Hern\u00e1ndez","@id":"https:\/\/futbolhoy.co\/#\/schema\/person\/c4a353a512b127643723a34bb1812f7d"},"headline":"Lista la convocatoria de jugadores preseleccionados de Colombia","datePublished":"2018-05-14T21:12:10+00:00","dateModified":"2018-05-15T12:50:01+00:00","mainEntityOfPage":{"@id":"https:\/\/futbolhoy.co\/index.php\/2018\/05\/14\/lista-la-convocatoria-de-jugadores-preseleccionados-de-colombia\/"},"wordCount":243,"commentCount":0,"publisher":{"@id":"https:\/\/futbolhoy.co\/#organization"},"image":{"@id":"https:\/\/futbolhoy.co\/index.php\/2018\/05\/14\/lista-la-convocatoria-de-jugadores-preseleccionados-de-colombia\/#primaryimage"},"thumbnailUrl":"https:\/\/futbolhoy.co\/wp-content\/uploads\/2018\/05\/DdL1A02WsAAwe_S.jpg","keywords":["Selecci\u00f3n Colombia"],"articleSection":["Colombia"],"inLanguage":"es","potentialAction":[{"@type":"CommentAction","name":"Comment","target":["https:\/\/futbolhoy.co\/index.php\/2018\/05\/14\/lista-la-convocatoria-de-jugadores-preseleccionados-de-colombia\/#respond"]}]},{"@type":"WebPage","@id":"https:\/\/futbolhoy.co\/index.php\/2018\/05\/14\/lista-la-convocatoria-de-jugadores-preseleccionados-de-colombia\/","url":"https:\/\/futbolhoy.co\/index.php\/2018\/05\/14\/lista-la-convocatoria-de-jugadores-preseleccionados-de-colombia\/","name":"Lista la convocatoria de jugadores preseleccionados de Colombia -","isPartOf":{"@id":"https:\/\/futbolhoy.co\/#website"},"primaryImageOfPage":{"@id":"https:\/\/futbolhoy.co\/index.php\/2018\/05\/14\/lista-la-convocatoria-de-jugadores-preseleccionados-de-colombia\/#primaryimage"},"image":{"@id":"https:\/\/futbolhoy.co\/index.php\/2018\/05\/14\/lista-la-convocatoria-de-jugadores-preseleccionados-de-colombia\/#primaryimage"},"thumbnailUrl":"https:\/\/futbolhoy.co\/wp-content\/uploads\/2018\/05\/DdL1A02WsAAwe_S.jpg","datePublished":"2018-05-14T21:12:10+00:00","dateModified":"2018-05-15T12:50:01+00:00","breadcrumb":{"@id":"https:\/\/futbolhoy.co\/index.php\/2018\/05\/14\/lista-la-convocatoria-de-jugadores-preseleccionados-de-colombia\/#breadcrumb"},"inLanguage":"es","potentialAction":[{"@type":"ReadAction","target":["https:\/\/futbolhoy.co\/index.php\/2018\/05\/14\/lista-la-convocatoria-de-jugadores-preseleccionados-de-colombia\/"]}]},{"@type":"ImageObject","inLanguage":"es","@id":"https:\/\/futbolhoy.co\/index.php\/2018\/05\/14\/lista-la-convocatoria-de-jugadores-preseleccionados-de-colombia\/#primaryimage","url":"https:\/\/futbolhoy.co\/wp-content\/uploads\/2018\/05\/DdL1A02WsAAwe_S.jpg","contentUrl":"https:\/\/futbolhoy.co\/wp-content\/uploads\/2018\/05\/DdL1A02WsAAwe_S.jpg","width":1056,"height":703,"caption":"Twitter @FCFSeleccionCol"},{"@type":"BreadcrumbList","@id":"https:\/\/futbolhoy.co\/index.php\/2018\/05\/14\/lista-la-convocatoria-de-jugadores-preseleccionados-de-colombia\/#breadcrumb","itemListElement":[{"@type":"ListItem","position":1,"name":"Portada","item":"https:\/\/futbolhoy.co\/"},{"@type":"ListItem","position":2,"name":"Lista la convocatoria de jugadores preseleccionados de Colombia"}]},{"@type":"WebSite","@id":"https:\/\/futbolhoy.co\/#website","url":"https:\/\/futbolhoy.co\/","name":"FutbolHoy","description":"","publisher":{"@id":"https:\/\/futbolhoy.co\/#organization"},"potentialAction":[{"@type":"SearchAction","target":{"@type":"EntryPoint","urlTemplate":"https:\/\/futbolhoy.co\/?s={search_term_string}"},"query-input":{"@type":"PropertyValueSpecification","valueRequired":true,"valueName":"search_term_string"}}],"inLanguage":"es"},{"@type":"Organization","@id":"https:\/\/futbolhoy.co\/#organization","name":"Futbolhoy.co","url":"https:\/\/futbolhoy.co\/","logo":{"@type":"ImageObject","inLanguage":"es","@id":"https:\/\/futbolhoy.co\/#\/schema\/logo\/image\/","url":"https:\/\/futbolhoy.co\/wp-content\/uploads\/2018\/08\/17426380_1906371736249227_6326180412931521141_n.jpg","contentUrl":"https:\/\/futbolhoy.co\/wp-content\/uploads\/2018\/08\/17426380_1906371736249227_6326180412931521141_n.jpg","width":960,"height":960,"caption":"Futbolhoy.co"},"image":{"@id":"https:\/\/futbolhoy.co\/#\/schema\/logo\/image\/"},"sameAs":["https:\/\/www.facebook.com\/FutbolHoyCol\/","https:\/\/x.com\/FutbolHoyCol","https:\/\/www.instagram.com\/futbolhoycol\/"]},{"@type":"Person","@id":"https:\/\/futbolhoy.co\/#\/schema\/person\/c4a353a512b127643723a34bb1812f7d","name":"Laura Hern\u00e1ndez","image":{"@type":"ImageObject","inLanguage":"es","@id":"https:\/\/futbolhoy.co\/#\/schema\/person\/image\/","url":"https:\/\/secure.gravatar.com\/avatar\/d25959a15b9b293a743f99181c7cfd01?s=96&d=mm&r=g","contentUrl":"https:\/\/secure.gravatar.com\/avatar\/d25959a15b9b293a743f99181c7cfd01?s=96&d=mm&r=g","caption":"Laura Hern\u00e1ndez"}}]}},"publishpress_future_action":{"enabled":false,"date":"2026-05-03 13:12:38","action":"change-status","newStatus":"draft","terms":[],"taxonomy":"category","extraData":[]},"publishpress_future_workflow_manual_trigger":{"enabledWorkflows":[]},"_links":{"self":[{"href":"https:\/\/futbolhoy.co\/index.php\/wp-json\/wp\/v2\/posts\/17782","targetHints":{"allow":["GET"]}}],"collection":[{"href":"https:\/\/futbolhoy.co\/index.php\/wp-json\/wp\/v2\/posts"}],"about":[{"href":"https:\/\/futbolhoy.co\/index.php\/wp-json\/wp\/v2\/types\/post"}],"author":[{"embeddable":true,"href":"https:\/\/futbolhoy.co\/index.php\/wp-json\/wp\/v2\/users\/5"}],"replies":[{"embeddable":true,"href":"https:\/\/futbolhoy.co\/index.php\/wp-json\/wp\/v2\/comments?post=17782"}],"version-history":[{"count":4,"href":"https:\/\/futbolhoy.co\/index.php\/wp-json\/wp\/v2\/posts\/17782\/revisions"}],"predecessor-version":[{"id":17795,"href":"https:\/\/futbolhoy.co\/index.php\/wp-json\/wp\/v2\/posts\/17782\/revisions\/17795"}],"wp:featuredmedia":[{"embeddable":true,"href":"https:\/\/futbolhoy.co\/index.php\/wp-json\/wp\/v2\/media\/17783"}],"wp:attachment":[{"href":"https:\/\/futbolhoy.co\/index.php\/wp-json\/wp\/v2\/media?parent=17782"}],"wp:term":[{"taxonomy":"category","embeddable":true,"href":"https:\/\/futbolhoy.co\/index.php\/wp-json\/wp\/v2\/categories?post=17782"},{"taxonomy":"post_tag","embeddable":true,"href":"https:\/\/futbolhoy.co\/index.php\/wp-json\/wp\/v2\/tags?post=17782"}],"curies":[{"name":"wp","href":"https:\/\/api.w.org\/{rel}","templated":true}]}}