{"id":17930,"date":"2018-05-16T09:18:33","date_gmt":"2018-05-16T14:18:33","guid":{"rendered":"http:\/\/futbolhoy.co\/?p=17930"},"modified":"2018-05-16T16:37:05","modified_gmt":"2018-05-16T21:37:05","slug":"arbitro-saudi-designado-para-el-mundial-suspendido-de-por-vida","status":"publish","type":"post","link":"https:\/\/futbolhoy.co\/index.php\/2018\/05\/16\/arbitro-saudi-designado-para-el-mundial-suspendido-de-por-vida\/","title":{"rendered":"\u00c1rbitro saud\u00ed, designado para el Mundial, suspendido de por vida"},"content":{"rendered":"<p class=\"m_7849168643950327475ydpffc23e09MsoNormal\" style=\"text-align: justify;\">La <strong>Federaci\u00f3n Saud\u00ed de F\u00fatbol<\/strong> suspendi\u00f3 de por vida al \u00e1rbitro <strong>Fahd<\/strong> <strong>al<\/strong> <strong>Mirdasi<\/strong>, designado por la <strong>FIFA<\/strong> para el <strong>Mundial de Rusia<\/strong>, luego de solicitar un soborno para ayudar a un equipo en un partido.<\/p>\n<p class=\"m_7849168643950327475ydpffc23e09MsoNormal\" style=\"text-align: justify;\">En una citaci\u00f3n a descargo, <strong>Al Mirdasi<\/strong> admiti\u00f3 haber solicitado dinero al club <strong>Itihad<\/strong>, a cambio ayudarle a ganar la final de la <strong>Copa del Rey.<\/strong><\/p>\n<p class=\"m_7849168643950327475ydpffc23e09MsoNormal\" style=\"text-align: justify;\">El comit\u00e9 disciplinario de la Federaci\u00f3n comunicar\u00e1 a la FIFA del caso y solicitar\u00e1 que le excluya del Mundial y de cualquier otra competencia internacional, seg\u00fan una nota de prensa de la entidad Saud\u00ed.<\/p>\n<p class=\"m_7849168643950327475ydpffc23e09MsoNormal\" style=\"text-align: justify;\">Al Mirdasi ha dirigido torneos internacionales desde 2011, entre ellos, la <strong>Copa Confederaciones<\/strong> Rusia 2017 y los <strong>Juegos Ol\u00edmpicos de R\u00edo<\/strong> de Janeiro de 2016.<\/p>\n","protected":false},"excerpt":{"rendered":"<p>La Federaci\u00f3n Saud\u00ed de F\u00fatbol suspendi\u00f3 de por vida al \u00e1rbitro Fahd al Mirdasi, designado por la FIFA para el Mundial de Rusia, luego de solicitar un soborno para ayudar a un equipo en un partido. En una citaci\u00f3n a descargo, Al Mirdasi admiti\u00f3 haber solicitado dinero al club Itihad, a cambio ayudarle a ganar [&hellip;]<\/p>\n","protected":false},"author":5,"featured_media":17941,"comment_status":"open","ping_status":"open","sticky":false,"template":"","format":"standard","meta":{"_acf_changed":false,"footnotes":""},"categories":[6],"tags":[112],"class_list":{"0":"post-17930","1":"post","2":"type-post","3":"status-publish","4":"format-standard","5":"has-post-thumbnail","7":"category-mundial","8":"tag-mundial"},"acf":[],"yoast_head":"<!-- This site is optimized with the Yoast SEO plugin v26.8 - https:\/\/yoast.com\/product\/yoast-seo-wordpress\/ -->\n<title>\u00c1rbitro saud\u00ed, designado para el Mundial, suspendido de por vida -<\/title>\n<meta name=\"robots\" content=\"index, follow, max-snippet:-1, max-image-preview:large, max-video-preview:-1\" \/>\n<link rel=\"canonical\" href=\"https:\/\/futbolhoy.co\/index.php\/2018\/05\/16\/arbitro-saudi-designado-para-el-mundial-suspendido-de-por-vida\/\" \/>\n<meta property=\"og:locale\" content=\"es_ES\" \/>\n<meta property=\"og:type\" content=\"article\" \/>\n<meta property=\"og:title\" content=\"\u00c1rbitro saud\u00ed, designado para el Mundial, suspendido de por vida -\" \/>\n<meta property=\"og:description\" content=\"La Federaci\u00f3n Saud\u00ed de F\u00fatbol suspendi\u00f3 de por vida al \u00e1rbitro Fahd al Mirdasi, designado por la FIFA para el Mundial de Rusia, luego de solicitar un soborno para ayudar a un equipo en un partido. En una citaci\u00f3n a descargo, Al Mirdasi admiti\u00f3 haber solicitado dinero al club Itihad, a cambio ayudarle a ganar [&hellip;]\" \/>\n<meta property=\"og:url\" content=\"https:\/\/futbolhoy.co\/index.php\/2018\/05\/16\/arbitro-saudi-designado-para-el-mundial-suspendido-de-por-vida\/\" \/>\n<meta property=\"article:publisher\" content=\"https:\/\/www.facebook.com\/FutbolHoyCol\/\" \/>\n<meta property=\"article:published_time\" content=\"2018-05-16T14:18:33+00:00\" \/>\n<meta property=\"article:modified_time\" content=\"2018-05-16T21:37:05+00:00\" \/>\n<meta property=\"og:image\" content=\"https:\/\/futbolhoy.co\/wp-content\/uploads\/2018\/05\/5af84a76ba646.jpeg\" \/>\n\t<meta property=\"og:image:width\" content=\"960\" \/>\n\t<meta property=\"og:image:height\" content=\"540\" \/>\n\t<meta property=\"og:image:type\" content=\"image\/jpeg\" \/>\n<meta name=\"author\" content=\"Laura Hern\u00e1ndez\" \/>\n<meta name=\"twitter:card\" content=\"summary_large_image\" \/>\n<meta name=\"twitter:creator\" content=\"@FutbolHoyCol\" \/>\n<meta name=\"twitter:site\" content=\"@FutbolHoyCol\" \/>\n<meta name=\"twitter:label1\" content=\"Escrito por\" \/>\n\t<meta name=\"twitter:data1\" content=\"Laura Hern\u00e1ndez\" \/>\n\t<meta name=\"twitter:label2\" content=\"Tiempo de lectura\" \/>\n\t<meta name=\"twitter:data2\" content=\"1 minuto\" \/>\n<script type=\"application\/ld+json\" class=\"yoast-schema-graph\">{\"@context\":\"https:\/\/schema.org\",\"@graph\":[{\"@type\":\"Article\",\"@id\":\"https:\/\/futbolhoy.co\/index.php\/2018\/05\/16\/arbitro-saudi-designado-para-el-mundial-suspendido-de-por-vida\/#article\",\"isPartOf\":{\"@id\":\"https:\/\/futbolhoy.co\/index.php\/2018\/05\/16\/arbitro-saudi-designado-para-el-mundial-suspendido-de-por-vida\/\"},\"author\":{\"name\":\"Laura Hern\u00e1ndez\",\"@id\":\"https:\/\/futbolhoy.co\/#\/schema\/person\/c4a353a512b127643723a34bb1812f7d\"},\"headline\":\"\u00c1rbitro saud\u00ed, designado para el Mundial, suspendido de por vida\",\"datePublished\":\"2018-05-16T14:18:33+00:00\",\"dateModified\":\"2018-05-16T21:37:05+00:00\",\"mainEntityOfPage\":{\"@id\":\"https:\/\/futbolhoy.co\/index.php\/2018\/05\/16\/arbitro-saudi-designado-para-el-mundial-suspendido-de-por-vida\/\"},\"wordCount\":135,\"commentCount\":0,\"publisher\":{\"@id\":\"https:\/\/futbolhoy.co\/#organization\"},\"image\":{\"@id\":\"https:\/\/futbolhoy.co\/index.php\/2018\/05\/16\/arbitro-saudi-designado-para-el-mundial-suspendido-de-por-vida\/#primaryimage\"},\"thumbnailUrl\":\"https:\/\/futbolhoy.co\/wp-content\/uploads\/2018\/05\/5af84a76ba646.jpeg\",\"keywords\":[\"Mundial\"],\"articleSection\":[\"Mundial\"],\"inLanguage\":\"es\",\"potentialAction\":[{\"@type\":\"CommentAction\",\"name\":\"Comment\",\"target\":[\"https:\/\/futbolhoy.co\/index.php\/2018\/05\/16\/arbitro-saudi-designado-para-el-mundial-suspendido-de-por-vida\/#respond\"]}]},{\"@type\":\"WebPage\",\"@id\":\"https:\/\/futbolhoy.co\/index.php\/2018\/05\/16\/arbitro-saudi-designado-para-el-mundial-suspendido-de-por-vida\/\",\"url\":\"https:\/\/futbolhoy.co\/index.php\/2018\/05\/16\/arbitro-saudi-designado-para-el-mundial-suspendido-de-por-vida\/\",\"name\":\"\u00c1rbitro saud\u00ed, designado para el Mundial, suspendido de por vida -\",\"isPartOf\":{\"@id\":\"https:\/\/futbolhoy.co\/#website\"},\"primaryImageOfPage\":{\"@id\":\"https:\/\/futbolhoy.co\/index.php\/2018\/05\/16\/arbitro-saudi-designado-para-el-mundial-suspendido-de-por-vida\/#primaryimage\"},\"image\":{\"@id\":\"https:\/\/futbolhoy.co\/index.php\/2018\/05\/16\/arbitro-saudi-designado-para-el-mundial-suspendido-de-por-vida\/#primaryimage\"},\"thumbnailUrl\":\"https:\/\/futbolhoy.co\/wp-content\/uploads\/2018\/05\/5af84a76ba646.jpeg\",\"datePublished\":\"2018-05-16T14:18:33+00:00\",\"dateModified\":\"2018-05-16T21:37:05+00:00\",\"breadcrumb\":{\"@id\":\"https:\/\/futbolhoy.co\/index.php\/2018\/05\/16\/arbitro-saudi-designado-para-el-mundial-suspendido-de-por-vida\/#breadcrumb\"},\"inLanguage\":\"es\",\"potentialAction\":[{\"@type\":\"ReadAction\",\"target\":[\"https:\/\/futbolhoy.co\/index.php\/2018\/05\/16\/arbitro-saudi-designado-para-el-mundial-suspendido-de-por-vida\/\"]}]},{\"@type\":\"ImageObject\",\"inLanguage\":\"es\",\"@id\":\"https:\/\/futbolhoy.co\/index.php\/2018\/05\/16\/arbitro-saudi-designado-para-el-mundial-suspendido-de-por-vida\/#primaryimage\",\"url\":\"https:\/\/futbolhoy.co\/wp-content\/uploads\/2018\/05\/5af84a76ba646.jpeg\",\"contentUrl\":\"https:\/\/futbolhoy.co\/wp-content\/uploads\/2018\/05\/5af84a76ba646.jpeg\",\"width\":960,\"height\":540},{\"@type\":\"BreadcrumbList\",\"@id\":\"https:\/\/futbolhoy.co\/index.php\/2018\/05\/16\/arbitro-saudi-designado-para-el-mundial-suspendido-de-por-vida\/#breadcrumb\",\"itemListElement\":[{\"@type\":\"ListItem\",\"position\":1,\"name\":\"Portada\",\"item\":\"https:\/\/futbolhoy.co\/\"},{\"@type\":\"ListItem\",\"position\":2,\"name\":\"\u00c1rbitro saud\u00ed, designado para el Mundial, suspendido de por vida\"}]},{\"@type\":\"WebSite\",\"@id\":\"https:\/\/futbolhoy.co\/#website\",\"url\":\"https:\/\/futbolhoy.co\/\",\"name\":\"FutbolHoy\",\"description\":\"\",\"publisher\":{\"@id\":\"https:\/\/futbolhoy.co\/#organization\"},\"potentialAction\":[{\"@type\":\"SearchAction\",\"target\":{\"@type\":\"EntryPoint\",\"urlTemplate\":\"https:\/\/futbolhoy.co\/?s={search_term_string}\"},\"query-input\":{\"@type\":\"PropertyValueSpecification\",\"valueRequired\":true,\"valueName\":\"search_term_string\"}}],\"inLanguage\":\"es\"},{\"@type\":\"Organization\",\"@id\":\"https:\/\/futbolhoy.co\/#organization\",\"name\":\"Futbolhoy.co\",\"url\":\"https:\/\/futbolhoy.co\/\",\"logo\":{\"@type\":\"ImageObject\",\"inLanguage\":\"es\",\"@id\":\"https:\/\/futbolhoy.co\/#\/schema\/logo\/image\/\",\"url\":\"https:\/\/futbolhoy.co\/wp-content\/uploads\/2018\/08\/17426380_1906371736249227_6326180412931521141_n.jpg\",\"contentUrl\":\"https:\/\/futbolhoy.co\/wp-content\/uploads\/2018\/08\/17426380_1906371736249227_6326180412931521141_n.jpg\",\"width\":960,\"height\":960,\"caption\":\"Futbolhoy.co\"},\"image\":{\"@id\":\"https:\/\/futbolhoy.co\/#\/schema\/logo\/image\/\"},\"sameAs\":[\"https:\/\/www.facebook.com\/FutbolHoyCol\/\",\"https:\/\/x.com\/FutbolHoyCol\",\"https:\/\/www.instagram.com\/futbolhoycol\/\"]},{\"@type\":\"Person\",\"@id\":\"https:\/\/futbolhoy.co\/#\/schema\/person\/c4a353a512b127643723a34bb1812f7d\",\"name\":\"Laura Hern\u00e1ndez\",\"image\":{\"@type\":\"ImageObject\",\"inLanguage\":\"es\",\"@id\":\"https:\/\/futbolhoy.co\/#\/schema\/person\/image\/\",\"url\":\"https:\/\/secure.gravatar.com\/avatar\/d25959a15b9b293a743f99181c7cfd01?s=96&d=mm&r=g\",\"contentUrl\":\"https:\/\/secure.gravatar.com\/avatar\/d25959a15b9b293a743f99181c7cfd01?s=96&d=mm&r=g\",\"caption\":\"Laura Hern\u00e1ndez\"}}]}<\/script>\n<!-- \/ Yoast SEO plugin. -->","yoast_head_json":{"title":"\u00c1rbitro saud\u00ed, designado para el Mundial, suspendido de por vida -","robots":{"index":"index","follow":"follow","max-snippet":"max-snippet:-1","max-image-preview":"max-image-preview:large","max-video-preview":"max-video-preview:-1"},"canonical":"https:\/\/futbolhoy.co\/index.php\/2018\/05\/16\/arbitro-saudi-designado-para-el-mundial-suspendido-de-por-vida\/","og_locale":"es_ES","og_type":"article","og_title":"\u00c1rbitro saud\u00ed, designado para el Mundial, suspendido de por vida -","og_description":"La Federaci\u00f3n Saud\u00ed de F\u00fatbol suspendi\u00f3 de por vida al \u00e1rbitro Fahd al Mirdasi, designado por la FIFA para el Mundial de Rusia, luego de solicitar un soborno para ayudar a un equipo en un partido. En una citaci\u00f3n a descargo, Al Mirdasi admiti\u00f3 haber solicitado dinero al club Itihad, a cambio ayudarle a ganar [&hellip;]","og_url":"https:\/\/futbolhoy.co\/index.php\/2018\/05\/16\/arbitro-saudi-designado-para-el-mundial-suspendido-de-por-vida\/","article_publisher":"https:\/\/www.facebook.com\/FutbolHoyCol\/","article_published_time":"2018-05-16T14:18:33+00:00","article_modified_time":"2018-05-16T21:37:05+00:00","og_image":[{"width":960,"height":540,"url":"https:\/\/futbolhoy.co\/wp-content\/uploads\/2018\/05\/5af84a76ba646.jpeg","type":"image\/jpeg"}],"author":"Laura Hern\u00e1ndez","twitter_card":"summary_large_image","twitter_creator":"@FutbolHoyCol","twitter_site":"@FutbolHoyCol","twitter_misc":{"Escrito por":"Laura Hern\u00e1ndez","Tiempo de lectura":"1 minuto"},"schema":{"@context":"https:\/\/schema.org","@graph":[{"@type":"Article","@id":"https:\/\/futbolhoy.co\/index.php\/2018\/05\/16\/arbitro-saudi-designado-para-el-mundial-suspendido-de-por-vida\/#article","isPartOf":{"@id":"https:\/\/futbolhoy.co\/index.php\/2018\/05\/16\/arbitro-saudi-designado-para-el-mundial-suspendido-de-por-vida\/"},"author":{"name":"Laura Hern\u00e1ndez","@id":"https:\/\/futbolhoy.co\/#\/schema\/person\/c4a353a512b127643723a34bb1812f7d"},"headline":"\u00c1rbitro saud\u00ed, designado para el Mundial, suspendido de por vida","datePublished":"2018-05-16T14:18:33+00:00","dateModified":"2018-05-16T21:37:05+00:00","mainEntityOfPage":{"@id":"https:\/\/futbolhoy.co\/index.php\/2018\/05\/16\/arbitro-saudi-designado-para-el-mundial-suspendido-de-por-vida\/"},"wordCount":135,"commentCount":0,"publisher":{"@id":"https:\/\/futbolhoy.co\/#organization"},"image":{"@id":"https:\/\/futbolhoy.co\/index.php\/2018\/05\/16\/arbitro-saudi-designado-para-el-mundial-suspendido-de-por-vida\/#primaryimage"},"thumbnailUrl":"https:\/\/futbolhoy.co\/wp-content\/uploads\/2018\/05\/5af84a76ba646.jpeg","keywords":["Mundial"],"articleSection":["Mundial"],"inLanguage":"es","potentialAction":[{"@type":"CommentAction","name":"Comment","target":["https:\/\/futbolhoy.co\/index.php\/2018\/05\/16\/arbitro-saudi-designado-para-el-mundial-suspendido-de-por-vida\/#respond"]}]},{"@type":"WebPage","@id":"https:\/\/futbolhoy.co\/index.php\/2018\/05\/16\/arbitro-saudi-designado-para-el-mundial-suspendido-de-por-vida\/","url":"https:\/\/futbolhoy.co\/index.php\/2018\/05\/16\/arbitro-saudi-designado-para-el-mundial-suspendido-de-por-vida\/","name":"\u00c1rbitro saud\u00ed, designado para el Mundial, suspendido de por vida -","isPartOf":{"@id":"https:\/\/futbolhoy.co\/#website"},"primaryImageOfPage":{"@id":"https:\/\/futbolhoy.co\/index.php\/2018\/05\/16\/arbitro-saudi-designado-para-el-mundial-suspendido-de-por-vida\/#primaryimage"},"image":{"@id":"https:\/\/futbolhoy.co\/index.php\/2018\/05\/16\/arbitro-saudi-designado-para-el-mundial-suspendido-de-por-vida\/#primaryimage"},"thumbnailUrl":"https:\/\/futbolhoy.co\/wp-content\/uploads\/2018\/05\/5af84a76ba646.jpeg","datePublished":"2018-05-16T14:18:33+00:00","dateModified":"2018-05-16T21:37:05+00:00","breadcrumb":{"@id":"https:\/\/futbolhoy.co\/index.php\/2018\/05\/16\/arbitro-saudi-designado-para-el-mundial-suspendido-de-por-vida\/#breadcrumb"},"inLanguage":"es","potentialAction":[{"@type":"ReadAction","target":["https:\/\/futbolhoy.co\/index.php\/2018\/05\/16\/arbitro-saudi-designado-para-el-mundial-suspendido-de-por-vida\/"]}]},{"@type":"ImageObject","inLanguage":"es","@id":"https:\/\/futbolhoy.co\/index.php\/2018\/05\/16\/arbitro-saudi-designado-para-el-mundial-suspendido-de-por-vida\/#primaryimage","url":"https:\/\/futbolhoy.co\/wp-content\/uploads\/2018\/05\/5af84a76ba646.jpeg","contentUrl":"https:\/\/futbolhoy.co\/wp-content\/uploads\/2018\/05\/5af84a76ba646.jpeg","width":960,"height":540},{"@type":"BreadcrumbList","@id":"https:\/\/futbolhoy.co\/index.php\/2018\/05\/16\/arbitro-saudi-designado-para-el-mundial-suspendido-de-por-vida\/#breadcrumb","itemListElement":[{"@type":"ListItem","position":1,"name":"Portada","item":"https:\/\/futbolhoy.co\/"},{"@type":"ListItem","position":2,"name":"\u00c1rbitro saud\u00ed, designado para el Mundial, suspendido de por vida"}]},{"@type":"WebSite","@id":"https:\/\/futbolhoy.co\/#website","url":"https:\/\/futbolhoy.co\/","name":"FutbolHoy","description":"","publisher":{"@id":"https:\/\/futbolhoy.co\/#organization"},"potentialAction":[{"@type":"SearchAction","target":{"@type":"EntryPoint","urlTemplate":"https:\/\/futbolhoy.co\/?s={search_term_string}"},"query-input":{"@type":"PropertyValueSpecification","valueRequired":true,"valueName":"search_term_string"}}],"inLanguage":"es"},{"@type":"Organization","@id":"https:\/\/futbolhoy.co\/#organization","name":"Futbolhoy.co","url":"https:\/\/futbolhoy.co\/","logo":{"@type":"ImageObject","inLanguage":"es","@id":"https:\/\/futbolhoy.co\/#\/schema\/logo\/image\/","url":"https:\/\/futbolhoy.co\/wp-content\/uploads\/2018\/08\/17426380_1906371736249227_6326180412931521141_n.jpg","contentUrl":"https:\/\/futbolhoy.co\/wp-content\/uploads\/2018\/08\/17426380_1906371736249227_6326180412931521141_n.jpg","width":960,"height":960,"caption":"Futbolhoy.co"},"image":{"@id":"https:\/\/futbolhoy.co\/#\/schema\/logo\/image\/"},"sameAs":["https:\/\/www.facebook.com\/FutbolHoyCol\/","https:\/\/x.com\/FutbolHoyCol","https:\/\/www.instagram.com\/futbolhoycol\/"]},{"@type":"Person","@id":"https:\/\/futbolhoy.co\/#\/schema\/person\/c4a353a512b127643723a34bb1812f7d","name":"Laura Hern\u00e1ndez","image":{"@type":"ImageObject","inLanguage":"es","@id":"https:\/\/futbolhoy.co\/#\/schema\/person\/image\/","url":"https:\/\/secure.gravatar.com\/avatar\/d25959a15b9b293a743f99181c7cfd01?s=96&d=mm&r=g","contentUrl":"https:\/\/secure.gravatar.com\/avatar\/d25959a15b9b293a743f99181c7cfd01?s=96&d=mm&r=g","caption":"Laura Hern\u00e1ndez"}}]}},"publishpress_future_action":{"enabled":false,"date":"2026-05-03 07:39:39","action":"change-status","newStatus":"draft","terms":[],"taxonomy":"category","extraData":[]},"publishpress_future_workflow_manual_trigger":{"enabledWorkflows":[]},"_links":{"self":[{"href":"https:\/\/futbolhoy.co\/index.php\/wp-json\/wp\/v2\/posts\/17930","targetHints":{"allow":["GET"]}}],"collection":[{"href":"https:\/\/futbolhoy.co\/index.php\/wp-json\/wp\/v2\/posts"}],"about":[{"href":"https:\/\/futbolhoy.co\/index.php\/wp-json\/wp\/v2\/types\/post"}],"author":[{"embeddable":true,"href":"https:\/\/futbolhoy.co\/index.php\/wp-json\/wp\/v2\/users\/5"}],"replies":[{"embeddable":true,"href":"https:\/\/futbolhoy.co\/index.php\/wp-json\/wp\/v2\/comments?post=17930"}],"version-history":[{"count":3,"href":"https:\/\/futbolhoy.co\/index.php\/wp-json\/wp\/v2\/posts\/17930\/revisions"}],"predecessor-version":[{"id":17949,"href":"https:\/\/futbolhoy.co\/index.php\/wp-json\/wp\/v2\/posts\/17930\/revisions\/17949"}],"wp:featuredmedia":[{"embeddable":true,"href":"https:\/\/futbolhoy.co\/index.php\/wp-json\/wp\/v2\/media\/17941"}],"wp:attachment":[{"href":"https:\/\/futbolhoy.co\/index.php\/wp-json\/wp\/v2\/media?parent=17930"}],"wp:term":[{"taxonomy":"category","embeddable":true,"href":"https:\/\/futbolhoy.co\/index.php\/wp-json\/wp\/v2\/categories?post=17930"},{"taxonomy":"post_tag","embeddable":true,"href":"https:\/\/futbolhoy.co\/index.php\/wp-json\/wp\/v2\/tags?post=17930"}],"curies":[{"name":"wp","href":"https:\/\/api.w.org\/{rel}","templated":true}]}}