{"id":17944,"date":"2018-05-16T09:19:35","date_gmt":"2018-05-16T14:19:35","guid":{"rendered":"http:\/\/futbolhoy.co\/?p=17944"},"modified":"2018-05-16T09:19:35","modified_gmt":"2018-05-16T14:19:35","slug":"el-portero-joe-hart-descartado-en-inglaterra-para-el-mundial","status":"publish","type":"post","link":"https:\/\/futbolhoy.co\/index.php\/2018\/05\/16\/el-portero-joe-hart-descartado-en-inglaterra-para-el-mundial\/","title":{"rendered":"El portero Joe Hart descartado en Inglaterra para el Mundial"},"content":{"rendered":"<p class=\"m_-5852166329817170497ydpe775e5c2MsoNormal\" style=\"text-align: justify;\">El portero <strong>Joe Hart<\/strong>, del <strong>West ham<\/strong>, qued\u00f3 fuera de la convocatoria de Inglaterra que hizo el\u00a0seleccionador <strong>Gareth Southgate<\/strong>, quien present\u00f3 la lista definitiva al <strong>Mundial de Rusia<\/strong>.<\/p>\n<p class=\"m_-5852166329817170497ydpe775e5c2MsoNormal\" style=\"text-align: justify;\">En el grupo fueron incluidos los delanteros <strong>Harry Kane<\/strong> (Tottenham) y <strong>Raheem Sterling<\/strong> (M\u00e1chester City).<\/p>\n<p class=\"m_-5852166329817170497ydpe775e5c2MsoNormal\" style=\"text-align: justify;\">Nomina citada:<\/p>\n<p class=\"m_-5852166329817170497ydpe775e5c2MsoNormal\" style=\"text-align: justify;\"><strong>Porteros<\/strong>: Jack Butland (Stoke), Jordan Pickford (Everton), Nick Pope (Burnley)<\/p>\n<p class=\"m_-5852166329817170497ydpe775e5c2MsoNormal\" style=\"text-align: justify;\"><strong>Defensas<\/strong>: Kyle Walker (M\u00e1nchester City), John Stones (M\u00e1nchester City), Harry Maguire (Leicester), Kieran Trippier (Tottenham), Danny Rose (Tottenham), Ashley Young (M\u00e1nchester United), Phil Jones (M\u00e1nchester United), Gary Cahill (Chelsea), Trent Alexander-Arnold (Liverpool)<\/p>\n<p class=\"m_-5852166329817170497ydpe775e5c2MsoNormal\" style=\"text-align: justify;\"><strong>Volantes<\/strong>: Eric Dier (Tottenham), Dele Alli (Tottenham), Jesse Lingard (M\u00e1nchester United), Jordan Henderson (Liverpool), Ruben Loftus-Cheek (Crystal Palace), Fabian Delph (M\u00e1nchester City)<\/p>\n<p class=\"m_-5852166329817170497ydpe775e5c2MsoNormal\" style=\"text-align: justify;\"><strong>Delanteros<\/strong>: Jamie Vardy (Leicester), Marcus Rashford (Manchester United), Raheem Sterling (M\u00e1nchester City) Harry Kane (Tottenham), Danny Welbeck (Arsenal)<\/p>\n","protected":false},"excerpt":{"rendered":"<p>El portero Joe Hart, del West ham, qued\u00f3 fuera de la convocatoria de Inglaterra que hizo el\u00a0seleccionador Gareth Southgate, quien present\u00f3 la lista definitiva al Mundial de Rusia. En el grupo fueron incluidos los delanteros Harry Kane (Tottenham) y Raheem Sterling (M\u00e1chester City). Nomina citada: Porteros: Jack Butland (Stoke), Jordan Pickford (Everton), Nick Pope (Burnley) [&hellip;]<\/p>\n","protected":false},"author":5,"featured_media":17945,"comment_status":"open","ping_status":"open","sticky":false,"template":"","format":"standard","meta":{"_acf_changed":false,"footnotes":""},"categories":[6],"tags":[301,112],"class_list":{"0":"post-17944","1":"post","2":"type-post","3":"status-publish","4":"format-standard","5":"has-post-thumbnail","7":"category-mundial","8":"tag-inglaterra","9":"tag-mundial"},"acf":[],"yoast_head":"<!-- This site is optimized with the Yoast SEO plugin v26.8 - https:\/\/yoast.com\/product\/yoast-seo-wordpress\/ -->\n<title>El portero Joe Hart descartado en Inglaterra para el Mundial -<\/title>\n<meta name=\"robots\" content=\"index, follow, max-snippet:-1, max-image-preview:large, max-video-preview:-1\" \/>\n<link rel=\"canonical\" href=\"https:\/\/futbolhoy.co\/index.php\/2018\/05\/16\/el-portero-joe-hart-descartado-en-inglaterra-para-el-mundial\/\" \/>\n<meta property=\"og:locale\" content=\"es_ES\" \/>\n<meta property=\"og:type\" content=\"article\" \/>\n<meta property=\"og:title\" content=\"El portero Joe Hart descartado en Inglaterra para el Mundial -\" \/>\n<meta property=\"og:description\" content=\"El portero Joe Hart, del West ham, qued\u00f3 fuera de la convocatoria de Inglaterra que hizo el\u00a0seleccionador Gareth Southgate, quien present\u00f3 la lista definitiva al Mundial de Rusia. En el grupo fueron incluidos los delanteros Harry Kane (Tottenham) y Raheem Sterling (M\u00e1chester City). Nomina citada: Porteros: Jack Butland (Stoke), Jordan Pickford (Everton), Nick Pope (Burnley) [&hellip;]\" \/>\n<meta property=\"og:url\" content=\"https:\/\/futbolhoy.co\/index.php\/2018\/05\/16\/el-portero-joe-hart-descartado-en-inglaterra-para-el-mundial\/\" \/>\n<meta property=\"article:publisher\" content=\"https:\/\/www.facebook.com\/FutbolHoyCol\/\" \/>\n<meta property=\"article:published_time\" content=\"2018-05-16T14:19:35+00:00\" \/>\n<meta property=\"og:image\" content=\"https:\/\/futbolhoy.co\/wp-content\/uploads\/2018\/05\/IMG_20180516_091912.jpg\" \/>\n\t<meta property=\"og:image:width\" content=\"750\" \/>\n\t<meta property=\"og:image:height\" content=\"497\" \/>\n\t<meta property=\"og:image:type\" content=\"image\/jpeg\" \/>\n<meta name=\"author\" content=\"Laura Hern\u00e1ndez\" \/>\n<meta name=\"twitter:card\" content=\"summary_large_image\" \/>\n<meta name=\"twitter:creator\" content=\"@FutbolHoyCol\" \/>\n<meta name=\"twitter:site\" content=\"@FutbolHoyCol\" \/>\n<meta name=\"twitter:label1\" content=\"Escrito por\" \/>\n\t<meta name=\"twitter:data1\" content=\"Laura Hern\u00e1ndez\" \/>\n\t<meta name=\"twitter:label2\" content=\"Tiempo de lectura\" \/>\n\t<meta name=\"twitter:data2\" content=\"1 minuto\" \/>\n<script type=\"application\/ld+json\" class=\"yoast-schema-graph\">{\"@context\":\"https:\/\/schema.org\",\"@graph\":[{\"@type\":\"Article\",\"@id\":\"https:\/\/futbolhoy.co\/index.php\/2018\/05\/16\/el-portero-joe-hart-descartado-en-inglaterra-para-el-mundial\/#article\",\"isPartOf\":{\"@id\":\"https:\/\/futbolhoy.co\/index.php\/2018\/05\/16\/el-portero-joe-hart-descartado-en-inglaterra-para-el-mundial\/\"},\"author\":{\"name\":\"Laura Hern\u00e1ndez\",\"@id\":\"https:\/\/futbolhoy.co\/#\/schema\/person\/c4a353a512b127643723a34bb1812f7d\"},\"headline\":\"El portero Joe Hart descartado en Inglaterra para el Mundial\",\"datePublished\":\"2018-05-16T14:19:35+00:00\",\"mainEntityOfPage\":{\"@id\":\"https:\/\/futbolhoy.co\/index.php\/2018\/05\/16\/el-portero-joe-hart-descartado-en-inglaterra-para-el-mundial\/\"},\"wordCount\":146,\"commentCount\":0,\"publisher\":{\"@id\":\"https:\/\/futbolhoy.co\/#organization\"},\"image\":{\"@id\":\"https:\/\/futbolhoy.co\/index.php\/2018\/05\/16\/el-portero-joe-hart-descartado-en-inglaterra-para-el-mundial\/#primaryimage\"},\"thumbnailUrl\":\"https:\/\/futbolhoy.co\/wp-content\/uploads\/2018\/05\/IMG_20180516_091912.jpg\",\"keywords\":[\"Inglaterra\",\"Mundial\"],\"articleSection\":[\"Mundial\"],\"inLanguage\":\"es\",\"potentialAction\":[{\"@type\":\"CommentAction\",\"name\":\"Comment\",\"target\":[\"https:\/\/futbolhoy.co\/index.php\/2018\/05\/16\/el-portero-joe-hart-descartado-en-inglaterra-para-el-mundial\/#respond\"]}]},{\"@type\":\"WebPage\",\"@id\":\"https:\/\/futbolhoy.co\/index.php\/2018\/05\/16\/el-portero-joe-hart-descartado-en-inglaterra-para-el-mundial\/\",\"url\":\"https:\/\/futbolhoy.co\/index.php\/2018\/05\/16\/el-portero-joe-hart-descartado-en-inglaterra-para-el-mundial\/\",\"name\":\"El portero Joe Hart descartado en Inglaterra para el Mundial -\",\"isPartOf\":{\"@id\":\"https:\/\/futbolhoy.co\/#website\"},\"primaryImageOfPage\":{\"@id\":\"https:\/\/futbolhoy.co\/index.php\/2018\/05\/16\/el-portero-joe-hart-descartado-en-inglaterra-para-el-mundial\/#primaryimage\"},\"image\":{\"@id\":\"https:\/\/futbolhoy.co\/index.php\/2018\/05\/16\/el-portero-joe-hart-descartado-en-inglaterra-para-el-mundial\/#primaryimage\"},\"thumbnailUrl\":\"https:\/\/futbolhoy.co\/wp-content\/uploads\/2018\/05\/IMG_20180516_091912.jpg\",\"datePublished\":\"2018-05-16T14:19:35+00:00\",\"breadcrumb\":{\"@id\":\"https:\/\/futbolhoy.co\/index.php\/2018\/05\/16\/el-portero-joe-hart-descartado-en-inglaterra-para-el-mundial\/#breadcrumb\"},\"inLanguage\":\"es\",\"potentialAction\":[{\"@type\":\"ReadAction\",\"target\":[\"https:\/\/futbolhoy.co\/index.php\/2018\/05\/16\/el-portero-joe-hart-descartado-en-inglaterra-para-el-mundial\/\"]}]},{\"@type\":\"ImageObject\",\"inLanguage\":\"es\",\"@id\":\"https:\/\/futbolhoy.co\/index.php\/2018\/05\/16\/el-portero-joe-hart-descartado-en-inglaterra-para-el-mundial\/#primaryimage\",\"url\":\"https:\/\/futbolhoy.co\/wp-content\/uploads\/2018\/05\/IMG_20180516_091912.jpg\",\"contentUrl\":\"https:\/\/futbolhoy.co\/wp-content\/uploads\/2018\/05\/IMG_20180516_091912.jpg\",\"width\":750,\"height\":497},{\"@type\":\"BreadcrumbList\",\"@id\":\"https:\/\/futbolhoy.co\/index.php\/2018\/05\/16\/el-portero-joe-hart-descartado-en-inglaterra-para-el-mundial\/#breadcrumb\",\"itemListElement\":[{\"@type\":\"ListItem\",\"position\":1,\"name\":\"Portada\",\"item\":\"https:\/\/futbolhoy.co\/\"},{\"@type\":\"ListItem\",\"position\":2,\"name\":\"El portero Joe Hart descartado en Inglaterra para el Mundial\"}]},{\"@type\":\"WebSite\",\"@id\":\"https:\/\/futbolhoy.co\/#website\",\"url\":\"https:\/\/futbolhoy.co\/\",\"name\":\"FutbolHoy\",\"description\":\"\",\"publisher\":{\"@id\":\"https:\/\/futbolhoy.co\/#organization\"},\"potentialAction\":[{\"@type\":\"SearchAction\",\"target\":{\"@type\":\"EntryPoint\",\"urlTemplate\":\"https:\/\/futbolhoy.co\/?s={search_term_string}\"},\"query-input\":{\"@type\":\"PropertyValueSpecification\",\"valueRequired\":true,\"valueName\":\"search_term_string\"}}],\"inLanguage\":\"es\"},{\"@type\":\"Organization\",\"@id\":\"https:\/\/futbolhoy.co\/#organization\",\"name\":\"Futbolhoy.co\",\"url\":\"https:\/\/futbolhoy.co\/\",\"logo\":{\"@type\":\"ImageObject\",\"inLanguage\":\"es\",\"@id\":\"https:\/\/futbolhoy.co\/#\/schema\/logo\/image\/\",\"url\":\"https:\/\/futbolhoy.co\/wp-content\/uploads\/2018\/08\/17426380_1906371736249227_6326180412931521141_n.jpg\",\"contentUrl\":\"https:\/\/futbolhoy.co\/wp-content\/uploads\/2018\/08\/17426380_1906371736249227_6326180412931521141_n.jpg\",\"width\":960,\"height\":960,\"caption\":\"Futbolhoy.co\"},\"image\":{\"@id\":\"https:\/\/futbolhoy.co\/#\/schema\/logo\/image\/\"},\"sameAs\":[\"https:\/\/www.facebook.com\/FutbolHoyCol\/\",\"https:\/\/x.com\/FutbolHoyCol\",\"https:\/\/www.instagram.com\/futbolhoycol\/\"]},{\"@type\":\"Person\",\"@id\":\"https:\/\/futbolhoy.co\/#\/schema\/person\/c4a353a512b127643723a34bb1812f7d\",\"name\":\"Laura Hern\u00e1ndez\",\"image\":{\"@type\":\"ImageObject\",\"inLanguage\":\"es\",\"@id\":\"https:\/\/futbolhoy.co\/#\/schema\/person\/image\/\",\"url\":\"https:\/\/secure.gravatar.com\/avatar\/d25959a15b9b293a743f99181c7cfd01?s=96&d=mm&r=g\",\"contentUrl\":\"https:\/\/secure.gravatar.com\/avatar\/d25959a15b9b293a743f99181c7cfd01?s=96&d=mm&r=g\",\"caption\":\"Laura Hern\u00e1ndez\"}}]}<\/script>\n<!-- \/ Yoast SEO plugin. -->","yoast_head_json":{"title":"El portero Joe Hart descartado en Inglaterra para el Mundial -","robots":{"index":"index","follow":"follow","max-snippet":"max-snippet:-1","max-image-preview":"max-image-preview:large","max-video-preview":"max-video-preview:-1"},"canonical":"https:\/\/futbolhoy.co\/index.php\/2018\/05\/16\/el-portero-joe-hart-descartado-en-inglaterra-para-el-mundial\/","og_locale":"es_ES","og_type":"article","og_title":"El portero Joe Hart descartado en Inglaterra para el Mundial -","og_description":"El portero Joe Hart, del West ham, qued\u00f3 fuera de la convocatoria de Inglaterra que hizo el\u00a0seleccionador Gareth Southgate, quien present\u00f3 la lista definitiva al Mundial de Rusia. En el grupo fueron incluidos los delanteros Harry Kane (Tottenham) y Raheem Sterling (M\u00e1chester City). Nomina citada: Porteros: Jack Butland (Stoke), Jordan Pickford (Everton), Nick Pope (Burnley) [&hellip;]","og_url":"https:\/\/futbolhoy.co\/index.php\/2018\/05\/16\/el-portero-joe-hart-descartado-en-inglaterra-para-el-mundial\/","article_publisher":"https:\/\/www.facebook.com\/FutbolHoyCol\/","article_published_time":"2018-05-16T14:19:35+00:00","og_image":[{"width":750,"height":497,"url":"https:\/\/futbolhoy.co\/wp-content\/uploads\/2018\/05\/IMG_20180516_091912.jpg","type":"image\/jpeg"}],"author":"Laura Hern\u00e1ndez","twitter_card":"summary_large_image","twitter_creator":"@FutbolHoyCol","twitter_site":"@FutbolHoyCol","twitter_misc":{"Escrito por":"Laura Hern\u00e1ndez","Tiempo de lectura":"1 minuto"},"schema":{"@context":"https:\/\/schema.org","@graph":[{"@type":"Article","@id":"https:\/\/futbolhoy.co\/index.php\/2018\/05\/16\/el-portero-joe-hart-descartado-en-inglaterra-para-el-mundial\/#article","isPartOf":{"@id":"https:\/\/futbolhoy.co\/index.php\/2018\/05\/16\/el-portero-joe-hart-descartado-en-inglaterra-para-el-mundial\/"},"author":{"name":"Laura Hern\u00e1ndez","@id":"https:\/\/futbolhoy.co\/#\/schema\/person\/c4a353a512b127643723a34bb1812f7d"},"headline":"El portero Joe Hart descartado en Inglaterra para el Mundial","datePublished":"2018-05-16T14:19:35+00:00","mainEntityOfPage":{"@id":"https:\/\/futbolhoy.co\/index.php\/2018\/05\/16\/el-portero-joe-hart-descartado-en-inglaterra-para-el-mundial\/"},"wordCount":146,"commentCount":0,"publisher":{"@id":"https:\/\/futbolhoy.co\/#organization"},"image":{"@id":"https:\/\/futbolhoy.co\/index.php\/2018\/05\/16\/el-portero-joe-hart-descartado-en-inglaterra-para-el-mundial\/#primaryimage"},"thumbnailUrl":"https:\/\/futbolhoy.co\/wp-content\/uploads\/2018\/05\/IMG_20180516_091912.jpg","keywords":["Inglaterra","Mundial"],"articleSection":["Mundial"],"inLanguage":"es","potentialAction":[{"@type":"CommentAction","name":"Comment","target":["https:\/\/futbolhoy.co\/index.php\/2018\/05\/16\/el-portero-joe-hart-descartado-en-inglaterra-para-el-mundial\/#respond"]}]},{"@type":"WebPage","@id":"https:\/\/futbolhoy.co\/index.php\/2018\/05\/16\/el-portero-joe-hart-descartado-en-inglaterra-para-el-mundial\/","url":"https:\/\/futbolhoy.co\/index.php\/2018\/05\/16\/el-portero-joe-hart-descartado-en-inglaterra-para-el-mundial\/","name":"El portero Joe Hart descartado en Inglaterra para el Mundial -","isPartOf":{"@id":"https:\/\/futbolhoy.co\/#website"},"primaryImageOfPage":{"@id":"https:\/\/futbolhoy.co\/index.php\/2018\/05\/16\/el-portero-joe-hart-descartado-en-inglaterra-para-el-mundial\/#primaryimage"},"image":{"@id":"https:\/\/futbolhoy.co\/index.php\/2018\/05\/16\/el-portero-joe-hart-descartado-en-inglaterra-para-el-mundial\/#primaryimage"},"thumbnailUrl":"https:\/\/futbolhoy.co\/wp-content\/uploads\/2018\/05\/IMG_20180516_091912.jpg","datePublished":"2018-05-16T14:19:35+00:00","breadcrumb":{"@id":"https:\/\/futbolhoy.co\/index.php\/2018\/05\/16\/el-portero-joe-hart-descartado-en-inglaterra-para-el-mundial\/#breadcrumb"},"inLanguage":"es","potentialAction":[{"@type":"ReadAction","target":["https:\/\/futbolhoy.co\/index.php\/2018\/05\/16\/el-portero-joe-hart-descartado-en-inglaterra-para-el-mundial\/"]}]},{"@type":"ImageObject","inLanguage":"es","@id":"https:\/\/futbolhoy.co\/index.php\/2018\/05\/16\/el-portero-joe-hart-descartado-en-inglaterra-para-el-mundial\/#primaryimage","url":"https:\/\/futbolhoy.co\/wp-content\/uploads\/2018\/05\/IMG_20180516_091912.jpg","contentUrl":"https:\/\/futbolhoy.co\/wp-content\/uploads\/2018\/05\/IMG_20180516_091912.jpg","width":750,"height":497},{"@type":"BreadcrumbList","@id":"https:\/\/futbolhoy.co\/index.php\/2018\/05\/16\/el-portero-joe-hart-descartado-en-inglaterra-para-el-mundial\/#breadcrumb","itemListElement":[{"@type":"ListItem","position":1,"name":"Portada","item":"https:\/\/futbolhoy.co\/"},{"@type":"ListItem","position":2,"name":"El portero Joe Hart descartado en Inglaterra para el Mundial"}]},{"@type":"WebSite","@id":"https:\/\/futbolhoy.co\/#website","url":"https:\/\/futbolhoy.co\/","name":"FutbolHoy","description":"","publisher":{"@id":"https:\/\/futbolhoy.co\/#organization"},"potentialAction":[{"@type":"SearchAction","target":{"@type":"EntryPoint","urlTemplate":"https:\/\/futbolhoy.co\/?s={search_term_string}"},"query-input":{"@type":"PropertyValueSpecification","valueRequired":true,"valueName":"search_term_string"}}],"inLanguage":"es"},{"@type":"Organization","@id":"https:\/\/futbolhoy.co\/#organization","name":"Futbolhoy.co","url":"https:\/\/futbolhoy.co\/","logo":{"@type":"ImageObject","inLanguage":"es","@id":"https:\/\/futbolhoy.co\/#\/schema\/logo\/image\/","url":"https:\/\/futbolhoy.co\/wp-content\/uploads\/2018\/08\/17426380_1906371736249227_6326180412931521141_n.jpg","contentUrl":"https:\/\/futbolhoy.co\/wp-content\/uploads\/2018\/08\/17426380_1906371736249227_6326180412931521141_n.jpg","width":960,"height":960,"caption":"Futbolhoy.co"},"image":{"@id":"https:\/\/futbolhoy.co\/#\/schema\/logo\/image\/"},"sameAs":["https:\/\/www.facebook.com\/FutbolHoyCol\/","https:\/\/x.com\/FutbolHoyCol","https:\/\/www.instagram.com\/futbolhoycol\/"]},{"@type":"Person","@id":"https:\/\/futbolhoy.co\/#\/schema\/person\/c4a353a512b127643723a34bb1812f7d","name":"Laura Hern\u00e1ndez","image":{"@type":"ImageObject","inLanguage":"es","@id":"https:\/\/futbolhoy.co\/#\/schema\/person\/image\/","url":"https:\/\/secure.gravatar.com\/avatar\/d25959a15b9b293a743f99181c7cfd01?s=96&d=mm&r=g","contentUrl":"https:\/\/secure.gravatar.com\/avatar\/d25959a15b9b293a743f99181c7cfd01?s=96&d=mm&r=g","caption":"Laura Hern\u00e1ndez"}}]}},"publishpress_future_action":{"enabled":false,"date":"2026-05-03 09:04:24","action":"change-status","newStatus":"draft","terms":[],"taxonomy":"category","extraData":[]},"publishpress_future_workflow_manual_trigger":{"enabledWorkflows":[]},"_links":{"self":[{"href":"https:\/\/futbolhoy.co\/index.php\/wp-json\/wp\/v2\/posts\/17944","targetHints":{"allow":["GET"]}}],"collection":[{"href":"https:\/\/futbolhoy.co\/index.php\/wp-json\/wp\/v2\/posts"}],"about":[{"href":"https:\/\/futbolhoy.co\/index.php\/wp-json\/wp\/v2\/types\/post"}],"author":[{"embeddable":true,"href":"https:\/\/futbolhoy.co\/index.php\/wp-json\/wp\/v2\/users\/5"}],"replies":[{"embeddable":true,"href":"https:\/\/futbolhoy.co\/index.php\/wp-json\/wp\/v2\/comments?post=17944"}],"version-history":[{"count":1,"href":"https:\/\/futbolhoy.co\/index.php\/wp-json\/wp\/v2\/posts\/17944\/revisions"}],"predecessor-version":[{"id":17946,"href":"https:\/\/futbolhoy.co\/index.php\/wp-json\/wp\/v2\/posts\/17944\/revisions\/17946"}],"wp:featuredmedia":[{"embeddable":true,"href":"https:\/\/futbolhoy.co\/index.php\/wp-json\/wp\/v2\/media\/17945"}],"wp:attachment":[{"href":"https:\/\/futbolhoy.co\/index.php\/wp-json\/wp\/v2\/media?parent=17944"}],"wp:term":[{"taxonomy":"category","embeddable":true,"href":"https:\/\/futbolhoy.co\/index.php\/wp-json\/wp\/v2\/categories?post=17944"},{"taxonomy":"post_tag","embeddable":true,"href":"https:\/\/futbolhoy.co\/index.php\/wp-json\/wp\/v2\/tags?post=17944"}],"curies":[{"name":"wp","href":"https:\/\/api.w.org\/{rel}","templated":true}]}}