{"id":18124,"date":"2018-05-17T09:15:30","date_gmt":"2018-05-17T14:15:30","guid":{"rendered":"http:\/\/futbolhoy.co\/?p=18124"},"modified":"2018-05-17T09:15:30","modified_gmt":"2018-05-17T14:15:30","slug":"exitosa-cirugia-del-mexicano-andres-guardado","status":"publish","type":"post","link":"https:\/\/futbolhoy.co\/index.php\/2018\/05\/17\/exitosa-cirugia-del-mexicano-andres-guardado\/","title":{"rendered":"Exitosa cirug\u00eda del mexicano Andr\u00e9s Guardado"},"content":{"rendered":"<p class=\"m_-4692798568000180410ydpc4a59f8MsoNormal\" style=\"text-align: justify;\">El volante de la selecci\u00f3n <strong>mexicana<\/strong> de f\u00fatbol,<strong> Andr\u00e9s Guardado<\/strong>, super\u00f3 con \u00e9xito una cirug\u00eda en la pierna derecha y podr\u00e1 estar en el Mundial de Rusia, seg\u00fan los m\u00e9dicos.<\/p>\n<p class=\"m_-4692798568000180410ydpc4a59f8MsoNormal\" style=\"text-align: justify;\">La lesi\u00f3n que afectaba al futbolista del <strong>Betis<\/strong> de Espa\u00f1a, le afectaba hasta el nervio ci\u00e1tico.<\/p>\n<p class=\"m_-4692798568000180410ydpc4a59f8MsoNormal\" style=\"text-align: justify;\"><strong>Andr\u00e9s Guardado<\/strong>, de 31 a\u00f1os y quien es calificado como uno de los volantes m\u00e1s h\u00e1biles de su pa\u00eds, lleg\u00f3 a la selecci\u00f3n en diciembre de 2005 y disput\u00f3 los Mundiales de <strong>Alemania<\/strong> 2006, <strong>Sud\u00e1frica<\/strong> 2010 y <strong>Brasil<\/strong> 2004.<\/p>\n<p class=\"m_-4692798568000180410ydpc4a59f8MsoNormal\" style=\"text-align: justify;\"><strong>M\u00e9xico<\/strong> forma parte del grupo F junto a Alemania, Corea y Suecia.<\/p>\n","protected":false},"excerpt":{"rendered":"<p>El volante de la selecci\u00f3n mexicana de f\u00fatbol, Andr\u00e9s Guardado, super\u00f3 con \u00e9xito una cirug\u00eda en la pierna derecha y podr\u00e1 estar en el Mundial de Rusia, seg\u00fan los m\u00e9dicos. La lesi\u00f3n que afectaba al futbolista del Betis de Espa\u00f1a, le afectaba hasta el nervio ci\u00e1tico. Andr\u00e9s Guardado, de 31 a\u00f1os y quien es calificado [&hellip;]<\/p>\n","protected":false},"author":5,"featured_media":18134,"comment_status":"open","ping_status":"open","sticky":false,"template":"","format":"standard","meta":{"_acf_changed":false,"footnotes":""},"categories":[6],"tags":[826,307],"class_list":{"0":"post-18124","1":"post","2":"type-post","3":"status-publish","4":"format-standard","5":"has-post-thumbnail","7":"category-mundial","8":"tag-andres-guardado","9":"tag-seleccion-mexicana"},"acf":[],"yoast_head":"<!-- This site is optimized with the Yoast SEO plugin v26.8 - https:\/\/yoast.com\/product\/yoast-seo-wordpress\/ -->\n<title>Exitosa cirug\u00eda del mexicano Andr\u00e9s Guardado -<\/title>\n<meta name=\"robots\" content=\"index, follow, max-snippet:-1, max-image-preview:large, max-video-preview:-1\" \/>\n<link rel=\"canonical\" href=\"https:\/\/futbolhoy.co\/index.php\/2018\/05\/17\/exitosa-cirugia-del-mexicano-andres-guardado\/\" \/>\n<meta property=\"og:locale\" content=\"es_ES\" \/>\n<meta property=\"og:type\" content=\"article\" \/>\n<meta property=\"og:title\" content=\"Exitosa cirug\u00eda del mexicano Andr\u00e9s Guardado -\" \/>\n<meta property=\"og:description\" content=\"El volante de la selecci\u00f3n mexicana de f\u00fatbol, Andr\u00e9s Guardado, super\u00f3 con \u00e9xito una cirug\u00eda en la pierna derecha y podr\u00e1 estar en el Mundial de Rusia, seg\u00fan los m\u00e9dicos. La lesi\u00f3n que afectaba al futbolista del Betis de Espa\u00f1a, le afectaba hasta el nervio ci\u00e1tico. Andr\u00e9s Guardado, de 31 a\u00f1os y quien es calificado [&hellip;]\" \/>\n<meta property=\"og:url\" content=\"https:\/\/futbolhoy.co\/index.php\/2018\/05\/17\/exitosa-cirugia-del-mexicano-andres-guardado\/\" \/>\n<meta property=\"article:publisher\" content=\"https:\/\/www.facebook.com\/FutbolHoyCol\/\" \/>\n<meta property=\"article:published_time\" content=\"2018-05-17T14:15:30+00:00\" \/>\n<meta property=\"og:image\" content=\"https:\/\/futbolhoy.co\/wp-content\/uploads\/2018\/05\/gusrffsf0.png\" \/>\n\t<meta property=\"og:image:width\" content=\"771\" \/>\n\t<meta property=\"og:image:height\" content=\"485\" \/>\n\t<meta property=\"og:image:type\" content=\"image\/png\" \/>\n<meta name=\"author\" content=\"Laura Hern\u00e1ndez\" \/>\n<meta name=\"twitter:card\" content=\"summary_large_image\" \/>\n<meta name=\"twitter:creator\" content=\"@FutbolHoyCol\" \/>\n<meta name=\"twitter:site\" content=\"@FutbolHoyCol\" \/>\n<meta name=\"twitter:label1\" content=\"Escrito por\" \/>\n\t<meta name=\"twitter:data1\" content=\"Laura Hern\u00e1ndez\" \/>\n\t<meta name=\"twitter:label2\" content=\"Tiempo de lectura\" \/>\n\t<meta name=\"twitter:data2\" content=\"1 minuto\" \/>\n<script type=\"application\/ld+json\" class=\"yoast-schema-graph\">{\"@context\":\"https:\/\/schema.org\",\"@graph\":[{\"@type\":\"Article\",\"@id\":\"https:\/\/futbolhoy.co\/index.php\/2018\/05\/17\/exitosa-cirugia-del-mexicano-andres-guardado\/#article\",\"isPartOf\":{\"@id\":\"https:\/\/futbolhoy.co\/index.php\/2018\/05\/17\/exitosa-cirugia-del-mexicano-andres-guardado\/\"},\"author\":{\"name\":\"Laura Hern\u00e1ndez\",\"@id\":\"https:\/\/futbolhoy.co\/#\/schema\/person\/c4a353a512b127643723a34bb1812f7d\"},\"headline\":\"Exitosa cirug\u00eda del mexicano Andr\u00e9s Guardado\",\"datePublished\":\"2018-05-17T14:15:30+00:00\",\"mainEntityOfPage\":{\"@id\":\"https:\/\/futbolhoy.co\/index.php\/2018\/05\/17\/exitosa-cirugia-del-mexicano-andres-guardado\/\"},\"wordCount\":117,\"commentCount\":0,\"publisher\":{\"@id\":\"https:\/\/futbolhoy.co\/#organization\"},\"image\":{\"@id\":\"https:\/\/futbolhoy.co\/index.php\/2018\/05\/17\/exitosa-cirugia-del-mexicano-andres-guardado\/#primaryimage\"},\"thumbnailUrl\":\"https:\/\/futbolhoy.co\/wp-content\/uploads\/2018\/05\/gusrffsf0.png\",\"keywords\":[\"Andres Guardado\",\"Selecci\u00f3n Mexicana\"],\"articleSection\":[\"Mundial\"],\"inLanguage\":\"es\",\"potentialAction\":[{\"@type\":\"CommentAction\",\"name\":\"Comment\",\"target\":[\"https:\/\/futbolhoy.co\/index.php\/2018\/05\/17\/exitosa-cirugia-del-mexicano-andres-guardado\/#respond\"]}]},{\"@type\":\"WebPage\",\"@id\":\"https:\/\/futbolhoy.co\/index.php\/2018\/05\/17\/exitosa-cirugia-del-mexicano-andres-guardado\/\",\"url\":\"https:\/\/futbolhoy.co\/index.php\/2018\/05\/17\/exitosa-cirugia-del-mexicano-andres-guardado\/\",\"name\":\"Exitosa cirug\u00eda del mexicano Andr\u00e9s Guardado -\",\"isPartOf\":{\"@id\":\"https:\/\/futbolhoy.co\/#website\"},\"primaryImageOfPage\":{\"@id\":\"https:\/\/futbolhoy.co\/index.php\/2018\/05\/17\/exitosa-cirugia-del-mexicano-andres-guardado\/#primaryimage\"},\"image\":{\"@id\":\"https:\/\/futbolhoy.co\/index.php\/2018\/05\/17\/exitosa-cirugia-del-mexicano-andres-guardado\/#primaryimage\"},\"thumbnailUrl\":\"https:\/\/futbolhoy.co\/wp-content\/uploads\/2018\/05\/gusrffsf0.png\",\"datePublished\":\"2018-05-17T14:15:30+00:00\",\"breadcrumb\":{\"@id\":\"https:\/\/futbolhoy.co\/index.php\/2018\/05\/17\/exitosa-cirugia-del-mexicano-andres-guardado\/#breadcrumb\"},\"inLanguage\":\"es\",\"potentialAction\":[{\"@type\":\"ReadAction\",\"target\":[\"https:\/\/futbolhoy.co\/index.php\/2018\/05\/17\/exitosa-cirugia-del-mexicano-andres-guardado\/\"]}]},{\"@type\":\"ImageObject\",\"inLanguage\":\"es\",\"@id\":\"https:\/\/futbolhoy.co\/index.php\/2018\/05\/17\/exitosa-cirugia-del-mexicano-andres-guardado\/#primaryimage\",\"url\":\"https:\/\/futbolhoy.co\/wp-content\/uploads\/2018\/05\/gusrffsf0.png\",\"contentUrl\":\"https:\/\/futbolhoy.co\/wp-content\/uploads\/2018\/05\/gusrffsf0.png\",\"width\":771,\"height\":485,\"caption\":\"Twitter @AGuardado18\"},{\"@type\":\"BreadcrumbList\",\"@id\":\"https:\/\/futbolhoy.co\/index.php\/2018\/05\/17\/exitosa-cirugia-del-mexicano-andres-guardado\/#breadcrumb\",\"itemListElement\":[{\"@type\":\"ListItem\",\"position\":1,\"name\":\"Portada\",\"item\":\"https:\/\/futbolhoy.co\/\"},{\"@type\":\"ListItem\",\"position\":2,\"name\":\"Exitosa cirug\u00eda del mexicano Andr\u00e9s Guardado\"}]},{\"@type\":\"WebSite\",\"@id\":\"https:\/\/futbolhoy.co\/#website\",\"url\":\"https:\/\/futbolhoy.co\/\",\"name\":\"FutbolHoy\",\"description\":\"\",\"publisher\":{\"@id\":\"https:\/\/futbolhoy.co\/#organization\"},\"potentialAction\":[{\"@type\":\"SearchAction\",\"target\":{\"@type\":\"EntryPoint\",\"urlTemplate\":\"https:\/\/futbolhoy.co\/?s={search_term_string}\"},\"query-input\":{\"@type\":\"PropertyValueSpecification\",\"valueRequired\":true,\"valueName\":\"search_term_string\"}}],\"inLanguage\":\"es\"},{\"@type\":\"Organization\",\"@id\":\"https:\/\/futbolhoy.co\/#organization\",\"name\":\"Futbolhoy.co\",\"url\":\"https:\/\/futbolhoy.co\/\",\"logo\":{\"@type\":\"ImageObject\",\"inLanguage\":\"es\",\"@id\":\"https:\/\/futbolhoy.co\/#\/schema\/logo\/image\/\",\"url\":\"https:\/\/futbolhoy.co\/wp-content\/uploads\/2018\/08\/17426380_1906371736249227_6326180412931521141_n.jpg\",\"contentUrl\":\"https:\/\/futbolhoy.co\/wp-content\/uploads\/2018\/08\/17426380_1906371736249227_6326180412931521141_n.jpg\",\"width\":960,\"height\":960,\"caption\":\"Futbolhoy.co\"},\"image\":{\"@id\":\"https:\/\/futbolhoy.co\/#\/schema\/logo\/image\/\"},\"sameAs\":[\"https:\/\/www.facebook.com\/FutbolHoyCol\/\",\"https:\/\/x.com\/FutbolHoyCol\",\"https:\/\/www.instagram.com\/futbolhoycol\/\"]},{\"@type\":\"Person\",\"@id\":\"https:\/\/futbolhoy.co\/#\/schema\/person\/c4a353a512b127643723a34bb1812f7d\",\"name\":\"Laura Hern\u00e1ndez\",\"image\":{\"@type\":\"ImageObject\",\"inLanguage\":\"es\",\"@id\":\"https:\/\/futbolhoy.co\/#\/schema\/person\/image\/\",\"url\":\"https:\/\/secure.gravatar.com\/avatar\/d25959a15b9b293a743f99181c7cfd01?s=96&d=mm&r=g\",\"contentUrl\":\"https:\/\/secure.gravatar.com\/avatar\/d25959a15b9b293a743f99181c7cfd01?s=96&d=mm&r=g\",\"caption\":\"Laura Hern\u00e1ndez\"}}]}<\/script>\n<!-- \/ Yoast SEO plugin. -->","yoast_head_json":{"title":"Exitosa cirug\u00eda del mexicano Andr\u00e9s Guardado -","robots":{"index":"index","follow":"follow","max-snippet":"max-snippet:-1","max-image-preview":"max-image-preview:large","max-video-preview":"max-video-preview:-1"},"canonical":"https:\/\/futbolhoy.co\/index.php\/2018\/05\/17\/exitosa-cirugia-del-mexicano-andres-guardado\/","og_locale":"es_ES","og_type":"article","og_title":"Exitosa cirug\u00eda del mexicano Andr\u00e9s Guardado -","og_description":"El volante de la selecci\u00f3n mexicana de f\u00fatbol, Andr\u00e9s Guardado, super\u00f3 con \u00e9xito una cirug\u00eda en la pierna derecha y podr\u00e1 estar en el Mundial de Rusia, seg\u00fan los m\u00e9dicos. La lesi\u00f3n que afectaba al futbolista del Betis de Espa\u00f1a, le afectaba hasta el nervio ci\u00e1tico. Andr\u00e9s Guardado, de 31 a\u00f1os y quien es calificado [&hellip;]","og_url":"https:\/\/futbolhoy.co\/index.php\/2018\/05\/17\/exitosa-cirugia-del-mexicano-andres-guardado\/","article_publisher":"https:\/\/www.facebook.com\/FutbolHoyCol\/","article_published_time":"2018-05-17T14:15:30+00:00","og_image":[{"width":771,"height":485,"url":"https:\/\/futbolhoy.co\/wp-content\/uploads\/2018\/05\/gusrffsf0.png","type":"image\/png"}],"author":"Laura Hern\u00e1ndez","twitter_card":"summary_large_image","twitter_creator":"@FutbolHoyCol","twitter_site":"@FutbolHoyCol","twitter_misc":{"Escrito por":"Laura Hern\u00e1ndez","Tiempo de lectura":"1 minuto"},"schema":{"@context":"https:\/\/schema.org","@graph":[{"@type":"Article","@id":"https:\/\/futbolhoy.co\/index.php\/2018\/05\/17\/exitosa-cirugia-del-mexicano-andres-guardado\/#article","isPartOf":{"@id":"https:\/\/futbolhoy.co\/index.php\/2018\/05\/17\/exitosa-cirugia-del-mexicano-andres-guardado\/"},"author":{"name":"Laura Hern\u00e1ndez","@id":"https:\/\/futbolhoy.co\/#\/schema\/person\/c4a353a512b127643723a34bb1812f7d"},"headline":"Exitosa cirug\u00eda del mexicano Andr\u00e9s Guardado","datePublished":"2018-05-17T14:15:30+00:00","mainEntityOfPage":{"@id":"https:\/\/futbolhoy.co\/index.php\/2018\/05\/17\/exitosa-cirugia-del-mexicano-andres-guardado\/"},"wordCount":117,"commentCount":0,"publisher":{"@id":"https:\/\/futbolhoy.co\/#organization"},"image":{"@id":"https:\/\/futbolhoy.co\/index.php\/2018\/05\/17\/exitosa-cirugia-del-mexicano-andres-guardado\/#primaryimage"},"thumbnailUrl":"https:\/\/futbolhoy.co\/wp-content\/uploads\/2018\/05\/gusrffsf0.png","keywords":["Andres Guardado","Selecci\u00f3n Mexicana"],"articleSection":["Mundial"],"inLanguage":"es","potentialAction":[{"@type":"CommentAction","name":"Comment","target":["https:\/\/futbolhoy.co\/index.php\/2018\/05\/17\/exitosa-cirugia-del-mexicano-andres-guardado\/#respond"]}]},{"@type":"WebPage","@id":"https:\/\/futbolhoy.co\/index.php\/2018\/05\/17\/exitosa-cirugia-del-mexicano-andres-guardado\/","url":"https:\/\/futbolhoy.co\/index.php\/2018\/05\/17\/exitosa-cirugia-del-mexicano-andres-guardado\/","name":"Exitosa cirug\u00eda del mexicano Andr\u00e9s Guardado -","isPartOf":{"@id":"https:\/\/futbolhoy.co\/#website"},"primaryImageOfPage":{"@id":"https:\/\/futbolhoy.co\/index.php\/2018\/05\/17\/exitosa-cirugia-del-mexicano-andres-guardado\/#primaryimage"},"image":{"@id":"https:\/\/futbolhoy.co\/index.php\/2018\/05\/17\/exitosa-cirugia-del-mexicano-andres-guardado\/#primaryimage"},"thumbnailUrl":"https:\/\/futbolhoy.co\/wp-content\/uploads\/2018\/05\/gusrffsf0.png","datePublished":"2018-05-17T14:15:30+00:00","breadcrumb":{"@id":"https:\/\/futbolhoy.co\/index.php\/2018\/05\/17\/exitosa-cirugia-del-mexicano-andres-guardado\/#breadcrumb"},"inLanguage":"es","potentialAction":[{"@type":"ReadAction","target":["https:\/\/futbolhoy.co\/index.php\/2018\/05\/17\/exitosa-cirugia-del-mexicano-andres-guardado\/"]}]},{"@type":"ImageObject","inLanguage":"es","@id":"https:\/\/futbolhoy.co\/index.php\/2018\/05\/17\/exitosa-cirugia-del-mexicano-andres-guardado\/#primaryimage","url":"https:\/\/futbolhoy.co\/wp-content\/uploads\/2018\/05\/gusrffsf0.png","contentUrl":"https:\/\/futbolhoy.co\/wp-content\/uploads\/2018\/05\/gusrffsf0.png","width":771,"height":485,"caption":"Twitter @AGuardado18"},{"@type":"BreadcrumbList","@id":"https:\/\/futbolhoy.co\/index.php\/2018\/05\/17\/exitosa-cirugia-del-mexicano-andres-guardado\/#breadcrumb","itemListElement":[{"@type":"ListItem","position":1,"name":"Portada","item":"https:\/\/futbolhoy.co\/"},{"@type":"ListItem","position":2,"name":"Exitosa cirug\u00eda del mexicano Andr\u00e9s Guardado"}]},{"@type":"WebSite","@id":"https:\/\/futbolhoy.co\/#website","url":"https:\/\/futbolhoy.co\/","name":"FutbolHoy","description":"","publisher":{"@id":"https:\/\/futbolhoy.co\/#organization"},"potentialAction":[{"@type":"SearchAction","target":{"@type":"EntryPoint","urlTemplate":"https:\/\/futbolhoy.co\/?s={search_term_string}"},"query-input":{"@type":"PropertyValueSpecification","valueRequired":true,"valueName":"search_term_string"}}],"inLanguage":"es"},{"@type":"Organization","@id":"https:\/\/futbolhoy.co\/#organization","name":"Futbolhoy.co","url":"https:\/\/futbolhoy.co\/","logo":{"@type":"ImageObject","inLanguage":"es","@id":"https:\/\/futbolhoy.co\/#\/schema\/logo\/image\/","url":"https:\/\/futbolhoy.co\/wp-content\/uploads\/2018\/08\/17426380_1906371736249227_6326180412931521141_n.jpg","contentUrl":"https:\/\/futbolhoy.co\/wp-content\/uploads\/2018\/08\/17426380_1906371736249227_6326180412931521141_n.jpg","width":960,"height":960,"caption":"Futbolhoy.co"},"image":{"@id":"https:\/\/futbolhoy.co\/#\/schema\/logo\/image\/"},"sameAs":["https:\/\/www.facebook.com\/FutbolHoyCol\/","https:\/\/x.com\/FutbolHoyCol","https:\/\/www.instagram.com\/futbolhoycol\/"]},{"@type":"Person","@id":"https:\/\/futbolhoy.co\/#\/schema\/person\/c4a353a512b127643723a34bb1812f7d","name":"Laura Hern\u00e1ndez","image":{"@type":"ImageObject","inLanguage":"es","@id":"https:\/\/futbolhoy.co\/#\/schema\/person\/image\/","url":"https:\/\/secure.gravatar.com\/avatar\/d25959a15b9b293a743f99181c7cfd01?s=96&d=mm&r=g","contentUrl":"https:\/\/secure.gravatar.com\/avatar\/d25959a15b9b293a743f99181c7cfd01?s=96&d=mm&r=g","caption":"Laura Hern\u00e1ndez"}}]}},"publishpress_future_action":{"enabled":false,"date":"2026-05-05 20:02:59","action":"change-status","newStatus":"draft","terms":[],"taxonomy":"category","extraData":[]},"publishpress_future_workflow_manual_trigger":{"enabledWorkflows":[]},"_links":{"self":[{"href":"https:\/\/futbolhoy.co\/index.php\/wp-json\/wp\/v2\/posts\/18124","targetHints":{"allow":["GET"]}}],"collection":[{"href":"https:\/\/futbolhoy.co\/index.php\/wp-json\/wp\/v2\/posts"}],"about":[{"href":"https:\/\/futbolhoy.co\/index.php\/wp-json\/wp\/v2\/types\/post"}],"author":[{"embeddable":true,"href":"https:\/\/futbolhoy.co\/index.php\/wp-json\/wp\/v2\/users\/5"}],"replies":[{"embeddable":true,"href":"https:\/\/futbolhoy.co\/index.php\/wp-json\/wp\/v2\/comments?post=18124"}],"version-history":[{"count":1,"href":"https:\/\/futbolhoy.co\/index.php\/wp-json\/wp\/v2\/posts\/18124\/revisions"}],"predecessor-version":[{"id":18137,"href":"https:\/\/futbolhoy.co\/index.php\/wp-json\/wp\/v2\/posts\/18124\/revisions\/18137"}],"wp:featuredmedia":[{"embeddable":true,"href":"https:\/\/futbolhoy.co\/index.php\/wp-json\/wp\/v2\/media\/18134"}],"wp:attachment":[{"href":"https:\/\/futbolhoy.co\/index.php\/wp-json\/wp\/v2\/media?parent=18124"}],"wp:term":[{"taxonomy":"category","embeddable":true,"href":"https:\/\/futbolhoy.co\/index.php\/wp-json\/wp\/v2\/categories?post=18124"},{"taxonomy":"post_tag","embeddable":true,"href":"https:\/\/futbolhoy.co\/index.php\/wp-json\/wp\/v2\/tags?post=18124"}],"curies":[{"name":"wp","href":"https:\/\/api.w.org\/{rel}","templated":true}]}}