{"id":18125,"date":"2018-05-17T09:15:35","date_gmt":"2018-05-17T14:15:35","guid":{"rendered":"http:\/\/futbolhoy.co\/?p=18125"},"modified":"2018-05-17T09:32:30","modified_gmt":"2018-05-17T14:32:30","slug":"estudio-brasileno-le-da-pequena-opcion-a-colombia-para-ganar-el-mundial","status":"publish","type":"post","link":"https:\/\/futbolhoy.co\/index.php\/2018\/05\/17\/estudio-brasileno-le-da-pequena-opcion-a-colombia-para-ganar-el-mundial\/","title":{"rendered":"Estudio brasile\u00f1o le da peque\u00f1a opci\u00f3n a Colombia para ganar el Mundial"},"content":{"rendered":"<p class=\"m_-4692798568000180410ydpc4a59f8MsoNormal\" style=\"text-align: justify;\">La selecci\u00f3n de f\u00fatbol de <strong>Colombia<\/strong> ocupa la posici\u00f3n 12 entre los combinados que tienen m\u00e1s posibilidades matem\u00e1ticas de conquistar el<strong> Mundial de Rusia<\/strong>, seg\u00fan un an\u00e1lisis de probabilidades elaborado por el centro de estudios <strong>Fundaci\u00f3n Getulio Vargas<\/strong>, de Brasil.<\/p>\n<p class=\"m_-4692798568000180410ydpc4a59f8MsoNormal\" style=\"text-align: justify;\">El equipo, que dirige el argentino<strong> Jos\u00e9 N\u00e9stor P\u00e9kerman<\/strong>, suma el 2,2 % de posibilidades.<\/p>\n<p class=\"m_-4692798568000180410ydpc4a59f8MsoNormal\" style=\"text-align: justify;\">Cerca de un mill\u00f3n de simulaciones fueron procesadas a partir de los goles anotados y recibidos en los \u00faltimos cuatro a\u00f1os en cada partido, revel\u00f3 <strong>Globoesporte<\/strong>, que tuvo acceso al estudio.<\/p>\n<p class=\"m_-4692798568000180410ydpc4a59f8MsoNormal\" style=\"text-align: justify;\">Brasil, Espa\u00f1a, Alemania y Francia, en ese orden, son las selecciones con las primeras opciones al t\u00edtulo.<\/p>\n<p class=\"m_-4692798568000180410ydpc4a59f8MsoNormal\" style=\"text-align: justify;\">La probabilidad que <strong>Brasil<\/strong> conquiste el torneo es del 21 %, mientras que Espa\u00f1a llega al 13,5 %.<\/p>\n<p class=\"m_-4692798568000180410ydpc4a59f8MsoNormal\" style=\"text-align: justify;\">As\u00ed mismo, <strong>Alemania<\/strong> posee un 11,4 %, seguida por <strong>Francia<\/strong> con 9,5 % y Argentina con 8.5%.<\/p>\n","protected":false},"excerpt":{"rendered":"<p>La selecci\u00f3n de f\u00fatbol de Colombia ocupa la posici\u00f3n 12 entre los combinados que tienen m\u00e1s posibilidades matem\u00e1ticas de conquistar el Mundial de Rusia, seg\u00fan un an\u00e1lisis de probabilidades elaborado por el centro de estudios Fundaci\u00f3n Getulio Vargas, de Brasil. El equipo, que dirige el argentino Jos\u00e9 N\u00e9stor P\u00e9kerman, suma el 2,2 % de posibilidades. [&hellip;]<\/p>\n","protected":false},"author":5,"featured_media":17783,"comment_status":"open","ping_status":"open","sticky":false,"template":"","format":"standard","meta":{"_acf_changed":false,"footnotes":""},"categories":[6],"tags":[283,127],"class_list":{"0":"post-18125","1":"post","2":"type-post","3":"status-publish","4":"format-standard","5":"has-post-thumbnail","7":"category-mundial","8":"tag-mundial-de-rusia","9":"tag-seleccion-colombia"},"acf":[],"yoast_head":"<!-- This site is optimized with the Yoast SEO plugin v26.8 - https:\/\/yoast.com\/product\/yoast-seo-wordpress\/ -->\n<title>Estudio brasile\u00f1o le da peque\u00f1a opci\u00f3n a Colombia para ganar el Mundial -<\/title>\n<meta name=\"robots\" content=\"index, follow, max-snippet:-1, max-image-preview:large, max-video-preview:-1\" \/>\n<link rel=\"canonical\" href=\"https:\/\/futbolhoy.co\/index.php\/2018\/05\/17\/estudio-brasileno-le-da-pequena-opcion-a-colombia-para-ganar-el-mundial\/\" \/>\n<meta property=\"og:locale\" content=\"es_ES\" \/>\n<meta property=\"og:type\" content=\"article\" \/>\n<meta property=\"og:title\" content=\"Estudio brasile\u00f1o le da peque\u00f1a opci\u00f3n a Colombia para ganar el Mundial -\" \/>\n<meta property=\"og:description\" content=\"La selecci\u00f3n de f\u00fatbol de Colombia ocupa la posici\u00f3n 12 entre los combinados que tienen m\u00e1s posibilidades matem\u00e1ticas de conquistar el Mundial de Rusia, seg\u00fan un an\u00e1lisis de probabilidades elaborado por el centro de estudios Fundaci\u00f3n Getulio Vargas, de Brasil. El equipo, que dirige el argentino Jos\u00e9 N\u00e9stor P\u00e9kerman, suma el 2,2 % de posibilidades. [&hellip;]\" \/>\n<meta property=\"og:url\" content=\"https:\/\/futbolhoy.co\/index.php\/2018\/05\/17\/estudio-brasileno-le-da-pequena-opcion-a-colombia-para-ganar-el-mundial\/\" \/>\n<meta property=\"article:publisher\" content=\"https:\/\/www.facebook.com\/FutbolHoyCol\/\" \/>\n<meta property=\"article:published_time\" content=\"2018-05-17T14:15:35+00:00\" \/>\n<meta property=\"article:modified_time\" content=\"2018-05-17T14:32:30+00:00\" \/>\n<meta property=\"og:image\" content=\"https:\/\/futbolhoy.co\/wp-content\/uploads\/2018\/05\/DdL1A02WsAAwe_S.jpg\" \/>\n\t<meta property=\"og:image:width\" content=\"1056\" \/>\n\t<meta property=\"og:image:height\" content=\"703\" \/>\n\t<meta property=\"og:image:type\" content=\"image\/jpeg\" \/>\n<meta name=\"author\" content=\"Laura Hern\u00e1ndez\" \/>\n<meta name=\"twitter:card\" content=\"summary_large_image\" \/>\n<meta name=\"twitter:creator\" content=\"@FutbolHoyCol\" \/>\n<meta name=\"twitter:site\" content=\"@FutbolHoyCol\" \/>\n<meta name=\"twitter:label1\" content=\"Escrito por\" \/>\n\t<meta name=\"twitter:data1\" content=\"Laura Hern\u00e1ndez\" \/>\n\t<meta name=\"twitter:label2\" content=\"Tiempo de lectura\" \/>\n\t<meta name=\"twitter:data2\" content=\"1 minuto\" \/>\n<script type=\"application\/ld+json\" class=\"yoast-schema-graph\">{\"@context\":\"https:\/\/schema.org\",\"@graph\":[{\"@type\":\"Article\",\"@id\":\"https:\/\/futbolhoy.co\/index.php\/2018\/05\/17\/estudio-brasileno-le-da-pequena-opcion-a-colombia-para-ganar-el-mundial\/#article\",\"isPartOf\":{\"@id\":\"https:\/\/futbolhoy.co\/index.php\/2018\/05\/17\/estudio-brasileno-le-da-pequena-opcion-a-colombia-para-ganar-el-mundial\/\"},\"author\":{\"name\":\"Laura Hern\u00e1ndez\",\"@id\":\"https:\/\/futbolhoy.co\/#\/schema\/person\/c4a353a512b127643723a34bb1812f7d\"},\"headline\":\"Estudio brasile\u00f1o le da peque\u00f1a opci\u00f3n a Colombia para ganar el Mundial\",\"datePublished\":\"2018-05-17T14:15:35+00:00\",\"dateModified\":\"2018-05-17T14:32:30+00:00\",\"mainEntityOfPage\":{\"@id\":\"https:\/\/futbolhoy.co\/index.php\/2018\/05\/17\/estudio-brasileno-le-da-pequena-opcion-a-colombia-para-ganar-el-mundial\/\"},\"wordCount\":156,\"commentCount\":0,\"publisher\":{\"@id\":\"https:\/\/futbolhoy.co\/#organization\"},\"image\":{\"@id\":\"https:\/\/futbolhoy.co\/index.php\/2018\/05\/17\/estudio-brasileno-le-da-pequena-opcion-a-colombia-para-ganar-el-mundial\/#primaryimage\"},\"thumbnailUrl\":\"https:\/\/futbolhoy.co\/wp-content\/uploads\/2018\/05\/DdL1A02WsAAwe_S.jpg\",\"keywords\":[\"Mundial de Rusia\",\"Selecci\u00f3n Colombia\"],\"articleSection\":[\"Mundial\"],\"inLanguage\":\"es\",\"potentialAction\":[{\"@type\":\"CommentAction\",\"name\":\"Comment\",\"target\":[\"https:\/\/futbolhoy.co\/index.php\/2018\/05\/17\/estudio-brasileno-le-da-pequena-opcion-a-colombia-para-ganar-el-mundial\/#respond\"]}]},{\"@type\":\"WebPage\",\"@id\":\"https:\/\/futbolhoy.co\/index.php\/2018\/05\/17\/estudio-brasileno-le-da-pequena-opcion-a-colombia-para-ganar-el-mundial\/\",\"url\":\"https:\/\/futbolhoy.co\/index.php\/2018\/05\/17\/estudio-brasileno-le-da-pequena-opcion-a-colombia-para-ganar-el-mundial\/\",\"name\":\"Estudio brasile\u00f1o le da peque\u00f1a opci\u00f3n a Colombia para ganar el Mundial -\",\"isPartOf\":{\"@id\":\"https:\/\/futbolhoy.co\/#website\"},\"primaryImageOfPage\":{\"@id\":\"https:\/\/futbolhoy.co\/index.php\/2018\/05\/17\/estudio-brasileno-le-da-pequena-opcion-a-colombia-para-ganar-el-mundial\/#primaryimage\"},\"image\":{\"@id\":\"https:\/\/futbolhoy.co\/index.php\/2018\/05\/17\/estudio-brasileno-le-da-pequena-opcion-a-colombia-para-ganar-el-mundial\/#primaryimage\"},\"thumbnailUrl\":\"https:\/\/futbolhoy.co\/wp-content\/uploads\/2018\/05\/DdL1A02WsAAwe_S.jpg\",\"datePublished\":\"2018-05-17T14:15:35+00:00\",\"dateModified\":\"2018-05-17T14:32:30+00:00\",\"breadcrumb\":{\"@id\":\"https:\/\/futbolhoy.co\/index.php\/2018\/05\/17\/estudio-brasileno-le-da-pequena-opcion-a-colombia-para-ganar-el-mundial\/#breadcrumb\"},\"inLanguage\":\"es\",\"potentialAction\":[{\"@type\":\"ReadAction\",\"target\":[\"https:\/\/futbolhoy.co\/index.php\/2018\/05\/17\/estudio-brasileno-le-da-pequena-opcion-a-colombia-para-ganar-el-mundial\/\"]}]},{\"@type\":\"ImageObject\",\"inLanguage\":\"es\",\"@id\":\"https:\/\/futbolhoy.co\/index.php\/2018\/05\/17\/estudio-brasileno-le-da-pequena-opcion-a-colombia-para-ganar-el-mundial\/#primaryimage\",\"url\":\"https:\/\/futbolhoy.co\/wp-content\/uploads\/2018\/05\/DdL1A02WsAAwe_S.jpg\",\"contentUrl\":\"https:\/\/futbolhoy.co\/wp-content\/uploads\/2018\/05\/DdL1A02WsAAwe_S.jpg\",\"width\":1056,\"height\":703,\"caption\":\"Twitter @FCFSeleccionCol\"},{\"@type\":\"BreadcrumbList\",\"@id\":\"https:\/\/futbolhoy.co\/index.php\/2018\/05\/17\/estudio-brasileno-le-da-pequena-opcion-a-colombia-para-ganar-el-mundial\/#breadcrumb\",\"itemListElement\":[{\"@type\":\"ListItem\",\"position\":1,\"name\":\"Portada\",\"item\":\"https:\/\/futbolhoy.co\/\"},{\"@type\":\"ListItem\",\"position\":2,\"name\":\"Estudio brasile\u00f1o le da peque\u00f1a opci\u00f3n a Colombia para ganar el Mundial\"}]},{\"@type\":\"WebSite\",\"@id\":\"https:\/\/futbolhoy.co\/#website\",\"url\":\"https:\/\/futbolhoy.co\/\",\"name\":\"FutbolHoy\",\"description\":\"\",\"publisher\":{\"@id\":\"https:\/\/futbolhoy.co\/#organization\"},\"potentialAction\":[{\"@type\":\"SearchAction\",\"target\":{\"@type\":\"EntryPoint\",\"urlTemplate\":\"https:\/\/futbolhoy.co\/?s={search_term_string}\"},\"query-input\":{\"@type\":\"PropertyValueSpecification\",\"valueRequired\":true,\"valueName\":\"search_term_string\"}}],\"inLanguage\":\"es\"},{\"@type\":\"Organization\",\"@id\":\"https:\/\/futbolhoy.co\/#organization\",\"name\":\"Futbolhoy.co\",\"url\":\"https:\/\/futbolhoy.co\/\",\"logo\":{\"@type\":\"ImageObject\",\"inLanguage\":\"es\",\"@id\":\"https:\/\/futbolhoy.co\/#\/schema\/logo\/image\/\",\"url\":\"https:\/\/futbolhoy.co\/wp-content\/uploads\/2018\/08\/17426380_1906371736249227_6326180412931521141_n.jpg\",\"contentUrl\":\"https:\/\/futbolhoy.co\/wp-content\/uploads\/2018\/08\/17426380_1906371736249227_6326180412931521141_n.jpg\",\"width\":960,\"height\":960,\"caption\":\"Futbolhoy.co\"},\"image\":{\"@id\":\"https:\/\/futbolhoy.co\/#\/schema\/logo\/image\/\"},\"sameAs\":[\"https:\/\/www.facebook.com\/FutbolHoyCol\/\",\"https:\/\/x.com\/FutbolHoyCol\",\"https:\/\/www.instagram.com\/futbolhoycol\/\"]},{\"@type\":\"Person\",\"@id\":\"https:\/\/futbolhoy.co\/#\/schema\/person\/c4a353a512b127643723a34bb1812f7d\",\"name\":\"Laura Hern\u00e1ndez\",\"image\":{\"@type\":\"ImageObject\",\"inLanguage\":\"es\",\"@id\":\"https:\/\/futbolhoy.co\/#\/schema\/person\/image\/\",\"url\":\"https:\/\/secure.gravatar.com\/avatar\/d25959a15b9b293a743f99181c7cfd01?s=96&d=mm&r=g\",\"contentUrl\":\"https:\/\/secure.gravatar.com\/avatar\/d25959a15b9b293a743f99181c7cfd01?s=96&d=mm&r=g\",\"caption\":\"Laura Hern\u00e1ndez\"}}]}<\/script>\n<!-- \/ Yoast SEO plugin. -->","yoast_head_json":{"title":"Estudio brasile\u00f1o le da peque\u00f1a opci\u00f3n a Colombia para ganar el Mundial -","robots":{"index":"index","follow":"follow","max-snippet":"max-snippet:-1","max-image-preview":"max-image-preview:large","max-video-preview":"max-video-preview:-1"},"canonical":"https:\/\/futbolhoy.co\/index.php\/2018\/05\/17\/estudio-brasileno-le-da-pequena-opcion-a-colombia-para-ganar-el-mundial\/","og_locale":"es_ES","og_type":"article","og_title":"Estudio brasile\u00f1o le da peque\u00f1a opci\u00f3n a Colombia para ganar el Mundial -","og_description":"La selecci\u00f3n de f\u00fatbol de Colombia ocupa la posici\u00f3n 12 entre los combinados que tienen m\u00e1s posibilidades matem\u00e1ticas de conquistar el Mundial de Rusia, seg\u00fan un an\u00e1lisis de probabilidades elaborado por el centro de estudios Fundaci\u00f3n Getulio Vargas, de Brasil. El equipo, que dirige el argentino Jos\u00e9 N\u00e9stor P\u00e9kerman, suma el 2,2 % de posibilidades. [&hellip;]","og_url":"https:\/\/futbolhoy.co\/index.php\/2018\/05\/17\/estudio-brasileno-le-da-pequena-opcion-a-colombia-para-ganar-el-mundial\/","article_publisher":"https:\/\/www.facebook.com\/FutbolHoyCol\/","article_published_time":"2018-05-17T14:15:35+00:00","article_modified_time":"2018-05-17T14:32:30+00:00","og_image":[{"width":1056,"height":703,"url":"https:\/\/futbolhoy.co\/wp-content\/uploads\/2018\/05\/DdL1A02WsAAwe_S.jpg","type":"image\/jpeg"}],"author":"Laura Hern\u00e1ndez","twitter_card":"summary_large_image","twitter_creator":"@FutbolHoyCol","twitter_site":"@FutbolHoyCol","twitter_misc":{"Escrito por":"Laura Hern\u00e1ndez","Tiempo de lectura":"1 minuto"},"schema":{"@context":"https:\/\/schema.org","@graph":[{"@type":"Article","@id":"https:\/\/futbolhoy.co\/index.php\/2018\/05\/17\/estudio-brasileno-le-da-pequena-opcion-a-colombia-para-ganar-el-mundial\/#article","isPartOf":{"@id":"https:\/\/futbolhoy.co\/index.php\/2018\/05\/17\/estudio-brasileno-le-da-pequena-opcion-a-colombia-para-ganar-el-mundial\/"},"author":{"name":"Laura Hern\u00e1ndez","@id":"https:\/\/futbolhoy.co\/#\/schema\/person\/c4a353a512b127643723a34bb1812f7d"},"headline":"Estudio brasile\u00f1o le da peque\u00f1a opci\u00f3n a Colombia para ganar el Mundial","datePublished":"2018-05-17T14:15:35+00:00","dateModified":"2018-05-17T14:32:30+00:00","mainEntityOfPage":{"@id":"https:\/\/futbolhoy.co\/index.php\/2018\/05\/17\/estudio-brasileno-le-da-pequena-opcion-a-colombia-para-ganar-el-mundial\/"},"wordCount":156,"commentCount":0,"publisher":{"@id":"https:\/\/futbolhoy.co\/#organization"},"image":{"@id":"https:\/\/futbolhoy.co\/index.php\/2018\/05\/17\/estudio-brasileno-le-da-pequena-opcion-a-colombia-para-ganar-el-mundial\/#primaryimage"},"thumbnailUrl":"https:\/\/futbolhoy.co\/wp-content\/uploads\/2018\/05\/DdL1A02WsAAwe_S.jpg","keywords":["Mundial de Rusia","Selecci\u00f3n Colombia"],"articleSection":["Mundial"],"inLanguage":"es","potentialAction":[{"@type":"CommentAction","name":"Comment","target":["https:\/\/futbolhoy.co\/index.php\/2018\/05\/17\/estudio-brasileno-le-da-pequena-opcion-a-colombia-para-ganar-el-mundial\/#respond"]}]},{"@type":"WebPage","@id":"https:\/\/futbolhoy.co\/index.php\/2018\/05\/17\/estudio-brasileno-le-da-pequena-opcion-a-colombia-para-ganar-el-mundial\/","url":"https:\/\/futbolhoy.co\/index.php\/2018\/05\/17\/estudio-brasileno-le-da-pequena-opcion-a-colombia-para-ganar-el-mundial\/","name":"Estudio brasile\u00f1o le da peque\u00f1a opci\u00f3n a Colombia para ganar el Mundial -","isPartOf":{"@id":"https:\/\/futbolhoy.co\/#website"},"primaryImageOfPage":{"@id":"https:\/\/futbolhoy.co\/index.php\/2018\/05\/17\/estudio-brasileno-le-da-pequena-opcion-a-colombia-para-ganar-el-mundial\/#primaryimage"},"image":{"@id":"https:\/\/futbolhoy.co\/index.php\/2018\/05\/17\/estudio-brasileno-le-da-pequena-opcion-a-colombia-para-ganar-el-mundial\/#primaryimage"},"thumbnailUrl":"https:\/\/futbolhoy.co\/wp-content\/uploads\/2018\/05\/DdL1A02WsAAwe_S.jpg","datePublished":"2018-05-17T14:15:35+00:00","dateModified":"2018-05-17T14:32:30+00:00","breadcrumb":{"@id":"https:\/\/futbolhoy.co\/index.php\/2018\/05\/17\/estudio-brasileno-le-da-pequena-opcion-a-colombia-para-ganar-el-mundial\/#breadcrumb"},"inLanguage":"es","potentialAction":[{"@type":"ReadAction","target":["https:\/\/futbolhoy.co\/index.php\/2018\/05\/17\/estudio-brasileno-le-da-pequena-opcion-a-colombia-para-ganar-el-mundial\/"]}]},{"@type":"ImageObject","inLanguage":"es","@id":"https:\/\/futbolhoy.co\/index.php\/2018\/05\/17\/estudio-brasileno-le-da-pequena-opcion-a-colombia-para-ganar-el-mundial\/#primaryimage","url":"https:\/\/futbolhoy.co\/wp-content\/uploads\/2018\/05\/DdL1A02WsAAwe_S.jpg","contentUrl":"https:\/\/futbolhoy.co\/wp-content\/uploads\/2018\/05\/DdL1A02WsAAwe_S.jpg","width":1056,"height":703,"caption":"Twitter @FCFSeleccionCol"},{"@type":"BreadcrumbList","@id":"https:\/\/futbolhoy.co\/index.php\/2018\/05\/17\/estudio-brasileno-le-da-pequena-opcion-a-colombia-para-ganar-el-mundial\/#breadcrumb","itemListElement":[{"@type":"ListItem","position":1,"name":"Portada","item":"https:\/\/futbolhoy.co\/"},{"@type":"ListItem","position":2,"name":"Estudio brasile\u00f1o le da peque\u00f1a opci\u00f3n a Colombia para ganar el Mundial"}]},{"@type":"WebSite","@id":"https:\/\/futbolhoy.co\/#website","url":"https:\/\/futbolhoy.co\/","name":"FutbolHoy","description":"","publisher":{"@id":"https:\/\/futbolhoy.co\/#organization"},"potentialAction":[{"@type":"SearchAction","target":{"@type":"EntryPoint","urlTemplate":"https:\/\/futbolhoy.co\/?s={search_term_string}"},"query-input":{"@type":"PropertyValueSpecification","valueRequired":true,"valueName":"search_term_string"}}],"inLanguage":"es"},{"@type":"Organization","@id":"https:\/\/futbolhoy.co\/#organization","name":"Futbolhoy.co","url":"https:\/\/futbolhoy.co\/","logo":{"@type":"ImageObject","inLanguage":"es","@id":"https:\/\/futbolhoy.co\/#\/schema\/logo\/image\/","url":"https:\/\/futbolhoy.co\/wp-content\/uploads\/2018\/08\/17426380_1906371736249227_6326180412931521141_n.jpg","contentUrl":"https:\/\/futbolhoy.co\/wp-content\/uploads\/2018\/08\/17426380_1906371736249227_6326180412931521141_n.jpg","width":960,"height":960,"caption":"Futbolhoy.co"},"image":{"@id":"https:\/\/futbolhoy.co\/#\/schema\/logo\/image\/"},"sameAs":["https:\/\/www.facebook.com\/FutbolHoyCol\/","https:\/\/x.com\/FutbolHoyCol","https:\/\/www.instagram.com\/futbolhoycol\/"]},{"@type":"Person","@id":"https:\/\/futbolhoy.co\/#\/schema\/person\/c4a353a512b127643723a34bb1812f7d","name":"Laura Hern\u00e1ndez","image":{"@type":"ImageObject","inLanguage":"es","@id":"https:\/\/futbolhoy.co\/#\/schema\/person\/image\/","url":"https:\/\/secure.gravatar.com\/avatar\/d25959a15b9b293a743f99181c7cfd01?s=96&d=mm&r=g","contentUrl":"https:\/\/secure.gravatar.com\/avatar\/d25959a15b9b293a743f99181c7cfd01?s=96&d=mm&r=g","caption":"Laura Hern\u00e1ndez"}}]}},"publishpress_future_action":{"enabled":false,"date":"2026-05-05 20:18:41","action":"change-status","newStatus":"draft","terms":[],"taxonomy":"category","extraData":[]},"publishpress_future_workflow_manual_trigger":{"enabledWorkflows":[]},"_links":{"self":[{"href":"https:\/\/futbolhoy.co\/index.php\/wp-json\/wp\/v2\/posts\/18125","targetHints":{"allow":["GET"]}}],"collection":[{"href":"https:\/\/futbolhoy.co\/index.php\/wp-json\/wp\/v2\/posts"}],"about":[{"href":"https:\/\/futbolhoy.co\/index.php\/wp-json\/wp\/v2\/types\/post"}],"author":[{"embeddable":true,"href":"https:\/\/futbolhoy.co\/index.php\/wp-json\/wp\/v2\/users\/5"}],"replies":[{"embeddable":true,"href":"https:\/\/futbolhoy.co\/index.php\/wp-json\/wp\/v2\/comments?post=18125"}],"version-history":[{"count":1,"href":"https:\/\/futbolhoy.co\/index.php\/wp-json\/wp\/v2\/posts\/18125\/revisions"}],"predecessor-version":[{"id":18138,"href":"https:\/\/futbolhoy.co\/index.php\/wp-json\/wp\/v2\/posts\/18125\/revisions\/18138"}],"wp:featuredmedia":[{"embeddable":true,"href":"https:\/\/futbolhoy.co\/index.php\/wp-json\/wp\/v2\/media\/17783"}],"wp:attachment":[{"href":"https:\/\/futbolhoy.co\/index.php\/wp-json\/wp\/v2\/media?parent=18125"}],"wp:term":[{"taxonomy":"category","embeddable":true,"href":"https:\/\/futbolhoy.co\/index.php\/wp-json\/wp\/v2\/categories?post=18125"},{"taxonomy":"post_tag","embeddable":true,"href":"https:\/\/futbolhoy.co\/index.php\/wp-json\/wp\/v2\/tags?post=18125"}],"curies":[{"name":"wp","href":"https:\/\/api.w.org\/{rel}","templated":true}]}}