{"id":18700,"date":"2018-05-24T14:37:48","date_gmt":"2018-05-24T19:37:48","guid":{"rendered":"http:\/\/futbolhoy.co\/?p=18700"},"modified":"2018-05-24T14:37:48","modified_gmt":"2018-05-24T19:37:48","slug":"entrenador-colombiano-dirigira-a-melgar-de-peru","status":"publish","type":"post","link":"https:\/\/futbolhoy.co\/index.php\/2018\/05\/24\/entrenador-colombiano-dirigira-a-melgar-de-peru\/","title":{"rendered":"Entrenador colombiano dirigir\u00e1 a Melgar de Per\u00fa"},"content":{"rendered":"<p class=\"m_4952620923331312355ydpad0e46d4MsoNormal\" style=\"text-align: justify;\"><span style=\"font-family: helvetica, arial, sans-serif;\">El entrenador tolimense <strong>Hern\u00e1n Torres<\/strong> fue confirmado como nuevo t\u00e9cnico del <strong>Melgar<\/strong> de Arequipa peruano por todo lo que resta de la temporada 2018.<\/span><\/p>\n<p class=\"m_4952620923331312355ydpad0e46d4MsoNormal\" style=\"text-align: justify;\"><span style=\"font-family: helvetica, arial, sans-serif;\">Torres sucede en el banco al local <strong>\u00d3scar Gambetta<\/strong>, quien ejerc\u00eda el cargo de manera interina tras la salida del mexicano <strong>Enrique Meza<\/strong>.<\/span><\/p>\n<p class=\"m_4952620923331312355ydpad0e46d4MsoNormal\" style=\"text-align: justify;\"><span style=\"font-family: helvetica, arial, sans-serif;\">Esta ser\u00e1 la segunda experiencia de <strong>Torres<\/strong> como entrenador fuera de <strong>Colombia<\/strong>, ya que en 2015 dirigi\u00f3 al <strong>Alajuelense<\/strong> de <strong>Costa Rica.<\/strong><\/span><\/p>\n<p class=\"m_4952620923331312355ydpad0e46d4MsoNormal\" style=\"text-align: justify;\"><span style=\"font-family: helvetica, arial, sans-serif;\">Torres dej\u00f3 la direcci\u00f3n de <strong>Rionegro<\/strong> la semana anterior.<\/span><\/p>\n","protected":false},"excerpt":{"rendered":"<p>El entrenador tolimense Hern\u00e1n Torres fue confirmado como nuevo t\u00e9cnico del Melgar de Arequipa peruano por todo lo que resta de la temporada 2018. Torres sucede en el banco al local \u00d3scar Gambetta, quien ejerc\u00eda el cargo de manera interina tras la salida del mexicano Enrique Meza. Esta ser\u00e1 la segunda experiencia de Torres como [&hellip;]<\/p>\n","protected":false},"author":5,"featured_media":18703,"comment_status":"open","ping_status":"open","sticky":false,"template":"","format":"standard","meta":{"_acf_changed":false,"footnotes":""},"categories":[152],"tags":[521,848],"class_list":{"0":"post-18700","1":"post","2":"type-post","3":"status-publish","4":"format-standard","5":"has-post-thumbnail","7":"category-mundo-futbol","8":"tag-hernan-torres","9":"tag-melgar-fc"},"acf":[],"yoast_head":"<!-- This site is optimized with the Yoast SEO plugin v26.8 - https:\/\/yoast.com\/product\/yoast-seo-wordpress\/ -->\n<title>Entrenador colombiano dirigir\u00e1 a Melgar de Per\u00fa -<\/title>\n<meta name=\"robots\" content=\"index, follow, max-snippet:-1, max-image-preview:large, max-video-preview:-1\" \/>\n<link rel=\"canonical\" href=\"https:\/\/futbolhoy.co\/index.php\/2018\/05\/24\/entrenador-colombiano-dirigira-a-melgar-de-peru\/\" \/>\n<meta property=\"og:locale\" content=\"es_ES\" \/>\n<meta property=\"og:type\" content=\"article\" \/>\n<meta property=\"og:title\" content=\"Entrenador colombiano dirigir\u00e1 a Melgar de Per\u00fa -\" \/>\n<meta property=\"og:description\" content=\"El entrenador tolimense Hern\u00e1n Torres fue confirmado como nuevo t\u00e9cnico del Melgar de Arequipa peruano por todo lo que resta de la temporada 2018. Torres sucede en el banco al local \u00d3scar Gambetta, quien ejerc\u00eda el cargo de manera interina tras la salida del mexicano Enrique Meza. Esta ser\u00e1 la segunda experiencia de Torres como [&hellip;]\" \/>\n<meta property=\"og:url\" content=\"https:\/\/futbolhoy.co\/index.php\/2018\/05\/24\/entrenador-colombiano-dirigira-a-melgar-de-peru\/\" \/>\n<meta property=\"article:publisher\" content=\"https:\/\/www.facebook.com\/FutbolHoyCol\/\" \/>\n<meta property=\"article:published_time\" content=\"2018-05-24T19:37:48+00:00\" \/>\n<meta property=\"og:image\" content=\"https:\/\/futbolhoy.co\/wp-content\/uploads\/2018\/05\/Dd99_e_V0AIJN8f.jpg\" \/>\n\t<meta property=\"og:image:width\" content=\"940\" \/>\n\t<meta property=\"og:image:height\" content=\"620\" \/>\n\t<meta property=\"og:image:type\" content=\"image\/jpeg\" \/>\n<meta name=\"author\" content=\"Laura Hern\u00e1ndez\" \/>\n<meta name=\"twitter:card\" content=\"summary_large_image\" \/>\n<meta name=\"twitter:creator\" content=\"@FutbolHoyCol\" \/>\n<meta name=\"twitter:site\" content=\"@FutbolHoyCol\" \/>\n<meta name=\"twitter:label1\" content=\"Escrito por\" \/>\n\t<meta name=\"twitter:data1\" content=\"Laura Hern\u00e1ndez\" \/>\n<script type=\"application\/ld+json\" class=\"yoast-schema-graph\">{\"@context\":\"https:\/\/schema.org\",\"@graph\":[{\"@type\":\"Article\",\"@id\":\"https:\/\/futbolhoy.co\/index.php\/2018\/05\/24\/entrenador-colombiano-dirigira-a-melgar-de-peru\/#article\",\"isPartOf\":{\"@id\":\"https:\/\/futbolhoy.co\/index.php\/2018\/05\/24\/entrenador-colombiano-dirigira-a-melgar-de-peru\/\"},\"author\":{\"name\":\"Laura Hern\u00e1ndez\",\"@id\":\"https:\/\/futbolhoy.co\/#\/schema\/person\/c4a353a512b127643723a34bb1812f7d\"},\"headline\":\"Entrenador colombiano dirigir\u00e1 a Melgar de Per\u00fa\",\"datePublished\":\"2018-05-24T19:37:48+00:00\",\"mainEntityOfPage\":{\"@id\":\"https:\/\/futbolhoy.co\/index.php\/2018\/05\/24\/entrenador-colombiano-dirigira-a-melgar-de-peru\/\"},\"wordCount\":87,\"commentCount\":0,\"publisher\":{\"@id\":\"https:\/\/futbolhoy.co\/#organization\"},\"image\":{\"@id\":\"https:\/\/futbolhoy.co\/index.php\/2018\/05\/24\/entrenador-colombiano-dirigira-a-melgar-de-peru\/#primaryimage\"},\"thumbnailUrl\":\"https:\/\/futbolhoy.co\/wp-content\/uploads\/2018\/05\/Dd99_e_V0AIJN8f.jpg\",\"keywords\":[\"Hernan torres\",\"Melgar fc\"],\"articleSection\":[\"Mundo Futbol\"],\"inLanguage\":\"es\",\"potentialAction\":[{\"@type\":\"CommentAction\",\"name\":\"Comment\",\"target\":[\"https:\/\/futbolhoy.co\/index.php\/2018\/05\/24\/entrenador-colombiano-dirigira-a-melgar-de-peru\/#respond\"]}]},{\"@type\":\"WebPage\",\"@id\":\"https:\/\/futbolhoy.co\/index.php\/2018\/05\/24\/entrenador-colombiano-dirigira-a-melgar-de-peru\/\",\"url\":\"https:\/\/futbolhoy.co\/index.php\/2018\/05\/24\/entrenador-colombiano-dirigira-a-melgar-de-peru\/\",\"name\":\"Entrenador colombiano dirigir\u00e1 a Melgar de Per\u00fa -\",\"isPartOf\":{\"@id\":\"https:\/\/futbolhoy.co\/#website\"},\"primaryImageOfPage\":{\"@id\":\"https:\/\/futbolhoy.co\/index.php\/2018\/05\/24\/entrenador-colombiano-dirigira-a-melgar-de-peru\/#primaryimage\"},\"image\":{\"@id\":\"https:\/\/futbolhoy.co\/index.php\/2018\/05\/24\/entrenador-colombiano-dirigira-a-melgar-de-peru\/#primaryimage\"},\"thumbnailUrl\":\"https:\/\/futbolhoy.co\/wp-content\/uploads\/2018\/05\/Dd99_e_V0AIJN8f.jpg\",\"datePublished\":\"2018-05-24T19:37:48+00:00\",\"breadcrumb\":{\"@id\":\"https:\/\/futbolhoy.co\/index.php\/2018\/05\/24\/entrenador-colombiano-dirigira-a-melgar-de-peru\/#breadcrumb\"},\"inLanguage\":\"es\",\"potentialAction\":[{\"@type\":\"ReadAction\",\"target\":[\"https:\/\/futbolhoy.co\/index.php\/2018\/05\/24\/entrenador-colombiano-dirigira-a-melgar-de-peru\/\"]}]},{\"@type\":\"ImageObject\",\"inLanguage\":\"es\",\"@id\":\"https:\/\/futbolhoy.co\/index.php\/2018\/05\/24\/entrenador-colombiano-dirigira-a-melgar-de-peru\/#primaryimage\",\"url\":\"https:\/\/futbolhoy.co\/wp-content\/uploads\/2018\/05\/Dd99_e_V0AIJN8f.jpg\",\"contentUrl\":\"https:\/\/futbolhoy.co\/wp-content\/uploads\/2018\/05\/Dd99_e_V0AIJN8f.jpg\",\"width\":940,\"height\":620,\"caption\":\"Twitter @MelgarOficial\"},{\"@type\":\"BreadcrumbList\",\"@id\":\"https:\/\/futbolhoy.co\/index.php\/2018\/05\/24\/entrenador-colombiano-dirigira-a-melgar-de-peru\/#breadcrumb\",\"itemListElement\":[{\"@type\":\"ListItem\",\"position\":1,\"name\":\"Portada\",\"item\":\"https:\/\/futbolhoy.co\/\"},{\"@type\":\"ListItem\",\"position\":2,\"name\":\"Entrenador colombiano dirigir\u00e1 a Melgar de Per\u00fa\"}]},{\"@type\":\"WebSite\",\"@id\":\"https:\/\/futbolhoy.co\/#website\",\"url\":\"https:\/\/futbolhoy.co\/\",\"name\":\"FutbolHoy\",\"description\":\"\",\"publisher\":{\"@id\":\"https:\/\/futbolhoy.co\/#organization\"},\"potentialAction\":[{\"@type\":\"SearchAction\",\"target\":{\"@type\":\"EntryPoint\",\"urlTemplate\":\"https:\/\/futbolhoy.co\/?s={search_term_string}\"},\"query-input\":{\"@type\":\"PropertyValueSpecification\",\"valueRequired\":true,\"valueName\":\"search_term_string\"}}],\"inLanguage\":\"es\"},{\"@type\":\"Organization\",\"@id\":\"https:\/\/futbolhoy.co\/#organization\",\"name\":\"Futbolhoy.co\",\"url\":\"https:\/\/futbolhoy.co\/\",\"logo\":{\"@type\":\"ImageObject\",\"inLanguage\":\"es\",\"@id\":\"https:\/\/futbolhoy.co\/#\/schema\/logo\/image\/\",\"url\":\"https:\/\/futbolhoy.co\/wp-content\/uploads\/2018\/08\/17426380_1906371736249227_6326180412931521141_n.jpg\",\"contentUrl\":\"https:\/\/futbolhoy.co\/wp-content\/uploads\/2018\/08\/17426380_1906371736249227_6326180412931521141_n.jpg\",\"width\":960,\"height\":960,\"caption\":\"Futbolhoy.co\"},\"image\":{\"@id\":\"https:\/\/futbolhoy.co\/#\/schema\/logo\/image\/\"},\"sameAs\":[\"https:\/\/www.facebook.com\/FutbolHoyCol\/\",\"https:\/\/x.com\/FutbolHoyCol\",\"https:\/\/www.instagram.com\/futbolhoycol\/\"]},{\"@type\":\"Person\",\"@id\":\"https:\/\/futbolhoy.co\/#\/schema\/person\/c4a353a512b127643723a34bb1812f7d\",\"name\":\"Laura Hern\u00e1ndez\",\"image\":{\"@type\":\"ImageObject\",\"inLanguage\":\"es\",\"@id\":\"https:\/\/futbolhoy.co\/#\/schema\/person\/image\/\",\"url\":\"https:\/\/secure.gravatar.com\/avatar\/d25959a15b9b293a743f99181c7cfd01?s=96&d=mm&r=g\",\"contentUrl\":\"https:\/\/secure.gravatar.com\/avatar\/d25959a15b9b293a743f99181c7cfd01?s=96&d=mm&r=g\",\"caption\":\"Laura Hern\u00e1ndez\"}}]}<\/script>\n<!-- \/ Yoast SEO plugin. -->","yoast_head_json":{"title":"Entrenador colombiano dirigir\u00e1 a Melgar de Per\u00fa -","robots":{"index":"index","follow":"follow","max-snippet":"max-snippet:-1","max-image-preview":"max-image-preview:large","max-video-preview":"max-video-preview:-1"},"canonical":"https:\/\/futbolhoy.co\/index.php\/2018\/05\/24\/entrenador-colombiano-dirigira-a-melgar-de-peru\/","og_locale":"es_ES","og_type":"article","og_title":"Entrenador colombiano dirigir\u00e1 a Melgar de Per\u00fa -","og_description":"El entrenador tolimense Hern\u00e1n Torres fue confirmado como nuevo t\u00e9cnico del Melgar de Arequipa peruano por todo lo que resta de la temporada 2018. Torres sucede en el banco al local \u00d3scar Gambetta, quien ejerc\u00eda el cargo de manera interina tras la salida del mexicano Enrique Meza. Esta ser\u00e1 la segunda experiencia de Torres como [&hellip;]","og_url":"https:\/\/futbolhoy.co\/index.php\/2018\/05\/24\/entrenador-colombiano-dirigira-a-melgar-de-peru\/","article_publisher":"https:\/\/www.facebook.com\/FutbolHoyCol\/","article_published_time":"2018-05-24T19:37:48+00:00","og_image":[{"width":940,"height":620,"url":"https:\/\/futbolhoy.co\/wp-content\/uploads\/2018\/05\/Dd99_e_V0AIJN8f.jpg","type":"image\/jpeg"}],"author":"Laura Hern\u00e1ndez","twitter_card":"summary_large_image","twitter_creator":"@FutbolHoyCol","twitter_site":"@FutbolHoyCol","twitter_misc":{"Escrito por":"Laura Hern\u00e1ndez"},"schema":{"@context":"https:\/\/schema.org","@graph":[{"@type":"Article","@id":"https:\/\/futbolhoy.co\/index.php\/2018\/05\/24\/entrenador-colombiano-dirigira-a-melgar-de-peru\/#article","isPartOf":{"@id":"https:\/\/futbolhoy.co\/index.php\/2018\/05\/24\/entrenador-colombiano-dirigira-a-melgar-de-peru\/"},"author":{"name":"Laura Hern\u00e1ndez","@id":"https:\/\/futbolhoy.co\/#\/schema\/person\/c4a353a512b127643723a34bb1812f7d"},"headline":"Entrenador colombiano dirigir\u00e1 a Melgar de Per\u00fa","datePublished":"2018-05-24T19:37:48+00:00","mainEntityOfPage":{"@id":"https:\/\/futbolhoy.co\/index.php\/2018\/05\/24\/entrenador-colombiano-dirigira-a-melgar-de-peru\/"},"wordCount":87,"commentCount":0,"publisher":{"@id":"https:\/\/futbolhoy.co\/#organization"},"image":{"@id":"https:\/\/futbolhoy.co\/index.php\/2018\/05\/24\/entrenador-colombiano-dirigira-a-melgar-de-peru\/#primaryimage"},"thumbnailUrl":"https:\/\/futbolhoy.co\/wp-content\/uploads\/2018\/05\/Dd99_e_V0AIJN8f.jpg","keywords":["Hernan torres","Melgar fc"],"articleSection":["Mundo Futbol"],"inLanguage":"es","potentialAction":[{"@type":"CommentAction","name":"Comment","target":["https:\/\/futbolhoy.co\/index.php\/2018\/05\/24\/entrenador-colombiano-dirigira-a-melgar-de-peru\/#respond"]}]},{"@type":"WebPage","@id":"https:\/\/futbolhoy.co\/index.php\/2018\/05\/24\/entrenador-colombiano-dirigira-a-melgar-de-peru\/","url":"https:\/\/futbolhoy.co\/index.php\/2018\/05\/24\/entrenador-colombiano-dirigira-a-melgar-de-peru\/","name":"Entrenador colombiano dirigir\u00e1 a Melgar de Per\u00fa -","isPartOf":{"@id":"https:\/\/futbolhoy.co\/#website"},"primaryImageOfPage":{"@id":"https:\/\/futbolhoy.co\/index.php\/2018\/05\/24\/entrenador-colombiano-dirigira-a-melgar-de-peru\/#primaryimage"},"image":{"@id":"https:\/\/futbolhoy.co\/index.php\/2018\/05\/24\/entrenador-colombiano-dirigira-a-melgar-de-peru\/#primaryimage"},"thumbnailUrl":"https:\/\/futbolhoy.co\/wp-content\/uploads\/2018\/05\/Dd99_e_V0AIJN8f.jpg","datePublished":"2018-05-24T19:37:48+00:00","breadcrumb":{"@id":"https:\/\/futbolhoy.co\/index.php\/2018\/05\/24\/entrenador-colombiano-dirigira-a-melgar-de-peru\/#breadcrumb"},"inLanguage":"es","potentialAction":[{"@type":"ReadAction","target":["https:\/\/futbolhoy.co\/index.php\/2018\/05\/24\/entrenador-colombiano-dirigira-a-melgar-de-peru\/"]}]},{"@type":"ImageObject","inLanguage":"es","@id":"https:\/\/futbolhoy.co\/index.php\/2018\/05\/24\/entrenador-colombiano-dirigira-a-melgar-de-peru\/#primaryimage","url":"https:\/\/futbolhoy.co\/wp-content\/uploads\/2018\/05\/Dd99_e_V0AIJN8f.jpg","contentUrl":"https:\/\/futbolhoy.co\/wp-content\/uploads\/2018\/05\/Dd99_e_V0AIJN8f.jpg","width":940,"height":620,"caption":"Twitter @MelgarOficial"},{"@type":"BreadcrumbList","@id":"https:\/\/futbolhoy.co\/index.php\/2018\/05\/24\/entrenador-colombiano-dirigira-a-melgar-de-peru\/#breadcrumb","itemListElement":[{"@type":"ListItem","position":1,"name":"Portada","item":"https:\/\/futbolhoy.co\/"},{"@type":"ListItem","position":2,"name":"Entrenador colombiano dirigir\u00e1 a Melgar de Per\u00fa"}]},{"@type":"WebSite","@id":"https:\/\/futbolhoy.co\/#website","url":"https:\/\/futbolhoy.co\/","name":"FutbolHoy","description":"","publisher":{"@id":"https:\/\/futbolhoy.co\/#organization"},"potentialAction":[{"@type":"SearchAction","target":{"@type":"EntryPoint","urlTemplate":"https:\/\/futbolhoy.co\/?s={search_term_string}"},"query-input":{"@type":"PropertyValueSpecification","valueRequired":true,"valueName":"search_term_string"}}],"inLanguage":"es"},{"@type":"Organization","@id":"https:\/\/futbolhoy.co\/#organization","name":"Futbolhoy.co","url":"https:\/\/futbolhoy.co\/","logo":{"@type":"ImageObject","inLanguage":"es","@id":"https:\/\/futbolhoy.co\/#\/schema\/logo\/image\/","url":"https:\/\/futbolhoy.co\/wp-content\/uploads\/2018\/08\/17426380_1906371736249227_6326180412931521141_n.jpg","contentUrl":"https:\/\/futbolhoy.co\/wp-content\/uploads\/2018\/08\/17426380_1906371736249227_6326180412931521141_n.jpg","width":960,"height":960,"caption":"Futbolhoy.co"},"image":{"@id":"https:\/\/futbolhoy.co\/#\/schema\/logo\/image\/"},"sameAs":["https:\/\/www.facebook.com\/FutbolHoyCol\/","https:\/\/x.com\/FutbolHoyCol","https:\/\/www.instagram.com\/futbolhoycol\/"]},{"@type":"Person","@id":"https:\/\/futbolhoy.co\/#\/schema\/person\/c4a353a512b127643723a34bb1812f7d","name":"Laura Hern\u00e1ndez","image":{"@type":"ImageObject","inLanguage":"es","@id":"https:\/\/futbolhoy.co\/#\/schema\/person\/image\/","url":"https:\/\/secure.gravatar.com\/avatar\/d25959a15b9b293a743f99181c7cfd01?s=96&d=mm&r=g","contentUrl":"https:\/\/secure.gravatar.com\/avatar\/d25959a15b9b293a743f99181c7cfd01?s=96&d=mm&r=g","caption":"Laura Hern\u00e1ndez"}}]}},"publishpress_future_action":{"enabled":false,"date":"2026-05-02 03:42:54","action":"change-status","newStatus":"draft","terms":[],"taxonomy":"category","extraData":[]},"publishpress_future_workflow_manual_trigger":{"enabledWorkflows":[]},"_links":{"self":[{"href":"https:\/\/futbolhoy.co\/index.php\/wp-json\/wp\/v2\/posts\/18700","targetHints":{"allow":["GET"]}}],"collection":[{"href":"https:\/\/futbolhoy.co\/index.php\/wp-json\/wp\/v2\/posts"}],"about":[{"href":"https:\/\/futbolhoy.co\/index.php\/wp-json\/wp\/v2\/types\/post"}],"author":[{"embeddable":true,"href":"https:\/\/futbolhoy.co\/index.php\/wp-json\/wp\/v2\/users\/5"}],"replies":[{"embeddable":true,"href":"https:\/\/futbolhoy.co\/index.php\/wp-json\/wp\/v2\/comments?post=18700"}],"version-history":[{"count":1,"href":"https:\/\/futbolhoy.co\/index.php\/wp-json\/wp\/v2\/posts\/18700\/revisions"}],"predecessor-version":[{"id":18708,"href":"https:\/\/futbolhoy.co\/index.php\/wp-json\/wp\/v2\/posts\/18700\/revisions\/18708"}],"wp:featuredmedia":[{"embeddable":true,"href":"https:\/\/futbolhoy.co\/index.php\/wp-json\/wp\/v2\/media\/18703"}],"wp:attachment":[{"href":"https:\/\/futbolhoy.co\/index.php\/wp-json\/wp\/v2\/media?parent=18700"}],"wp:term":[{"taxonomy":"category","embeddable":true,"href":"https:\/\/futbolhoy.co\/index.php\/wp-json\/wp\/v2\/categories?post=18700"},{"taxonomy":"post_tag","embeddable":true,"href":"https:\/\/futbolhoy.co\/index.php\/wp-json\/wp\/v2\/tags?post=18700"}],"curies":[{"name":"wp","href":"https:\/\/api.w.org\/{rel}","templated":true}]}}