{"id":19772,"date":"2018-06-11T08:58:31","date_gmt":"2018-06-11T13:58:31","guid":{"rendered":"http:\/\/futbolhoy.co\/?p=19772"},"modified":"2018-06-12T09:24:45","modified_gmt":"2018-06-12T14:24:45","slug":"fabra-llego-a-buenos-aires","status":"publish","type":"post","link":"https:\/\/futbolhoy.co\/index.php\/2018\/06\/11\/fabra-llego-a-buenos-aires\/","title":{"rendered":"Fabra lleg\u00f3 a Buenos Aires"},"content":{"rendered":"<p style=\"text-align: justify;\"><span style=\"font-family: helvetica, arial, sans-serif;\">El lateral colombiano <strong>Frank<\/strong> <strong>Fabra<\/strong> lleg\u00f3 en la madrugada de este lunes a <strong>Buenos<\/strong> <strong>Aires<\/strong>, desafectado de la selecci\u00f3n absoluta tras la ruptura de ligamento cruzado anterior de su rodilla izquierda.<\/span><\/p>\n<p style=\"text-align: justify;\"><span style=\"font-family: helvetica, arial, sans-serif;\">El jugador, cuyos derechos deportivos pertenecen a <strong>Boca Junior<\/strong>s, ser\u00e1 intervenido esta semana por el doctor<strong> Jorge Batista,<\/strong> sub-director m\u00e9dico del club.<\/span><\/p>\n<p style=\"text-align: justify;\"><span style=\"font-family: helvetica, arial, sans-serif;\">Fabra interesaba a <strong>Fiorentina<\/strong> de <strong>Italia<\/strong> para la pr\u00f3xima temporada.<\/span><\/p>\n<p style=\"text-align: justify;\"><span style=\"font-family: helvetica, arial, sans-serif;\">En medio deportivos de Argentina se asegur\u00f3 que Boca estar\u00eda buscando un reemplazo para Fabra, quien tendr\u00e1 al menos seis meses de incapacidad.<\/span><\/p>\n","protected":false},"excerpt":{"rendered":"<p>El lateral colombiano Frank Fabra lleg\u00f3 en la madrugada de este lunes a Buenos Aires, desafectado de la selecci\u00f3n absoluta tras la ruptura de ligamento cruzado anterior de su rodilla izquierda. El jugador, cuyos derechos deportivos pertenecen a Boca Juniors, ser\u00e1 intervenido esta semana por el doctor Jorge Batista, sub-director m\u00e9dico del club. Fabra interesaba [&hellip;]<\/p>\n","protected":false},"author":5,"featured_media":18998,"comment_status":"open","ping_status":"closed","sticky":false,"template":"","format":"standard","meta":{"_acf_changed":false,"footnotes":""},"categories":[153],"tags":[260,350],"class_list":{"0":"post-19772","1":"post","2":"type-post","3":"status-publish","4":"format-standard","5":"has-post-thumbnail","7":"category-selecion-colombia","8":"tag-boca-juniors","9":"tag-frank-fabra"},"acf":[],"_links":{"self":[{"href":"https:\/\/futbolhoy.co\/index.php\/wp-json\/wp\/v2\/posts\/19772","targetHints":{"allow":["GET"]}}],"collection":[{"href":"https:\/\/futbolhoy.co\/index.php\/wp-json\/wp\/v2\/posts"}],"about":[{"href":"https:\/\/futbolhoy.co\/index.php\/wp-json\/wp\/v2\/types\/post"}],"author":[{"embeddable":true,"href":"https:\/\/futbolhoy.co\/index.php\/wp-json\/wp\/v2\/users\/5"}],"replies":[{"embeddable":true,"href":"https:\/\/futbolhoy.co\/index.php\/wp-json\/wp\/v2\/comments?post=19772"}],"version-history":[{"count":1,"href":"https:\/\/futbolhoy.co\/index.php\/wp-json\/wp\/v2\/posts\/19772\/revisions"}],"predecessor-version":[{"id":19773,"href":"https:\/\/futbolhoy.co\/index.php\/wp-json\/wp\/v2\/posts\/19772\/revisions\/19773"}],"wp:featuredmedia":[{"embeddable":true,"href":"https:\/\/futbolhoy.co\/index.php\/wp-json\/wp\/v2\/media\/18998"}],"wp:attachment":[{"href":"https:\/\/futbolhoy.co\/index.php\/wp-json\/wp\/v2\/media?parent=19772"}],"wp:term":[{"taxonomy":"category","embeddable":true,"href":"https:\/\/futbolhoy.co\/index.php\/wp-json\/wp\/v2\/categories?post=19772"},{"taxonomy":"post_tag","embeddable":true,"href":"https:\/\/futbolhoy.co\/index.php\/wp-json\/wp\/v2\/tags?post=19772"}],"curies":[{"name":"wp","href":"https:\/\/api.w.org\/{rel}","templated":true}]}}