{"id":21221,"date":"2018-06-30T18:30:28","date_gmt":"2018-06-30T23:30:28","guid":{"rendered":"http:\/\/futbolhoy.co\/?p=21221"},"modified":"2018-07-01T10:11:50","modified_gmt":"2018-07-01T15:11:50","slug":"hernan-dario-burbano-de-leon-a-leon","status":"publish","type":"post","link":"https:\/\/futbolhoy.co\/index.php\/2018\/06\/30\/hernan-dario-burbano-de-leon-a-leon\/","title":{"rendered":"Hern\u00e1n Dar\u00edo Burbano, de Le\u00f3n a le\u00f3n"},"content":{"rendered":"<p class=\"m_-5867934167228053944ydpe7400c5cMsoNormal\" style=\"text-align: justify;\"><span style=\"font-size: medium; font-family: helvetica, arial, sans-serif;\">El extremo derecho caucano\u00a0<b>Hern\u00e1n Dar\u00edo Burbano<\/b>, de 30 a\u00f1os de edad, fue anunciado oficialmente como nuevo refuerzo de\u00a0<b>Independiente Santa Fe<\/b>\u00a0para el segundo semestre de 2018, donde deber\u00e1 disputar la\u00a0<b>Liga \u00c1guila II<\/b>, la\u00a0<b>Copa Colombia<\/b>\u00a0y\u00a0<b>la Copa Sudamericana<\/b>.<\/span><\/p>\n<p class=\"m_-5867934167228053944ydpe7400c5cMsoNormal\" style=\"text-align: justify;\"><span style=\"font-size: medium; font-family: helvetica, arial, sans-serif;\">Burbano llega procedente del\u00a0<b>Le\u00f3n de M\u00e9xico<\/b>, donde milit\u00f3 las \u00faltimas tres temporadas, donde disput\u00f3 92 partidos y marc\u00f3 6 goles; permaneciendo 7 a\u00f1os en el f\u00fatbol \u2018azteca\u2019 donde tambi\u00e9n actu\u00f3 en\u00a0<b>Tigres<\/b>.<\/span><\/p>\n<p class=\"m_-5867934167228053944ydpe7400c5cMsoNormal\" style=\"text-align: justify;\"><span style=\"font-size: medium; font-family: helvetica, arial, sans-serif;\">El delantero se convierte en la sexta vinculaci\u00f3n del equipo bogotano, tras las llegadas del volante venezolano\u00a0<b>Luis Manuel Seijas<\/b>, el uruguayo\u00a0<b>Diego Guastavino<\/b>, el extremo colombiano\u00a0<b>Arley Rodr\u00edguez<\/b>, el delantero\u00a0<b>Carmelo Valencia<\/b>\u00a0y\u00a0<b>Diego Aguirre<\/b>.<\/span><\/p>\n<blockquote class=\"twitter-tweet\" data-width=\"550\">\n<p lang=\"es\" dir=\"ltr\">Uno de los delanteros m\u00e1s exitosos  del f\u00fatbol mexicano es el sexto refuerzo del Le\u00f3n \ud83c\uddee\ud83c\udde9. <\/p>\n<p>Bienvenido al Primer Campe\u00f3n \u00a1Vamos a pelearlo todo \ud83e\udd81! <a href=\"https:\/\/t.co\/OgHvUoJk60\">pic.twitter.com\/OgHvUoJk60<\/a><\/p>\n<p>&mdash; Ind. Santa Fe (@SantaFe) <a href=\"https:\/\/twitter.com\/SantaFe\/status\/1013172332695883777?ref_src=twsrc%5Etfw\">June 30, 2018<\/a><\/p><\/blockquote>\n<p><script async src=\"https:\/\/platform.twitter.com\/widgets.js\" charset=\"utf-8\"><\/script><\/p>\n<p>&nbsp;<\/p>\n","protected":false},"excerpt":{"rendered":"<p>El extremo derecho caucano\u00a0Hern\u00e1n Dar\u00edo Burbano, de 30 a\u00f1os de edad, fue anunciado oficialmente como nuevo refuerzo de\u00a0Independiente Santa Fe\u00a0para el segundo semestre de 2018, donde deber\u00e1 disputar la\u00a0Liga \u00c1guila II, la\u00a0Copa Colombia\u00a0y\u00a0la Copa Sudamericana. Burbano llega procedente del\u00a0Le\u00f3n de M\u00e9xico, donde milit\u00f3 las \u00faltimas tres temporadas, donde disput\u00f3 92 partidos y marc\u00f3 6 goles; [&hellip;]<\/p>\n","protected":false},"author":5,"featured_media":21225,"comment_status":"open","ping_status":"open","sticky":false,"template":"","format":"standard","meta":{"_acf_changed":false,"footnotes":""},"categories":[7],"tags":[952,169],"class_list":{"0":"post-21221","1":"post","2":"type-post","3":"status-publish","4":"format-standard","5":"has-post-thumbnail","7":"category-liga-betplay","8":"tag-burbano","9":"tag-independiente-santa-fe"},"acf":[],"yoast_head":"<!-- This site is optimized with the Yoast SEO plugin v26.8 - https:\/\/yoast.com\/product\/yoast-seo-wordpress\/ -->\n<title>Hern\u00e1n Dar\u00edo Burbano, de Le\u00f3n a le\u00f3n -<\/title>\n<meta name=\"robots\" content=\"index, follow, max-snippet:-1, max-image-preview:large, max-video-preview:-1\" \/>\n<link rel=\"canonical\" href=\"https:\/\/futbolhoy.co\/index.php\/2018\/06\/30\/hernan-dario-burbano-de-leon-a-leon\/\" \/>\n<meta property=\"og:locale\" content=\"es_ES\" \/>\n<meta property=\"og:type\" content=\"article\" \/>\n<meta property=\"og:title\" content=\"Hern\u00e1n Dar\u00edo Burbano, de Le\u00f3n a le\u00f3n -\" \/>\n<meta property=\"og:description\" content=\"El extremo derecho caucano\u00a0Hern\u00e1n Dar\u00edo Burbano, de 30 a\u00f1os de edad, fue anunciado oficialmente como nuevo refuerzo de\u00a0Independiente Santa Fe\u00a0para el segundo semestre de 2018, donde deber\u00e1 disputar la\u00a0Liga \u00c1guila II, la\u00a0Copa Colombia\u00a0y\u00a0la Copa Sudamericana. Burbano llega procedente del\u00a0Le\u00f3n de M\u00e9xico, donde milit\u00f3 las \u00faltimas tres temporadas, donde disput\u00f3 92 partidos y marc\u00f3 6 goles; [&hellip;]\" \/>\n<meta property=\"og:url\" content=\"https:\/\/futbolhoy.co\/index.php\/2018\/06\/30\/hernan-dario-burbano-de-leon-a-leon\/\" \/>\n<meta property=\"article:publisher\" content=\"https:\/\/www.facebook.com\/FutbolHoyCol\/\" \/>\n<meta property=\"article:published_time\" content=\"2018-06-30T23:30:28+00:00\" \/>\n<meta property=\"article:modified_time\" content=\"2018-07-01T15:11:50+00:00\" \/>\n<meta property=\"og:image\" content=\"https:\/\/futbolhoy.co\/wp-content\/uploads\/2018\/06\/IMG_20180630_194007.jpg\" \/>\n\t<meta property=\"og:image:width\" content=\"1002\" \/>\n\t<meta property=\"og:image:height\" content=\"1280\" \/>\n\t<meta property=\"og:image:type\" content=\"image\/jpeg\" \/>\n<meta name=\"author\" content=\"Laura Hern\u00e1ndez\" \/>\n<meta name=\"twitter:card\" content=\"summary_large_image\" \/>\n<meta name=\"twitter:creator\" content=\"@FutbolHoyCol\" \/>\n<meta name=\"twitter:site\" content=\"@FutbolHoyCol\" \/>\n<meta name=\"twitter:label1\" content=\"Escrito por\" \/>\n\t<meta name=\"twitter:data1\" content=\"Laura Hern\u00e1ndez\" \/>\n\t<meta name=\"twitter:label2\" content=\"Tiempo de lectura\" \/>\n\t<meta name=\"twitter:data2\" content=\"1 minuto\" \/>\n<script type=\"application\/ld+json\" class=\"yoast-schema-graph\">{\"@context\":\"https:\/\/schema.org\",\"@graph\":[{\"@type\":\"Article\",\"@id\":\"https:\/\/futbolhoy.co\/index.php\/2018\/06\/30\/hernan-dario-burbano-de-leon-a-leon\/#article\",\"isPartOf\":{\"@id\":\"https:\/\/futbolhoy.co\/index.php\/2018\/06\/30\/hernan-dario-burbano-de-leon-a-leon\/\"},\"author\":{\"name\":\"Laura Hern\u00e1ndez\",\"@id\":\"https:\/\/futbolhoy.co\/#\/schema\/person\/c4a353a512b127643723a34bb1812f7d\"},\"headline\":\"Hern\u00e1n Dar\u00edo Burbano, de Le\u00f3n a le\u00f3n\",\"datePublished\":\"2018-06-30T23:30:28+00:00\",\"dateModified\":\"2018-07-01T15:11:50+00:00\",\"mainEntityOfPage\":{\"@id\":\"https:\/\/futbolhoy.co\/index.php\/2018\/06\/30\/hernan-dario-burbano-de-leon-a-leon\/\"},\"wordCount\":134,\"commentCount\":0,\"publisher\":{\"@id\":\"https:\/\/futbolhoy.co\/#organization\"},\"image\":{\"@id\":\"https:\/\/futbolhoy.co\/index.php\/2018\/06\/30\/hernan-dario-burbano-de-leon-a-leon\/#primaryimage\"},\"thumbnailUrl\":\"https:\/\/futbolhoy.co\/wp-content\/uploads\/2018\/06\/IMG_20180630_194007.jpg\",\"keywords\":[\"Burbano\",\"Independiente Santa Fe\"],\"articleSection\":[\"Liga BetPlay\"],\"inLanguage\":\"es\",\"potentialAction\":[{\"@type\":\"CommentAction\",\"name\":\"Comment\",\"target\":[\"https:\/\/futbolhoy.co\/index.php\/2018\/06\/30\/hernan-dario-burbano-de-leon-a-leon\/#respond\"]}]},{\"@type\":\"WebPage\",\"@id\":\"https:\/\/futbolhoy.co\/index.php\/2018\/06\/30\/hernan-dario-burbano-de-leon-a-leon\/\",\"url\":\"https:\/\/futbolhoy.co\/index.php\/2018\/06\/30\/hernan-dario-burbano-de-leon-a-leon\/\",\"name\":\"Hern\u00e1n Dar\u00edo Burbano, de Le\u00f3n a le\u00f3n -\",\"isPartOf\":{\"@id\":\"https:\/\/futbolhoy.co\/#website\"},\"primaryImageOfPage\":{\"@id\":\"https:\/\/futbolhoy.co\/index.php\/2018\/06\/30\/hernan-dario-burbano-de-leon-a-leon\/#primaryimage\"},\"image\":{\"@id\":\"https:\/\/futbolhoy.co\/index.php\/2018\/06\/30\/hernan-dario-burbano-de-leon-a-leon\/#primaryimage\"},\"thumbnailUrl\":\"https:\/\/futbolhoy.co\/wp-content\/uploads\/2018\/06\/IMG_20180630_194007.jpg\",\"datePublished\":\"2018-06-30T23:30:28+00:00\",\"dateModified\":\"2018-07-01T15:11:50+00:00\",\"breadcrumb\":{\"@id\":\"https:\/\/futbolhoy.co\/index.php\/2018\/06\/30\/hernan-dario-burbano-de-leon-a-leon\/#breadcrumb\"},\"inLanguage\":\"es\",\"potentialAction\":[{\"@type\":\"ReadAction\",\"target\":[\"https:\/\/futbolhoy.co\/index.php\/2018\/06\/30\/hernan-dario-burbano-de-leon-a-leon\/\"]}]},{\"@type\":\"ImageObject\",\"inLanguage\":\"es\",\"@id\":\"https:\/\/futbolhoy.co\/index.php\/2018\/06\/30\/hernan-dario-burbano-de-leon-a-leon\/#primaryimage\",\"url\":\"https:\/\/futbolhoy.co\/wp-content\/uploads\/2018\/06\/IMG_20180630_194007.jpg\",\"contentUrl\":\"https:\/\/futbolhoy.co\/wp-content\/uploads\/2018\/06\/IMG_20180630_194007.jpg\",\"width\":1002,\"height\":1280},{\"@type\":\"BreadcrumbList\",\"@id\":\"https:\/\/futbolhoy.co\/index.php\/2018\/06\/30\/hernan-dario-burbano-de-leon-a-leon\/#breadcrumb\",\"itemListElement\":[{\"@type\":\"ListItem\",\"position\":1,\"name\":\"Portada\",\"item\":\"https:\/\/futbolhoy.co\/\"},{\"@type\":\"ListItem\",\"position\":2,\"name\":\"Hern\u00e1n Dar\u00edo Burbano, de Le\u00f3n a le\u00f3n\"}]},{\"@type\":\"WebSite\",\"@id\":\"https:\/\/futbolhoy.co\/#website\",\"url\":\"https:\/\/futbolhoy.co\/\",\"name\":\"FutbolHoy\",\"description\":\"\",\"publisher\":{\"@id\":\"https:\/\/futbolhoy.co\/#organization\"},\"potentialAction\":[{\"@type\":\"SearchAction\",\"target\":{\"@type\":\"EntryPoint\",\"urlTemplate\":\"https:\/\/futbolhoy.co\/?s={search_term_string}\"},\"query-input\":{\"@type\":\"PropertyValueSpecification\",\"valueRequired\":true,\"valueName\":\"search_term_string\"}}],\"inLanguage\":\"es\"},{\"@type\":\"Organization\",\"@id\":\"https:\/\/futbolhoy.co\/#organization\",\"name\":\"Futbolhoy.co\",\"url\":\"https:\/\/futbolhoy.co\/\",\"logo\":{\"@type\":\"ImageObject\",\"inLanguage\":\"es\",\"@id\":\"https:\/\/futbolhoy.co\/#\/schema\/logo\/image\/\",\"url\":\"https:\/\/futbolhoy.co\/wp-content\/uploads\/2018\/08\/17426380_1906371736249227_6326180412931521141_n.jpg\",\"contentUrl\":\"https:\/\/futbolhoy.co\/wp-content\/uploads\/2018\/08\/17426380_1906371736249227_6326180412931521141_n.jpg\",\"width\":960,\"height\":960,\"caption\":\"Futbolhoy.co\"},\"image\":{\"@id\":\"https:\/\/futbolhoy.co\/#\/schema\/logo\/image\/\"},\"sameAs\":[\"https:\/\/www.facebook.com\/FutbolHoyCol\/\",\"https:\/\/x.com\/FutbolHoyCol\",\"https:\/\/www.instagram.com\/futbolhoycol\/\"]},{\"@type\":\"Person\",\"@id\":\"https:\/\/futbolhoy.co\/#\/schema\/person\/c4a353a512b127643723a34bb1812f7d\",\"name\":\"Laura Hern\u00e1ndez\",\"image\":{\"@type\":\"ImageObject\",\"inLanguage\":\"es\",\"@id\":\"https:\/\/futbolhoy.co\/#\/schema\/person\/image\/\",\"url\":\"https:\/\/secure.gravatar.com\/avatar\/d25959a15b9b293a743f99181c7cfd01?s=96&d=mm&r=g\",\"contentUrl\":\"https:\/\/secure.gravatar.com\/avatar\/d25959a15b9b293a743f99181c7cfd01?s=96&d=mm&r=g\",\"caption\":\"Laura Hern\u00e1ndez\"}}]}<\/script>\n<!-- \/ Yoast SEO plugin. -->","yoast_head_json":{"title":"Hern\u00e1n Dar\u00edo Burbano, de Le\u00f3n a le\u00f3n -","robots":{"index":"index","follow":"follow","max-snippet":"max-snippet:-1","max-image-preview":"max-image-preview:large","max-video-preview":"max-video-preview:-1"},"canonical":"https:\/\/futbolhoy.co\/index.php\/2018\/06\/30\/hernan-dario-burbano-de-leon-a-leon\/","og_locale":"es_ES","og_type":"article","og_title":"Hern\u00e1n Dar\u00edo Burbano, de Le\u00f3n a le\u00f3n -","og_description":"El extremo derecho caucano\u00a0Hern\u00e1n Dar\u00edo Burbano, de 30 a\u00f1os de edad, fue anunciado oficialmente como nuevo refuerzo de\u00a0Independiente Santa Fe\u00a0para el segundo semestre de 2018, donde deber\u00e1 disputar la\u00a0Liga \u00c1guila II, la\u00a0Copa Colombia\u00a0y\u00a0la Copa Sudamericana. Burbano llega procedente del\u00a0Le\u00f3n de M\u00e9xico, donde milit\u00f3 las \u00faltimas tres temporadas, donde disput\u00f3 92 partidos y marc\u00f3 6 goles; [&hellip;]","og_url":"https:\/\/futbolhoy.co\/index.php\/2018\/06\/30\/hernan-dario-burbano-de-leon-a-leon\/","article_publisher":"https:\/\/www.facebook.com\/FutbolHoyCol\/","article_published_time":"2018-06-30T23:30:28+00:00","article_modified_time":"2018-07-01T15:11:50+00:00","og_image":[{"width":1002,"height":1280,"url":"https:\/\/futbolhoy.co\/wp-content\/uploads\/2018\/06\/IMG_20180630_194007.jpg","type":"image\/jpeg"}],"author":"Laura Hern\u00e1ndez","twitter_card":"summary_large_image","twitter_creator":"@FutbolHoyCol","twitter_site":"@FutbolHoyCol","twitter_misc":{"Escrito por":"Laura Hern\u00e1ndez","Tiempo de lectura":"1 minuto"},"schema":{"@context":"https:\/\/schema.org","@graph":[{"@type":"Article","@id":"https:\/\/futbolhoy.co\/index.php\/2018\/06\/30\/hernan-dario-burbano-de-leon-a-leon\/#article","isPartOf":{"@id":"https:\/\/futbolhoy.co\/index.php\/2018\/06\/30\/hernan-dario-burbano-de-leon-a-leon\/"},"author":{"name":"Laura Hern\u00e1ndez","@id":"https:\/\/futbolhoy.co\/#\/schema\/person\/c4a353a512b127643723a34bb1812f7d"},"headline":"Hern\u00e1n Dar\u00edo Burbano, de Le\u00f3n a le\u00f3n","datePublished":"2018-06-30T23:30:28+00:00","dateModified":"2018-07-01T15:11:50+00:00","mainEntityOfPage":{"@id":"https:\/\/futbolhoy.co\/index.php\/2018\/06\/30\/hernan-dario-burbano-de-leon-a-leon\/"},"wordCount":134,"commentCount":0,"publisher":{"@id":"https:\/\/futbolhoy.co\/#organization"},"image":{"@id":"https:\/\/futbolhoy.co\/index.php\/2018\/06\/30\/hernan-dario-burbano-de-leon-a-leon\/#primaryimage"},"thumbnailUrl":"https:\/\/futbolhoy.co\/wp-content\/uploads\/2018\/06\/IMG_20180630_194007.jpg","keywords":["Burbano","Independiente Santa Fe"],"articleSection":["Liga BetPlay"],"inLanguage":"es","potentialAction":[{"@type":"CommentAction","name":"Comment","target":["https:\/\/futbolhoy.co\/index.php\/2018\/06\/30\/hernan-dario-burbano-de-leon-a-leon\/#respond"]}]},{"@type":"WebPage","@id":"https:\/\/futbolhoy.co\/index.php\/2018\/06\/30\/hernan-dario-burbano-de-leon-a-leon\/","url":"https:\/\/futbolhoy.co\/index.php\/2018\/06\/30\/hernan-dario-burbano-de-leon-a-leon\/","name":"Hern\u00e1n Dar\u00edo Burbano, de Le\u00f3n a le\u00f3n -","isPartOf":{"@id":"https:\/\/futbolhoy.co\/#website"},"primaryImageOfPage":{"@id":"https:\/\/futbolhoy.co\/index.php\/2018\/06\/30\/hernan-dario-burbano-de-leon-a-leon\/#primaryimage"},"image":{"@id":"https:\/\/futbolhoy.co\/index.php\/2018\/06\/30\/hernan-dario-burbano-de-leon-a-leon\/#primaryimage"},"thumbnailUrl":"https:\/\/futbolhoy.co\/wp-content\/uploads\/2018\/06\/IMG_20180630_194007.jpg","datePublished":"2018-06-30T23:30:28+00:00","dateModified":"2018-07-01T15:11:50+00:00","breadcrumb":{"@id":"https:\/\/futbolhoy.co\/index.php\/2018\/06\/30\/hernan-dario-burbano-de-leon-a-leon\/#breadcrumb"},"inLanguage":"es","potentialAction":[{"@type":"ReadAction","target":["https:\/\/futbolhoy.co\/index.php\/2018\/06\/30\/hernan-dario-burbano-de-leon-a-leon\/"]}]},{"@type":"ImageObject","inLanguage":"es","@id":"https:\/\/futbolhoy.co\/index.php\/2018\/06\/30\/hernan-dario-burbano-de-leon-a-leon\/#primaryimage","url":"https:\/\/futbolhoy.co\/wp-content\/uploads\/2018\/06\/IMG_20180630_194007.jpg","contentUrl":"https:\/\/futbolhoy.co\/wp-content\/uploads\/2018\/06\/IMG_20180630_194007.jpg","width":1002,"height":1280},{"@type":"BreadcrumbList","@id":"https:\/\/futbolhoy.co\/index.php\/2018\/06\/30\/hernan-dario-burbano-de-leon-a-leon\/#breadcrumb","itemListElement":[{"@type":"ListItem","position":1,"name":"Portada","item":"https:\/\/futbolhoy.co\/"},{"@type":"ListItem","position":2,"name":"Hern\u00e1n Dar\u00edo Burbano, de Le\u00f3n a le\u00f3n"}]},{"@type":"WebSite","@id":"https:\/\/futbolhoy.co\/#website","url":"https:\/\/futbolhoy.co\/","name":"FutbolHoy","description":"","publisher":{"@id":"https:\/\/futbolhoy.co\/#organization"},"potentialAction":[{"@type":"SearchAction","target":{"@type":"EntryPoint","urlTemplate":"https:\/\/futbolhoy.co\/?s={search_term_string}"},"query-input":{"@type":"PropertyValueSpecification","valueRequired":true,"valueName":"search_term_string"}}],"inLanguage":"es"},{"@type":"Organization","@id":"https:\/\/futbolhoy.co\/#organization","name":"Futbolhoy.co","url":"https:\/\/futbolhoy.co\/","logo":{"@type":"ImageObject","inLanguage":"es","@id":"https:\/\/futbolhoy.co\/#\/schema\/logo\/image\/","url":"https:\/\/futbolhoy.co\/wp-content\/uploads\/2018\/08\/17426380_1906371736249227_6326180412931521141_n.jpg","contentUrl":"https:\/\/futbolhoy.co\/wp-content\/uploads\/2018\/08\/17426380_1906371736249227_6326180412931521141_n.jpg","width":960,"height":960,"caption":"Futbolhoy.co"},"image":{"@id":"https:\/\/futbolhoy.co\/#\/schema\/logo\/image\/"},"sameAs":["https:\/\/www.facebook.com\/FutbolHoyCol\/","https:\/\/x.com\/FutbolHoyCol","https:\/\/www.instagram.com\/futbolhoycol\/"]},{"@type":"Person","@id":"https:\/\/futbolhoy.co\/#\/schema\/person\/c4a353a512b127643723a34bb1812f7d","name":"Laura Hern\u00e1ndez","image":{"@type":"ImageObject","inLanguage":"es","@id":"https:\/\/futbolhoy.co\/#\/schema\/person\/image\/","url":"https:\/\/secure.gravatar.com\/avatar\/d25959a15b9b293a743f99181c7cfd01?s=96&d=mm&r=g","contentUrl":"https:\/\/secure.gravatar.com\/avatar\/d25959a15b9b293a743f99181c7cfd01?s=96&d=mm&r=g","caption":"Laura Hern\u00e1ndez"}}]}},"publishpress_future_action":{"enabled":false,"date":"2026-05-03 13:37:06","action":"change-status","newStatus":"draft","terms":[],"taxonomy":"category","extraData":[]},"publishpress_future_workflow_manual_trigger":{"enabledWorkflows":[]},"_links":{"self":[{"href":"https:\/\/futbolhoy.co\/index.php\/wp-json\/wp\/v2\/posts\/21221","targetHints":{"allow":["GET"]}}],"collection":[{"href":"https:\/\/futbolhoy.co\/index.php\/wp-json\/wp\/v2\/posts"}],"about":[{"href":"https:\/\/futbolhoy.co\/index.php\/wp-json\/wp\/v2\/types\/post"}],"author":[{"embeddable":true,"href":"https:\/\/futbolhoy.co\/index.php\/wp-json\/wp\/v2\/users\/5"}],"replies":[{"embeddable":true,"href":"https:\/\/futbolhoy.co\/index.php\/wp-json\/wp\/v2\/comments?post=21221"}],"version-history":[{"count":1,"href":"https:\/\/futbolhoy.co\/index.php\/wp-json\/wp\/v2\/posts\/21221\/revisions"}],"predecessor-version":[{"id":21231,"href":"https:\/\/futbolhoy.co\/index.php\/wp-json\/wp\/v2\/posts\/21221\/revisions\/21231"}],"wp:featuredmedia":[{"embeddable":true,"href":"https:\/\/futbolhoy.co\/index.php\/wp-json\/wp\/v2\/media\/21225"}],"wp:attachment":[{"href":"https:\/\/futbolhoy.co\/index.php\/wp-json\/wp\/v2\/media?parent=21221"}],"wp:term":[{"taxonomy":"category","embeddable":true,"href":"https:\/\/futbolhoy.co\/index.php\/wp-json\/wp\/v2\/categories?post=21221"},{"taxonomy":"post_tag","embeddable":true,"href":"https:\/\/futbolhoy.co\/index.php\/wp-json\/wp\/v2\/tags?post=21221"}],"curies":[{"name":"wp","href":"https:\/\/api.w.org\/{rel}","templated":true}]}}