{"id":21833,"date":"2018-07-10T10:32:15","date_gmt":"2018-07-10T15:32:15","guid":{"rendered":"http:\/\/futbolhoy.co\/?p=21833"},"modified":"2018-07-10T18:05:29","modified_gmt":"2018-07-10T23:05:29","slug":"la-carta-de-cr7-a-la-aficion-del-real-madrid","status":"publish","type":"post","link":"https:\/\/futbolhoy.co\/index.php\/2018\/07\/10\/la-carta-de-cr7-a-la-aficion-del-real-madrid\/","title":{"rendered":"La carta de CR7 a la afici\u00f3n del Real Madrid"},"content":{"rendered":"<p style=\"text-align: justify;\"><span style=\"font-family: helvetica, arial, sans-serif;\">El portugu\u00e9s Cristiano Ronaldo se despidi\u00f3 por medio de una carta de la hinchada de Real Madrid tras confirmarse su traspaso a la Juventus.\u00a0<\/span><\/p>\n<p style=\"text-align: justify;\"><span style=\"font-family: helvetica, arial, sans-serif;\"><em>\u00abEstos a\u00f1os en el Real Madrid, y en esta ciudad de Madrid, han sido posiblemente los m\u00e1s felices de mi vida.<\/em><\/span><br \/>\n<span style=\"font-family: helvetica, arial, sans-serif;\">\u00a0<\/span><br \/>\n<span style=\"font-family: helvetica, arial, sans-serif;\"><em>Solo tengo sentimientos de enorme agradecimiento para este club, para esta afici\u00f3n y para esta ciudad. Solo puedo dar las gracias a todos ellos por el cari\u00f1o y afecto que he recibido.<\/em><\/span><br \/>\n<span style=\"font-family: helvetica, arial, sans-serif;\"><em>\u00a0<\/em><\/span><br \/>\n<span style=\"font-family: helvetica, arial, sans-serif;\"><em>Sin embargo, creo que ha llegado el momento de abrir una nueva etapa en mi vida y por eso he pedido al club que acepte traspasarme. Lo siento as\u00ed y pido a todos, y muy especialmente a nuestros seguidores, que por favor me comprendan.\u00a0<\/em><\/span><br \/>\n<span style=\"font-family: helvetica, arial, sans-serif;\"><em>\u00a0<\/em><\/span><br \/>\n<span style=\"font-family: helvetica, arial, sans-serif;\"><em>Han sido 9 a\u00f1os absolutamente maravillosos. Han sido 9 a\u00f1os \u00fanicos. Ha sido para m\u00ed un tiempo emocionante, repleto de consideraci\u00f3n aunque tambi\u00e9n duro porque el Real Madrid es de una alt\u00edsima exigencia, pero s\u00e9 muy bien que no podr\u00e9 olvidar jam\u00e1s que aqu\u00ed he disfrutado del F\u00fatbol de una manera \u00fanica.\u00a0<\/em><\/span><br \/>\n<span style=\"font-family: helvetica, arial, sans-serif;\"><em>\u00a0<\/em><\/span><br \/>\n<span style=\"font-family: helvetica, arial, sans-serif;\"><em>He tenido en el campo y en el vestuario a unos compa\u00f1eros fabulosos, he sentido el calor de una afici\u00f3n incre\u00edble y juntos hemos conquistado 3 Champions seguidas y 4 Champions en 5 a\u00f1os. Y junto a ellos adem\u00e1s, a nivel individual, tengo la satisfacci\u00f3n de haber ganado 4 Balones de Oro y 3 Botas de Oro. Todo durante mi etapa en este club inmenso y extraordinario.<\/em><\/span><br \/>\n<span style=\"font-family: helvetica, arial, sans-serif;\"><em>\u00a0<\/em><\/span><br \/>\n<span style=\"font-family: helvetica, arial, sans-serif;\"><em>El Real Madrid ha conquistado mi coraz\u00f3n, y el de mi familia, y por eso m\u00e1s que nunca quiero decir gracias: gracias al club, al Presidente, a los directivos, a mis compa\u00f1eros, a todos los t\u00e9cnicos, m\u00e9dicos, fisios y trabajadores incre\u00edbles que hacen que todo funcione y que est\u00e1n pendientes de cada detalle incansablemente.<\/em><\/span><br \/>\n<span style=\"font-family: helvetica, arial, sans-serif;\"><em>\u00a0<\/em><\/span><br \/>\n<span style=\"font-family: helvetica, arial, sans-serif;\"><em>Gracias infinitas una vez m\u00e1s a nuestros seguidores y gracias tambi\u00e9n al F\u00fatbol espa\u00f1ol. Durante estos 9 a\u00f1os apasionantes he tenido enfrente a grand\u00edsimos jugadores. Mi respeto y mi reconocimiento para todos ellos.<\/em><\/span><br \/>\n<span style=\"font-family: helvetica, arial, sans-serif;\"><em>\u00a0<\/em><\/span><br \/>\n<span style=\"font-family: helvetica, arial, sans-serif;\"><em>He reflexionado mucho y s\u00e9 que ha llegado el momento de un nuevo ciclo. Me voy pero esta camiseta, este escudo y el Santiago Bernab\u00e9u los seguir\u00e9 sintiendo siempre como algo m\u00edo est\u00e9 donde est\u00e9.<\/em><\/span><br \/>\n<span style=\"font-family: helvetica, arial, sans-serif;\"><em>\u00a0<\/em><\/span><br \/>\n<span style=\"font-family: helvetica, arial, sans-serif;\"><em>Gracias a todos y, por supuesto, como dije aquella primera vez en nuestro estadio hace 9 a\u00f1os: \u00a1Hala Madrid!\u00bb<\/em><\/span><\/p>\n","protected":false},"excerpt":{"rendered":"<p>El portugu\u00e9s Cristiano Ronaldo se despidi\u00f3 por medio de una carta de la hinchada de Real Madrid tras confirmarse su traspaso a la Juventus.\u00a0 \u00abEstos a\u00f1os en el Real Madrid, y en esta ciudad de Madrid, han sido posiblemente los m\u00e1s felices de mi vida. \u00a0 Solo tengo sentimientos de enorme agradecimiento para este club, [&hellip;]<\/p>\n","protected":false},"author":5,"featured_media":21834,"comment_status":"open","ping_status":"closed","sticky":false,"template":"","format":"standard","meta":{"_acf_changed":false,"footnotes":""},"categories":[152],"tags":[392,254,110],"class_list":{"0":"post-21833","1":"post","2":"type-post","3":"status-publish","4":"format-standard","5":"has-post-thumbnail","7":"category-mundo-futbol","8":"tag-cristiano-ronaldo","9":"tag-juventus","10":"tag-real-madrid"},"acf":[],"_links":{"self":[{"href":"https:\/\/futbolhoy.co\/index.php\/wp-json\/wp\/v2\/posts\/21833","targetHints":{"allow":["GET"]}}],"collection":[{"href":"https:\/\/futbolhoy.co\/index.php\/wp-json\/wp\/v2\/posts"}],"about":[{"href":"https:\/\/futbolhoy.co\/index.php\/wp-json\/wp\/v2\/types\/post"}],"author":[{"embeddable":true,"href":"https:\/\/futbolhoy.co\/index.php\/wp-json\/wp\/v2\/users\/5"}],"replies":[{"embeddable":true,"href":"https:\/\/futbolhoy.co\/index.php\/wp-json\/wp\/v2\/comments?post=21833"}],"version-history":[{"count":2,"href":"https:\/\/futbolhoy.co\/index.php\/wp-json\/wp\/v2\/posts\/21833\/revisions"}],"predecessor-version":[{"id":21836,"href":"https:\/\/futbolhoy.co\/index.php\/wp-json\/wp\/v2\/posts\/21833\/revisions\/21836"}],"wp:featuredmedia":[{"embeddable":true,"href":"https:\/\/futbolhoy.co\/index.php\/wp-json\/wp\/v2\/media\/21834"}],"wp:attachment":[{"href":"https:\/\/futbolhoy.co\/index.php\/wp-json\/wp\/v2\/media?parent=21833"}],"wp:term":[{"taxonomy":"category","embeddable":true,"href":"https:\/\/futbolhoy.co\/index.php\/wp-json\/wp\/v2\/categories?post=21833"},{"taxonomy":"post_tag","embeddable":true,"href":"https:\/\/futbolhoy.co\/index.php\/wp-json\/wp\/v2\/tags?post=21833"}],"curies":[{"name":"wp","href":"https:\/\/api.w.org\/{rel}","templated":true}]}}