{"id":21902,"date":"2018-07-10T10:36:27","date_gmt":"2018-07-10T15:36:27","guid":{"rendered":"http:\/\/futbolhoy.co\/?p=21902"},"modified":"2018-07-10T22:35:41","modified_gmt":"2018-07-11T03:35:41","slug":"macnelly-presentado-en-el-cali","status":"publish","type":"post","link":"https:\/\/futbolhoy.co\/index.php\/2018\/07\/10\/macnelly-presentado-en-el-cali\/","title":{"rendered":"Macnelly, presentado en el Cali"},"content":{"rendered":"<p style=\"text-align: justify;\"><span style=\"font-family: helvetica, arial, sans-serif;\">El volante creativo\u00a0<strong>Macnelly Torres<\/strong>\u00a0fue presentado como nuevo jugador del\u00a0<strong>Deportivo Cali,<\/strong>\u00a0club al cual llega procedente de\u00a0<strong>Atl\u00e9tico Nacional<\/strong>\u00a0como jugador libre y con un contrato de un a\u00f1o con opci\u00f3n de compra.<\/span><\/p>\n<p style=\"text-align: justify;\"><span style=\"font-family: helvetica, arial, sans-serif;\">Macnelly disput\u00f3 en el \u2018verde antioque\u00f1o\u2019 las \u00faltimas cuatro temporadas, jugando 120 partidos, marcando 19 goles y alcanzando como su principal t\u00edtulo, el de la\u00a0<strong>Copa Libertadores<\/strong>\u00a0en 2016 y la\u00a0<strong>Recopa Sudamericana\u00a0<\/strong>2017.<\/span><\/p>\n<p style=\"text-align: justify;\"><span style=\"font-family: helvetica, arial, sans-serif;\">\u201cLleg\u00f3 con una madurez futbol\u00edstica para aportar al equipo. No vengo con el inter\u00e9s de ser figura, sino en ser uno m\u00e1s y aportar desde mi lugar. Siempre pienso en competir al 100 % y ojal\u00e1 a fin de a\u00f1o estemos disputando el torneo nacional e internacional\u201d, declar\u00f3 Macnelly en la rueda de prensa de su presentaci\u00f3n.<\/span><\/p>\n<p style=\"text-align: justify;\"><span style=\"font-family: helvetica, arial, sans-serif;\">El jugador se unir\u00e1 a la pretemporada del\u00a0<strong>Cali<\/strong>\u00a0en\u00a0<strong>Pereira\u00a0<\/strong>y podr\u00eda debutar el viernes en el partido contra el\u00a0<strong>Quind\u00edo<\/strong>\u00a0por el cuadrangular amistoso del que tambi\u00e9n hacen parte el<strong>Once Caldas<\/strong>\u00a0y el conjunto \u2018mateca\u00f1a\u2019.<\/span><\/p>\n","protected":false},"excerpt":{"rendered":"<p>El volante creativo\u00a0Macnelly Torres\u00a0fue presentado como nuevo jugador del\u00a0Deportivo Cali,\u00a0club al cual llega procedente de\u00a0Atl\u00e9tico Nacional\u00a0como jugador libre y con un contrato de un a\u00f1o con opci\u00f3n de compra. Macnelly disput\u00f3 en el \u2018verde antioque\u00f1o\u2019 las \u00faltimas cuatro temporadas, jugando 120 partidos, marcando 19 goles y alcanzando como su principal t\u00edtulo, el de la\u00a0Copa Libertadores\u00a0en [&hellip;]<\/p>\n","protected":false},"author":5,"featured_media":21903,"comment_status":"open","ping_status":"closed","sticky":false,"template":"","format":"standard","meta":{"_acf_changed":false,"footnotes":""},"categories":[7],"tags":[264,537],"class_list":{"0":"post-21902","1":"post","2":"type-post","3":"status-publish","4":"format-standard","5":"has-post-thumbnail","7":"category-liga-betplay","8":"tag-deportivo-cali","9":"tag-macnelly-torres"},"acf":[],"_links":{"self":[{"href":"https:\/\/futbolhoy.co\/index.php\/wp-json\/wp\/v2\/posts\/21902","targetHints":{"allow":["GET"]}}],"collection":[{"href":"https:\/\/futbolhoy.co\/index.php\/wp-json\/wp\/v2\/posts"}],"about":[{"href":"https:\/\/futbolhoy.co\/index.php\/wp-json\/wp\/v2\/types\/post"}],"author":[{"embeddable":true,"href":"https:\/\/futbolhoy.co\/index.php\/wp-json\/wp\/v2\/users\/5"}],"replies":[{"embeddable":true,"href":"https:\/\/futbolhoy.co\/index.php\/wp-json\/wp\/v2\/comments?post=21902"}],"version-history":[{"count":1,"href":"https:\/\/futbolhoy.co\/index.php\/wp-json\/wp\/v2\/posts\/21902\/revisions"}],"predecessor-version":[{"id":21904,"href":"https:\/\/futbolhoy.co\/index.php\/wp-json\/wp\/v2\/posts\/21902\/revisions\/21904"}],"wp:featuredmedia":[{"embeddable":true,"href":"https:\/\/futbolhoy.co\/index.php\/wp-json\/wp\/v2\/media\/21903"}],"wp:attachment":[{"href":"https:\/\/futbolhoy.co\/index.php\/wp-json\/wp\/v2\/media?parent=21902"}],"wp:term":[{"taxonomy":"category","embeddable":true,"href":"https:\/\/futbolhoy.co\/index.php\/wp-json\/wp\/v2\/categories?post=21902"},{"taxonomy":"post_tag","embeddable":true,"href":"https:\/\/futbolhoy.co\/index.php\/wp-json\/wp\/v2\/tags?post=21902"}],"curies":[{"name":"wp","href":"https:\/\/api.w.org\/{rel}","templated":true}]}}