{"id":21920,"date":"2018-07-10T10:39:19","date_gmt":"2018-07-10T15:39:19","guid":{"rendered":"http:\/\/futbolhoy.co\/?p=21920"},"modified":"2018-07-11T18:50:37","modified_gmt":"2018-07-11T23:50:37","slug":"no-conocemos-ofertas-por-yerry-mina-representante-del-futbolista","status":"publish","type":"post","link":"https:\/\/futbolhoy.co\/index.php\/2018\/07\/10\/no-conocemos-ofertas-por-yerry-mina-representante-del-futbolista\/","title":{"rendered":"No conocemos ofertas por Yerry Mina: representante del futbolista"},"content":{"rendered":"<p class=\"m_-5511592081743973746ydp1d9e220MsoNormal\" style=\"text-align: justify;\"><span style=\"font-family: helvetica, arial, sans-serif;\">El representante del zaguero caucano <strong>Yerry Mina,<\/strong> su t\u00edo Yair, neg\u00f3 que hayan recibido ofertas de la <strong>Liga Premier<\/strong> o conozcan alg\u00fan inter\u00e9s de <strong>Everton<\/strong>.<\/span><\/p>\n<p class=\"m_-5511592081743973746ydp1d9e220MsoNormal\" style=\"text-align: justify;\"><span style=\"font-family: helvetica, arial, sans-serif;\"><i>\u00abNo es cierto que Yerry haya fichado por el Everton (&#8230;) Son muchos los equipos que est\u00e1n interesados, pero primero queremos saber cu\u00e1les son los planes con \u00e9l. Cuando lo sepamos, decidiremos. El jugador tiene como prioridad jugar, as\u00ed que si no puede hacerlo en el Bar\u00e7a, lo har\u00e1 en otro equipo\u00bb<\/i>, dijo Yair a Mundo Deportivo.<\/span><\/p>\n<p class=\"m_-5511592081743973746ydp1d9e220MsoNormal\" style=\"text-align: justify;\"><span style=\"font-family: helvetica, arial, sans-serif;\">El vocero dej\u00f3 entrever que el futbolista no est\u00e1 dispuesto a permanecer una temporada m\u00e1s en el banco del <strong>Barcelona<\/strong><\/span><\/p>\n","protected":false},"excerpt":{"rendered":"<p>El representante del zaguero caucano Yerry Mina, su t\u00edo Yair, neg\u00f3 que hayan recibido ofertas de la Liga Premier o conozcan alg\u00fan inter\u00e9s de Everton. \u00abNo es cierto que Yerry haya fichado por el Everton (&#8230;) Son muchos los equipos que est\u00e1n interesados, pero primero queremos saber cu\u00e1les son los planes con \u00e9l. Cuando lo [&hellip;]<\/p>\n","protected":false},"author":5,"featured_media":21921,"comment_status":"open","ping_status":"closed","sticky":false,"template":"","format":"standard","meta":{"_acf_changed":false,"footnotes":""},"categories":[418],"tags":[722,269],"class_list":{"0":"post-21920","1":"post","2":"type-post","3":"status-publish","4":"format-standard","5":"has-post-thumbnail","7":"category-colombia","8":"tag-barcelona","9":"tag-yerry-mina"},"acf":[],"_links":{"self":[{"href":"https:\/\/futbolhoy.co\/index.php\/wp-json\/wp\/v2\/posts\/21920","targetHints":{"allow":["GET"]}}],"collection":[{"href":"https:\/\/futbolhoy.co\/index.php\/wp-json\/wp\/v2\/posts"}],"about":[{"href":"https:\/\/futbolhoy.co\/index.php\/wp-json\/wp\/v2\/types\/post"}],"author":[{"embeddable":true,"href":"https:\/\/futbolhoy.co\/index.php\/wp-json\/wp\/v2\/users\/5"}],"replies":[{"embeddable":true,"href":"https:\/\/futbolhoy.co\/index.php\/wp-json\/wp\/v2\/comments?post=21920"}],"version-history":[{"count":1,"href":"https:\/\/futbolhoy.co\/index.php\/wp-json\/wp\/v2\/posts\/21920\/revisions"}],"predecessor-version":[{"id":21922,"href":"https:\/\/futbolhoy.co\/index.php\/wp-json\/wp\/v2\/posts\/21920\/revisions\/21922"}],"wp:featuredmedia":[{"embeddable":true,"href":"https:\/\/futbolhoy.co\/index.php\/wp-json\/wp\/v2\/media\/21921"}],"wp:attachment":[{"href":"https:\/\/futbolhoy.co\/index.php\/wp-json\/wp\/v2\/media?parent=21920"}],"wp:term":[{"taxonomy":"category","embeddable":true,"href":"https:\/\/futbolhoy.co\/index.php\/wp-json\/wp\/v2\/categories?post=21920"},{"taxonomy":"post_tag","embeddable":true,"href":"https:\/\/futbolhoy.co\/index.php\/wp-json\/wp\/v2\/tags?post=21920"}],"curies":[{"name":"wp","href":"https:\/\/api.w.org\/{rel}","templated":true}]}}