{"id":21972,"date":"2018-07-12T18:39:07","date_gmt":"2018-07-12T23:39:07","guid":{"rendered":"http:\/\/futbolhoy.co\/?p=21972"},"modified":"2018-07-12T18:39:07","modified_gmt":"2018-07-12T23:39:07","slug":"joao-rodriguez-al-tenerife","status":"publish","type":"post","link":"https:\/\/futbolhoy.co\/index.php\/2018\/07\/12\/joao-rodriguez-al-tenerife\/","title":{"rendered":"Joao Rodr\u00edguez, al Tenerife"},"content":{"rendered":"<p style=\"text-align: justify;\"><span style=\"font-family: helvetica, arial, sans-serif;\">El\u00a0<strong>Tenerife<\/strong>\u00a0anunci\u00f3 al delantero colombiano\u00a0<strong>Joao Rodr\u00edguez<\/strong>\u00a0como su nuevo refuerzo para la temporada 2018-2019 de la segunda divisi\u00f3n de\u00a0<strong>Espa\u00f1a<\/strong>, a pr\u00e9stamo del\u00a0<strong>Chelsea<\/strong>\u00a0brit\u00e1nico, due\u00f1o de sus derechos deportivos.<\/span><\/p>\n<p style=\"text-align: justify;\"><span style=\"font-family: helvetica, arial, sans-serif;\">El jugador, de 22 a\u00f1os, se unir\u00e1 al vasco\u00a0<strong>Iker Undabarrena<\/strong>, como las incorporaciones del club para la pr\u00f3xima campa\u00f1a.<\/span><\/p>\n<p><span style=\"font-family: helvetica, arial, sans-serif;\"> Rodr\u00edguez ha militado en el\u00a0<strong>Cali<\/strong>, <strong>Quind\u00edo, Uniaut\u00f3noma,<\/strong>\u00a0<strong>Santa Fe<\/strong>\u00a0y <strong>Cortulu\u00e1<\/strong> en <strong>Colombia<\/strong>;\u00a0<strong>Vitoria<\/strong>\u00a0portugu\u00e9s,\u00a0<strong>Bastia<\/strong>\u00a0de <strong>Francia<\/strong> y <strong>Sint-Truiden<\/strong> de <strong>B\u00e9lgica;<\/strong> mientras que en el <strong>Tampico Madero<\/strong> mexicano jug\u00f3 en su \u00faltimo a\u00f1o 23 partidos y marc\u00f3 8 goles.<\/span><\/p>\n","protected":false},"excerpt":{"rendered":"<p>El\u00a0Tenerife\u00a0anunci\u00f3 al delantero colombiano\u00a0Joao Rodr\u00edguez\u00a0como su nuevo refuerzo para la temporada 2018-2019 de la segunda divisi\u00f3n de\u00a0Espa\u00f1a, a pr\u00e9stamo del\u00a0Chelsea\u00a0brit\u00e1nico, due\u00f1o de sus derechos deportivos. El jugador, de 22 a\u00f1os, se unir\u00e1 al vasco\u00a0Iker Undabarrena, como las incorporaciones del club para la pr\u00f3xima campa\u00f1a. Rodr\u00edguez ha militado en el\u00a0Cali, Quind\u00edo, Uniaut\u00f3noma,\u00a0Santa Fe\u00a0y Cortulu\u00e1 en Colombia;\u00a0Vitoria\u00a0portugu\u00e9s,\u00a0Bastia\u00a0de [&hellip;]<\/p>\n","protected":false},"author":5,"featured_media":21973,"comment_status":"open","ping_status":"open","sticky":false,"template":"","format":"standard","meta":{"_acf_changed":false,"footnotes":""},"categories":[152],"tags":[982,981],"class_list":{"0":"post-21972","1":"post","2":"type-post","3":"status-publish","4":"format-standard","5":"has-post-thumbnail","7":"category-mundo-futbol","8":"tag-joao-rodriguez","9":"tag-tenerife"},"acf":[],"yoast_head":"<!-- This site is optimized with the Yoast SEO plugin v26.8 - https:\/\/yoast.com\/product\/yoast-seo-wordpress\/ -->\n<title>Joao Rodr\u00edguez, al Tenerife -<\/title>\n<meta name=\"robots\" content=\"index, follow, max-snippet:-1, max-image-preview:large, max-video-preview:-1\" \/>\n<link rel=\"canonical\" href=\"https:\/\/futbolhoy.co\/index.php\/2018\/07\/12\/joao-rodriguez-al-tenerife\/\" \/>\n<meta property=\"og:locale\" content=\"es_ES\" \/>\n<meta property=\"og:type\" content=\"article\" \/>\n<meta property=\"og:title\" content=\"Joao Rodr\u00edguez, al Tenerife -\" \/>\n<meta property=\"og:description\" content=\"El\u00a0Tenerife\u00a0anunci\u00f3 al delantero colombiano\u00a0Joao Rodr\u00edguez\u00a0como su nuevo refuerzo para la temporada 2018-2019 de la segunda divisi\u00f3n de\u00a0Espa\u00f1a, a pr\u00e9stamo del\u00a0Chelsea\u00a0brit\u00e1nico, due\u00f1o de sus derechos deportivos. El jugador, de 22 a\u00f1os, se unir\u00e1 al vasco\u00a0Iker Undabarrena, como las incorporaciones del club para la pr\u00f3xima campa\u00f1a. Rodr\u00edguez ha militado en el\u00a0Cali, Quind\u00edo, Uniaut\u00f3noma,\u00a0Santa Fe\u00a0y Cortulu\u00e1 en Colombia;\u00a0Vitoria\u00a0portugu\u00e9s,\u00a0Bastia\u00a0de [&hellip;]\" \/>\n<meta property=\"og:url\" content=\"https:\/\/futbolhoy.co\/index.php\/2018\/07\/12\/joao-rodriguez-al-tenerife\/\" \/>\n<meta property=\"article:publisher\" content=\"https:\/\/www.facebook.com\/FutbolHoyCol\/\" \/>\n<meta property=\"article:published_time\" content=\"2018-07-12T23:39:07+00:00\" \/>\n<meta property=\"og:image\" content=\"https:\/\/futbolhoy.co\/wp-content\/uploads\/2018\/07\/Tronco.jpg\" \/>\n\t<meta property=\"og:image:width\" content=\"948\" \/>\n\t<meta property=\"og:image:height\" content=\"632\" \/>\n\t<meta property=\"og:image:type\" content=\"image\/jpeg\" \/>\n<meta name=\"author\" content=\"Laura Hern\u00e1ndez\" \/>\n<meta name=\"twitter:card\" content=\"summary_large_image\" \/>\n<meta name=\"twitter:creator\" content=\"@FutbolHoyCol\" \/>\n<meta name=\"twitter:site\" content=\"@FutbolHoyCol\" \/>\n<meta name=\"twitter:label1\" content=\"Escrito por\" \/>\n\t<meta name=\"twitter:data1\" content=\"Laura Hern\u00e1ndez\" \/>\n\t<meta name=\"twitter:label2\" content=\"Tiempo de lectura\" \/>\n\t<meta name=\"twitter:data2\" content=\"1 minuto\" \/>\n<script type=\"application\/ld+json\" class=\"yoast-schema-graph\">{\"@context\":\"https:\/\/schema.org\",\"@graph\":[{\"@type\":\"Article\",\"@id\":\"https:\/\/futbolhoy.co\/index.php\/2018\/07\/12\/joao-rodriguez-al-tenerife\/#article\",\"isPartOf\":{\"@id\":\"https:\/\/futbolhoy.co\/index.php\/2018\/07\/12\/joao-rodriguez-al-tenerife\/\"},\"author\":{\"name\":\"Laura Hern\u00e1ndez\",\"@id\":\"https:\/\/futbolhoy.co\/#\/schema\/person\/c4a353a512b127643723a34bb1812f7d\"},\"headline\":\"Joao Rodr\u00edguez, al Tenerife\",\"datePublished\":\"2018-07-12T23:39:07+00:00\",\"mainEntityOfPage\":{\"@id\":\"https:\/\/futbolhoy.co\/index.php\/2018\/07\/12\/joao-rodriguez-al-tenerife\/\"},\"wordCount\":110,\"commentCount\":0,\"publisher\":{\"@id\":\"https:\/\/futbolhoy.co\/#organization\"},\"image\":{\"@id\":\"https:\/\/futbolhoy.co\/index.php\/2018\/07\/12\/joao-rodriguez-al-tenerife\/#primaryimage\"},\"thumbnailUrl\":\"https:\/\/futbolhoy.co\/wp-content\/uploads\/2018\/07\/Tronco.jpg\",\"keywords\":[\"Joao Rodr\u00edguez\",\"Tenerife\"],\"articleSection\":[\"Mundo Futbol\"],\"inLanguage\":\"es\",\"potentialAction\":[{\"@type\":\"CommentAction\",\"name\":\"Comment\",\"target\":[\"https:\/\/futbolhoy.co\/index.php\/2018\/07\/12\/joao-rodriguez-al-tenerife\/#respond\"]}]},{\"@type\":\"WebPage\",\"@id\":\"https:\/\/futbolhoy.co\/index.php\/2018\/07\/12\/joao-rodriguez-al-tenerife\/\",\"url\":\"https:\/\/futbolhoy.co\/index.php\/2018\/07\/12\/joao-rodriguez-al-tenerife\/\",\"name\":\"Joao Rodr\u00edguez, al Tenerife -\",\"isPartOf\":{\"@id\":\"https:\/\/futbolhoy.co\/#website\"},\"primaryImageOfPage\":{\"@id\":\"https:\/\/futbolhoy.co\/index.php\/2018\/07\/12\/joao-rodriguez-al-tenerife\/#primaryimage\"},\"image\":{\"@id\":\"https:\/\/futbolhoy.co\/index.php\/2018\/07\/12\/joao-rodriguez-al-tenerife\/#primaryimage\"},\"thumbnailUrl\":\"https:\/\/futbolhoy.co\/wp-content\/uploads\/2018\/07\/Tronco.jpg\",\"datePublished\":\"2018-07-12T23:39:07+00:00\",\"breadcrumb\":{\"@id\":\"https:\/\/futbolhoy.co\/index.php\/2018\/07\/12\/joao-rodriguez-al-tenerife\/#breadcrumb\"},\"inLanguage\":\"es\",\"potentialAction\":[{\"@type\":\"ReadAction\",\"target\":[\"https:\/\/futbolhoy.co\/index.php\/2018\/07\/12\/joao-rodriguez-al-tenerife\/\"]}]},{\"@type\":\"ImageObject\",\"inLanguage\":\"es\",\"@id\":\"https:\/\/futbolhoy.co\/index.php\/2018\/07\/12\/joao-rodriguez-al-tenerife\/#primaryimage\",\"url\":\"https:\/\/futbolhoy.co\/wp-content\/uploads\/2018\/07\/Tronco.jpg\",\"contentUrl\":\"https:\/\/futbolhoy.co\/wp-content\/uploads\/2018\/07\/Tronco.jpg\",\"width\":948,\"height\":632,\"caption\":\"@CDTOficial\"},{\"@type\":\"BreadcrumbList\",\"@id\":\"https:\/\/futbolhoy.co\/index.php\/2018\/07\/12\/joao-rodriguez-al-tenerife\/#breadcrumb\",\"itemListElement\":[{\"@type\":\"ListItem\",\"position\":1,\"name\":\"Portada\",\"item\":\"https:\/\/futbolhoy.co\/\"},{\"@type\":\"ListItem\",\"position\":2,\"name\":\"Joao Rodr\u00edguez, al Tenerife\"}]},{\"@type\":\"WebSite\",\"@id\":\"https:\/\/futbolhoy.co\/#website\",\"url\":\"https:\/\/futbolhoy.co\/\",\"name\":\"FutbolHoy\",\"description\":\"\",\"publisher\":{\"@id\":\"https:\/\/futbolhoy.co\/#organization\"},\"potentialAction\":[{\"@type\":\"SearchAction\",\"target\":{\"@type\":\"EntryPoint\",\"urlTemplate\":\"https:\/\/futbolhoy.co\/?s={search_term_string}\"},\"query-input\":{\"@type\":\"PropertyValueSpecification\",\"valueRequired\":true,\"valueName\":\"search_term_string\"}}],\"inLanguage\":\"es\"},{\"@type\":\"Organization\",\"@id\":\"https:\/\/futbolhoy.co\/#organization\",\"name\":\"Futbolhoy.co\",\"url\":\"https:\/\/futbolhoy.co\/\",\"logo\":{\"@type\":\"ImageObject\",\"inLanguage\":\"es\",\"@id\":\"https:\/\/futbolhoy.co\/#\/schema\/logo\/image\/\",\"url\":\"https:\/\/futbolhoy.co\/wp-content\/uploads\/2018\/08\/17426380_1906371736249227_6326180412931521141_n.jpg\",\"contentUrl\":\"https:\/\/futbolhoy.co\/wp-content\/uploads\/2018\/08\/17426380_1906371736249227_6326180412931521141_n.jpg\",\"width\":960,\"height\":960,\"caption\":\"Futbolhoy.co\"},\"image\":{\"@id\":\"https:\/\/futbolhoy.co\/#\/schema\/logo\/image\/\"},\"sameAs\":[\"https:\/\/www.facebook.com\/FutbolHoyCol\/\",\"https:\/\/x.com\/FutbolHoyCol\",\"https:\/\/www.instagram.com\/futbolhoycol\/\"]},{\"@type\":\"Person\",\"@id\":\"https:\/\/futbolhoy.co\/#\/schema\/person\/c4a353a512b127643723a34bb1812f7d\",\"name\":\"Laura Hern\u00e1ndez\",\"image\":{\"@type\":\"ImageObject\",\"inLanguage\":\"es\",\"@id\":\"https:\/\/futbolhoy.co\/#\/schema\/person\/image\/\",\"url\":\"https:\/\/secure.gravatar.com\/avatar\/d25959a15b9b293a743f99181c7cfd01?s=96&d=mm&r=g\",\"contentUrl\":\"https:\/\/secure.gravatar.com\/avatar\/d25959a15b9b293a743f99181c7cfd01?s=96&d=mm&r=g\",\"caption\":\"Laura Hern\u00e1ndez\"}}]}<\/script>\n<!-- \/ Yoast SEO plugin. -->","yoast_head_json":{"title":"Joao Rodr\u00edguez, al Tenerife -","robots":{"index":"index","follow":"follow","max-snippet":"max-snippet:-1","max-image-preview":"max-image-preview:large","max-video-preview":"max-video-preview:-1"},"canonical":"https:\/\/futbolhoy.co\/index.php\/2018\/07\/12\/joao-rodriguez-al-tenerife\/","og_locale":"es_ES","og_type":"article","og_title":"Joao Rodr\u00edguez, al Tenerife -","og_description":"El\u00a0Tenerife\u00a0anunci\u00f3 al delantero colombiano\u00a0Joao Rodr\u00edguez\u00a0como su nuevo refuerzo para la temporada 2018-2019 de la segunda divisi\u00f3n de\u00a0Espa\u00f1a, a pr\u00e9stamo del\u00a0Chelsea\u00a0brit\u00e1nico, due\u00f1o de sus derechos deportivos. El jugador, de 22 a\u00f1os, se unir\u00e1 al vasco\u00a0Iker Undabarrena, como las incorporaciones del club para la pr\u00f3xima campa\u00f1a. Rodr\u00edguez ha militado en el\u00a0Cali, Quind\u00edo, Uniaut\u00f3noma,\u00a0Santa Fe\u00a0y Cortulu\u00e1 en Colombia;\u00a0Vitoria\u00a0portugu\u00e9s,\u00a0Bastia\u00a0de [&hellip;]","og_url":"https:\/\/futbolhoy.co\/index.php\/2018\/07\/12\/joao-rodriguez-al-tenerife\/","article_publisher":"https:\/\/www.facebook.com\/FutbolHoyCol\/","article_published_time":"2018-07-12T23:39:07+00:00","og_image":[{"width":948,"height":632,"url":"https:\/\/futbolhoy.co\/wp-content\/uploads\/2018\/07\/Tronco.jpg","type":"image\/jpeg"}],"author":"Laura Hern\u00e1ndez","twitter_card":"summary_large_image","twitter_creator":"@FutbolHoyCol","twitter_site":"@FutbolHoyCol","twitter_misc":{"Escrito por":"Laura Hern\u00e1ndez","Tiempo de lectura":"1 minuto"},"schema":{"@context":"https:\/\/schema.org","@graph":[{"@type":"Article","@id":"https:\/\/futbolhoy.co\/index.php\/2018\/07\/12\/joao-rodriguez-al-tenerife\/#article","isPartOf":{"@id":"https:\/\/futbolhoy.co\/index.php\/2018\/07\/12\/joao-rodriguez-al-tenerife\/"},"author":{"name":"Laura Hern\u00e1ndez","@id":"https:\/\/futbolhoy.co\/#\/schema\/person\/c4a353a512b127643723a34bb1812f7d"},"headline":"Joao Rodr\u00edguez, al Tenerife","datePublished":"2018-07-12T23:39:07+00:00","mainEntityOfPage":{"@id":"https:\/\/futbolhoy.co\/index.php\/2018\/07\/12\/joao-rodriguez-al-tenerife\/"},"wordCount":110,"commentCount":0,"publisher":{"@id":"https:\/\/futbolhoy.co\/#organization"},"image":{"@id":"https:\/\/futbolhoy.co\/index.php\/2018\/07\/12\/joao-rodriguez-al-tenerife\/#primaryimage"},"thumbnailUrl":"https:\/\/futbolhoy.co\/wp-content\/uploads\/2018\/07\/Tronco.jpg","keywords":["Joao Rodr\u00edguez","Tenerife"],"articleSection":["Mundo Futbol"],"inLanguage":"es","potentialAction":[{"@type":"CommentAction","name":"Comment","target":["https:\/\/futbolhoy.co\/index.php\/2018\/07\/12\/joao-rodriguez-al-tenerife\/#respond"]}]},{"@type":"WebPage","@id":"https:\/\/futbolhoy.co\/index.php\/2018\/07\/12\/joao-rodriguez-al-tenerife\/","url":"https:\/\/futbolhoy.co\/index.php\/2018\/07\/12\/joao-rodriguez-al-tenerife\/","name":"Joao Rodr\u00edguez, al Tenerife -","isPartOf":{"@id":"https:\/\/futbolhoy.co\/#website"},"primaryImageOfPage":{"@id":"https:\/\/futbolhoy.co\/index.php\/2018\/07\/12\/joao-rodriguez-al-tenerife\/#primaryimage"},"image":{"@id":"https:\/\/futbolhoy.co\/index.php\/2018\/07\/12\/joao-rodriguez-al-tenerife\/#primaryimage"},"thumbnailUrl":"https:\/\/futbolhoy.co\/wp-content\/uploads\/2018\/07\/Tronco.jpg","datePublished":"2018-07-12T23:39:07+00:00","breadcrumb":{"@id":"https:\/\/futbolhoy.co\/index.php\/2018\/07\/12\/joao-rodriguez-al-tenerife\/#breadcrumb"},"inLanguage":"es","potentialAction":[{"@type":"ReadAction","target":["https:\/\/futbolhoy.co\/index.php\/2018\/07\/12\/joao-rodriguez-al-tenerife\/"]}]},{"@type":"ImageObject","inLanguage":"es","@id":"https:\/\/futbolhoy.co\/index.php\/2018\/07\/12\/joao-rodriguez-al-tenerife\/#primaryimage","url":"https:\/\/futbolhoy.co\/wp-content\/uploads\/2018\/07\/Tronco.jpg","contentUrl":"https:\/\/futbolhoy.co\/wp-content\/uploads\/2018\/07\/Tronco.jpg","width":948,"height":632,"caption":"@CDTOficial"},{"@type":"BreadcrumbList","@id":"https:\/\/futbolhoy.co\/index.php\/2018\/07\/12\/joao-rodriguez-al-tenerife\/#breadcrumb","itemListElement":[{"@type":"ListItem","position":1,"name":"Portada","item":"https:\/\/futbolhoy.co\/"},{"@type":"ListItem","position":2,"name":"Joao Rodr\u00edguez, al Tenerife"}]},{"@type":"WebSite","@id":"https:\/\/futbolhoy.co\/#website","url":"https:\/\/futbolhoy.co\/","name":"FutbolHoy","description":"","publisher":{"@id":"https:\/\/futbolhoy.co\/#organization"},"potentialAction":[{"@type":"SearchAction","target":{"@type":"EntryPoint","urlTemplate":"https:\/\/futbolhoy.co\/?s={search_term_string}"},"query-input":{"@type":"PropertyValueSpecification","valueRequired":true,"valueName":"search_term_string"}}],"inLanguage":"es"},{"@type":"Organization","@id":"https:\/\/futbolhoy.co\/#organization","name":"Futbolhoy.co","url":"https:\/\/futbolhoy.co\/","logo":{"@type":"ImageObject","inLanguage":"es","@id":"https:\/\/futbolhoy.co\/#\/schema\/logo\/image\/","url":"https:\/\/futbolhoy.co\/wp-content\/uploads\/2018\/08\/17426380_1906371736249227_6326180412931521141_n.jpg","contentUrl":"https:\/\/futbolhoy.co\/wp-content\/uploads\/2018\/08\/17426380_1906371736249227_6326180412931521141_n.jpg","width":960,"height":960,"caption":"Futbolhoy.co"},"image":{"@id":"https:\/\/futbolhoy.co\/#\/schema\/logo\/image\/"},"sameAs":["https:\/\/www.facebook.com\/FutbolHoyCol\/","https:\/\/x.com\/FutbolHoyCol","https:\/\/www.instagram.com\/futbolhoycol\/"]},{"@type":"Person","@id":"https:\/\/futbolhoy.co\/#\/schema\/person\/c4a353a512b127643723a34bb1812f7d","name":"Laura Hern\u00e1ndez","image":{"@type":"ImageObject","inLanguage":"es","@id":"https:\/\/futbolhoy.co\/#\/schema\/person\/image\/","url":"https:\/\/secure.gravatar.com\/avatar\/d25959a15b9b293a743f99181c7cfd01?s=96&d=mm&r=g","contentUrl":"https:\/\/secure.gravatar.com\/avatar\/d25959a15b9b293a743f99181c7cfd01?s=96&d=mm&r=g","caption":"Laura Hern\u00e1ndez"}}]}},"publishpress_future_action":{"enabled":false,"date":"2026-05-05 12:42:40","action":"change-status","newStatus":"draft","terms":[],"taxonomy":"category","extraData":[]},"publishpress_future_workflow_manual_trigger":{"enabledWorkflows":[]},"_links":{"self":[{"href":"https:\/\/futbolhoy.co\/index.php\/wp-json\/wp\/v2\/posts\/21972","targetHints":{"allow":["GET"]}}],"collection":[{"href":"https:\/\/futbolhoy.co\/index.php\/wp-json\/wp\/v2\/posts"}],"about":[{"href":"https:\/\/futbolhoy.co\/index.php\/wp-json\/wp\/v2\/types\/post"}],"author":[{"embeddable":true,"href":"https:\/\/futbolhoy.co\/index.php\/wp-json\/wp\/v2\/users\/5"}],"replies":[{"embeddable":true,"href":"https:\/\/futbolhoy.co\/index.php\/wp-json\/wp\/v2\/comments?post=21972"}],"version-history":[{"count":2,"href":"https:\/\/futbolhoy.co\/index.php\/wp-json\/wp\/v2\/posts\/21972\/revisions"}],"predecessor-version":[{"id":21975,"href":"https:\/\/futbolhoy.co\/index.php\/wp-json\/wp\/v2\/posts\/21972\/revisions\/21975"}],"wp:featuredmedia":[{"embeddable":true,"href":"https:\/\/futbolhoy.co\/index.php\/wp-json\/wp\/v2\/media\/21973"}],"wp:attachment":[{"href":"https:\/\/futbolhoy.co\/index.php\/wp-json\/wp\/v2\/media?parent=21972"}],"wp:term":[{"taxonomy":"category","embeddable":true,"href":"https:\/\/futbolhoy.co\/index.php\/wp-json\/wp\/v2\/categories?post=21972"},{"taxonomy":"post_tag","embeddable":true,"href":"https:\/\/futbolhoy.co\/index.php\/wp-json\/wp\/v2\/tags?post=21972"}],"curies":[{"name":"wp","href":"https:\/\/api.w.org\/{rel}","templated":true}]}}