{"id":22109,"date":"2018-07-15T11:58:43","date_gmt":"2018-07-15T16:58:43","guid":{"rendered":"http:\/\/futbolhoy.co\/?p=22109"},"modified":"2018-07-16T09:41:26","modified_gmt":"2018-07-16T14:41:26","slug":"sampaoli-saldra-de-argentina","status":"publish","type":"post","link":"https:\/\/futbolhoy.co\/index.php\/2018\/07\/15\/sampaoli-saldra-de-argentina\/","title":{"rendered":"Sampaoli deja de ser el t\u00e9cnico de Argentina"},"content":{"rendered":"<p class=\"m_-2060052276708625437ydp9fdd1f9fMsoNormal\" style=\"text-align: justify;\"><span style=\"font-family: helvetica, arial, sans-serif;\"><b>Jorge Sampaoli<\/b>\u00a0y la\u00a0<b>Asociaci\u00f3n del F\u00fatbol Argentino<\/b>\u00a0(<b>AFA<\/b>) llegaron a un acuerdo donde el t\u00e9cnico dej\u00f3 el banquillo de la selecci\u00f3n nacional, luego del considerado fracaso del equipo albiceleste en el\u00a0<b>Mundial Rusia<\/b>, donde fue eliminado en los octavos de final a manos de Francia.<\/span><\/p>\n<p class=\"m_-2060052276708625437ydp9fdd1f9fMsoNormal\" style=\"text-align: justify;\"><span style=\"font-family: helvetica, arial, sans-serif;\">El comunicado oficial de la asociaci\u00f3n Argentina cita:<\/span><\/p>\n<p class=\"m_-2060052276708625437ydp9fdd1f9fMsoNormal\" style=\"text-align: justify;\"><em><span style=\"font-family: helvetica, arial, sans-serif;\">\"En el d\u00eda de hoy, la Asociaci\u00f3n del F\u00fatbol Argentino y el ex\u00a0entrenador\u00a0de la Selecci\u00f3n Nacional, Jorge Sampaoli, han acordado de mutuo acuerdo la rescisi\u00f3n de su contrato. Asimismo, tambi\u00e9n se desvincularon el Preparador F\u00edsico, Jorge Desio y el analista de video, Mat\u00edas Manna.\u00a0<\/span><\/em><\/p>\n<p><em><span style=\"font-family: helvetica, arial, sans-serif;\">El pr\u00f3ximo martes se definir\u00e1 qui\u00e9n\u00a0estar\u00e1 a cargo\u00a0del Seleccionado Sub 20 en el torneo COTIF L\u00b4Alcudia 2018.<\/span><\/em><\/p>\n<p><em><span style=\"font-family: helvetica, arial, sans-serif;\">Esta Asociaci\u00f3n les agradece a los profesionales la actividad desarrollada dentro del Seleccionado durante su ciclo. \"<\/span><\/em><\/p>\n<blockquote class=\"twitter-tweet\" data-lang=\"es\">\n<p dir=\"ltr\" lang=\"es\">[SELECCI\u00d3N MAYOR] En el d\u00eda de la fecha, la <a href=\"https:\/\/twitter.com\/afa?ref_src=twsrc%5Etfw\">@AFA<\/a> y Jorge Sampaoli llegaron a un acuerdo mutuo para terminar su ciclo al mando de la Selecci\u00f3n Argentina <a href=\"https:\/\/t.co\/VUhqiiswnJ\">https:\/\/t.co\/VUhqiiswnJ<\/a> <a href=\"https:\/\/t.co\/R0SxoxxPnc\">pic.twitter.com\/R0SxoxxPnc<\/a><\/p>\n<p>\u2014 Selecci\u00f3n Argentina (@Argentina) <a href=\"https:\/\/twitter.com\/Argentina\/status\/1018571869925072896?ref_src=twsrc%5Etfw\">15 de julio de 2018<\/a><\/p><\/blockquote>\n<p><script async src=\"https:\/\/platform.twitter.com\/widgets.js\" charset=\"utf-8\"><\/script><\/p>\n","protected":false},"excerpt":{"rendered":"<p>Jorge Sampaoli\u00a0y la\u00a0Asociaci\u00f3n del F\u00fatbol Argentino\u00a0(AFA) llegaron a un acuerdo donde el t\u00e9cnico dej\u00f3 el banquillo de la selecci\u00f3n nacional, luego del considerado fracaso del equipo albiceleste en el\u00a0Mundial Rusia, donde fue eliminado en los octavos de final a manos de Francia. El comunicado oficial de la asociaci\u00f3n Argentina cita: \"En el d\u00eda de hoy, [&hellip;]<\/p>\n","protected":false},"author":5,"featured_media":623,"comment_status":"open","ping_status":"open","sticky":false,"template":"","format":"standard","meta":{"_acf_changed":false,"footnotes":""},"categories":[152],"tags":[334,244],"class_list":{"0":"post-22109","1":"post","2":"type-post","3":"status-publish","4":"format-standard","5":"has-post-thumbnail","7":"category-mundo-futbol","8":"tag-jorge-sampaoli","9":"tag-seleccion-argentina"},"acf":[],"yoast_head":"<!-- This site is optimized with the Yoast SEO plugin v26.8 - https:\/\/yoast.com\/product\/yoast-seo-wordpress\/ -->\n<title>Sampaoli deja de ser el t\u00e9cnico de Argentina -<\/title>\n<meta name=\"robots\" content=\"index, follow, max-snippet:-1, max-image-preview:large, max-video-preview:-1\" \/>\n<link rel=\"canonical\" href=\"https:\/\/futbolhoy.co\/index.php\/2018\/07\/15\/sampaoli-saldra-de-argentina\/\" \/>\n<meta property=\"og:locale\" content=\"es_ES\" \/>\n<meta property=\"og:type\" content=\"article\" \/>\n<meta property=\"og:title\" content=\"Sampaoli deja de ser el t\u00e9cnico de Argentina -\" \/>\n<meta property=\"og:description\" content=\"Jorge Sampaoli\u00a0y la\u00a0Asociaci\u00f3n del F\u00fatbol Argentino\u00a0(AFA) llegaron a un acuerdo donde el t\u00e9cnico dej\u00f3 el banquillo de la selecci\u00f3n nacional, luego del considerado fracaso del equipo albiceleste en el\u00a0Mundial Rusia, donde fue eliminado en los octavos de final a manos de Francia. El comunicado oficial de la asociaci\u00f3n Argentina cita: &quot;En el d\u00eda de hoy, [&hellip;]\" \/>\n<meta property=\"og:url\" content=\"https:\/\/futbolhoy.co\/index.php\/2018\/07\/15\/sampaoli-saldra-de-argentina\/\" \/>\n<meta property=\"article:publisher\" content=\"https:\/\/www.facebook.com\/FutbolHoyCol\/\" \/>\n<meta property=\"article:published_time\" content=\"2018-07-15T16:58:43+00:00\" \/>\n<meta property=\"article:modified_time\" content=\"2018-07-16T14:41:26+00:00\" \/>\n<meta property=\"og:image\" content=\"https:\/\/futbolhoy.co\/wp-content\/uploads\/2017\/09\/Sampaoli.jpg\" \/>\n\t<meta property=\"og:image:width\" content=\"670\" \/>\n\t<meta property=\"og:image:height\" content=\"380\" \/>\n\t<meta property=\"og:image:type\" content=\"image\/jpeg\" \/>\n<meta name=\"author\" content=\"Laura Hern\u00e1ndez\" \/>\n<meta name=\"twitter:card\" content=\"summary_large_image\" \/>\n<meta name=\"twitter:creator\" content=\"@FutbolHoyCol\" \/>\n<meta name=\"twitter:site\" content=\"@FutbolHoyCol\" \/>\n<meta name=\"twitter:label1\" content=\"Escrito por\" \/>\n\t<meta name=\"twitter:data1\" content=\"Laura Hern\u00e1ndez\" \/>\n\t<meta name=\"twitter:label2\" content=\"Tiempo de lectura\" \/>\n\t<meta name=\"twitter:data2\" content=\"1 minuto\" \/>\n<script type=\"application\/ld+json\" class=\"yoast-schema-graph\">{\"@context\":\"https:\/\/schema.org\",\"@graph\":[{\"@type\":\"Article\",\"@id\":\"https:\/\/futbolhoy.co\/index.php\/2018\/07\/15\/sampaoli-saldra-de-argentina\/#article\",\"isPartOf\":{\"@id\":\"https:\/\/futbolhoy.co\/index.php\/2018\/07\/15\/sampaoli-saldra-de-argentina\/\"},\"author\":{\"name\":\"Laura Hern\u00e1ndez\",\"@id\":\"https:\/\/futbolhoy.co\/#\/schema\/person\/c4a353a512b127643723a34bb1812f7d\"},\"headline\":\"Sampaoli deja de ser el t\u00e9cnico de Argentina\",\"datePublished\":\"2018-07-15T16:58:43+00:00\",\"dateModified\":\"2018-07-16T14:41:26+00:00\",\"mainEntityOfPage\":{\"@id\":\"https:\/\/futbolhoy.co\/index.php\/2018\/07\/15\/sampaoli-saldra-de-argentina\/\"},\"wordCount\":206,\"commentCount\":0,\"publisher\":{\"@id\":\"https:\/\/futbolhoy.co\/#organization\"},\"image\":{\"@id\":\"https:\/\/futbolhoy.co\/index.php\/2018\/07\/15\/sampaoli-saldra-de-argentina\/#primaryimage\"},\"thumbnailUrl\":\"https:\/\/futbolhoy.co\/wp-content\/uploads\/2017\/09\/Sampaoli.jpg\",\"keywords\":[\"Jorge Sampaoli\",\"Selecci\u00f3n Argentina\"],\"articleSection\":[\"Mundo Futbol\"],\"inLanguage\":\"es\",\"potentialAction\":[{\"@type\":\"CommentAction\",\"name\":\"Comment\",\"target\":[\"https:\/\/futbolhoy.co\/index.php\/2018\/07\/15\/sampaoli-saldra-de-argentina\/#respond\"]}]},{\"@type\":\"WebPage\",\"@id\":\"https:\/\/futbolhoy.co\/index.php\/2018\/07\/15\/sampaoli-saldra-de-argentina\/\",\"url\":\"https:\/\/futbolhoy.co\/index.php\/2018\/07\/15\/sampaoli-saldra-de-argentina\/\",\"name\":\"Sampaoli deja de ser el t\u00e9cnico de Argentina -\",\"isPartOf\":{\"@id\":\"https:\/\/futbolhoy.co\/#website\"},\"primaryImageOfPage\":{\"@id\":\"https:\/\/futbolhoy.co\/index.php\/2018\/07\/15\/sampaoli-saldra-de-argentina\/#primaryimage\"},\"image\":{\"@id\":\"https:\/\/futbolhoy.co\/index.php\/2018\/07\/15\/sampaoli-saldra-de-argentina\/#primaryimage\"},\"thumbnailUrl\":\"https:\/\/futbolhoy.co\/wp-content\/uploads\/2017\/09\/Sampaoli.jpg\",\"datePublished\":\"2018-07-15T16:58:43+00:00\",\"dateModified\":\"2018-07-16T14:41:26+00:00\",\"breadcrumb\":{\"@id\":\"https:\/\/futbolhoy.co\/index.php\/2018\/07\/15\/sampaoli-saldra-de-argentina\/#breadcrumb\"},\"inLanguage\":\"es\",\"potentialAction\":[{\"@type\":\"ReadAction\",\"target\":[\"https:\/\/futbolhoy.co\/index.php\/2018\/07\/15\/sampaoli-saldra-de-argentina\/\"]}]},{\"@type\":\"ImageObject\",\"inLanguage\":\"es\",\"@id\":\"https:\/\/futbolhoy.co\/index.php\/2018\/07\/15\/sampaoli-saldra-de-argentina\/#primaryimage\",\"url\":\"https:\/\/futbolhoy.co\/wp-content\/uploads\/2017\/09\/Sampaoli.jpg\",\"contentUrl\":\"https:\/\/futbolhoy.co\/wp-content\/uploads\/2017\/09\/Sampaoli.jpg\",\"width\":670,\"height\":380},{\"@type\":\"BreadcrumbList\",\"@id\":\"https:\/\/futbolhoy.co\/index.php\/2018\/07\/15\/sampaoli-saldra-de-argentina\/#breadcrumb\",\"itemListElement\":[{\"@type\":\"ListItem\",\"position\":1,\"name\":\"Portada\",\"item\":\"https:\/\/futbolhoy.co\/\"},{\"@type\":\"ListItem\",\"position\":2,\"name\":\"Sampaoli deja de ser el t\u00e9cnico de Argentina\"}]},{\"@type\":\"WebSite\",\"@id\":\"https:\/\/futbolhoy.co\/#website\",\"url\":\"https:\/\/futbolhoy.co\/\",\"name\":\"FutbolHoy\",\"description\":\"\",\"publisher\":{\"@id\":\"https:\/\/futbolhoy.co\/#organization\"},\"potentialAction\":[{\"@type\":\"SearchAction\",\"target\":{\"@type\":\"EntryPoint\",\"urlTemplate\":\"https:\/\/futbolhoy.co\/?s={search_term_string}\"},\"query-input\":{\"@type\":\"PropertyValueSpecification\",\"valueRequired\":true,\"valueName\":\"search_term_string\"}}],\"inLanguage\":\"es\"},{\"@type\":\"Organization\",\"@id\":\"https:\/\/futbolhoy.co\/#organization\",\"name\":\"Futbolhoy.co\",\"url\":\"https:\/\/futbolhoy.co\/\",\"logo\":{\"@type\":\"ImageObject\",\"inLanguage\":\"es\",\"@id\":\"https:\/\/futbolhoy.co\/#\/schema\/logo\/image\/\",\"url\":\"https:\/\/futbolhoy.co\/wp-content\/uploads\/2018\/08\/17426380_1906371736249227_6326180412931521141_n.jpg\",\"contentUrl\":\"https:\/\/futbolhoy.co\/wp-content\/uploads\/2018\/08\/17426380_1906371736249227_6326180412931521141_n.jpg\",\"width\":960,\"height\":960,\"caption\":\"Futbolhoy.co\"},\"image\":{\"@id\":\"https:\/\/futbolhoy.co\/#\/schema\/logo\/image\/\"},\"sameAs\":[\"https:\/\/www.facebook.com\/FutbolHoyCol\/\",\"https:\/\/x.com\/FutbolHoyCol\",\"https:\/\/www.instagram.com\/futbolhoycol\/\"]},{\"@type\":\"Person\",\"@id\":\"https:\/\/futbolhoy.co\/#\/schema\/person\/c4a353a512b127643723a34bb1812f7d\",\"name\":\"Laura Hern\u00e1ndez\",\"image\":{\"@type\":\"ImageObject\",\"inLanguage\":\"es\",\"@id\":\"https:\/\/futbolhoy.co\/#\/schema\/person\/image\/\",\"url\":\"https:\/\/secure.gravatar.com\/avatar\/d25959a15b9b293a743f99181c7cfd01?s=96&d=mm&r=g\",\"contentUrl\":\"https:\/\/secure.gravatar.com\/avatar\/d25959a15b9b293a743f99181c7cfd01?s=96&d=mm&r=g\",\"caption\":\"Laura Hern\u00e1ndez\"}}]}<\/script>\n<!-- \/ Yoast SEO plugin. -->","yoast_head_json":{"title":"Sampaoli deja de ser el t\u00e9cnico de Argentina -","robots":{"index":"index","follow":"follow","max-snippet":"max-snippet:-1","max-image-preview":"max-image-preview:large","max-video-preview":"max-video-preview:-1"},"canonical":"https:\/\/futbolhoy.co\/index.php\/2018\/07\/15\/sampaoli-saldra-de-argentina\/","og_locale":"es_ES","og_type":"article","og_title":"Sampaoli deja de ser el t\u00e9cnico de Argentina -","og_description":"Jorge Sampaoli\u00a0y la\u00a0Asociaci\u00f3n del F\u00fatbol Argentino\u00a0(AFA) llegaron a un acuerdo donde el t\u00e9cnico dej\u00f3 el banquillo de la selecci\u00f3n nacional, luego del considerado fracaso del equipo albiceleste en el\u00a0Mundial Rusia, donde fue eliminado en los octavos de final a manos de Francia. El comunicado oficial de la asociaci\u00f3n Argentina cita: \"En el d\u00eda de hoy, [&hellip;]","og_url":"https:\/\/futbolhoy.co\/index.php\/2018\/07\/15\/sampaoli-saldra-de-argentina\/","article_publisher":"https:\/\/www.facebook.com\/FutbolHoyCol\/","article_published_time":"2018-07-15T16:58:43+00:00","article_modified_time":"2018-07-16T14:41:26+00:00","og_image":[{"width":670,"height":380,"url":"https:\/\/futbolhoy.co\/wp-content\/uploads\/2017\/09\/Sampaoli.jpg","type":"image\/jpeg"}],"author":"Laura Hern\u00e1ndez","twitter_card":"summary_large_image","twitter_creator":"@FutbolHoyCol","twitter_site":"@FutbolHoyCol","twitter_misc":{"Escrito por":"Laura Hern\u00e1ndez","Tiempo de lectura":"1 minuto"},"schema":{"@context":"https:\/\/schema.org","@graph":[{"@type":"Article","@id":"https:\/\/futbolhoy.co\/index.php\/2018\/07\/15\/sampaoli-saldra-de-argentina\/#article","isPartOf":{"@id":"https:\/\/futbolhoy.co\/index.php\/2018\/07\/15\/sampaoli-saldra-de-argentina\/"},"author":{"name":"Laura Hern\u00e1ndez","@id":"https:\/\/futbolhoy.co\/#\/schema\/person\/c4a353a512b127643723a34bb1812f7d"},"headline":"Sampaoli deja de ser el t\u00e9cnico de Argentina","datePublished":"2018-07-15T16:58:43+00:00","dateModified":"2018-07-16T14:41:26+00:00","mainEntityOfPage":{"@id":"https:\/\/futbolhoy.co\/index.php\/2018\/07\/15\/sampaoli-saldra-de-argentina\/"},"wordCount":206,"commentCount":0,"publisher":{"@id":"https:\/\/futbolhoy.co\/#organization"},"image":{"@id":"https:\/\/futbolhoy.co\/index.php\/2018\/07\/15\/sampaoli-saldra-de-argentina\/#primaryimage"},"thumbnailUrl":"https:\/\/futbolhoy.co\/wp-content\/uploads\/2017\/09\/Sampaoli.jpg","keywords":["Jorge Sampaoli","Selecci\u00f3n Argentina"],"articleSection":["Mundo Futbol"],"inLanguage":"es","potentialAction":[{"@type":"CommentAction","name":"Comment","target":["https:\/\/futbolhoy.co\/index.php\/2018\/07\/15\/sampaoli-saldra-de-argentina\/#respond"]}]},{"@type":"WebPage","@id":"https:\/\/futbolhoy.co\/index.php\/2018\/07\/15\/sampaoli-saldra-de-argentina\/","url":"https:\/\/futbolhoy.co\/index.php\/2018\/07\/15\/sampaoli-saldra-de-argentina\/","name":"Sampaoli deja de ser el t\u00e9cnico de Argentina -","isPartOf":{"@id":"https:\/\/futbolhoy.co\/#website"},"primaryImageOfPage":{"@id":"https:\/\/futbolhoy.co\/index.php\/2018\/07\/15\/sampaoli-saldra-de-argentina\/#primaryimage"},"image":{"@id":"https:\/\/futbolhoy.co\/index.php\/2018\/07\/15\/sampaoli-saldra-de-argentina\/#primaryimage"},"thumbnailUrl":"https:\/\/futbolhoy.co\/wp-content\/uploads\/2017\/09\/Sampaoli.jpg","datePublished":"2018-07-15T16:58:43+00:00","dateModified":"2018-07-16T14:41:26+00:00","breadcrumb":{"@id":"https:\/\/futbolhoy.co\/index.php\/2018\/07\/15\/sampaoli-saldra-de-argentina\/#breadcrumb"},"inLanguage":"es","potentialAction":[{"@type":"ReadAction","target":["https:\/\/futbolhoy.co\/index.php\/2018\/07\/15\/sampaoli-saldra-de-argentina\/"]}]},{"@type":"ImageObject","inLanguage":"es","@id":"https:\/\/futbolhoy.co\/index.php\/2018\/07\/15\/sampaoli-saldra-de-argentina\/#primaryimage","url":"https:\/\/futbolhoy.co\/wp-content\/uploads\/2017\/09\/Sampaoli.jpg","contentUrl":"https:\/\/futbolhoy.co\/wp-content\/uploads\/2017\/09\/Sampaoli.jpg","width":670,"height":380},{"@type":"BreadcrumbList","@id":"https:\/\/futbolhoy.co\/index.php\/2018\/07\/15\/sampaoli-saldra-de-argentina\/#breadcrumb","itemListElement":[{"@type":"ListItem","position":1,"name":"Portada","item":"https:\/\/futbolhoy.co\/"},{"@type":"ListItem","position":2,"name":"Sampaoli deja de ser el t\u00e9cnico de Argentina"}]},{"@type":"WebSite","@id":"https:\/\/futbolhoy.co\/#website","url":"https:\/\/futbolhoy.co\/","name":"FutbolHoy","description":"","publisher":{"@id":"https:\/\/futbolhoy.co\/#organization"},"potentialAction":[{"@type":"SearchAction","target":{"@type":"EntryPoint","urlTemplate":"https:\/\/futbolhoy.co\/?s={search_term_string}"},"query-input":{"@type":"PropertyValueSpecification","valueRequired":true,"valueName":"search_term_string"}}],"inLanguage":"es"},{"@type":"Organization","@id":"https:\/\/futbolhoy.co\/#organization","name":"Futbolhoy.co","url":"https:\/\/futbolhoy.co\/","logo":{"@type":"ImageObject","inLanguage":"es","@id":"https:\/\/futbolhoy.co\/#\/schema\/logo\/image\/","url":"https:\/\/futbolhoy.co\/wp-content\/uploads\/2018\/08\/17426380_1906371736249227_6326180412931521141_n.jpg","contentUrl":"https:\/\/futbolhoy.co\/wp-content\/uploads\/2018\/08\/17426380_1906371736249227_6326180412931521141_n.jpg","width":960,"height":960,"caption":"Futbolhoy.co"},"image":{"@id":"https:\/\/futbolhoy.co\/#\/schema\/logo\/image\/"},"sameAs":["https:\/\/www.facebook.com\/FutbolHoyCol\/","https:\/\/x.com\/FutbolHoyCol","https:\/\/www.instagram.com\/futbolhoycol\/"]},{"@type":"Person","@id":"https:\/\/futbolhoy.co\/#\/schema\/person\/c4a353a512b127643723a34bb1812f7d","name":"Laura Hern\u00e1ndez","image":{"@type":"ImageObject","inLanguage":"es","@id":"https:\/\/futbolhoy.co\/#\/schema\/person\/image\/","url":"https:\/\/secure.gravatar.com\/avatar\/d25959a15b9b293a743f99181c7cfd01?s=96&d=mm&r=g","contentUrl":"https:\/\/secure.gravatar.com\/avatar\/d25959a15b9b293a743f99181c7cfd01?s=96&d=mm&r=g","caption":"Laura Hern\u00e1ndez"}}]}},"publishpress_future_action":{"enabled":false,"date":"2026-05-02 03:42:35","action":"change-status","newStatus":"draft","terms":[],"taxonomy":"category","extraData":[]},"publishpress_future_workflow_manual_trigger":{"enabledWorkflows":[]},"_links":{"self":[{"href":"https:\/\/futbolhoy.co\/index.php\/wp-json\/wp\/v2\/posts\/22109","targetHints":{"allow":["GET"]}}],"collection":[{"href":"https:\/\/futbolhoy.co\/index.php\/wp-json\/wp\/v2\/posts"}],"about":[{"href":"https:\/\/futbolhoy.co\/index.php\/wp-json\/wp\/v2\/types\/post"}],"author":[{"embeddable":true,"href":"https:\/\/futbolhoy.co\/index.php\/wp-json\/wp\/v2\/users\/5"}],"replies":[{"embeddable":true,"href":"https:\/\/futbolhoy.co\/index.php\/wp-json\/wp\/v2\/comments?post=22109"}],"version-history":[{"count":4,"href":"https:\/\/futbolhoy.co\/index.php\/wp-json\/wp\/v2\/posts\/22109\/revisions"}],"predecessor-version":[{"id":22153,"href":"https:\/\/futbolhoy.co\/index.php\/wp-json\/wp\/v2\/posts\/22109\/revisions\/22153"}],"wp:featuredmedia":[{"embeddable":true,"href":"https:\/\/futbolhoy.co\/index.php\/wp-json\/wp\/v2\/media\/623"}],"wp:attachment":[{"href":"https:\/\/futbolhoy.co\/index.php\/wp-json\/wp\/v2\/media?parent=22109"}],"wp:term":[{"taxonomy":"category","embeddable":true,"href":"https:\/\/futbolhoy.co\/index.php\/wp-json\/wp\/v2\/categories?post=22109"},{"taxonomy":"post_tag","embeddable":true,"href":"https:\/\/futbolhoy.co\/index.php\/wp-json\/wp\/v2\/tags?post=22109"}],"curies":[{"name":"wp","href":"https:\/\/api.w.org\/{rel}","templated":true}]}}