{"id":22117,"date":"2018-07-15T11:03:36","date_gmt":"2018-07-15T16:03:36","guid":{"rendered":"http:\/\/futbolhoy.co\/?p=22117"},"modified":"2018-07-15T13:16:10","modified_gmt":"2018-07-15T18:16:10","slug":"debuto-rooney-y-marcaron-darwin-y-caicedo-en-la-mls","status":"publish","type":"post","link":"https:\/\/futbolhoy.co\/index.php\/2018\/07\/15\/debuto-rooney-y-marcaron-darwin-y-caicedo-en-la-mls\/","title":{"rendered":"Debut\u00f3 Rooney y marcaron Darwin y Caicedo en la MLS"},"content":{"rendered":"<p class=\"m_-2060052276708625437ydp9fdd1f9fMsoNormal\" style=\"text-align: justify;\"><span style=\"font-family: helvetica, arial, sans-serif;\">Los delanteros colombianos\u00a0<b>Carlos Darwin Quintero<\/b>\u00a0con Minnesota y\u00a0<b>Luis Caicedo<\/b>\u00a0con\u00a0<b>New England Revoluci\u00f3n<\/b>\u00a0marcaron goles con sus equipos en la jornada 20 de la Liga de Estados Unidos (<b>MLS<\/b>), que adem\u00e1s sirvi\u00f3 para el debut en el campeonato del ingl\u00e9s\u00a0<b>Wayne Rooney<\/b>\u00a0con el D.C. United.<\/span><\/p>\n<p class=\"m_-2060052276708625437ydp9fdd1f9fMsoNormal\" style=\"text-align: justify;\"><span style=\"font-family: helvetica, arial, sans-serif;\">Quintero marc\u00f3 un golazo en el triunfo del\u00a0<b>Minnesota United<\/b>\u00a03-2 sobre el\u00a0<b>Real Salt Lake<\/b>; mientras que Caicedo hizo el segundo gol del New England y fue amonestado en la derrota como local 2-3 ante\u00a0<b>Los \u00c1ngeles Galaxy<\/b>.<\/span><\/p>\n<p class=\"m_-2060052276708625437ydp9fdd1f9fMsoNormal\" style=\"text-align: justify;\"><span style=\"font-family: helvetica, arial, sans-serif;\">Rooney jug\u00f3 32 minutos y particip\u00f3 en dos de los goles del\u00a0<b>D.C United<\/b>\u00a0en la victoria 3-1 sobre los\u00a0<b>Whitecaps de Vancouver<\/b>.<\/span><\/p>\n","protected":false},"excerpt":{"rendered":"<p>Los delanteros colombianos\u00a0Carlos Darwin Quintero\u00a0con Minnesota y\u00a0Luis Caicedo\u00a0con\u00a0New England Revoluci\u00f3n\u00a0marcaron goles con sus equipos en la jornada 20 de la Liga de Estados Unidos (MLS), que adem\u00e1s sirvi\u00f3 para el debut en el campeonato del ingl\u00e9s\u00a0Wayne Rooney\u00a0con el D.C. United. Quintero marc\u00f3 un golazo en el triunfo del\u00a0Minnesota United\u00a03-2 sobre el\u00a0Real Salt Lake; mientras que [&hellip;]<\/p>\n","protected":false},"author":5,"featured_media":22126,"comment_status":"open","ping_status":"open","sticky":false,"template":"","format":"standard","meta":{"_acf_changed":false,"footnotes":""},"categories":[152],"tags":[698],"class_list":{"0":"post-22117","1":"post","2":"type-post","3":"status-publish","4":"format-standard","5":"has-post-thumbnail","7":"category-mundo-futbol","8":"tag-mls"},"acf":[],"yoast_head":"<!-- This site is optimized with the Yoast SEO plugin v26.8 - https:\/\/yoast.com\/product\/yoast-seo-wordpress\/ -->\n<title>Debut\u00f3 Rooney y marcaron Darwin y Caicedo en la MLS -<\/title>\n<meta name=\"robots\" content=\"index, follow, max-snippet:-1, max-image-preview:large, max-video-preview:-1\" \/>\n<link rel=\"canonical\" href=\"https:\/\/futbolhoy.co\/index.php\/2018\/07\/15\/debuto-rooney-y-marcaron-darwin-y-caicedo-en-la-mls\/\" \/>\n<meta property=\"og:locale\" content=\"es_ES\" \/>\n<meta property=\"og:type\" content=\"article\" \/>\n<meta property=\"og:title\" content=\"Debut\u00f3 Rooney y marcaron Darwin y Caicedo en la MLS -\" \/>\n<meta property=\"og:description\" content=\"Los delanteros colombianos\u00a0Carlos Darwin Quintero\u00a0con Minnesota y\u00a0Luis Caicedo\u00a0con\u00a0New England Revoluci\u00f3n\u00a0marcaron goles con sus equipos en la jornada 20 de la Liga de Estados Unidos (MLS), que adem\u00e1s sirvi\u00f3 para el debut en el campeonato del ingl\u00e9s\u00a0Wayne Rooney\u00a0con el D.C. United. Quintero marc\u00f3 un golazo en el triunfo del\u00a0Minnesota United\u00a03-2 sobre el\u00a0Real Salt Lake; mientras que [&hellip;]\" \/>\n<meta property=\"og:url\" content=\"https:\/\/futbolhoy.co\/index.php\/2018\/07\/15\/debuto-rooney-y-marcaron-darwin-y-caicedo-en-la-mls\/\" \/>\n<meta property=\"article:publisher\" content=\"https:\/\/www.facebook.com\/FutbolHoyCol\/\" \/>\n<meta property=\"article:published_time\" content=\"2018-07-15T16:03:36+00:00\" \/>\n<meta property=\"article:modified_time\" content=\"2018-07-15T18:16:10+00:00\" \/>\n<meta property=\"og:image\" content=\"https:\/\/futbolhoy.co\/wp-content\/uploads\/2018\/07\/DiKA0KZU8AEAWkR.jpg\" \/>\n\t<meta property=\"og:image:width\" content=\"1200\" \/>\n\t<meta property=\"og:image:height\" content=\"800\" \/>\n\t<meta property=\"og:image:type\" content=\"image\/jpeg\" \/>\n<meta name=\"author\" content=\"Laura Hern\u00e1ndez\" \/>\n<meta name=\"twitter:card\" content=\"summary_large_image\" \/>\n<meta name=\"twitter:creator\" content=\"@FutbolHoyCol\" \/>\n<meta name=\"twitter:site\" content=\"@FutbolHoyCol\" \/>\n<meta name=\"twitter:label1\" content=\"Escrito por\" \/>\n\t<meta name=\"twitter:data1\" content=\"Laura Hern\u00e1ndez\" \/>\n\t<meta name=\"twitter:label2\" content=\"Tiempo de lectura\" \/>\n\t<meta name=\"twitter:data2\" content=\"1 minuto\" \/>\n<script type=\"application\/ld+json\" class=\"yoast-schema-graph\">{\"@context\":\"https:\/\/schema.org\",\"@graph\":[{\"@type\":\"Article\",\"@id\":\"https:\/\/futbolhoy.co\/index.php\/2018\/07\/15\/debuto-rooney-y-marcaron-darwin-y-caicedo-en-la-mls\/#article\",\"isPartOf\":{\"@id\":\"https:\/\/futbolhoy.co\/index.php\/2018\/07\/15\/debuto-rooney-y-marcaron-darwin-y-caicedo-en-la-mls\/\"},\"author\":{\"name\":\"Laura Hern\u00e1ndez\",\"@id\":\"https:\/\/futbolhoy.co\/#\/schema\/person\/c4a353a512b127643723a34bb1812f7d\"},\"headline\":\"Debut\u00f3 Rooney y marcaron Darwin y Caicedo en la MLS\",\"datePublished\":\"2018-07-15T16:03:36+00:00\",\"dateModified\":\"2018-07-15T18:16:10+00:00\",\"mainEntityOfPage\":{\"@id\":\"https:\/\/futbolhoy.co\/index.php\/2018\/07\/15\/debuto-rooney-y-marcaron-darwin-y-caicedo-en-la-mls\/\"},\"wordCount\":123,\"commentCount\":0,\"publisher\":{\"@id\":\"https:\/\/futbolhoy.co\/#organization\"},\"image\":{\"@id\":\"https:\/\/futbolhoy.co\/index.php\/2018\/07\/15\/debuto-rooney-y-marcaron-darwin-y-caicedo-en-la-mls\/#primaryimage\"},\"thumbnailUrl\":\"https:\/\/futbolhoy.co\/wp-content\/uploads\/2018\/07\/DiKA0KZU8AEAWkR.jpg\",\"keywords\":[\"MLS\"],\"articleSection\":[\"Mundo Futbol\"],\"inLanguage\":\"es\",\"potentialAction\":[{\"@type\":\"CommentAction\",\"name\":\"Comment\",\"target\":[\"https:\/\/futbolhoy.co\/index.php\/2018\/07\/15\/debuto-rooney-y-marcaron-darwin-y-caicedo-en-la-mls\/#respond\"]}]},{\"@type\":\"WebPage\",\"@id\":\"https:\/\/futbolhoy.co\/index.php\/2018\/07\/15\/debuto-rooney-y-marcaron-darwin-y-caicedo-en-la-mls\/\",\"url\":\"https:\/\/futbolhoy.co\/index.php\/2018\/07\/15\/debuto-rooney-y-marcaron-darwin-y-caicedo-en-la-mls\/\",\"name\":\"Debut\u00f3 Rooney y marcaron Darwin y Caicedo en la MLS -\",\"isPartOf\":{\"@id\":\"https:\/\/futbolhoy.co\/#website\"},\"primaryImageOfPage\":{\"@id\":\"https:\/\/futbolhoy.co\/index.php\/2018\/07\/15\/debuto-rooney-y-marcaron-darwin-y-caicedo-en-la-mls\/#primaryimage\"},\"image\":{\"@id\":\"https:\/\/futbolhoy.co\/index.php\/2018\/07\/15\/debuto-rooney-y-marcaron-darwin-y-caicedo-en-la-mls\/#primaryimage\"},\"thumbnailUrl\":\"https:\/\/futbolhoy.co\/wp-content\/uploads\/2018\/07\/DiKA0KZU8AEAWkR.jpg\",\"datePublished\":\"2018-07-15T16:03:36+00:00\",\"dateModified\":\"2018-07-15T18:16:10+00:00\",\"breadcrumb\":{\"@id\":\"https:\/\/futbolhoy.co\/index.php\/2018\/07\/15\/debuto-rooney-y-marcaron-darwin-y-caicedo-en-la-mls\/#breadcrumb\"},\"inLanguage\":\"es\",\"potentialAction\":[{\"@type\":\"ReadAction\",\"target\":[\"https:\/\/futbolhoy.co\/index.php\/2018\/07\/15\/debuto-rooney-y-marcaron-darwin-y-caicedo-en-la-mls\/\"]}]},{\"@type\":\"ImageObject\",\"inLanguage\":\"es\",\"@id\":\"https:\/\/futbolhoy.co\/index.php\/2018\/07\/15\/debuto-rooney-y-marcaron-darwin-y-caicedo-en-la-mls\/#primaryimage\",\"url\":\"https:\/\/futbolhoy.co\/wp-content\/uploads\/2018\/07\/DiKA0KZU8AEAWkR.jpg\",\"contentUrl\":\"https:\/\/futbolhoy.co\/wp-content\/uploads\/2018\/07\/DiKA0KZU8AEAWkR.jpg\",\"width\":1200,\"height\":800,\"caption\":\"Twitter @MNUFC\"},{\"@type\":\"BreadcrumbList\",\"@id\":\"https:\/\/futbolhoy.co\/index.php\/2018\/07\/15\/debuto-rooney-y-marcaron-darwin-y-caicedo-en-la-mls\/#breadcrumb\",\"itemListElement\":[{\"@type\":\"ListItem\",\"position\":1,\"name\":\"Portada\",\"item\":\"https:\/\/futbolhoy.co\/\"},{\"@type\":\"ListItem\",\"position\":2,\"name\":\"Debut\u00f3 Rooney y marcaron Darwin y Caicedo en la MLS\"}]},{\"@type\":\"WebSite\",\"@id\":\"https:\/\/futbolhoy.co\/#website\",\"url\":\"https:\/\/futbolhoy.co\/\",\"name\":\"FutbolHoy\",\"description\":\"\",\"publisher\":{\"@id\":\"https:\/\/futbolhoy.co\/#organization\"},\"potentialAction\":[{\"@type\":\"SearchAction\",\"target\":{\"@type\":\"EntryPoint\",\"urlTemplate\":\"https:\/\/futbolhoy.co\/?s={search_term_string}\"},\"query-input\":{\"@type\":\"PropertyValueSpecification\",\"valueRequired\":true,\"valueName\":\"search_term_string\"}}],\"inLanguage\":\"es\"},{\"@type\":\"Organization\",\"@id\":\"https:\/\/futbolhoy.co\/#organization\",\"name\":\"Futbolhoy.co\",\"url\":\"https:\/\/futbolhoy.co\/\",\"logo\":{\"@type\":\"ImageObject\",\"inLanguage\":\"es\",\"@id\":\"https:\/\/futbolhoy.co\/#\/schema\/logo\/image\/\",\"url\":\"https:\/\/futbolhoy.co\/wp-content\/uploads\/2018\/08\/17426380_1906371736249227_6326180412931521141_n.jpg\",\"contentUrl\":\"https:\/\/futbolhoy.co\/wp-content\/uploads\/2018\/08\/17426380_1906371736249227_6326180412931521141_n.jpg\",\"width\":960,\"height\":960,\"caption\":\"Futbolhoy.co\"},\"image\":{\"@id\":\"https:\/\/futbolhoy.co\/#\/schema\/logo\/image\/\"},\"sameAs\":[\"https:\/\/www.facebook.com\/FutbolHoyCol\/\",\"https:\/\/x.com\/FutbolHoyCol\",\"https:\/\/www.instagram.com\/futbolhoycol\/\"]},{\"@type\":\"Person\",\"@id\":\"https:\/\/futbolhoy.co\/#\/schema\/person\/c4a353a512b127643723a34bb1812f7d\",\"name\":\"Laura Hern\u00e1ndez\",\"image\":{\"@type\":\"ImageObject\",\"inLanguage\":\"es\",\"@id\":\"https:\/\/futbolhoy.co\/#\/schema\/person\/image\/\",\"url\":\"https:\/\/secure.gravatar.com\/avatar\/d25959a15b9b293a743f99181c7cfd01?s=96&d=mm&r=g\",\"contentUrl\":\"https:\/\/secure.gravatar.com\/avatar\/d25959a15b9b293a743f99181c7cfd01?s=96&d=mm&r=g\",\"caption\":\"Laura Hern\u00e1ndez\"}}]}<\/script>\n<!-- \/ Yoast SEO plugin. -->","yoast_head_json":{"title":"Debut\u00f3 Rooney y marcaron Darwin y Caicedo en la MLS -","robots":{"index":"index","follow":"follow","max-snippet":"max-snippet:-1","max-image-preview":"max-image-preview:large","max-video-preview":"max-video-preview:-1"},"canonical":"https:\/\/futbolhoy.co\/index.php\/2018\/07\/15\/debuto-rooney-y-marcaron-darwin-y-caicedo-en-la-mls\/","og_locale":"es_ES","og_type":"article","og_title":"Debut\u00f3 Rooney y marcaron Darwin y Caicedo en la MLS -","og_description":"Los delanteros colombianos\u00a0Carlos Darwin Quintero\u00a0con Minnesota y\u00a0Luis Caicedo\u00a0con\u00a0New England Revoluci\u00f3n\u00a0marcaron goles con sus equipos en la jornada 20 de la Liga de Estados Unidos (MLS), que adem\u00e1s sirvi\u00f3 para el debut en el campeonato del ingl\u00e9s\u00a0Wayne Rooney\u00a0con el D.C. United. Quintero marc\u00f3 un golazo en el triunfo del\u00a0Minnesota United\u00a03-2 sobre el\u00a0Real Salt Lake; mientras que [&hellip;]","og_url":"https:\/\/futbolhoy.co\/index.php\/2018\/07\/15\/debuto-rooney-y-marcaron-darwin-y-caicedo-en-la-mls\/","article_publisher":"https:\/\/www.facebook.com\/FutbolHoyCol\/","article_published_time":"2018-07-15T16:03:36+00:00","article_modified_time":"2018-07-15T18:16:10+00:00","og_image":[{"width":1200,"height":800,"url":"https:\/\/futbolhoy.co\/wp-content\/uploads\/2018\/07\/DiKA0KZU8AEAWkR.jpg","type":"image\/jpeg"}],"author":"Laura Hern\u00e1ndez","twitter_card":"summary_large_image","twitter_creator":"@FutbolHoyCol","twitter_site":"@FutbolHoyCol","twitter_misc":{"Escrito por":"Laura Hern\u00e1ndez","Tiempo de lectura":"1 minuto"},"schema":{"@context":"https:\/\/schema.org","@graph":[{"@type":"Article","@id":"https:\/\/futbolhoy.co\/index.php\/2018\/07\/15\/debuto-rooney-y-marcaron-darwin-y-caicedo-en-la-mls\/#article","isPartOf":{"@id":"https:\/\/futbolhoy.co\/index.php\/2018\/07\/15\/debuto-rooney-y-marcaron-darwin-y-caicedo-en-la-mls\/"},"author":{"name":"Laura Hern\u00e1ndez","@id":"https:\/\/futbolhoy.co\/#\/schema\/person\/c4a353a512b127643723a34bb1812f7d"},"headline":"Debut\u00f3 Rooney y marcaron Darwin y Caicedo en la MLS","datePublished":"2018-07-15T16:03:36+00:00","dateModified":"2018-07-15T18:16:10+00:00","mainEntityOfPage":{"@id":"https:\/\/futbolhoy.co\/index.php\/2018\/07\/15\/debuto-rooney-y-marcaron-darwin-y-caicedo-en-la-mls\/"},"wordCount":123,"commentCount":0,"publisher":{"@id":"https:\/\/futbolhoy.co\/#organization"},"image":{"@id":"https:\/\/futbolhoy.co\/index.php\/2018\/07\/15\/debuto-rooney-y-marcaron-darwin-y-caicedo-en-la-mls\/#primaryimage"},"thumbnailUrl":"https:\/\/futbolhoy.co\/wp-content\/uploads\/2018\/07\/DiKA0KZU8AEAWkR.jpg","keywords":["MLS"],"articleSection":["Mundo Futbol"],"inLanguage":"es","potentialAction":[{"@type":"CommentAction","name":"Comment","target":["https:\/\/futbolhoy.co\/index.php\/2018\/07\/15\/debuto-rooney-y-marcaron-darwin-y-caicedo-en-la-mls\/#respond"]}]},{"@type":"WebPage","@id":"https:\/\/futbolhoy.co\/index.php\/2018\/07\/15\/debuto-rooney-y-marcaron-darwin-y-caicedo-en-la-mls\/","url":"https:\/\/futbolhoy.co\/index.php\/2018\/07\/15\/debuto-rooney-y-marcaron-darwin-y-caicedo-en-la-mls\/","name":"Debut\u00f3 Rooney y marcaron Darwin y Caicedo en la MLS -","isPartOf":{"@id":"https:\/\/futbolhoy.co\/#website"},"primaryImageOfPage":{"@id":"https:\/\/futbolhoy.co\/index.php\/2018\/07\/15\/debuto-rooney-y-marcaron-darwin-y-caicedo-en-la-mls\/#primaryimage"},"image":{"@id":"https:\/\/futbolhoy.co\/index.php\/2018\/07\/15\/debuto-rooney-y-marcaron-darwin-y-caicedo-en-la-mls\/#primaryimage"},"thumbnailUrl":"https:\/\/futbolhoy.co\/wp-content\/uploads\/2018\/07\/DiKA0KZU8AEAWkR.jpg","datePublished":"2018-07-15T16:03:36+00:00","dateModified":"2018-07-15T18:16:10+00:00","breadcrumb":{"@id":"https:\/\/futbolhoy.co\/index.php\/2018\/07\/15\/debuto-rooney-y-marcaron-darwin-y-caicedo-en-la-mls\/#breadcrumb"},"inLanguage":"es","potentialAction":[{"@type":"ReadAction","target":["https:\/\/futbolhoy.co\/index.php\/2018\/07\/15\/debuto-rooney-y-marcaron-darwin-y-caicedo-en-la-mls\/"]}]},{"@type":"ImageObject","inLanguage":"es","@id":"https:\/\/futbolhoy.co\/index.php\/2018\/07\/15\/debuto-rooney-y-marcaron-darwin-y-caicedo-en-la-mls\/#primaryimage","url":"https:\/\/futbolhoy.co\/wp-content\/uploads\/2018\/07\/DiKA0KZU8AEAWkR.jpg","contentUrl":"https:\/\/futbolhoy.co\/wp-content\/uploads\/2018\/07\/DiKA0KZU8AEAWkR.jpg","width":1200,"height":800,"caption":"Twitter @MNUFC"},{"@type":"BreadcrumbList","@id":"https:\/\/futbolhoy.co\/index.php\/2018\/07\/15\/debuto-rooney-y-marcaron-darwin-y-caicedo-en-la-mls\/#breadcrumb","itemListElement":[{"@type":"ListItem","position":1,"name":"Portada","item":"https:\/\/futbolhoy.co\/"},{"@type":"ListItem","position":2,"name":"Debut\u00f3 Rooney y marcaron Darwin y Caicedo en la MLS"}]},{"@type":"WebSite","@id":"https:\/\/futbolhoy.co\/#website","url":"https:\/\/futbolhoy.co\/","name":"FutbolHoy","description":"","publisher":{"@id":"https:\/\/futbolhoy.co\/#organization"},"potentialAction":[{"@type":"SearchAction","target":{"@type":"EntryPoint","urlTemplate":"https:\/\/futbolhoy.co\/?s={search_term_string}"},"query-input":{"@type":"PropertyValueSpecification","valueRequired":true,"valueName":"search_term_string"}}],"inLanguage":"es"},{"@type":"Organization","@id":"https:\/\/futbolhoy.co\/#organization","name":"Futbolhoy.co","url":"https:\/\/futbolhoy.co\/","logo":{"@type":"ImageObject","inLanguage":"es","@id":"https:\/\/futbolhoy.co\/#\/schema\/logo\/image\/","url":"https:\/\/futbolhoy.co\/wp-content\/uploads\/2018\/08\/17426380_1906371736249227_6326180412931521141_n.jpg","contentUrl":"https:\/\/futbolhoy.co\/wp-content\/uploads\/2018\/08\/17426380_1906371736249227_6326180412931521141_n.jpg","width":960,"height":960,"caption":"Futbolhoy.co"},"image":{"@id":"https:\/\/futbolhoy.co\/#\/schema\/logo\/image\/"},"sameAs":["https:\/\/www.facebook.com\/FutbolHoyCol\/","https:\/\/x.com\/FutbolHoyCol","https:\/\/www.instagram.com\/futbolhoycol\/"]},{"@type":"Person","@id":"https:\/\/futbolhoy.co\/#\/schema\/person\/c4a353a512b127643723a34bb1812f7d","name":"Laura Hern\u00e1ndez","image":{"@type":"ImageObject","inLanguage":"es","@id":"https:\/\/futbolhoy.co\/#\/schema\/person\/image\/","url":"https:\/\/secure.gravatar.com\/avatar\/d25959a15b9b293a743f99181c7cfd01?s=96&d=mm&r=g","contentUrl":"https:\/\/secure.gravatar.com\/avatar\/d25959a15b9b293a743f99181c7cfd01?s=96&d=mm&r=g","caption":"Laura Hern\u00e1ndez"}}]}},"publishpress_future_action":{"enabled":false,"date":"2026-05-02 04:03:07","action":"change-status","newStatus":"draft","terms":[],"taxonomy":"category","extraData":[]},"publishpress_future_workflow_manual_trigger":{"enabledWorkflows":[]},"_links":{"self":[{"href":"https:\/\/futbolhoy.co\/index.php\/wp-json\/wp\/v2\/posts\/22117","targetHints":{"allow":["GET"]}}],"collection":[{"href":"https:\/\/futbolhoy.co\/index.php\/wp-json\/wp\/v2\/posts"}],"about":[{"href":"https:\/\/futbolhoy.co\/index.php\/wp-json\/wp\/v2\/types\/post"}],"author":[{"embeddable":true,"href":"https:\/\/futbolhoy.co\/index.php\/wp-json\/wp\/v2\/users\/5"}],"replies":[{"embeddable":true,"href":"https:\/\/futbolhoy.co\/index.php\/wp-json\/wp\/v2\/comments?post=22117"}],"version-history":[{"count":1,"href":"https:\/\/futbolhoy.co\/index.php\/wp-json\/wp\/v2\/posts\/22117\/revisions"}],"predecessor-version":[{"id":22127,"href":"https:\/\/futbolhoy.co\/index.php\/wp-json\/wp\/v2\/posts\/22117\/revisions\/22127"}],"wp:featuredmedia":[{"embeddable":true,"href":"https:\/\/futbolhoy.co\/index.php\/wp-json\/wp\/v2\/media\/22126"}],"wp:attachment":[{"href":"https:\/\/futbolhoy.co\/index.php\/wp-json\/wp\/v2\/media?parent=22117"}],"wp:term":[{"taxonomy":"category","embeddable":true,"href":"https:\/\/futbolhoy.co\/index.php\/wp-json\/wp\/v2\/categories?post=22117"},{"taxonomy":"post_tag","embeddable":true,"href":"https:\/\/futbolhoy.co\/index.php\/wp-json\/wp\/v2\/tags?post=22117"}],"curies":[{"name":"wp","href":"https:\/\/api.w.org\/{rel}","templated":true}]}}