{"id":22194,"date":"2018-07-17T00:03:33","date_gmt":"2018-07-17T05:03:33","guid":{"rendered":"http:\/\/futbolhoy.co\/?p=22194"},"modified":"2018-07-17T21:42:01","modified_gmt":"2018-07-18T02:42:01","slug":"atletico-junior-regresa-a-la-copa-suramericana","status":"publish","type":"post","link":"https:\/\/futbolhoy.co\/index.php\/2018\/07\/17\/atletico-junior-regresa-a-la-copa-suramericana\/","title":{"rendered":"Atl\u00e9tico Junior regresa a la Copa Suramericana"},"content":{"rendered":"<p class=\"m_-6210319165915496834ydp1d106e4MsoNormal\" style=\"text-align: justify;\"><span style=\"font-family: helvetica, arial, sans-serif;\"><strong>Lan\u00fas<\/strong> de Argentina recibir\u00e1 este martes al<strong> Atl\u00e9tico Junior<\/strong> en la segunda fase de la <strong>Copa Sudamericana<\/strong> luego de un largo receso de 3 meses por la disputa del <strong>Mundial de Rusia<\/strong>.<\/span><\/p>\n<p class=\"m_-6210319165915496834ydp1d106e4MsoNormal\" style=\"text-align: justify;\"><span style=\"font-family: helvetica, arial, sans-serif;\">El equipo local tendr\u00e1 una sensible baja, la ausencia del goleador uruguayo<strong> Sebasti\u00e1n Ribas<\/strong> que se recupera de una distensi\u00f3n de ligamento interno de su rodilla izquierda.<\/span><\/p>\n<p class=\"m_-6210319165915496834ydp1d106e4MsoNormal\" style=\"text-align: justify;\"><span style=\"font-family: helvetica, arial, sans-serif;\">Adem\u00e1s, el lateral <strong>Jos\u00e9 Luis G\u00f3mez<\/strong> prosigue con fisioterapia luego de un inconveniente ligamentario y tampoco estar\u00e1 disponible.<\/span><\/p>\n<p><span style=\"font-family: helvetica, arial, sans-serif;\">El defensa <strong>Marcelo Herrera,<\/strong> quien sufri\u00f3 un golpe en la cintura en un amistoso ante Nueva <strong>Chicago<\/strong>, est\u00e1 en duda.<\/span><\/p>\n<p class=\"m_-6210319165915496834ydp1d106e4MsoNormal\" style=\"text-align: justify;\"><span style=\"font-family: helvetica, arial, sans-serif;\">El equipo barranquillero llega esta fase luego de finalizar tercero en el Grupo 8 de la <strong>Copa Libertadores<\/strong> con 7 puntos, detr\u00e1s del <strong>Palmeiras<\/strong> y <strong>Boca Juniors.<\/strong><\/span><\/p>\n<p class=\"m_-6210319165915496834ydp1d106e4MsoNormal\" style=\"text-align: justify;\"><span style=\"font-family: helvetica, arial, sans-serif;\">La principal carta del ataque del club colombiano, <strong>Te\u00f3filo 'Teo' Guti\u00e9rrez,<\/strong> conoce <strong>Lan\u00fas<\/strong> donde tuvo un corto paso en 2012.<\/span><\/p>\n<p class=\"m_-6210319165915496834ydp1d106e4MsoNormal\" style=\"text-align: justify;\"><span style=\"font-family: helvetica, arial, sans-serif;\">El conjunto colombiano regresa al torneo, donde el a\u00f1o pasado alcanz\u00f3 las semifinales.<\/span><\/p>\n<p class=\"m_-6210319165915496834ydp1d106e4MsoNormal\" style=\"text-align: justify;\"><span style=\"font-family: helvetica, arial, sans-serif;\">El juego se cumplir\u00e1 desde las 7.45pm en el estadio Ciudad de <strong>Lan\u00fas<\/strong>, bajo la direcci\u00f3n arbitral del paraguayo <strong>Arnaldo Samaniego<\/strong>.<\/span><\/p>\n<p class=\"m_-6210319165915496834ydp1d106e4MsoNormal\" style=\"text-align: justify;\"><span style=\"font-family: helvetica, arial, sans-serif;\">El juego de vuelta est\u00e1 programado para el 24 de julio en Barranquilla y el vencedor se medir\u00e1 al ganador entre<strong> Sao Paulo<\/strong> y <strong>Col\u00f3n<\/strong>.<i><\/i><\/span><\/p>\n<p class=\"m_-6210319165915496834ydp1d106e4MsoNormal\" style=\"text-align: justify;\"><strong><span style=\"font-family: helvetica, arial, sans-serif;\">Posibles formaciones:<\/span><\/strong><\/p>\n<p class=\"m_-6210319165915496834ydp1d106e4MsoNormal\" style=\"text-align: justify;\"><span style=\"font-family: helvetica, arial, sans-serif;\"><strong>Lan\u00fas<\/strong>: Esteban Andrada; Leonel Di Pl\u00e1cido, Marcelo Herrera, Rolando Garc\u00eda Guerre\u00f1o, Nicol\u00e1s Pasquini; Fernando Barrientos, Tom\u00e1s Belmonte, Marcelino Moreno; Lautaro Acosta, Germ\u00e1n Denis y Gonzalo Di Renzo.<\/span><\/p>\n<p class=\"m_-6210319165915496834ydp1d106e4MsoNormal\" style=\"text-align: justify;\"><span style=\"font-family: helvetica, arial, sans-serif;\"><strong><i>Atl\u00e9tico Junior:<\/i>\u00a0<\/strong>Sebasti\u00e1n Viera; Marlon Piedrahita, Rafael P\u00e9rez, David Murillo, Deivy Balanta; Iv\u00e1n Rivas, Sebasti\u00e1n Hern\u00e1ndez, Leonardo Pico, Luis Narv\u00e1ez; Te\u00f3filo Guti\u00e9rrez y Luis Ruiz.<\/span><\/p>\n","protected":false},"excerpt":{"rendered":"<p>Lan\u00fas de Argentina recibir\u00e1 este martes al Atl\u00e9tico Junior en la segunda fase de la Copa Sudamericana luego de un largo receso de 3 meses por la disputa del Mundial de Rusia. El equipo local tendr\u00e1 una sensible baja, la ausencia del goleador uruguayo Sebasti\u00e1n Ribas que se recupera de una distensi\u00f3n de ligamento interno [&hellip;]<\/p>\n","protected":false},"author":5,"featured_media":22215,"comment_status":"open","ping_status":"open","sticky":false,"template":"","format":"standard","meta":{"_acf_changed":false,"footnotes":""},"categories":[152],"tags":[688,91,394],"class_list":{"0":"post-22194","1":"post","2":"type-post","3":"status-publish","4":"format-standard","5":"has-post-thumbnail","7":"category-mundo-futbol","8":"tag-atletico-junior","9":"tag-copa-sudamericana","10":"tag-lanus"},"acf":[],"yoast_head":"<!-- This site is optimized with the Yoast SEO plugin v26.8 - https:\/\/yoast.com\/product\/yoast-seo-wordpress\/ -->\n<title>Atl\u00e9tico Junior regresa a la Copa Suramericana -<\/title>\n<meta name=\"robots\" content=\"index, follow, max-snippet:-1, max-image-preview:large, max-video-preview:-1\" \/>\n<link rel=\"canonical\" href=\"https:\/\/futbolhoy.co\/index.php\/2018\/07\/17\/atletico-junior-regresa-a-la-copa-suramericana\/\" \/>\n<meta property=\"og:locale\" content=\"es_ES\" \/>\n<meta property=\"og:type\" content=\"article\" \/>\n<meta property=\"og:title\" content=\"Atl\u00e9tico Junior regresa a la Copa Suramericana -\" \/>\n<meta property=\"og:description\" content=\"Lan\u00fas de Argentina recibir\u00e1 este martes al Atl\u00e9tico Junior en la segunda fase de la Copa Sudamericana luego de un largo receso de 3 meses por la disputa del Mundial de Rusia. El equipo local tendr\u00e1 una sensible baja, la ausencia del goleador uruguayo Sebasti\u00e1n Ribas que se recupera de una distensi\u00f3n de ligamento interno [&hellip;]\" \/>\n<meta property=\"og:url\" content=\"https:\/\/futbolhoy.co\/index.php\/2018\/07\/17\/atletico-junior-regresa-a-la-copa-suramericana\/\" \/>\n<meta property=\"article:publisher\" content=\"https:\/\/www.facebook.com\/FutbolHoyCol\/\" \/>\n<meta property=\"article:published_time\" content=\"2018-07-17T05:03:33+00:00\" \/>\n<meta property=\"article:modified_time\" content=\"2018-07-18T02:42:01+00:00\" \/>\n<meta property=\"og:image\" content=\"https:\/\/futbolhoy.co\/wp-content\/uploads\/2018\/07\/junior.jpg\" \/>\n\t<meta property=\"og:image:width\" content=\"1200\" \/>\n\t<meta property=\"og:image:height\" content=\"800\" \/>\n\t<meta property=\"og:image:type\" content=\"image\/jpeg\" \/>\n<meta name=\"author\" content=\"Laura Hern\u00e1ndez\" \/>\n<meta name=\"twitter:card\" content=\"summary_large_image\" \/>\n<meta name=\"twitter:creator\" content=\"@FutbolHoyCol\" \/>\n<meta name=\"twitter:site\" content=\"@FutbolHoyCol\" \/>\n<meta name=\"twitter:label1\" content=\"Escrito por\" \/>\n\t<meta name=\"twitter:data1\" content=\"Laura Hern\u00e1ndez\" \/>\n\t<meta name=\"twitter:label2\" content=\"Tiempo de lectura\" \/>\n\t<meta name=\"twitter:data2\" content=\"1 minuto\" \/>\n<script type=\"application\/ld+json\" class=\"yoast-schema-graph\">{\"@context\":\"https:\/\/schema.org\",\"@graph\":[{\"@type\":\"Article\",\"@id\":\"https:\/\/futbolhoy.co\/index.php\/2018\/07\/17\/atletico-junior-regresa-a-la-copa-suramericana\/#article\",\"isPartOf\":{\"@id\":\"https:\/\/futbolhoy.co\/index.php\/2018\/07\/17\/atletico-junior-regresa-a-la-copa-suramericana\/\"},\"author\":{\"name\":\"Laura Hern\u00e1ndez\",\"@id\":\"https:\/\/futbolhoy.co\/#\/schema\/person\/c4a353a512b127643723a34bb1812f7d\"},\"headline\":\"Atl\u00e9tico Junior regresa a la Copa Suramericana\",\"datePublished\":\"2018-07-17T05:03:33+00:00\",\"dateModified\":\"2018-07-18T02:42:01+00:00\",\"mainEntityOfPage\":{\"@id\":\"https:\/\/futbolhoy.co\/index.php\/2018\/07\/17\/atletico-junior-regresa-a-la-copa-suramericana\/\"},\"wordCount\":290,\"commentCount\":0,\"publisher\":{\"@id\":\"https:\/\/futbolhoy.co\/#organization\"},\"image\":{\"@id\":\"https:\/\/futbolhoy.co\/index.php\/2018\/07\/17\/atletico-junior-regresa-a-la-copa-suramericana\/#primaryimage\"},\"thumbnailUrl\":\"https:\/\/futbolhoy.co\/wp-content\/uploads\/2018\/07\/junior.jpg\",\"keywords\":[\"Atl\u00e9tico Junior\",\"Copa Sudam\u00e9ricana\",\"Lanus\"],\"articleSection\":[\"Mundo Futbol\"],\"inLanguage\":\"es\",\"potentialAction\":[{\"@type\":\"CommentAction\",\"name\":\"Comment\",\"target\":[\"https:\/\/futbolhoy.co\/index.php\/2018\/07\/17\/atletico-junior-regresa-a-la-copa-suramericana\/#respond\"]}]},{\"@type\":\"WebPage\",\"@id\":\"https:\/\/futbolhoy.co\/index.php\/2018\/07\/17\/atletico-junior-regresa-a-la-copa-suramericana\/\",\"url\":\"https:\/\/futbolhoy.co\/index.php\/2018\/07\/17\/atletico-junior-regresa-a-la-copa-suramericana\/\",\"name\":\"Atl\u00e9tico Junior regresa a la Copa Suramericana -\",\"isPartOf\":{\"@id\":\"https:\/\/futbolhoy.co\/#website\"},\"primaryImageOfPage\":{\"@id\":\"https:\/\/futbolhoy.co\/index.php\/2018\/07\/17\/atletico-junior-regresa-a-la-copa-suramericana\/#primaryimage\"},\"image\":{\"@id\":\"https:\/\/futbolhoy.co\/index.php\/2018\/07\/17\/atletico-junior-regresa-a-la-copa-suramericana\/#primaryimage\"},\"thumbnailUrl\":\"https:\/\/futbolhoy.co\/wp-content\/uploads\/2018\/07\/junior.jpg\",\"datePublished\":\"2018-07-17T05:03:33+00:00\",\"dateModified\":\"2018-07-18T02:42:01+00:00\",\"breadcrumb\":{\"@id\":\"https:\/\/futbolhoy.co\/index.php\/2018\/07\/17\/atletico-junior-regresa-a-la-copa-suramericana\/#breadcrumb\"},\"inLanguage\":\"es\",\"potentialAction\":[{\"@type\":\"ReadAction\",\"target\":[\"https:\/\/futbolhoy.co\/index.php\/2018\/07\/17\/atletico-junior-regresa-a-la-copa-suramericana\/\"]}]},{\"@type\":\"ImageObject\",\"inLanguage\":\"es\",\"@id\":\"https:\/\/futbolhoy.co\/index.php\/2018\/07\/17\/atletico-junior-regresa-a-la-copa-suramericana\/#primaryimage\",\"url\":\"https:\/\/futbolhoy.co\/wp-content\/uploads\/2018\/07\/junior.jpg\",\"contentUrl\":\"https:\/\/futbolhoy.co\/wp-content\/uploads\/2018\/07\/junior.jpg\",\"width\":1200,\"height\":800,\"caption\":\"Twitter @JuniorclubSA\"},{\"@type\":\"BreadcrumbList\",\"@id\":\"https:\/\/futbolhoy.co\/index.php\/2018\/07\/17\/atletico-junior-regresa-a-la-copa-suramericana\/#breadcrumb\",\"itemListElement\":[{\"@type\":\"ListItem\",\"position\":1,\"name\":\"Portada\",\"item\":\"https:\/\/futbolhoy.co\/\"},{\"@type\":\"ListItem\",\"position\":2,\"name\":\"Atl\u00e9tico Junior regresa a la Copa Suramericana\"}]},{\"@type\":\"WebSite\",\"@id\":\"https:\/\/futbolhoy.co\/#website\",\"url\":\"https:\/\/futbolhoy.co\/\",\"name\":\"FutbolHoy\",\"description\":\"\",\"publisher\":{\"@id\":\"https:\/\/futbolhoy.co\/#organization\"},\"potentialAction\":[{\"@type\":\"SearchAction\",\"target\":{\"@type\":\"EntryPoint\",\"urlTemplate\":\"https:\/\/futbolhoy.co\/?s={search_term_string}\"},\"query-input\":{\"@type\":\"PropertyValueSpecification\",\"valueRequired\":true,\"valueName\":\"search_term_string\"}}],\"inLanguage\":\"es\"},{\"@type\":\"Organization\",\"@id\":\"https:\/\/futbolhoy.co\/#organization\",\"name\":\"Futbolhoy.co\",\"url\":\"https:\/\/futbolhoy.co\/\",\"logo\":{\"@type\":\"ImageObject\",\"inLanguage\":\"es\",\"@id\":\"https:\/\/futbolhoy.co\/#\/schema\/logo\/image\/\",\"url\":\"https:\/\/futbolhoy.co\/wp-content\/uploads\/2018\/08\/17426380_1906371736249227_6326180412931521141_n.jpg\",\"contentUrl\":\"https:\/\/futbolhoy.co\/wp-content\/uploads\/2018\/08\/17426380_1906371736249227_6326180412931521141_n.jpg\",\"width\":960,\"height\":960,\"caption\":\"Futbolhoy.co\"},\"image\":{\"@id\":\"https:\/\/futbolhoy.co\/#\/schema\/logo\/image\/\"},\"sameAs\":[\"https:\/\/www.facebook.com\/FutbolHoyCol\/\",\"https:\/\/x.com\/FutbolHoyCol\",\"https:\/\/www.instagram.com\/futbolhoycol\/\"]},{\"@type\":\"Person\",\"@id\":\"https:\/\/futbolhoy.co\/#\/schema\/person\/c4a353a512b127643723a34bb1812f7d\",\"name\":\"Laura Hern\u00e1ndez\",\"image\":{\"@type\":\"ImageObject\",\"inLanguage\":\"es\",\"@id\":\"https:\/\/futbolhoy.co\/#\/schema\/person\/image\/\",\"url\":\"https:\/\/secure.gravatar.com\/avatar\/d25959a15b9b293a743f99181c7cfd01?s=96&d=mm&r=g\",\"contentUrl\":\"https:\/\/secure.gravatar.com\/avatar\/d25959a15b9b293a743f99181c7cfd01?s=96&d=mm&r=g\",\"caption\":\"Laura Hern\u00e1ndez\"}}]}<\/script>\n<!-- \/ Yoast SEO plugin. -->","yoast_head_json":{"title":"Atl\u00e9tico Junior regresa a la Copa Suramericana -","robots":{"index":"index","follow":"follow","max-snippet":"max-snippet:-1","max-image-preview":"max-image-preview:large","max-video-preview":"max-video-preview:-1"},"canonical":"https:\/\/futbolhoy.co\/index.php\/2018\/07\/17\/atletico-junior-regresa-a-la-copa-suramericana\/","og_locale":"es_ES","og_type":"article","og_title":"Atl\u00e9tico Junior regresa a la Copa Suramericana -","og_description":"Lan\u00fas de Argentina recibir\u00e1 este martes al Atl\u00e9tico Junior en la segunda fase de la Copa Sudamericana luego de un largo receso de 3 meses por la disputa del Mundial de Rusia. El equipo local tendr\u00e1 una sensible baja, la ausencia del goleador uruguayo Sebasti\u00e1n Ribas que se recupera de una distensi\u00f3n de ligamento interno [&hellip;]","og_url":"https:\/\/futbolhoy.co\/index.php\/2018\/07\/17\/atletico-junior-regresa-a-la-copa-suramericana\/","article_publisher":"https:\/\/www.facebook.com\/FutbolHoyCol\/","article_published_time":"2018-07-17T05:03:33+00:00","article_modified_time":"2018-07-18T02:42:01+00:00","og_image":[{"width":1200,"height":800,"url":"https:\/\/futbolhoy.co\/wp-content\/uploads\/2018\/07\/junior.jpg","type":"image\/jpeg"}],"author":"Laura Hern\u00e1ndez","twitter_card":"summary_large_image","twitter_creator":"@FutbolHoyCol","twitter_site":"@FutbolHoyCol","twitter_misc":{"Escrito por":"Laura Hern\u00e1ndez","Tiempo de lectura":"1 minuto"},"schema":{"@context":"https:\/\/schema.org","@graph":[{"@type":"Article","@id":"https:\/\/futbolhoy.co\/index.php\/2018\/07\/17\/atletico-junior-regresa-a-la-copa-suramericana\/#article","isPartOf":{"@id":"https:\/\/futbolhoy.co\/index.php\/2018\/07\/17\/atletico-junior-regresa-a-la-copa-suramericana\/"},"author":{"name":"Laura Hern\u00e1ndez","@id":"https:\/\/futbolhoy.co\/#\/schema\/person\/c4a353a512b127643723a34bb1812f7d"},"headline":"Atl\u00e9tico Junior regresa a la Copa Suramericana","datePublished":"2018-07-17T05:03:33+00:00","dateModified":"2018-07-18T02:42:01+00:00","mainEntityOfPage":{"@id":"https:\/\/futbolhoy.co\/index.php\/2018\/07\/17\/atletico-junior-regresa-a-la-copa-suramericana\/"},"wordCount":290,"commentCount":0,"publisher":{"@id":"https:\/\/futbolhoy.co\/#organization"},"image":{"@id":"https:\/\/futbolhoy.co\/index.php\/2018\/07\/17\/atletico-junior-regresa-a-la-copa-suramericana\/#primaryimage"},"thumbnailUrl":"https:\/\/futbolhoy.co\/wp-content\/uploads\/2018\/07\/junior.jpg","keywords":["Atl\u00e9tico Junior","Copa Sudam\u00e9ricana","Lanus"],"articleSection":["Mundo Futbol"],"inLanguage":"es","potentialAction":[{"@type":"CommentAction","name":"Comment","target":["https:\/\/futbolhoy.co\/index.php\/2018\/07\/17\/atletico-junior-regresa-a-la-copa-suramericana\/#respond"]}]},{"@type":"WebPage","@id":"https:\/\/futbolhoy.co\/index.php\/2018\/07\/17\/atletico-junior-regresa-a-la-copa-suramericana\/","url":"https:\/\/futbolhoy.co\/index.php\/2018\/07\/17\/atletico-junior-regresa-a-la-copa-suramericana\/","name":"Atl\u00e9tico Junior regresa a la Copa Suramericana -","isPartOf":{"@id":"https:\/\/futbolhoy.co\/#website"},"primaryImageOfPage":{"@id":"https:\/\/futbolhoy.co\/index.php\/2018\/07\/17\/atletico-junior-regresa-a-la-copa-suramericana\/#primaryimage"},"image":{"@id":"https:\/\/futbolhoy.co\/index.php\/2018\/07\/17\/atletico-junior-regresa-a-la-copa-suramericana\/#primaryimage"},"thumbnailUrl":"https:\/\/futbolhoy.co\/wp-content\/uploads\/2018\/07\/junior.jpg","datePublished":"2018-07-17T05:03:33+00:00","dateModified":"2018-07-18T02:42:01+00:00","breadcrumb":{"@id":"https:\/\/futbolhoy.co\/index.php\/2018\/07\/17\/atletico-junior-regresa-a-la-copa-suramericana\/#breadcrumb"},"inLanguage":"es","potentialAction":[{"@type":"ReadAction","target":["https:\/\/futbolhoy.co\/index.php\/2018\/07\/17\/atletico-junior-regresa-a-la-copa-suramericana\/"]}]},{"@type":"ImageObject","inLanguage":"es","@id":"https:\/\/futbolhoy.co\/index.php\/2018\/07\/17\/atletico-junior-regresa-a-la-copa-suramericana\/#primaryimage","url":"https:\/\/futbolhoy.co\/wp-content\/uploads\/2018\/07\/junior.jpg","contentUrl":"https:\/\/futbolhoy.co\/wp-content\/uploads\/2018\/07\/junior.jpg","width":1200,"height":800,"caption":"Twitter @JuniorclubSA"},{"@type":"BreadcrumbList","@id":"https:\/\/futbolhoy.co\/index.php\/2018\/07\/17\/atletico-junior-regresa-a-la-copa-suramericana\/#breadcrumb","itemListElement":[{"@type":"ListItem","position":1,"name":"Portada","item":"https:\/\/futbolhoy.co\/"},{"@type":"ListItem","position":2,"name":"Atl\u00e9tico Junior regresa a la Copa Suramericana"}]},{"@type":"WebSite","@id":"https:\/\/futbolhoy.co\/#website","url":"https:\/\/futbolhoy.co\/","name":"FutbolHoy","description":"","publisher":{"@id":"https:\/\/futbolhoy.co\/#organization"},"potentialAction":[{"@type":"SearchAction","target":{"@type":"EntryPoint","urlTemplate":"https:\/\/futbolhoy.co\/?s={search_term_string}"},"query-input":{"@type":"PropertyValueSpecification","valueRequired":true,"valueName":"search_term_string"}}],"inLanguage":"es"},{"@type":"Organization","@id":"https:\/\/futbolhoy.co\/#organization","name":"Futbolhoy.co","url":"https:\/\/futbolhoy.co\/","logo":{"@type":"ImageObject","inLanguage":"es","@id":"https:\/\/futbolhoy.co\/#\/schema\/logo\/image\/","url":"https:\/\/futbolhoy.co\/wp-content\/uploads\/2018\/08\/17426380_1906371736249227_6326180412931521141_n.jpg","contentUrl":"https:\/\/futbolhoy.co\/wp-content\/uploads\/2018\/08\/17426380_1906371736249227_6326180412931521141_n.jpg","width":960,"height":960,"caption":"Futbolhoy.co"},"image":{"@id":"https:\/\/futbolhoy.co\/#\/schema\/logo\/image\/"},"sameAs":["https:\/\/www.facebook.com\/FutbolHoyCol\/","https:\/\/x.com\/FutbolHoyCol","https:\/\/www.instagram.com\/futbolhoycol\/"]},{"@type":"Person","@id":"https:\/\/futbolhoy.co\/#\/schema\/person\/c4a353a512b127643723a34bb1812f7d","name":"Laura Hern\u00e1ndez","image":{"@type":"ImageObject","inLanguage":"es","@id":"https:\/\/futbolhoy.co\/#\/schema\/person\/image\/","url":"https:\/\/secure.gravatar.com\/avatar\/d25959a15b9b293a743f99181c7cfd01?s=96&d=mm&r=g","contentUrl":"https:\/\/secure.gravatar.com\/avatar\/d25959a15b9b293a743f99181c7cfd01?s=96&d=mm&r=g","caption":"Laura Hern\u00e1ndez"}}]}},"publishpress_future_action":{"enabled":false,"date":"2026-05-05 23:20:08","action":"change-status","newStatus":"draft","terms":[],"taxonomy":"category","extraData":[]},"publishpress_future_workflow_manual_trigger":{"enabledWorkflows":[]},"_links":{"self":[{"href":"https:\/\/futbolhoy.co\/index.php\/wp-json\/wp\/v2\/posts\/22194","targetHints":{"allow":["GET"]}}],"collection":[{"href":"https:\/\/futbolhoy.co\/index.php\/wp-json\/wp\/v2\/posts"}],"about":[{"href":"https:\/\/futbolhoy.co\/index.php\/wp-json\/wp\/v2\/types\/post"}],"author":[{"embeddable":true,"href":"https:\/\/futbolhoy.co\/index.php\/wp-json\/wp\/v2\/users\/5"}],"replies":[{"embeddable":true,"href":"https:\/\/futbolhoy.co\/index.php\/wp-json\/wp\/v2\/comments?post=22194"}],"version-history":[{"count":2,"href":"https:\/\/futbolhoy.co\/index.php\/wp-json\/wp\/v2\/posts\/22194\/revisions"}],"predecessor-version":[{"id":22259,"href":"https:\/\/futbolhoy.co\/index.php\/wp-json\/wp\/v2\/posts\/22194\/revisions\/22259"}],"wp:featuredmedia":[{"embeddable":true,"href":"https:\/\/futbolhoy.co\/index.php\/wp-json\/wp\/v2\/media\/22215"}],"wp:attachment":[{"href":"https:\/\/futbolhoy.co\/index.php\/wp-json\/wp\/v2\/media?parent=22194"}],"wp:term":[{"taxonomy":"category","embeddable":true,"href":"https:\/\/futbolhoy.co\/index.php\/wp-json\/wp\/v2\/categories?post=22194"},{"taxonomy":"post_tag","embeddable":true,"href":"https:\/\/futbolhoy.co\/index.php\/wp-json\/wp\/v2\/tags?post=22194"}],"curies":[{"name":"wp","href":"https:\/\/api.w.org\/{rel}","templated":true}]}}