{"id":22196,"date":"2018-07-16T18:36:52","date_gmt":"2018-07-16T23:36:52","guid":{"rendered":"http:\/\/futbolhoy.co\/?p=22196"},"modified":"2018-07-16T18:36:52","modified_gmt":"2018-07-16T23:36:52","slug":"busco-mi-consolidacion-en-europa-joao-rodriguez","status":"publish","type":"post","link":"https:\/\/futbolhoy.co\/index.php\/2018\/07\/16\/busco-mi-consolidacion-en-europa-joao-rodriguez\/","title":{"rendered":"Busco mi consolidaci\u00f3n en Europa: Joao Rodr\u00edguez"},"content":{"rendered":"<p class=\"m_-6210319165915496834ydp1d106e4MsoNormal\" style=\"text-align: justify;\"><span style=\"font-family: helvetica, arial, sans-serif;\">El delantero cucute\u00f1o <strong>Joao Rodr\u00edguez<\/strong> fue presentado como nuevo jugador del <strong>CD<\/strong> <strong>Tenerife<\/strong> de la segunda divisi\u00f3n de Espa\u00f1a, donde asegur\u00f3 que llega en \"un punto trascendental\" para su carrera deportiva, donde busca \"la consolidaci\u00f3n en Europa\".<\/span><\/p>\n<p class=\"m_-6210319165915496834ydp1d106e4MsoNormal\" style=\"text-align: justify;\"><span style=\"font-family: helvetica, arial, sans-serif;\"><strong>Rodr\u00edguez<\/strong>, que llega a pr\u00e9stamo desde <strong>Chelsea<\/strong> por una temporada, se defini\u00f3 como \"un jugador h\u00e1bil y de velocidad\".<\/span><\/p>\n<p><span style=\"font-family: helvetica, arial, sans-serif;\">El colombiano revel\u00f3 que una que recibi\u00f3 de <strong>Joseba Etxeberria<\/strong>, t\u00e9cnico de <strong>Tenerife<\/strong>, fue \"trascendental\" para decidirse a aceptar la propuesta del equipo, puesto que le gust\u00f3 \"su idea de juego\".<\/span><\/p>\n","protected":false},"excerpt":{"rendered":"<p>El delantero cucute\u00f1o Joao Rodr\u00edguez fue presentado como nuevo jugador del CD Tenerife de la segunda divisi\u00f3n de Espa\u00f1a, donde asegur\u00f3 que llega en \"un punto trascendental\" para su carrera deportiva, donde busca \"la consolidaci\u00f3n en Europa\". Rodr\u00edguez, que llega a pr\u00e9stamo desde Chelsea por una temporada, se defini\u00f3 como \"un jugador h\u00e1bil y de [&hellip;]<\/p>\n","protected":false},"author":5,"featured_media":22211,"comment_status":"open","ping_status":"open","sticky":false,"template":"","format":"standard","meta":{"_acf_changed":false,"footnotes":""},"categories":[152],"tags":[982,165],"class_list":{"0":"post-22196","1":"post","2":"type-post","3":"status-publish","4":"format-standard","5":"has-post-thumbnail","7":"category-mundo-futbol","8":"tag-joao-rodriguez","9":"tag-jugadores-colombianos"},"acf":[],"yoast_head":"<!-- This site is optimized with the Yoast SEO plugin v26.8 - https:\/\/yoast.com\/product\/yoast-seo-wordpress\/ -->\n<title>Busco mi consolidaci\u00f3n en Europa: Joao Rodr\u00edguez -<\/title>\n<meta name=\"robots\" content=\"index, follow, max-snippet:-1, max-image-preview:large, max-video-preview:-1\" \/>\n<link rel=\"canonical\" href=\"https:\/\/futbolhoy.co\/index.php\/2018\/07\/16\/busco-mi-consolidacion-en-europa-joao-rodriguez\/\" \/>\n<meta property=\"og:locale\" content=\"es_ES\" \/>\n<meta property=\"og:type\" content=\"article\" \/>\n<meta property=\"og:title\" content=\"Busco mi consolidaci\u00f3n en Europa: Joao Rodr\u00edguez -\" \/>\n<meta property=\"og:description\" content=\"El delantero cucute\u00f1o Joao Rodr\u00edguez fue presentado como nuevo jugador del CD Tenerife de la segunda divisi\u00f3n de Espa\u00f1a, donde asegur\u00f3 que llega en &quot;un punto trascendental&quot; para su carrera deportiva, donde busca &quot;la consolidaci\u00f3n en Europa&quot;. Rodr\u00edguez, que llega a pr\u00e9stamo desde Chelsea por una temporada, se defini\u00f3 como &quot;un jugador h\u00e1bil y de [&hellip;]\" \/>\n<meta property=\"og:url\" content=\"https:\/\/futbolhoy.co\/index.php\/2018\/07\/16\/busco-mi-consolidacion-en-europa-joao-rodriguez\/\" \/>\n<meta property=\"article:publisher\" content=\"https:\/\/www.facebook.com\/FutbolHoyCol\/\" \/>\n<meta property=\"article:published_time\" content=\"2018-07-16T23:36:52+00:00\" \/>\n<meta property=\"og:image\" content=\"https:\/\/futbolhoy.co\/wp-content\/uploads\/2018\/07\/662x372a_16151942100joao.jpg\" \/>\n\t<meta property=\"og:image:width\" content=\"662\" \/>\n\t<meta property=\"og:image:height\" content=\"441\" \/>\n\t<meta property=\"og:image:type\" content=\"image\/jpeg\" \/>\n<meta name=\"author\" content=\"Laura Hern\u00e1ndez\" \/>\n<meta name=\"twitter:card\" content=\"summary_large_image\" \/>\n<meta name=\"twitter:creator\" content=\"@FutbolHoyCol\" \/>\n<meta name=\"twitter:site\" content=\"@FutbolHoyCol\" \/>\n<meta name=\"twitter:label1\" content=\"Escrito por\" \/>\n\t<meta name=\"twitter:data1\" content=\"Laura Hern\u00e1ndez\" \/>\n<script type=\"application\/ld+json\" class=\"yoast-schema-graph\">{\"@context\":\"https:\/\/schema.org\",\"@graph\":[{\"@type\":\"Article\",\"@id\":\"https:\/\/futbolhoy.co\/index.php\/2018\/07\/16\/busco-mi-consolidacion-en-europa-joao-rodriguez\/#article\",\"isPartOf\":{\"@id\":\"https:\/\/futbolhoy.co\/index.php\/2018\/07\/16\/busco-mi-consolidacion-en-europa-joao-rodriguez\/\"},\"author\":{\"name\":\"Laura Hern\u00e1ndez\",\"@id\":\"https:\/\/futbolhoy.co\/#\/schema\/person\/c4a353a512b127643723a34bb1812f7d\"},\"headline\":\"Busco mi consolidaci\u00f3n en Europa: Joao Rodr\u00edguez\",\"datePublished\":\"2018-07-16T23:36:52+00:00\",\"mainEntityOfPage\":{\"@id\":\"https:\/\/futbolhoy.co\/index.php\/2018\/07\/16\/busco-mi-consolidacion-en-europa-joao-rodriguez\/\"},\"wordCount\":105,\"commentCount\":0,\"publisher\":{\"@id\":\"https:\/\/futbolhoy.co\/#organization\"},\"image\":{\"@id\":\"https:\/\/futbolhoy.co\/index.php\/2018\/07\/16\/busco-mi-consolidacion-en-europa-joao-rodriguez\/#primaryimage\"},\"thumbnailUrl\":\"https:\/\/futbolhoy.co\/wp-content\/uploads\/2018\/07\/662x372a_16151942100joao.jpg\",\"keywords\":[\"Joao Rodr\u00edguez\",\"Jugadores Colombianos\"],\"articleSection\":[\"Mundo Futbol\"],\"inLanguage\":\"es\",\"potentialAction\":[{\"@type\":\"CommentAction\",\"name\":\"Comment\",\"target\":[\"https:\/\/futbolhoy.co\/index.php\/2018\/07\/16\/busco-mi-consolidacion-en-europa-joao-rodriguez\/#respond\"]}]},{\"@type\":\"WebPage\",\"@id\":\"https:\/\/futbolhoy.co\/index.php\/2018\/07\/16\/busco-mi-consolidacion-en-europa-joao-rodriguez\/\",\"url\":\"https:\/\/futbolhoy.co\/index.php\/2018\/07\/16\/busco-mi-consolidacion-en-europa-joao-rodriguez\/\",\"name\":\"Busco mi consolidaci\u00f3n en Europa: Joao Rodr\u00edguez -\",\"isPartOf\":{\"@id\":\"https:\/\/futbolhoy.co\/#website\"},\"primaryImageOfPage\":{\"@id\":\"https:\/\/futbolhoy.co\/index.php\/2018\/07\/16\/busco-mi-consolidacion-en-europa-joao-rodriguez\/#primaryimage\"},\"image\":{\"@id\":\"https:\/\/futbolhoy.co\/index.php\/2018\/07\/16\/busco-mi-consolidacion-en-europa-joao-rodriguez\/#primaryimage\"},\"thumbnailUrl\":\"https:\/\/futbolhoy.co\/wp-content\/uploads\/2018\/07\/662x372a_16151942100joao.jpg\",\"datePublished\":\"2018-07-16T23:36:52+00:00\",\"breadcrumb\":{\"@id\":\"https:\/\/futbolhoy.co\/index.php\/2018\/07\/16\/busco-mi-consolidacion-en-europa-joao-rodriguez\/#breadcrumb\"},\"inLanguage\":\"es\",\"potentialAction\":[{\"@type\":\"ReadAction\",\"target\":[\"https:\/\/futbolhoy.co\/index.php\/2018\/07\/16\/busco-mi-consolidacion-en-europa-joao-rodriguez\/\"]}]},{\"@type\":\"ImageObject\",\"inLanguage\":\"es\",\"@id\":\"https:\/\/futbolhoy.co\/index.php\/2018\/07\/16\/busco-mi-consolidacion-en-europa-joao-rodriguez\/#primaryimage\",\"url\":\"https:\/\/futbolhoy.co\/wp-content\/uploads\/2018\/07\/662x372a_16151942100joao.jpg\",\"contentUrl\":\"https:\/\/futbolhoy.co\/wp-content\/uploads\/2018\/07\/662x372a_16151942100joao.jpg\",\"width\":662,\"height\":441,\"caption\":\"www.clubdeportivotenerife.es\"},{\"@type\":\"BreadcrumbList\",\"@id\":\"https:\/\/futbolhoy.co\/index.php\/2018\/07\/16\/busco-mi-consolidacion-en-europa-joao-rodriguez\/#breadcrumb\",\"itemListElement\":[{\"@type\":\"ListItem\",\"position\":1,\"name\":\"Portada\",\"item\":\"https:\/\/futbolhoy.co\/\"},{\"@type\":\"ListItem\",\"position\":2,\"name\":\"Busco mi consolidaci\u00f3n en Europa: Joao Rodr\u00edguez\"}]},{\"@type\":\"WebSite\",\"@id\":\"https:\/\/futbolhoy.co\/#website\",\"url\":\"https:\/\/futbolhoy.co\/\",\"name\":\"FutbolHoy\",\"description\":\"\",\"publisher\":{\"@id\":\"https:\/\/futbolhoy.co\/#organization\"},\"potentialAction\":[{\"@type\":\"SearchAction\",\"target\":{\"@type\":\"EntryPoint\",\"urlTemplate\":\"https:\/\/futbolhoy.co\/?s={search_term_string}\"},\"query-input\":{\"@type\":\"PropertyValueSpecification\",\"valueRequired\":true,\"valueName\":\"search_term_string\"}}],\"inLanguage\":\"es\"},{\"@type\":\"Organization\",\"@id\":\"https:\/\/futbolhoy.co\/#organization\",\"name\":\"Futbolhoy.co\",\"url\":\"https:\/\/futbolhoy.co\/\",\"logo\":{\"@type\":\"ImageObject\",\"inLanguage\":\"es\",\"@id\":\"https:\/\/futbolhoy.co\/#\/schema\/logo\/image\/\",\"url\":\"https:\/\/futbolhoy.co\/wp-content\/uploads\/2018\/08\/17426380_1906371736249227_6326180412931521141_n.jpg\",\"contentUrl\":\"https:\/\/futbolhoy.co\/wp-content\/uploads\/2018\/08\/17426380_1906371736249227_6326180412931521141_n.jpg\",\"width\":960,\"height\":960,\"caption\":\"Futbolhoy.co\"},\"image\":{\"@id\":\"https:\/\/futbolhoy.co\/#\/schema\/logo\/image\/\"},\"sameAs\":[\"https:\/\/www.facebook.com\/FutbolHoyCol\/\",\"https:\/\/x.com\/FutbolHoyCol\",\"https:\/\/www.instagram.com\/futbolhoycol\/\"]},{\"@type\":\"Person\",\"@id\":\"https:\/\/futbolhoy.co\/#\/schema\/person\/c4a353a512b127643723a34bb1812f7d\",\"name\":\"Laura Hern\u00e1ndez\",\"image\":{\"@type\":\"ImageObject\",\"inLanguage\":\"es\",\"@id\":\"https:\/\/futbolhoy.co\/#\/schema\/person\/image\/\",\"url\":\"https:\/\/secure.gravatar.com\/avatar\/d25959a15b9b293a743f99181c7cfd01?s=96&d=mm&r=g\",\"contentUrl\":\"https:\/\/secure.gravatar.com\/avatar\/d25959a15b9b293a743f99181c7cfd01?s=96&d=mm&r=g\",\"caption\":\"Laura Hern\u00e1ndez\"}}]}<\/script>\n<!-- \/ Yoast SEO plugin. -->","yoast_head_json":{"title":"Busco mi consolidaci\u00f3n en Europa: Joao Rodr\u00edguez -","robots":{"index":"index","follow":"follow","max-snippet":"max-snippet:-1","max-image-preview":"max-image-preview:large","max-video-preview":"max-video-preview:-1"},"canonical":"https:\/\/futbolhoy.co\/index.php\/2018\/07\/16\/busco-mi-consolidacion-en-europa-joao-rodriguez\/","og_locale":"es_ES","og_type":"article","og_title":"Busco mi consolidaci\u00f3n en Europa: Joao Rodr\u00edguez -","og_description":"El delantero cucute\u00f1o Joao Rodr\u00edguez fue presentado como nuevo jugador del CD Tenerife de la segunda divisi\u00f3n de Espa\u00f1a, donde asegur\u00f3 que llega en \"un punto trascendental\" para su carrera deportiva, donde busca \"la consolidaci\u00f3n en Europa\". Rodr\u00edguez, que llega a pr\u00e9stamo desde Chelsea por una temporada, se defini\u00f3 como \"un jugador h\u00e1bil y de [&hellip;]","og_url":"https:\/\/futbolhoy.co\/index.php\/2018\/07\/16\/busco-mi-consolidacion-en-europa-joao-rodriguez\/","article_publisher":"https:\/\/www.facebook.com\/FutbolHoyCol\/","article_published_time":"2018-07-16T23:36:52+00:00","og_image":[{"width":662,"height":441,"url":"https:\/\/futbolhoy.co\/wp-content\/uploads\/2018\/07\/662x372a_16151942100joao.jpg","type":"image\/jpeg"}],"author":"Laura Hern\u00e1ndez","twitter_card":"summary_large_image","twitter_creator":"@FutbolHoyCol","twitter_site":"@FutbolHoyCol","twitter_misc":{"Escrito por":"Laura Hern\u00e1ndez"},"schema":{"@context":"https:\/\/schema.org","@graph":[{"@type":"Article","@id":"https:\/\/futbolhoy.co\/index.php\/2018\/07\/16\/busco-mi-consolidacion-en-europa-joao-rodriguez\/#article","isPartOf":{"@id":"https:\/\/futbolhoy.co\/index.php\/2018\/07\/16\/busco-mi-consolidacion-en-europa-joao-rodriguez\/"},"author":{"name":"Laura Hern\u00e1ndez","@id":"https:\/\/futbolhoy.co\/#\/schema\/person\/c4a353a512b127643723a34bb1812f7d"},"headline":"Busco mi consolidaci\u00f3n en Europa: Joao Rodr\u00edguez","datePublished":"2018-07-16T23:36:52+00:00","mainEntityOfPage":{"@id":"https:\/\/futbolhoy.co\/index.php\/2018\/07\/16\/busco-mi-consolidacion-en-europa-joao-rodriguez\/"},"wordCount":105,"commentCount":0,"publisher":{"@id":"https:\/\/futbolhoy.co\/#organization"},"image":{"@id":"https:\/\/futbolhoy.co\/index.php\/2018\/07\/16\/busco-mi-consolidacion-en-europa-joao-rodriguez\/#primaryimage"},"thumbnailUrl":"https:\/\/futbolhoy.co\/wp-content\/uploads\/2018\/07\/662x372a_16151942100joao.jpg","keywords":["Joao Rodr\u00edguez","Jugadores Colombianos"],"articleSection":["Mundo Futbol"],"inLanguage":"es","potentialAction":[{"@type":"CommentAction","name":"Comment","target":["https:\/\/futbolhoy.co\/index.php\/2018\/07\/16\/busco-mi-consolidacion-en-europa-joao-rodriguez\/#respond"]}]},{"@type":"WebPage","@id":"https:\/\/futbolhoy.co\/index.php\/2018\/07\/16\/busco-mi-consolidacion-en-europa-joao-rodriguez\/","url":"https:\/\/futbolhoy.co\/index.php\/2018\/07\/16\/busco-mi-consolidacion-en-europa-joao-rodriguez\/","name":"Busco mi consolidaci\u00f3n en Europa: Joao Rodr\u00edguez -","isPartOf":{"@id":"https:\/\/futbolhoy.co\/#website"},"primaryImageOfPage":{"@id":"https:\/\/futbolhoy.co\/index.php\/2018\/07\/16\/busco-mi-consolidacion-en-europa-joao-rodriguez\/#primaryimage"},"image":{"@id":"https:\/\/futbolhoy.co\/index.php\/2018\/07\/16\/busco-mi-consolidacion-en-europa-joao-rodriguez\/#primaryimage"},"thumbnailUrl":"https:\/\/futbolhoy.co\/wp-content\/uploads\/2018\/07\/662x372a_16151942100joao.jpg","datePublished":"2018-07-16T23:36:52+00:00","breadcrumb":{"@id":"https:\/\/futbolhoy.co\/index.php\/2018\/07\/16\/busco-mi-consolidacion-en-europa-joao-rodriguez\/#breadcrumb"},"inLanguage":"es","potentialAction":[{"@type":"ReadAction","target":["https:\/\/futbolhoy.co\/index.php\/2018\/07\/16\/busco-mi-consolidacion-en-europa-joao-rodriguez\/"]}]},{"@type":"ImageObject","inLanguage":"es","@id":"https:\/\/futbolhoy.co\/index.php\/2018\/07\/16\/busco-mi-consolidacion-en-europa-joao-rodriguez\/#primaryimage","url":"https:\/\/futbolhoy.co\/wp-content\/uploads\/2018\/07\/662x372a_16151942100joao.jpg","contentUrl":"https:\/\/futbolhoy.co\/wp-content\/uploads\/2018\/07\/662x372a_16151942100joao.jpg","width":662,"height":441,"caption":"www.clubdeportivotenerife.es"},{"@type":"BreadcrumbList","@id":"https:\/\/futbolhoy.co\/index.php\/2018\/07\/16\/busco-mi-consolidacion-en-europa-joao-rodriguez\/#breadcrumb","itemListElement":[{"@type":"ListItem","position":1,"name":"Portada","item":"https:\/\/futbolhoy.co\/"},{"@type":"ListItem","position":2,"name":"Busco mi consolidaci\u00f3n en Europa: Joao Rodr\u00edguez"}]},{"@type":"WebSite","@id":"https:\/\/futbolhoy.co\/#website","url":"https:\/\/futbolhoy.co\/","name":"FutbolHoy","description":"","publisher":{"@id":"https:\/\/futbolhoy.co\/#organization"},"potentialAction":[{"@type":"SearchAction","target":{"@type":"EntryPoint","urlTemplate":"https:\/\/futbolhoy.co\/?s={search_term_string}"},"query-input":{"@type":"PropertyValueSpecification","valueRequired":true,"valueName":"search_term_string"}}],"inLanguage":"es"},{"@type":"Organization","@id":"https:\/\/futbolhoy.co\/#organization","name":"Futbolhoy.co","url":"https:\/\/futbolhoy.co\/","logo":{"@type":"ImageObject","inLanguage":"es","@id":"https:\/\/futbolhoy.co\/#\/schema\/logo\/image\/","url":"https:\/\/futbolhoy.co\/wp-content\/uploads\/2018\/08\/17426380_1906371736249227_6326180412931521141_n.jpg","contentUrl":"https:\/\/futbolhoy.co\/wp-content\/uploads\/2018\/08\/17426380_1906371736249227_6326180412931521141_n.jpg","width":960,"height":960,"caption":"Futbolhoy.co"},"image":{"@id":"https:\/\/futbolhoy.co\/#\/schema\/logo\/image\/"},"sameAs":["https:\/\/www.facebook.com\/FutbolHoyCol\/","https:\/\/x.com\/FutbolHoyCol","https:\/\/www.instagram.com\/futbolhoycol\/"]},{"@type":"Person","@id":"https:\/\/futbolhoy.co\/#\/schema\/person\/c4a353a512b127643723a34bb1812f7d","name":"Laura Hern\u00e1ndez","image":{"@type":"ImageObject","inLanguage":"es","@id":"https:\/\/futbolhoy.co\/#\/schema\/person\/image\/","url":"https:\/\/secure.gravatar.com\/avatar\/d25959a15b9b293a743f99181c7cfd01?s=96&d=mm&r=g","contentUrl":"https:\/\/secure.gravatar.com\/avatar\/d25959a15b9b293a743f99181c7cfd01?s=96&d=mm&r=g","caption":"Laura Hern\u00e1ndez"}}]}},"publishpress_future_action":{"enabled":false,"date":"2026-05-05 14:32:41","action":"change-status","newStatus":"draft","terms":[],"taxonomy":"category","extraData":[]},"publishpress_future_workflow_manual_trigger":{"enabledWorkflows":[]},"_links":{"self":[{"href":"https:\/\/futbolhoy.co\/index.php\/wp-json\/wp\/v2\/posts\/22196","targetHints":{"allow":["GET"]}}],"collection":[{"href":"https:\/\/futbolhoy.co\/index.php\/wp-json\/wp\/v2\/posts"}],"about":[{"href":"https:\/\/futbolhoy.co\/index.php\/wp-json\/wp\/v2\/types\/post"}],"author":[{"embeddable":true,"href":"https:\/\/futbolhoy.co\/index.php\/wp-json\/wp\/v2\/users\/5"}],"replies":[{"embeddable":true,"href":"https:\/\/futbolhoy.co\/index.php\/wp-json\/wp\/v2\/comments?post=22196"}],"version-history":[{"count":1,"href":"https:\/\/futbolhoy.co\/index.php\/wp-json\/wp\/v2\/posts\/22196\/revisions"}],"predecessor-version":[{"id":22214,"href":"https:\/\/futbolhoy.co\/index.php\/wp-json\/wp\/v2\/posts\/22196\/revisions\/22214"}],"wp:featuredmedia":[{"embeddable":true,"href":"https:\/\/futbolhoy.co\/index.php\/wp-json\/wp\/v2\/media\/22211"}],"wp:attachment":[{"href":"https:\/\/futbolhoy.co\/index.php\/wp-json\/wp\/v2\/media?parent=22196"}],"wp:term":[{"taxonomy":"category","embeddable":true,"href":"https:\/\/futbolhoy.co\/index.php\/wp-json\/wp\/v2\/categories?post=22196"},{"taxonomy":"post_tag","embeddable":true,"href":"https:\/\/futbolhoy.co\/index.php\/wp-json\/wp\/v2\/tags?post=22196"}],"curies":[{"name":"wp","href":"https:\/\/api.w.org\/{rel}","templated":true}]}}