{"id":22198,"date":"2018-07-16T18:36:28","date_gmt":"2018-07-16T23:36:28","guid":{"rendered":"http:\/\/futbolhoy.co\/?p=22198"},"modified":"2018-07-16T18:36:44","modified_gmt":"2018-07-16T23:36:44","slug":"uruguayo-dirigira-al-bolivar-ante-cali-por-copa-suramericana","status":"publish","type":"post","link":"https:\/\/futbolhoy.co\/index.php\/2018\/07\/16\/uruguayo-dirigira-al-bolivar-ante-cali-por-copa-suramericana\/","title":{"rendered":"Uruguayo dirigir\u00e1 al Bol\u00edvar ante Cali por Copa Suramericana"},"content":{"rendered":"<p class=\"m_-6210319165915496834ydp1d106e4MsoNormal\" style=\"text-align: justify;\"><span style=\"font-family: helvetica, arial, sans-serif;\"><strong>Bol\u00edvar<\/strong> de <strong>Bolivia<\/strong> es esperado este martes en el pa\u00eds, donde enfrentar\u00e1 a <strong>Deportivo Cali<\/strong> por la segunda ronda de <strong>Copa Suramericana<\/strong>.<\/span><\/p>\n<p class=\"m_-6210319165915496834ydp1d106e4MsoNormal\" style=\"text-align: justify;\"><span style=\"font-family: helvetica, arial, sans-serif;\">El conjunto boliviano, que tendr\u00e1 el debut del t\u00e9cnico uruguayo<strong> Alfredo Arias,<\/strong> realizar\u00e1 en la noche un reconocimiento del estadio de <strong>Palmaseca<\/strong>, donde se disputar\u00e1 el compromiso.<\/span><\/p>\n<p class=\"m_-6210319165915496834ydp1d106e4MsoNormal\" style=\"text-align: justify;\"><span style=\"font-family: helvetica, arial, sans-serif;\">Arias lleg\u00f3 al <strong>Bol\u00edvar<\/strong> a mediados de junio en reemplazo del t\u00e9cnico brasile\u00f1o<strong> Vin\u00edcius Eutr\u00f3pio.<\/strong><\/span><\/p>\n<p class=\"m_-6210319165915496834ydp1d106e4MsoNormal\" style=\"text-align: justify;\"><span style=\"font-family: helvetica, arial, sans-serif;\">Con la llegada del nuevo entrenador, Bol\u00edvar sum\u00f3 como refuerzo al portero <strong>Fernando Laforia<\/strong> y al volante <strong>Felipe Rodr\u00edguez<\/strong>, ambos uruguayos.<\/span><\/p>\n<p class=\"m_-6210319165915496834ydp1d106e4MsoNormal\" style=\"text-align: justify;\"><span style=\"font-family: helvetica, arial, sans-serif;\">El plantel inici\u00f3 su pretemporada el 19 de junio y llegar\u00e1 al juego por Copa Sudamericana tras jugar algunos partidos amistosos, uno de ellos ante el <strong>Olimpia<\/strong> en Asunci\u00f3n, donde cay\u00f3 2-1.<\/span><\/p>\n<p class=\"m_-6210319165915496834ydp1d106e4MsoNormal\" style=\"text-align: justify;\"><span style=\"font-family: helvetica, arial, sans-serif;\">Bol\u00edvar se clasific\u00f3 luego de terminar tercero del Grupo B de la <strong>Libertadores<\/strong>, por detr\u00e1s del <strong>Atl\u00e9tico<\/strong> <strong>Nacional<\/strong> y <strong>Colo Colo.<\/strong><\/span><\/p>\n<p class=\"m_-6210319165915496834ydp1d106e4MsoNormal\" style=\"text-align: justify;\"><span style=\"font-family: helvetica, arial, sans-serif;\">.<\/span><\/p>\n","protected":false},"excerpt":{"rendered":"<p>Bol\u00edvar de Bolivia es esperado este martes en el pa\u00eds, donde enfrentar\u00e1 a Deportivo Cali por la segunda ronda de Copa Suramericana. El conjunto boliviano, que tendr\u00e1 el debut del t\u00e9cnico uruguayo Alfredo Arias, realizar\u00e1 en la noche un reconocimiento del estadio de Palmaseca, donde se disputar\u00e1 el compromiso. Arias lleg\u00f3 al Bol\u00edvar a mediados [&hellip;]<\/p>\n","protected":false},"author":5,"featured_media":22209,"comment_status":"open","ping_status":"open","sticky":false,"template":"","format":"standard","meta":{"_acf_changed":false,"footnotes":""},"categories":[152],"tags":[91,264],"class_list":{"0":"post-22198","1":"post","2":"type-post","3":"status-publish","4":"format-standard","5":"has-post-thumbnail","7":"category-mundo-futbol","8":"tag-copa-sudamericana","9":"tag-deportivo-cali"},"acf":[],"yoast_head":"<!-- This site is optimized with the Yoast SEO plugin v26.8 - https:\/\/yoast.com\/product\/yoast-seo-wordpress\/ -->\n<title>Uruguayo dirigir\u00e1 al Bol\u00edvar ante Cali por Copa Suramericana -<\/title>\n<meta name=\"robots\" content=\"index, follow, max-snippet:-1, max-image-preview:large, max-video-preview:-1\" \/>\n<link rel=\"canonical\" href=\"https:\/\/futbolhoy.co\/index.php\/2018\/07\/16\/uruguayo-dirigira-al-bolivar-ante-cali-por-copa-suramericana\/\" \/>\n<meta property=\"og:locale\" content=\"es_ES\" \/>\n<meta property=\"og:type\" content=\"article\" \/>\n<meta property=\"og:title\" content=\"Uruguayo dirigir\u00e1 al Bol\u00edvar ante Cali por Copa Suramericana -\" \/>\n<meta property=\"og:description\" content=\"Bol\u00edvar de Bolivia es esperado este martes en el pa\u00eds, donde enfrentar\u00e1 a Deportivo Cali por la segunda ronda de Copa Suramericana. El conjunto boliviano, que tendr\u00e1 el debut del t\u00e9cnico uruguayo Alfredo Arias, realizar\u00e1 en la noche un reconocimiento del estadio de Palmaseca, donde se disputar\u00e1 el compromiso. Arias lleg\u00f3 al Bol\u00edvar a mediados [&hellip;]\" \/>\n<meta property=\"og:url\" content=\"https:\/\/futbolhoy.co\/index.php\/2018\/07\/16\/uruguayo-dirigira-al-bolivar-ante-cali-por-copa-suramericana\/\" \/>\n<meta property=\"article:publisher\" content=\"https:\/\/www.facebook.com\/FutbolHoyCol\/\" \/>\n<meta property=\"article:published_time\" content=\"2018-07-16T23:36:28+00:00\" \/>\n<meta property=\"article:modified_time\" content=\"2018-07-16T23:36:44+00:00\" \/>\n<meta property=\"og:image\" content=\"https:\/\/futbolhoy.co\/wp-content\/uploads\/2018\/07\/Dg321_eWAAAhJjf.jpg\" \/>\n\t<meta property=\"og:image:width\" content=\"1024\" \/>\n\t<meta property=\"og:image:height\" content=\"858\" \/>\n\t<meta property=\"og:image:type\" content=\"image\/jpeg\" \/>\n<meta name=\"author\" content=\"Laura Hern\u00e1ndez\" \/>\n<meta name=\"twitter:card\" content=\"summary_large_image\" \/>\n<meta name=\"twitter:creator\" content=\"@FutbolHoyCol\" \/>\n<meta name=\"twitter:site\" content=\"@FutbolHoyCol\" \/>\n<meta name=\"twitter:label1\" content=\"Escrito por\" \/>\n\t<meta name=\"twitter:data1\" content=\"Laura Hern\u00e1ndez\" \/>\n\t<meta name=\"twitter:label2\" content=\"Tiempo de lectura\" \/>\n\t<meta name=\"twitter:data2\" content=\"1 minuto\" \/>\n<script type=\"application\/ld+json\" class=\"yoast-schema-graph\">{\"@context\":\"https:\/\/schema.org\",\"@graph\":[{\"@type\":\"Article\",\"@id\":\"https:\/\/futbolhoy.co\/index.php\/2018\/07\/16\/uruguayo-dirigira-al-bolivar-ante-cali-por-copa-suramericana\/#article\",\"isPartOf\":{\"@id\":\"https:\/\/futbolhoy.co\/index.php\/2018\/07\/16\/uruguayo-dirigira-al-bolivar-ante-cali-por-copa-suramericana\/\"},\"author\":{\"name\":\"Laura Hern\u00e1ndez\",\"@id\":\"https:\/\/futbolhoy.co\/#\/schema\/person\/c4a353a512b127643723a34bb1812f7d\"},\"headline\":\"Uruguayo dirigir\u00e1 al Bol\u00edvar ante Cali por Copa Suramericana\",\"datePublished\":\"2018-07-16T23:36:28+00:00\",\"dateModified\":\"2018-07-16T23:36:44+00:00\",\"mainEntityOfPage\":{\"@id\":\"https:\/\/futbolhoy.co\/index.php\/2018\/07\/16\/uruguayo-dirigira-al-bolivar-ante-cali-por-copa-suramericana\/\"},\"wordCount\":161,\"commentCount\":0,\"publisher\":{\"@id\":\"https:\/\/futbolhoy.co\/#organization\"},\"image\":{\"@id\":\"https:\/\/futbolhoy.co\/index.php\/2018\/07\/16\/uruguayo-dirigira-al-bolivar-ante-cali-por-copa-suramericana\/#primaryimage\"},\"thumbnailUrl\":\"https:\/\/futbolhoy.co\/wp-content\/uploads\/2018\/07\/Dg321_eWAAAhJjf.jpg\",\"keywords\":[\"Copa Sudam\u00e9ricana\",\"Deportivo Cali\"],\"articleSection\":[\"Mundo Futbol\"],\"inLanguage\":\"es\",\"potentialAction\":[{\"@type\":\"CommentAction\",\"name\":\"Comment\",\"target\":[\"https:\/\/futbolhoy.co\/index.php\/2018\/07\/16\/uruguayo-dirigira-al-bolivar-ante-cali-por-copa-suramericana\/#respond\"]}]},{\"@type\":\"WebPage\",\"@id\":\"https:\/\/futbolhoy.co\/index.php\/2018\/07\/16\/uruguayo-dirigira-al-bolivar-ante-cali-por-copa-suramericana\/\",\"url\":\"https:\/\/futbolhoy.co\/index.php\/2018\/07\/16\/uruguayo-dirigira-al-bolivar-ante-cali-por-copa-suramericana\/\",\"name\":\"Uruguayo dirigir\u00e1 al Bol\u00edvar ante Cali por Copa Suramericana -\",\"isPartOf\":{\"@id\":\"https:\/\/futbolhoy.co\/#website\"},\"primaryImageOfPage\":{\"@id\":\"https:\/\/futbolhoy.co\/index.php\/2018\/07\/16\/uruguayo-dirigira-al-bolivar-ante-cali-por-copa-suramericana\/#primaryimage\"},\"image\":{\"@id\":\"https:\/\/futbolhoy.co\/index.php\/2018\/07\/16\/uruguayo-dirigira-al-bolivar-ante-cali-por-copa-suramericana\/#primaryimage\"},\"thumbnailUrl\":\"https:\/\/futbolhoy.co\/wp-content\/uploads\/2018\/07\/Dg321_eWAAAhJjf.jpg\",\"datePublished\":\"2018-07-16T23:36:28+00:00\",\"dateModified\":\"2018-07-16T23:36:44+00:00\",\"breadcrumb\":{\"@id\":\"https:\/\/futbolhoy.co\/index.php\/2018\/07\/16\/uruguayo-dirigira-al-bolivar-ante-cali-por-copa-suramericana\/#breadcrumb\"},\"inLanguage\":\"es\",\"potentialAction\":[{\"@type\":\"ReadAction\",\"target\":[\"https:\/\/futbolhoy.co\/index.php\/2018\/07\/16\/uruguayo-dirigira-al-bolivar-ante-cali-por-copa-suramericana\/\"]}]},{\"@type\":\"ImageObject\",\"inLanguage\":\"es\",\"@id\":\"https:\/\/futbolhoy.co\/index.php\/2018\/07\/16\/uruguayo-dirigira-al-bolivar-ante-cali-por-copa-suramericana\/#primaryimage\",\"url\":\"https:\/\/futbolhoy.co\/wp-content\/uploads\/2018\/07\/Dg321_eWAAAhJjf.jpg\",\"contentUrl\":\"https:\/\/futbolhoy.co\/wp-content\/uploads\/2018\/07\/Dg321_eWAAAhJjf.jpg\",\"width\":1024,\"height\":858,\"caption\":\"Twitter @Bolivar_Oficial\"},{\"@type\":\"BreadcrumbList\",\"@id\":\"https:\/\/futbolhoy.co\/index.php\/2018\/07\/16\/uruguayo-dirigira-al-bolivar-ante-cali-por-copa-suramericana\/#breadcrumb\",\"itemListElement\":[{\"@type\":\"ListItem\",\"position\":1,\"name\":\"Portada\",\"item\":\"https:\/\/futbolhoy.co\/\"},{\"@type\":\"ListItem\",\"position\":2,\"name\":\"Uruguayo dirigir\u00e1 al Bol\u00edvar ante Cali por Copa Suramericana\"}]},{\"@type\":\"WebSite\",\"@id\":\"https:\/\/futbolhoy.co\/#website\",\"url\":\"https:\/\/futbolhoy.co\/\",\"name\":\"FutbolHoy\",\"description\":\"\",\"publisher\":{\"@id\":\"https:\/\/futbolhoy.co\/#organization\"},\"potentialAction\":[{\"@type\":\"SearchAction\",\"target\":{\"@type\":\"EntryPoint\",\"urlTemplate\":\"https:\/\/futbolhoy.co\/?s={search_term_string}\"},\"query-input\":{\"@type\":\"PropertyValueSpecification\",\"valueRequired\":true,\"valueName\":\"search_term_string\"}}],\"inLanguage\":\"es\"},{\"@type\":\"Organization\",\"@id\":\"https:\/\/futbolhoy.co\/#organization\",\"name\":\"Futbolhoy.co\",\"url\":\"https:\/\/futbolhoy.co\/\",\"logo\":{\"@type\":\"ImageObject\",\"inLanguage\":\"es\",\"@id\":\"https:\/\/futbolhoy.co\/#\/schema\/logo\/image\/\",\"url\":\"https:\/\/futbolhoy.co\/wp-content\/uploads\/2018\/08\/17426380_1906371736249227_6326180412931521141_n.jpg\",\"contentUrl\":\"https:\/\/futbolhoy.co\/wp-content\/uploads\/2018\/08\/17426380_1906371736249227_6326180412931521141_n.jpg\",\"width\":960,\"height\":960,\"caption\":\"Futbolhoy.co\"},\"image\":{\"@id\":\"https:\/\/futbolhoy.co\/#\/schema\/logo\/image\/\"},\"sameAs\":[\"https:\/\/www.facebook.com\/FutbolHoyCol\/\",\"https:\/\/x.com\/FutbolHoyCol\",\"https:\/\/www.instagram.com\/futbolhoycol\/\"]},{\"@type\":\"Person\",\"@id\":\"https:\/\/futbolhoy.co\/#\/schema\/person\/c4a353a512b127643723a34bb1812f7d\",\"name\":\"Laura Hern\u00e1ndez\",\"image\":{\"@type\":\"ImageObject\",\"inLanguage\":\"es\",\"@id\":\"https:\/\/futbolhoy.co\/#\/schema\/person\/image\/\",\"url\":\"https:\/\/secure.gravatar.com\/avatar\/d25959a15b9b293a743f99181c7cfd01?s=96&d=mm&r=g\",\"contentUrl\":\"https:\/\/secure.gravatar.com\/avatar\/d25959a15b9b293a743f99181c7cfd01?s=96&d=mm&r=g\",\"caption\":\"Laura Hern\u00e1ndez\"}}]}<\/script>\n<!-- \/ Yoast SEO plugin. -->","yoast_head_json":{"title":"Uruguayo dirigir\u00e1 al Bol\u00edvar ante Cali por Copa Suramericana -","robots":{"index":"index","follow":"follow","max-snippet":"max-snippet:-1","max-image-preview":"max-image-preview:large","max-video-preview":"max-video-preview:-1"},"canonical":"https:\/\/futbolhoy.co\/index.php\/2018\/07\/16\/uruguayo-dirigira-al-bolivar-ante-cali-por-copa-suramericana\/","og_locale":"es_ES","og_type":"article","og_title":"Uruguayo dirigir\u00e1 al Bol\u00edvar ante Cali por Copa Suramericana -","og_description":"Bol\u00edvar de Bolivia es esperado este martes en el pa\u00eds, donde enfrentar\u00e1 a Deportivo Cali por la segunda ronda de Copa Suramericana. El conjunto boliviano, que tendr\u00e1 el debut del t\u00e9cnico uruguayo Alfredo Arias, realizar\u00e1 en la noche un reconocimiento del estadio de Palmaseca, donde se disputar\u00e1 el compromiso. Arias lleg\u00f3 al Bol\u00edvar a mediados [&hellip;]","og_url":"https:\/\/futbolhoy.co\/index.php\/2018\/07\/16\/uruguayo-dirigira-al-bolivar-ante-cali-por-copa-suramericana\/","article_publisher":"https:\/\/www.facebook.com\/FutbolHoyCol\/","article_published_time":"2018-07-16T23:36:28+00:00","article_modified_time":"2018-07-16T23:36:44+00:00","og_image":[{"width":1024,"height":858,"url":"https:\/\/futbolhoy.co\/wp-content\/uploads\/2018\/07\/Dg321_eWAAAhJjf.jpg","type":"image\/jpeg"}],"author":"Laura Hern\u00e1ndez","twitter_card":"summary_large_image","twitter_creator":"@FutbolHoyCol","twitter_site":"@FutbolHoyCol","twitter_misc":{"Escrito por":"Laura Hern\u00e1ndez","Tiempo de lectura":"1 minuto"},"schema":{"@context":"https:\/\/schema.org","@graph":[{"@type":"Article","@id":"https:\/\/futbolhoy.co\/index.php\/2018\/07\/16\/uruguayo-dirigira-al-bolivar-ante-cali-por-copa-suramericana\/#article","isPartOf":{"@id":"https:\/\/futbolhoy.co\/index.php\/2018\/07\/16\/uruguayo-dirigira-al-bolivar-ante-cali-por-copa-suramericana\/"},"author":{"name":"Laura Hern\u00e1ndez","@id":"https:\/\/futbolhoy.co\/#\/schema\/person\/c4a353a512b127643723a34bb1812f7d"},"headline":"Uruguayo dirigir\u00e1 al Bol\u00edvar ante Cali por Copa Suramericana","datePublished":"2018-07-16T23:36:28+00:00","dateModified":"2018-07-16T23:36:44+00:00","mainEntityOfPage":{"@id":"https:\/\/futbolhoy.co\/index.php\/2018\/07\/16\/uruguayo-dirigira-al-bolivar-ante-cali-por-copa-suramericana\/"},"wordCount":161,"commentCount":0,"publisher":{"@id":"https:\/\/futbolhoy.co\/#organization"},"image":{"@id":"https:\/\/futbolhoy.co\/index.php\/2018\/07\/16\/uruguayo-dirigira-al-bolivar-ante-cali-por-copa-suramericana\/#primaryimage"},"thumbnailUrl":"https:\/\/futbolhoy.co\/wp-content\/uploads\/2018\/07\/Dg321_eWAAAhJjf.jpg","keywords":["Copa Sudam\u00e9ricana","Deportivo Cali"],"articleSection":["Mundo Futbol"],"inLanguage":"es","potentialAction":[{"@type":"CommentAction","name":"Comment","target":["https:\/\/futbolhoy.co\/index.php\/2018\/07\/16\/uruguayo-dirigira-al-bolivar-ante-cali-por-copa-suramericana\/#respond"]}]},{"@type":"WebPage","@id":"https:\/\/futbolhoy.co\/index.php\/2018\/07\/16\/uruguayo-dirigira-al-bolivar-ante-cali-por-copa-suramericana\/","url":"https:\/\/futbolhoy.co\/index.php\/2018\/07\/16\/uruguayo-dirigira-al-bolivar-ante-cali-por-copa-suramericana\/","name":"Uruguayo dirigir\u00e1 al Bol\u00edvar ante Cali por Copa Suramericana -","isPartOf":{"@id":"https:\/\/futbolhoy.co\/#website"},"primaryImageOfPage":{"@id":"https:\/\/futbolhoy.co\/index.php\/2018\/07\/16\/uruguayo-dirigira-al-bolivar-ante-cali-por-copa-suramericana\/#primaryimage"},"image":{"@id":"https:\/\/futbolhoy.co\/index.php\/2018\/07\/16\/uruguayo-dirigira-al-bolivar-ante-cali-por-copa-suramericana\/#primaryimage"},"thumbnailUrl":"https:\/\/futbolhoy.co\/wp-content\/uploads\/2018\/07\/Dg321_eWAAAhJjf.jpg","datePublished":"2018-07-16T23:36:28+00:00","dateModified":"2018-07-16T23:36:44+00:00","breadcrumb":{"@id":"https:\/\/futbolhoy.co\/index.php\/2018\/07\/16\/uruguayo-dirigira-al-bolivar-ante-cali-por-copa-suramericana\/#breadcrumb"},"inLanguage":"es","potentialAction":[{"@type":"ReadAction","target":["https:\/\/futbolhoy.co\/index.php\/2018\/07\/16\/uruguayo-dirigira-al-bolivar-ante-cali-por-copa-suramericana\/"]}]},{"@type":"ImageObject","inLanguage":"es","@id":"https:\/\/futbolhoy.co\/index.php\/2018\/07\/16\/uruguayo-dirigira-al-bolivar-ante-cali-por-copa-suramericana\/#primaryimage","url":"https:\/\/futbolhoy.co\/wp-content\/uploads\/2018\/07\/Dg321_eWAAAhJjf.jpg","contentUrl":"https:\/\/futbolhoy.co\/wp-content\/uploads\/2018\/07\/Dg321_eWAAAhJjf.jpg","width":1024,"height":858,"caption":"Twitter @Bolivar_Oficial"},{"@type":"BreadcrumbList","@id":"https:\/\/futbolhoy.co\/index.php\/2018\/07\/16\/uruguayo-dirigira-al-bolivar-ante-cali-por-copa-suramericana\/#breadcrumb","itemListElement":[{"@type":"ListItem","position":1,"name":"Portada","item":"https:\/\/futbolhoy.co\/"},{"@type":"ListItem","position":2,"name":"Uruguayo dirigir\u00e1 al Bol\u00edvar ante Cali por Copa Suramericana"}]},{"@type":"WebSite","@id":"https:\/\/futbolhoy.co\/#website","url":"https:\/\/futbolhoy.co\/","name":"FutbolHoy","description":"","publisher":{"@id":"https:\/\/futbolhoy.co\/#organization"},"potentialAction":[{"@type":"SearchAction","target":{"@type":"EntryPoint","urlTemplate":"https:\/\/futbolhoy.co\/?s={search_term_string}"},"query-input":{"@type":"PropertyValueSpecification","valueRequired":true,"valueName":"search_term_string"}}],"inLanguage":"es"},{"@type":"Organization","@id":"https:\/\/futbolhoy.co\/#organization","name":"Futbolhoy.co","url":"https:\/\/futbolhoy.co\/","logo":{"@type":"ImageObject","inLanguage":"es","@id":"https:\/\/futbolhoy.co\/#\/schema\/logo\/image\/","url":"https:\/\/futbolhoy.co\/wp-content\/uploads\/2018\/08\/17426380_1906371736249227_6326180412931521141_n.jpg","contentUrl":"https:\/\/futbolhoy.co\/wp-content\/uploads\/2018\/08\/17426380_1906371736249227_6326180412931521141_n.jpg","width":960,"height":960,"caption":"Futbolhoy.co"},"image":{"@id":"https:\/\/futbolhoy.co\/#\/schema\/logo\/image\/"},"sameAs":["https:\/\/www.facebook.com\/FutbolHoyCol\/","https:\/\/x.com\/FutbolHoyCol","https:\/\/www.instagram.com\/futbolhoycol\/"]},{"@type":"Person","@id":"https:\/\/futbolhoy.co\/#\/schema\/person\/c4a353a512b127643723a34bb1812f7d","name":"Laura Hern\u00e1ndez","image":{"@type":"ImageObject","inLanguage":"es","@id":"https:\/\/futbolhoy.co\/#\/schema\/person\/image\/","url":"https:\/\/secure.gravatar.com\/avatar\/d25959a15b9b293a743f99181c7cfd01?s=96&d=mm&r=g","contentUrl":"https:\/\/secure.gravatar.com\/avatar\/d25959a15b9b293a743f99181c7cfd01?s=96&d=mm&r=g","caption":"Laura Hern\u00e1ndez"}}]}},"publishpress_future_action":{"enabled":false,"date":"2026-05-05 19:17:18","action":"change-status","newStatus":"draft","terms":[],"taxonomy":"category","extraData":[]},"publishpress_future_workflow_manual_trigger":{"enabledWorkflows":[]},"_links":{"self":[{"href":"https:\/\/futbolhoy.co\/index.php\/wp-json\/wp\/v2\/posts\/22198","targetHints":{"allow":["GET"]}}],"collection":[{"href":"https:\/\/futbolhoy.co\/index.php\/wp-json\/wp\/v2\/posts"}],"about":[{"href":"https:\/\/futbolhoy.co\/index.php\/wp-json\/wp\/v2\/types\/post"}],"author":[{"embeddable":true,"href":"https:\/\/futbolhoy.co\/index.php\/wp-json\/wp\/v2\/users\/5"}],"replies":[{"embeddable":true,"href":"https:\/\/futbolhoy.co\/index.php\/wp-json\/wp\/v2\/comments?post=22198"}],"version-history":[{"count":1,"href":"https:\/\/futbolhoy.co\/index.php\/wp-json\/wp\/v2\/posts\/22198\/revisions"}],"predecessor-version":[{"id":22213,"href":"https:\/\/futbolhoy.co\/index.php\/wp-json\/wp\/v2\/posts\/22198\/revisions\/22213"}],"wp:featuredmedia":[{"embeddable":true,"href":"https:\/\/futbolhoy.co\/index.php\/wp-json\/wp\/v2\/media\/22209"}],"wp:attachment":[{"href":"https:\/\/futbolhoy.co\/index.php\/wp-json\/wp\/v2\/media?parent=22198"}],"wp:term":[{"taxonomy":"category","embeddable":true,"href":"https:\/\/futbolhoy.co\/index.php\/wp-json\/wp\/v2\/categories?post=22198"},{"taxonomy":"post_tag","embeddable":true,"href":"https:\/\/futbolhoy.co\/index.php\/wp-json\/wp\/v2\/tags?post=22198"}],"curies":[{"name":"wp","href":"https:\/\/api.w.org\/{rel}","templated":true}]}}