{"id":22200,"date":"2018-07-16T18:24:23","date_gmt":"2018-07-16T23:24:23","guid":{"rendered":"http:\/\/futbolhoy.co\/?p=22200"},"modified":"2018-07-17T08:33:14","modified_gmt":"2018-07-17T13:33:14","slug":"gol-de-quintero-nominado-a-premio-en-el-mundial-de-rusia","status":"publish","type":"post","link":"https:\/\/futbolhoy.co\/index.php\/2018\/07\/16\/gol-de-quintero-nominado-a-premio-en-el-mundial-de-rusia\/","title":{"rendered":"Gol de Quintero, nominado a premio en el Mundial de Rusia"},"content":{"rendered":"<p class=\"m_-6210319165915496834ydp1d106e4MsoNormal\" style=\"text-align: justify;\"><span style=\"font-family: helvetica, arial, sans-serif;\">El gol que marc\u00f3 <strong>Juan Fernando Quintero<\/strong> con la selecci\u00f3n <strong>Colombia<\/strong> ante <strong>Jap\u00f3n<\/strong> (1-2), fue nominado a ser seleccionado como el mejor del <strong>Mundial Rusia<\/strong>.<\/span><\/p>\n<p class=\"m_-6210319165915496834ydp1d106e4MsoNormal\" style=\"text-align: justify;\"><span style=\"font-family: helvetica, arial, sans-serif;\">El tanto, en partido por el Grupo H, fue de tiro libre a los 38 minutos de juego venciendo al portero E<strong>iji Kawashima.<\/strong><\/span><\/p>\n<p class=\"m_-6210319165915496834ydp1d106e4MsoNormal\" style=\"text-align: justify;\"><span style=\"font-family: helvetica, arial, sans-serif;\">El tanto compite con otros 17 goles, entre los que se destacan el tercero de <strong>Cristiano Ronaldo<\/strong> a Espa\u00f1a, el de <strong>Nacho<\/strong> a Portugal, el de <strong>Luka Modric<\/strong> a Argentina, el de <strong>Toni Kroos<\/strong> a Suecia, el de <strong>Benjamin Pavard<\/strong> a Argentina, entre otros.<\/span><\/p>\n<p class=\"m_-6210319165915496834ydp1d106e4MsoNormal\" style=\"text-align: justify;\"><span style=\"font-family: helvetica, arial, sans-serif;\">Las votaciones para la elecci\u00f3n se realizan desde este lunes en el portal oficial de la <strong>FIFA<\/strong>, consulta que finalizar\u00e1 el pr\u00f3ximo 23 de julio.<\/span><\/p>\n<p class=\"m_-6210319165915496834ydp1d106e4MsoNormal\" style=\"text-align: justify;\"><span style=\"font-family: helvetica, arial, sans-serif;\">Pueden votar por el gol del colombiano aqu\u00ed:<\/span><a href=\"https:\/\/es.fifa.com\/worldcup\/videos\/goal-of-the-tournament\/?_branch_match_id=542134429534950313\">\u00a0https:\/\/es.fifa.com\/worldcup\/videos\/goal-of-the-tournament\/?_branch_match_id=542134429534950313<\/a><\/p>\n<blockquote class=\"twitter-tweet\" data-lang=\"es\">\n<p dir=\"ltr\" lang=\"es\">\u00a1Ya puedes votar por el mejor gol de <a href=\"https:\/\/twitter.com\/hashtag\/Rusia2018?src=hash&amp;ref_src=twsrc%5Etfw\">#Rusia2018<\/a>!<\/p>\n<p>Elige tu favorito entre los 18 candidatos \ud83e\udd14\ud83d\ude0d<\/p>\n<p>\ud83d\udce9\ud83d\udc49 <a href=\"https:\/\/t.co\/dsce1IbJnE\">https:\/\/t.co\/dsce1IbJnE<\/a> <a href=\"https:\/\/t.co\/Vx2bxrm93P\">pic.twitter.com\/Vx2bxrm93P<\/a><\/p>\n<p>\u2014 Copa Mundial FIFA \ud83c\udfc6 (@fifaworldcup_es) <a href=\"https:\/\/twitter.com\/fifaworldcup_es\/status\/1018905601152245761?ref_src=twsrc%5Etfw\">16 de julio de 2018<\/a><\/p><\/blockquote>\n<p><script async src=\"https:\/\/platform.twitter.com\/widgets.js\" charset=\"utf-8\"><\/script><\/p>\n","protected":false},"excerpt":{"rendered":"<p>El gol que marc\u00f3 Juan Fernando Quintero con la selecci\u00f3n Colombia ante Jap\u00f3n (1-2), fue nominado a ser seleccionado como el mejor del Mundial Rusia. El tanto, en partido por el Grupo H, fue de tiro libre a los 38 minutos de juego venciendo al portero Eiji Kawashima. El tanto compite con otros 17 goles, [&hellip;]<\/p>\n","protected":false},"author":5,"featured_media":22202,"comment_status":"open","ping_status":"open","sticky":false,"template":"","format":"standard","meta":{"_acf_changed":false,"footnotes":""},"categories":[418],"tags":[125,283,127],"class_list":{"0":"post-22200","1":"post","2":"type-post","3":"status-publish","4":"format-standard","5":"has-post-thumbnail","7":"category-colombia","8":"tag-juan-fernando-quintero","9":"tag-mundial-de-rusia","10":"tag-seleccion-colombia"},"acf":[],"yoast_head":"<!-- This site is optimized with the Yoast SEO plugin v26.8 - https:\/\/yoast.com\/product\/yoast-seo-wordpress\/ -->\n<title>Gol de Quintero, nominado a premio en el Mundial de Rusia -<\/title>\n<meta name=\"robots\" content=\"index, follow, max-snippet:-1, max-image-preview:large, max-video-preview:-1\" \/>\n<link rel=\"canonical\" href=\"https:\/\/futbolhoy.co\/index.php\/2018\/07\/16\/gol-de-quintero-nominado-a-premio-en-el-mundial-de-rusia\/\" \/>\n<meta property=\"og:locale\" content=\"es_ES\" \/>\n<meta property=\"og:type\" content=\"article\" \/>\n<meta property=\"og:title\" content=\"Gol de Quintero, nominado a premio en el Mundial de Rusia -\" \/>\n<meta property=\"og:description\" content=\"El gol que marc\u00f3 Juan Fernando Quintero con la selecci\u00f3n Colombia ante Jap\u00f3n (1-2), fue nominado a ser seleccionado como el mejor del Mundial Rusia. El tanto, en partido por el Grupo H, fue de tiro libre a los 38 minutos de juego venciendo al portero Eiji Kawashima. El tanto compite con otros 17 goles, [&hellip;]\" \/>\n<meta property=\"og:url\" content=\"https:\/\/futbolhoy.co\/index.php\/2018\/07\/16\/gol-de-quintero-nominado-a-premio-en-el-mundial-de-rusia\/\" \/>\n<meta property=\"article:publisher\" content=\"https:\/\/www.facebook.com\/FutbolHoyCol\/\" \/>\n<meta property=\"article:published_time\" content=\"2018-07-16T23:24:23+00:00\" \/>\n<meta property=\"article:modified_time\" content=\"2018-07-17T13:33:14+00:00\" \/>\n<meta property=\"og:image\" content=\"https:\/\/futbolhoy.co\/wp-content\/uploads\/2018\/07\/DgZmMRlXcAA3lae.jpg\" \/>\n\t<meta property=\"og:image:width\" content=\"1200\" \/>\n\t<meta property=\"og:image:height\" content=\"800\" \/>\n\t<meta property=\"og:image:type\" content=\"image\/jpeg\" \/>\n<meta name=\"author\" content=\"Laura Hern\u00e1ndez\" \/>\n<meta name=\"twitter:card\" content=\"summary_large_image\" \/>\n<meta name=\"twitter:creator\" content=\"@FutbolHoyCol\" \/>\n<meta name=\"twitter:site\" content=\"@FutbolHoyCol\" \/>\n<meta name=\"twitter:label1\" content=\"Escrito por\" \/>\n\t<meta name=\"twitter:data1\" content=\"Laura Hern\u00e1ndez\" \/>\n\t<meta name=\"twitter:label2\" content=\"Tiempo de lectura\" \/>\n\t<meta name=\"twitter:data2\" content=\"1 minuto\" \/>\n<script type=\"application\/ld+json\" class=\"yoast-schema-graph\">{\"@context\":\"https:\/\/schema.org\",\"@graph\":[{\"@type\":\"Article\",\"@id\":\"https:\/\/futbolhoy.co\/index.php\/2018\/07\/16\/gol-de-quintero-nominado-a-premio-en-el-mundial-de-rusia\/#article\",\"isPartOf\":{\"@id\":\"https:\/\/futbolhoy.co\/index.php\/2018\/07\/16\/gol-de-quintero-nominado-a-premio-en-el-mundial-de-rusia\/\"},\"author\":{\"name\":\"Laura Hern\u00e1ndez\",\"@id\":\"https:\/\/futbolhoy.co\/#\/schema\/person\/c4a353a512b127643723a34bb1812f7d\"},\"headline\":\"Gol de Quintero, nominado a premio en el Mundial de Rusia\",\"datePublished\":\"2018-07-16T23:24:23+00:00\",\"dateModified\":\"2018-07-17T13:33:14+00:00\",\"mainEntityOfPage\":{\"@id\":\"https:\/\/futbolhoy.co\/index.php\/2018\/07\/16\/gol-de-quintero-nominado-a-premio-en-el-mundial-de-rusia\/\"},\"wordCount\":182,\"commentCount\":0,\"publisher\":{\"@id\":\"https:\/\/futbolhoy.co\/#organization\"},\"image\":{\"@id\":\"https:\/\/futbolhoy.co\/index.php\/2018\/07\/16\/gol-de-quintero-nominado-a-premio-en-el-mundial-de-rusia\/#primaryimage\"},\"thumbnailUrl\":\"https:\/\/futbolhoy.co\/wp-content\/uploads\/2018\/07\/DgZmMRlXcAA3lae.jpg\",\"keywords\":[\"Juan Fernando Quintero\",\"Mundial de Rusia\",\"Selecci\u00f3n Colombia\"],\"articleSection\":[\"Colombia\"],\"inLanguage\":\"es\",\"potentialAction\":[{\"@type\":\"CommentAction\",\"name\":\"Comment\",\"target\":[\"https:\/\/futbolhoy.co\/index.php\/2018\/07\/16\/gol-de-quintero-nominado-a-premio-en-el-mundial-de-rusia\/#respond\"]}]},{\"@type\":\"WebPage\",\"@id\":\"https:\/\/futbolhoy.co\/index.php\/2018\/07\/16\/gol-de-quintero-nominado-a-premio-en-el-mundial-de-rusia\/\",\"url\":\"https:\/\/futbolhoy.co\/index.php\/2018\/07\/16\/gol-de-quintero-nominado-a-premio-en-el-mundial-de-rusia\/\",\"name\":\"Gol de Quintero, nominado a premio en el Mundial de Rusia -\",\"isPartOf\":{\"@id\":\"https:\/\/futbolhoy.co\/#website\"},\"primaryImageOfPage\":{\"@id\":\"https:\/\/futbolhoy.co\/index.php\/2018\/07\/16\/gol-de-quintero-nominado-a-premio-en-el-mundial-de-rusia\/#primaryimage\"},\"image\":{\"@id\":\"https:\/\/futbolhoy.co\/index.php\/2018\/07\/16\/gol-de-quintero-nominado-a-premio-en-el-mundial-de-rusia\/#primaryimage\"},\"thumbnailUrl\":\"https:\/\/futbolhoy.co\/wp-content\/uploads\/2018\/07\/DgZmMRlXcAA3lae.jpg\",\"datePublished\":\"2018-07-16T23:24:23+00:00\",\"dateModified\":\"2018-07-17T13:33:14+00:00\",\"breadcrumb\":{\"@id\":\"https:\/\/futbolhoy.co\/index.php\/2018\/07\/16\/gol-de-quintero-nominado-a-premio-en-el-mundial-de-rusia\/#breadcrumb\"},\"inLanguage\":\"es\",\"potentialAction\":[{\"@type\":\"ReadAction\",\"target\":[\"https:\/\/futbolhoy.co\/index.php\/2018\/07\/16\/gol-de-quintero-nominado-a-premio-en-el-mundial-de-rusia\/\"]}]},{\"@type\":\"ImageObject\",\"inLanguage\":\"es\",\"@id\":\"https:\/\/futbolhoy.co\/index.php\/2018\/07\/16\/gol-de-quintero-nominado-a-premio-en-el-mundial-de-rusia\/#primaryimage\",\"url\":\"https:\/\/futbolhoy.co\/wp-content\/uploads\/2018\/07\/DgZmMRlXcAA3lae.jpg\",\"contentUrl\":\"https:\/\/futbolhoy.co\/wp-content\/uploads\/2018\/07\/DgZmMRlXcAA3lae.jpg\",\"width\":1200,\"height\":800,\"caption\":\"Twitter @juanferquinte10\"},{\"@type\":\"BreadcrumbList\",\"@id\":\"https:\/\/futbolhoy.co\/index.php\/2018\/07\/16\/gol-de-quintero-nominado-a-premio-en-el-mundial-de-rusia\/#breadcrumb\",\"itemListElement\":[{\"@type\":\"ListItem\",\"position\":1,\"name\":\"Portada\",\"item\":\"https:\/\/futbolhoy.co\/\"},{\"@type\":\"ListItem\",\"position\":2,\"name\":\"Gol de Quintero, nominado a premio en el Mundial de Rusia\"}]},{\"@type\":\"WebSite\",\"@id\":\"https:\/\/futbolhoy.co\/#website\",\"url\":\"https:\/\/futbolhoy.co\/\",\"name\":\"FutbolHoy\",\"description\":\"\",\"publisher\":{\"@id\":\"https:\/\/futbolhoy.co\/#organization\"},\"potentialAction\":[{\"@type\":\"SearchAction\",\"target\":{\"@type\":\"EntryPoint\",\"urlTemplate\":\"https:\/\/futbolhoy.co\/?s={search_term_string}\"},\"query-input\":{\"@type\":\"PropertyValueSpecification\",\"valueRequired\":true,\"valueName\":\"search_term_string\"}}],\"inLanguage\":\"es\"},{\"@type\":\"Organization\",\"@id\":\"https:\/\/futbolhoy.co\/#organization\",\"name\":\"Futbolhoy.co\",\"url\":\"https:\/\/futbolhoy.co\/\",\"logo\":{\"@type\":\"ImageObject\",\"inLanguage\":\"es\",\"@id\":\"https:\/\/futbolhoy.co\/#\/schema\/logo\/image\/\",\"url\":\"https:\/\/futbolhoy.co\/wp-content\/uploads\/2018\/08\/17426380_1906371736249227_6326180412931521141_n.jpg\",\"contentUrl\":\"https:\/\/futbolhoy.co\/wp-content\/uploads\/2018\/08\/17426380_1906371736249227_6326180412931521141_n.jpg\",\"width\":960,\"height\":960,\"caption\":\"Futbolhoy.co\"},\"image\":{\"@id\":\"https:\/\/futbolhoy.co\/#\/schema\/logo\/image\/\"},\"sameAs\":[\"https:\/\/www.facebook.com\/FutbolHoyCol\/\",\"https:\/\/x.com\/FutbolHoyCol\",\"https:\/\/www.instagram.com\/futbolhoycol\/\"]},{\"@type\":\"Person\",\"@id\":\"https:\/\/futbolhoy.co\/#\/schema\/person\/c4a353a512b127643723a34bb1812f7d\",\"name\":\"Laura Hern\u00e1ndez\",\"image\":{\"@type\":\"ImageObject\",\"inLanguage\":\"es\",\"@id\":\"https:\/\/futbolhoy.co\/#\/schema\/person\/image\/\",\"url\":\"https:\/\/secure.gravatar.com\/avatar\/d25959a15b9b293a743f99181c7cfd01?s=96&d=mm&r=g\",\"contentUrl\":\"https:\/\/secure.gravatar.com\/avatar\/d25959a15b9b293a743f99181c7cfd01?s=96&d=mm&r=g\",\"caption\":\"Laura Hern\u00e1ndez\"}}]}<\/script>\n<!-- \/ Yoast SEO plugin. -->","yoast_head_json":{"title":"Gol de Quintero, nominado a premio en el Mundial de Rusia -","robots":{"index":"index","follow":"follow","max-snippet":"max-snippet:-1","max-image-preview":"max-image-preview:large","max-video-preview":"max-video-preview:-1"},"canonical":"https:\/\/futbolhoy.co\/index.php\/2018\/07\/16\/gol-de-quintero-nominado-a-premio-en-el-mundial-de-rusia\/","og_locale":"es_ES","og_type":"article","og_title":"Gol de Quintero, nominado a premio en el Mundial de Rusia -","og_description":"El gol que marc\u00f3 Juan Fernando Quintero con la selecci\u00f3n Colombia ante Jap\u00f3n (1-2), fue nominado a ser seleccionado como el mejor del Mundial Rusia. El tanto, en partido por el Grupo H, fue de tiro libre a los 38 minutos de juego venciendo al portero Eiji Kawashima. El tanto compite con otros 17 goles, [&hellip;]","og_url":"https:\/\/futbolhoy.co\/index.php\/2018\/07\/16\/gol-de-quintero-nominado-a-premio-en-el-mundial-de-rusia\/","article_publisher":"https:\/\/www.facebook.com\/FutbolHoyCol\/","article_published_time":"2018-07-16T23:24:23+00:00","article_modified_time":"2018-07-17T13:33:14+00:00","og_image":[{"width":1200,"height":800,"url":"https:\/\/futbolhoy.co\/wp-content\/uploads\/2018\/07\/DgZmMRlXcAA3lae.jpg","type":"image\/jpeg"}],"author":"Laura Hern\u00e1ndez","twitter_card":"summary_large_image","twitter_creator":"@FutbolHoyCol","twitter_site":"@FutbolHoyCol","twitter_misc":{"Escrito por":"Laura Hern\u00e1ndez","Tiempo de lectura":"1 minuto"},"schema":{"@context":"https:\/\/schema.org","@graph":[{"@type":"Article","@id":"https:\/\/futbolhoy.co\/index.php\/2018\/07\/16\/gol-de-quintero-nominado-a-premio-en-el-mundial-de-rusia\/#article","isPartOf":{"@id":"https:\/\/futbolhoy.co\/index.php\/2018\/07\/16\/gol-de-quintero-nominado-a-premio-en-el-mundial-de-rusia\/"},"author":{"name":"Laura Hern\u00e1ndez","@id":"https:\/\/futbolhoy.co\/#\/schema\/person\/c4a353a512b127643723a34bb1812f7d"},"headline":"Gol de Quintero, nominado a premio en el Mundial de Rusia","datePublished":"2018-07-16T23:24:23+00:00","dateModified":"2018-07-17T13:33:14+00:00","mainEntityOfPage":{"@id":"https:\/\/futbolhoy.co\/index.php\/2018\/07\/16\/gol-de-quintero-nominado-a-premio-en-el-mundial-de-rusia\/"},"wordCount":182,"commentCount":0,"publisher":{"@id":"https:\/\/futbolhoy.co\/#organization"},"image":{"@id":"https:\/\/futbolhoy.co\/index.php\/2018\/07\/16\/gol-de-quintero-nominado-a-premio-en-el-mundial-de-rusia\/#primaryimage"},"thumbnailUrl":"https:\/\/futbolhoy.co\/wp-content\/uploads\/2018\/07\/DgZmMRlXcAA3lae.jpg","keywords":["Juan Fernando Quintero","Mundial de Rusia","Selecci\u00f3n Colombia"],"articleSection":["Colombia"],"inLanguage":"es","potentialAction":[{"@type":"CommentAction","name":"Comment","target":["https:\/\/futbolhoy.co\/index.php\/2018\/07\/16\/gol-de-quintero-nominado-a-premio-en-el-mundial-de-rusia\/#respond"]}]},{"@type":"WebPage","@id":"https:\/\/futbolhoy.co\/index.php\/2018\/07\/16\/gol-de-quintero-nominado-a-premio-en-el-mundial-de-rusia\/","url":"https:\/\/futbolhoy.co\/index.php\/2018\/07\/16\/gol-de-quintero-nominado-a-premio-en-el-mundial-de-rusia\/","name":"Gol de Quintero, nominado a premio en el Mundial de Rusia -","isPartOf":{"@id":"https:\/\/futbolhoy.co\/#website"},"primaryImageOfPage":{"@id":"https:\/\/futbolhoy.co\/index.php\/2018\/07\/16\/gol-de-quintero-nominado-a-premio-en-el-mundial-de-rusia\/#primaryimage"},"image":{"@id":"https:\/\/futbolhoy.co\/index.php\/2018\/07\/16\/gol-de-quintero-nominado-a-premio-en-el-mundial-de-rusia\/#primaryimage"},"thumbnailUrl":"https:\/\/futbolhoy.co\/wp-content\/uploads\/2018\/07\/DgZmMRlXcAA3lae.jpg","datePublished":"2018-07-16T23:24:23+00:00","dateModified":"2018-07-17T13:33:14+00:00","breadcrumb":{"@id":"https:\/\/futbolhoy.co\/index.php\/2018\/07\/16\/gol-de-quintero-nominado-a-premio-en-el-mundial-de-rusia\/#breadcrumb"},"inLanguage":"es","potentialAction":[{"@type":"ReadAction","target":["https:\/\/futbolhoy.co\/index.php\/2018\/07\/16\/gol-de-quintero-nominado-a-premio-en-el-mundial-de-rusia\/"]}]},{"@type":"ImageObject","inLanguage":"es","@id":"https:\/\/futbolhoy.co\/index.php\/2018\/07\/16\/gol-de-quintero-nominado-a-premio-en-el-mundial-de-rusia\/#primaryimage","url":"https:\/\/futbolhoy.co\/wp-content\/uploads\/2018\/07\/DgZmMRlXcAA3lae.jpg","contentUrl":"https:\/\/futbolhoy.co\/wp-content\/uploads\/2018\/07\/DgZmMRlXcAA3lae.jpg","width":1200,"height":800,"caption":"Twitter @juanferquinte10"},{"@type":"BreadcrumbList","@id":"https:\/\/futbolhoy.co\/index.php\/2018\/07\/16\/gol-de-quintero-nominado-a-premio-en-el-mundial-de-rusia\/#breadcrumb","itemListElement":[{"@type":"ListItem","position":1,"name":"Portada","item":"https:\/\/futbolhoy.co\/"},{"@type":"ListItem","position":2,"name":"Gol de Quintero, nominado a premio en el Mundial de Rusia"}]},{"@type":"WebSite","@id":"https:\/\/futbolhoy.co\/#website","url":"https:\/\/futbolhoy.co\/","name":"FutbolHoy","description":"","publisher":{"@id":"https:\/\/futbolhoy.co\/#organization"},"potentialAction":[{"@type":"SearchAction","target":{"@type":"EntryPoint","urlTemplate":"https:\/\/futbolhoy.co\/?s={search_term_string}"},"query-input":{"@type":"PropertyValueSpecification","valueRequired":true,"valueName":"search_term_string"}}],"inLanguage":"es"},{"@type":"Organization","@id":"https:\/\/futbolhoy.co\/#organization","name":"Futbolhoy.co","url":"https:\/\/futbolhoy.co\/","logo":{"@type":"ImageObject","inLanguage":"es","@id":"https:\/\/futbolhoy.co\/#\/schema\/logo\/image\/","url":"https:\/\/futbolhoy.co\/wp-content\/uploads\/2018\/08\/17426380_1906371736249227_6326180412931521141_n.jpg","contentUrl":"https:\/\/futbolhoy.co\/wp-content\/uploads\/2018\/08\/17426380_1906371736249227_6326180412931521141_n.jpg","width":960,"height":960,"caption":"Futbolhoy.co"},"image":{"@id":"https:\/\/futbolhoy.co\/#\/schema\/logo\/image\/"},"sameAs":["https:\/\/www.facebook.com\/FutbolHoyCol\/","https:\/\/x.com\/FutbolHoyCol","https:\/\/www.instagram.com\/futbolhoycol\/"]},{"@type":"Person","@id":"https:\/\/futbolhoy.co\/#\/schema\/person\/c4a353a512b127643723a34bb1812f7d","name":"Laura Hern\u00e1ndez","image":{"@type":"ImageObject","inLanguage":"es","@id":"https:\/\/futbolhoy.co\/#\/schema\/person\/image\/","url":"https:\/\/secure.gravatar.com\/avatar\/d25959a15b9b293a743f99181c7cfd01?s=96&d=mm&r=g","contentUrl":"https:\/\/secure.gravatar.com\/avatar\/d25959a15b9b293a743f99181c7cfd01?s=96&d=mm&r=g","caption":"Laura Hern\u00e1ndez"}}]}},"publishpress_future_action":{"enabled":false,"date":"2026-05-05 22:32:12","action":"change-status","newStatus":"draft","terms":[],"taxonomy":"category","extraData":[]},"publishpress_future_workflow_manual_trigger":{"enabledWorkflows":[]},"_links":{"self":[{"href":"https:\/\/futbolhoy.co\/index.php\/wp-json\/wp\/v2\/posts\/22200","targetHints":{"allow":["GET"]}}],"collection":[{"href":"https:\/\/futbolhoy.co\/index.php\/wp-json\/wp\/v2\/posts"}],"about":[{"href":"https:\/\/futbolhoy.co\/index.php\/wp-json\/wp\/v2\/types\/post"}],"author":[{"embeddable":true,"href":"https:\/\/futbolhoy.co\/index.php\/wp-json\/wp\/v2\/users\/5"}],"replies":[{"embeddable":true,"href":"https:\/\/futbolhoy.co\/index.php\/wp-json\/wp\/v2\/comments?post=22200"}],"version-history":[{"count":4,"href":"https:\/\/futbolhoy.co\/index.php\/wp-json\/wp\/v2\/posts\/22200\/revisions"}],"predecessor-version":[{"id":22229,"href":"https:\/\/futbolhoy.co\/index.php\/wp-json\/wp\/v2\/posts\/22200\/revisions\/22229"}],"wp:featuredmedia":[{"embeddable":true,"href":"https:\/\/futbolhoy.co\/index.php\/wp-json\/wp\/v2\/media\/22202"}],"wp:attachment":[{"href":"https:\/\/futbolhoy.co\/index.php\/wp-json\/wp\/v2\/media?parent=22200"}],"wp:term":[{"taxonomy":"category","embeddable":true,"href":"https:\/\/futbolhoy.co\/index.php\/wp-json\/wp\/v2\/categories?post=22200"},{"taxonomy":"post_tag","embeddable":true,"href":"https:\/\/futbolhoy.co\/index.php\/wp-json\/wp\/v2\/tags?post=22200"}],"curies":[{"name":"wp","href":"https:\/\/api.w.org\/{rel}","templated":true}]}}