{"id":22546,"date":"2018-07-21T18:46:52","date_gmt":"2018-07-21T23:46:52","guid":{"rendered":"http:\/\/futbolhoy.co\/?p=22546"},"modified":"2018-07-21T18:46:52","modified_gmt":"2018-07-21T23:46:52","slug":"deschamps-pide-balon-de-oro-para-uno-de-los-campeones-en-rusia","status":"publish","type":"post","link":"https:\/\/futbolhoy.co\/index.php\/2018\/07\/21\/deschamps-pide-balon-de-oro-para-uno-de-los-campeones-en-rusia\/","title":{"rendered":"Deschamps pide Bal\u00f3n de Oro para uno de los campeones en Rusia"},"content":{"rendered":"<p style=\"text-align: justify;\"><span style=\"font-family: helvetica, arial, sans-serif;\">El seleccionador franc\u00e9s, <strong>Didier Deschamps<\/strong>, consider\u00f3 que el <strong>Bal\u00f3n<\/strong> <strong>de<\/strong> <strong>Oro<\/strong> debe recaer en uno de los 23 jugadores que conquist\u00f3 la Copa del Mundo de Rusia 2018, aunque no se arriesg\u00f3 a mencionar ning\u00fan favorito.<\/span><\/p>\n<p style=\"text-align: justify;\"><span style=\"font-family: helvetica, arial, sans-serif;\">\"Espero que un franc\u00e9s gane el Bal\u00f3n de Oro, ser\u00eda algo bueno\", sostuvo Deschamps al diario \"<em>L'\u00c9quipe<\/em>\".<\/span><\/p>\n<p style=\"text-align: justify;\"><span style=\"font-family: helvetica, arial, sans-serif;\">El entrenador admiti\u00f3 que<strong> Lionel Messi<\/strong> y<strong> Cristiano Ronaldo<\/strong> siempre est\u00e1n entre los candidatos, junto a Neymar; pero sus jugadores merecen un premio por lo hecho en el torneo.<\/span><\/p>\n","protected":false},"excerpt":{"rendered":"<p>El seleccionador franc\u00e9s, Didier Deschamps, consider\u00f3 que el Bal\u00f3n de Oro debe recaer en uno de los 23 jugadores que conquist\u00f3 la Copa del Mundo de Rusia 2018, aunque no se arriesg\u00f3 a mencionar ning\u00fan favorito. \"Espero que un franc\u00e9s gane el Bal\u00f3n de Oro, ser\u00eda algo bueno\", sostuvo Deschamps al diario \"L'\u00c9quipe\". El entrenador [&hellip;]<\/p>\n","protected":false},"author":5,"featured_media":14865,"comment_status":"open","ping_status":"open","sticky":false,"template":"","format":"standard","meta":{"_acf_changed":false,"footnotes":""},"categories":[152],"tags":[422,508],"class_list":{"0":"post-22546","1":"post","2":"type-post","3":"status-publish","4":"format-standard","5":"has-post-thumbnail","7":"category-mundo-futbol","8":"tag-balon-de-oro","9":"tag-didier-deschamps"},"acf":[],"yoast_head":"<!-- This site is optimized with the Yoast SEO plugin v26.8 - https:\/\/yoast.com\/product\/yoast-seo-wordpress\/ -->\n<title>Deschamps pide Bal\u00f3n de Oro para uno de los campeones en Rusia -<\/title>\n<meta name=\"robots\" content=\"index, follow, max-snippet:-1, max-image-preview:large, max-video-preview:-1\" \/>\n<link rel=\"canonical\" href=\"https:\/\/futbolhoy.co\/index.php\/2018\/07\/21\/deschamps-pide-balon-de-oro-para-uno-de-los-campeones-en-rusia\/\" \/>\n<meta property=\"og:locale\" content=\"es_ES\" \/>\n<meta property=\"og:type\" content=\"article\" \/>\n<meta property=\"og:title\" content=\"Deschamps pide Bal\u00f3n de Oro para uno de los campeones en Rusia -\" \/>\n<meta property=\"og:description\" content=\"El seleccionador franc\u00e9s, Didier Deschamps, consider\u00f3 que el Bal\u00f3n de Oro debe recaer en uno de los 23 jugadores que conquist\u00f3 la Copa del Mundo de Rusia 2018, aunque no se arriesg\u00f3 a mencionar ning\u00fan favorito. &quot;Espero que un franc\u00e9s gane el Bal\u00f3n de Oro, ser\u00eda algo bueno&quot;, sostuvo Deschamps al diario &quot;L&#039;\u00c9quipe&quot;. El entrenador [&hellip;]\" \/>\n<meta property=\"og:url\" content=\"https:\/\/futbolhoy.co\/index.php\/2018\/07\/21\/deschamps-pide-balon-de-oro-para-uno-de-los-campeones-en-rusia\/\" \/>\n<meta property=\"article:publisher\" content=\"https:\/\/www.facebook.com\/FutbolHoyCol\/\" \/>\n<meta property=\"article:published_time\" content=\"2018-07-21T23:46:52+00:00\" \/>\n<meta property=\"og:image\" content=\"https:\/\/futbolhoy.co\/wp-content\/uploads\/2018\/03\/Deschamps1.jpg\" \/>\n\t<meta property=\"og:image:width\" content=\"654\" \/>\n\t<meta property=\"og:image:height\" content=\"636\" \/>\n\t<meta property=\"og:image:type\" content=\"image\/jpeg\" \/>\n<meta name=\"author\" content=\"Laura Hern\u00e1ndez\" \/>\n<meta name=\"twitter:card\" content=\"summary_large_image\" \/>\n<meta name=\"twitter:creator\" content=\"@FutbolHoyCol\" \/>\n<meta name=\"twitter:site\" content=\"@FutbolHoyCol\" \/>\n<meta name=\"twitter:label1\" content=\"Escrito por\" \/>\n\t<meta name=\"twitter:data1\" content=\"Laura Hern\u00e1ndez\" \/>\n<script type=\"application\/ld+json\" class=\"yoast-schema-graph\">{\"@context\":\"https:\/\/schema.org\",\"@graph\":[{\"@type\":\"Article\",\"@id\":\"https:\/\/futbolhoy.co\/index.php\/2018\/07\/21\/deschamps-pide-balon-de-oro-para-uno-de-los-campeones-en-rusia\/#article\",\"isPartOf\":{\"@id\":\"https:\/\/futbolhoy.co\/index.php\/2018\/07\/21\/deschamps-pide-balon-de-oro-para-uno-de-los-campeones-en-rusia\/\"},\"author\":{\"name\":\"Laura Hern\u00e1ndez\",\"@id\":\"https:\/\/futbolhoy.co\/#\/schema\/person\/c4a353a512b127643723a34bb1812f7d\"},\"headline\":\"Deschamps pide Bal\u00f3n de Oro para uno de los campeones en Rusia\",\"datePublished\":\"2018-07-21T23:46:52+00:00\",\"mainEntityOfPage\":{\"@id\":\"https:\/\/futbolhoy.co\/index.php\/2018\/07\/21\/deschamps-pide-balon-de-oro-para-uno-de-los-campeones-en-rusia\/\"},\"wordCount\":101,\"commentCount\":0,\"publisher\":{\"@id\":\"https:\/\/futbolhoy.co\/#organization\"},\"image\":{\"@id\":\"https:\/\/futbolhoy.co\/index.php\/2018\/07\/21\/deschamps-pide-balon-de-oro-para-uno-de-los-campeones-en-rusia\/#primaryimage\"},\"thumbnailUrl\":\"https:\/\/futbolhoy.co\/wp-content\/uploads\/2018\/03\/Deschamps1.jpg\",\"keywords\":[\"balon de oro\",\"Didier Deschamps\"],\"articleSection\":[\"Mundo Futbol\"],\"inLanguage\":\"es\",\"potentialAction\":[{\"@type\":\"CommentAction\",\"name\":\"Comment\",\"target\":[\"https:\/\/futbolhoy.co\/index.php\/2018\/07\/21\/deschamps-pide-balon-de-oro-para-uno-de-los-campeones-en-rusia\/#respond\"]}]},{\"@type\":\"WebPage\",\"@id\":\"https:\/\/futbolhoy.co\/index.php\/2018\/07\/21\/deschamps-pide-balon-de-oro-para-uno-de-los-campeones-en-rusia\/\",\"url\":\"https:\/\/futbolhoy.co\/index.php\/2018\/07\/21\/deschamps-pide-balon-de-oro-para-uno-de-los-campeones-en-rusia\/\",\"name\":\"Deschamps pide Bal\u00f3n de Oro para uno de los campeones en Rusia -\",\"isPartOf\":{\"@id\":\"https:\/\/futbolhoy.co\/#website\"},\"primaryImageOfPage\":{\"@id\":\"https:\/\/futbolhoy.co\/index.php\/2018\/07\/21\/deschamps-pide-balon-de-oro-para-uno-de-los-campeones-en-rusia\/#primaryimage\"},\"image\":{\"@id\":\"https:\/\/futbolhoy.co\/index.php\/2018\/07\/21\/deschamps-pide-balon-de-oro-para-uno-de-los-campeones-en-rusia\/#primaryimage\"},\"thumbnailUrl\":\"https:\/\/futbolhoy.co\/wp-content\/uploads\/2018\/03\/Deschamps1.jpg\",\"datePublished\":\"2018-07-21T23:46:52+00:00\",\"breadcrumb\":{\"@id\":\"https:\/\/futbolhoy.co\/index.php\/2018\/07\/21\/deschamps-pide-balon-de-oro-para-uno-de-los-campeones-en-rusia\/#breadcrumb\"},\"inLanguage\":\"es\",\"potentialAction\":[{\"@type\":\"ReadAction\",\"target\":[\"https:\/\/futbolhoy.co\/index.php\/2018\/07\/21\/deschamps-pide-balon-de-oro-para-uno-de-los-campeones-en-rusia\/\"]}]},{\"@type\":\"ImageObject\",\"inLanguage\":\"es\",\"@id\":\"https:\/\/futbolhoy.co\/index.php\/2018\/07\/21\/deschamps-pide-balon-de-oro-para-uno-de-los-campeones-en-rusia\/#primaryimage\",\"url\":\"https:\/\/futbolhoy.co\/wp-content\/uploads\/2018\/03\/Deschamps1.jpg\",\"contentUrl\":\"https:\/\/futbolhoy.co\/wp-content\/uploads\/2018\/03\/Deschamps1.jpg\",\"width\":654,\"height\":636,\"caption\":\"Facebook: \u00c9quipe de France de Football\"},{\"@type\":\"BreadcrumbList\",\"@id\":\"https:\/\/futbolhoy.co\/index.php\/2018\/07\/21\/deschamps-pide-balon-de-oro-para-uno-de-los-campeones-en-rusia\/#breadcrumb\",\"itemListElement\":[{\"@type\":\"ListItem\",\"position\":1,\"name\":\"Portada\",\"item\":\"https:\/\/futbolhoy.co\/\"},{\"@type\":\"ListItem\",\"position\":2,\"name\":\"Deschamps pide Bal\u00f3n de Oro para uno de los campeones en Rusia\"}]},{\"@type\":\"WebSite\",\"@id\":\"https:\/\/futbolhoy.co\/#website\",\"url\":\"https:\/\/futbolhoy.co\/\",\"name\":\"FutbolHoy\",\"description\":\"\",\"publisher\":{\"@id\":\"https:\/\/futbolhoy.co\/#organization\"},\"potentialAction\":[{\"@type\":\"SearchAction\",\"target\":{\"@type\":\"EntryPoint\",\"urlTemplate\":\"https:\/\/futbolhoy.co\/?s={search_term_string}\"},\"query-input\":{\"@type\":\"PropertyValueSpecification\",\"valueRequired\":true,\"valueName\":\"search_term_string\"}}],\"inLanguage\":\"es\"},{\"@type\":\"Organization\",\"@id\":\"https:\/\/futbolhoy.co\/#organization\",\"name\":\"Futbolhoy.co\",\"url\":\"https:\/\/futbolhoy.co\/\",\"logo\":{\"@type\":\"ImageObject\",\"inLanguage\":\"es\",\"@id\":\"https:\/\/futbolhoy.co\/#\/schema\/logo\/image\/\",\"url\":\"https:\/\/futbolhoy.co\/wp-content\/uploads\/2018\/08\/17426380_1906371736249227_6326180412931521141_n.jpg\",\"contentUrl\":\"https:\/\/futbolhoy.co\/wp-content\/uploads\/2018\/08\/17426380_1906371736249227_6326180412931521141_n.jpg\",\"width\":960,\"height\":960,\"caption\":\"Futbolhoy.co\"},\"image\":{\"@id\":\"https:\/\/futbolhoy.co\/#\/schema\/logo\/image\/\"},\"sameAs\":[\"https:\/\/www.facebook.com\/FutbolHoyCol\/\",\"https:\/\/x.com\/FutbolHoyCol\",\"https:\/\/www.instagram.com\/futbolhoycol\/\"]},{\"@type\":\"Person\",\"@id\":\"https:\/\/futbolhoy.co\/#\/schema\/person\/c4a353a512b127643723a34bb1812f7d\",\"name\":\"Laura Hern\u00e1ndez\",\"image\":{\"@type\":\"ImageObject\",\"inLanguage\":\"es\",\"@id\":\"https:\/\/futbolhoy.co\/#\/schema\/person\/image\/\",\"url\":\"https:\/\/secure.gravatar.com\/avatar\/d25959a15b9b293a743f99181c7cfd01?s=96&d=mm&r=g\",\"contentUrl\":\"https:\/\/secure.gravatar.com\/avatar\/d25959a15b9b293a743f99181c7cfd01?s=96&d=mm&r=g\",\"caption\":\"Laura Hern\u00e1ndez\"}}]}<\/script>\n<!-- \/ Yoast SEO plugin. -->","yoast_head_json":{"title":"Deschamps pide Bal\u00f3n de Oro para uno de los campeones en Rusia -","robots":{"index":"index","follow":"follow","max-snippet":"max-snippet:-1","max-image-preview":"max-image-preview:large","max-video-preview":"max-video-preview:-1"},"canonical":"https:\/\/futbolhoy.co\/index.php\/2018\/07\/21\/deschamps-pide-balon-de-oro-para-uno-de-los-campeones-en-rusia\/","og_locale":"es_ES","og_type":"article","og_title":"Deschamps pide Bal\u00f3n de Oro para uno de los campeones en Rusia -","og_description":"El seleccionador franc\u00e9s, Didier Deschamps, consider\u00f3 que el Bal\u00f3n de Oro debe recaer en uno de los 23 jugadores que conquist\u00f3 la Copa del Mundo de Rusia 2018, aunque no se arriesg\u00f3 a mencionar ning\u00fan favorito. \"Espero que un franc\u00e9s gane el Bal\u00f3n de Oro, ser\u00eda algo bueno\", sostuvo Deschamps al diario \"L'\u00c9quipe\". El entrenador [&hellip;]","og_url":"https:\/\/futbolhoy.co\/index.php\/2018\/07\/21\/deschamps-pide-balon-de-oro-para-uno-de-los-campeones-en-rusia\/","article_publisher":"https:\/\/www.facebook.com\/FutbolHoyCol\/","article_published_time":"2018-07-21T23:46:52+00:00","og_image":[{"width":654,"height":636,"url":"https:\/\/futbolhoy.co\/wp-content\/uploads\/2018\/03\/Deschamps1.jpg","type":"image\/jpeg"}],"author":"Laura Hern\u00e1ndez","twitter_card":"summary_large_image","twitter_creator":"@FutbolHoyCol","twitter_site":"@FutbolHoyCol","twitter_misc":{"Escrito por":"Laura Hern\u00e1ndez"},"schema":{"@context":"https:\/\/schema.org","@graph":[{"@type":"Article","@id":"https:\/\/futbolhoy.co\/index.php\/2018\/07\/21\/deschamps-pide-balon-de-oro-para-uno-de-los-campeones-en-rusia\/#article","isPartOf":{"@id":"https:\/\/futbolhoy.co\/index.php\/2018\/07\/21\/deschamps-pide-balon-de-oro-para-uno-de-los-campeones-en-rusia\/"},"author":{"name":"Laura Hern\u00e1ndez","@id":"https:\/\/futbolhoy.co\/#\/schema\/person\/c4a353a512b127643723a34bb1812f7d"},"headline":"Deschamps pide Bal\u00f3n de Oro para uno de los campeones en Rusia","datePublished":"2018-07-21T23:46:52+00:00","mainEntityOfPage":{"@id":"https:\/\/futbolhoy.co\/index.php\/2018\/07\/21\/deschamps-pide-balon-de-oro-para-uno-de-los-campeones-en-rusia\/"},"wordCount":101,"commentCount":0,"publisher":{"@id":"https:\/\/futbolhoy.co\/#organization"},"image":{"@id":"https:\/\/futbolhoy.co\/index.php\/2018\/07\/21\/deschamps-pide-balon-de-oro-para-uno-de-los-campeones-en-rusia\/#primaryimage"},"thumbnailUrl":"https:\/\/futbolhoy.co\/wp-content\/uploads\/2018\/03\/Deschamps1.jpg","keywords":["balon de oro","Didier Deschamps"],"articleSection":["Mundo Futbol"],"inLanguage":"es","potentialAction":[{"@type":"CommentAction","name":"Comment","target":["https:\/\/futbolhoy.co\/index.php\/2018\/07\/21\/deschamps-pide-balon-de-oro-para-uno-de-los-campeones-en-rusia\/#respond"]}]},{"@type":"WebPage","@id":"https:\/\/futbolhoy.co\/index.php\/2018\/07\/21\/deschamps-pide-balon-de-oro-para-uno-de-los-campeones-en-rusia\/","url":"https:\/\/futbolhoy.co\/index.php\/2018\/07\/21\/deschamps-pide-balon-de-oro-para-uno-de-los-campeones-en-rusia\/","name":"Deschamps pide Bal\u00f3n de Oro para uno de los campeones en Rusia -","isPartOf":{"@id":"https:\/\/futbolhoy.co\/#website"},"primaryImageOfPage":{"@id":"https:\/\/futbolhoy.co\/index.php\/2018\/07\/21\/deschamps-pide-balon-de-oro-para-uno-de-los-campeones-en-rusia\/#primaryimage"},"image":{"@id":"https:\/\/futbolhoy.co\/index.php\/2018\/07\/21\/deschamps-pide-balon-de-oro-para-uno-de-los-campeones-en-rusia\/#primaryimage"},"thumbnailUrl":"https:\/\/futbolhoy.co\/wp-content\/uploads\/2018\/03\/Deschamps1.jpg","datePublished":"2018-07-21T23:46:52+00:00","breadcrumb":{"@id":"https:\/\/futbolhoy.co\/index.php\/2018\/07\/21\/deschamps-pide-balon-de-oro-para-uno-de-los-campeones-en-rusia\/#breadcrumb"},"inLanguage":"es","potentialAction":[{"@type":"ReadAction","target":["https:\/\/futbolhoy.co\/index.php\/2018\/07\/21\/deschamps-pide-balon-de-oro-para-uno-de-los-campeones-en-rusia\/"]}]},{"@type":"ImageObject","inLanguage":"es","@id":"https:\/\/futbolhoy.co\/index.php\/2018\/07\/21\/deschamps-pide-balon-de-oro-para-uno-de-los-campeones-en-rusia\/#primaryimage","url":"https:\/\/futbolhoy.co\/wp-content\/uploads\/2018\/03\/Deschamps1.jpg","contentUrl":"https:\/\/futbolhoy.co\/wp-content\/uploads\/2018\/03\/Deschamps1.jpg","width":654,"height":636,"caption":"Facebook: \u00c9quipe de France de Football"},{"@type":"BreadcrumbList","@id":"https:\/\/futbolhoy.co\/index.php\/2018\/07\/21\/deschamps-pide-balon-de-oro-para-uno-de-los-campeones-en-rusia\/#breadcrumb","itemListElement":[{"@type":"ListItem","position":1,"name":"Portada","item":"https:\/\/futbolhoy.co\/"},{"@type":"ListItem","position":2,"name":"Deschamps pide Bal\u00f3n de Oro para uno de los campeones en Rusia"}]},{"@type":"WebSite","@id":"https:\/\/futbolhoy.co\/#website","url":"https:\/\/futbolhoy.co\/","name":"FutbolHoy","description":"","publisher":{"@id":"https:\/\/futbolhoy.co\/#organization"},"potentialAction":[{"@type":"SearchAction","target":{"@type":"EntryPoint","urlTemplate":"https:\/\/futbolhoy.co\/?s={search_term_string}"},"query-input":{"@type":"PropertyValueSpecification","valueRequired":true,"valueName":"search_term_string"}}],"inLanguage":"es"},{"@type":"Organization","@id":"https:\/\/futbolhoy.co\/#organization","name":"Futbolhoy.co","url":"https:\/\/futbolhoy.co\/","logo":{"@type":"ImageObject","inLanguage":"es","@id":"https:\/\/futbolhoy.co\/#\/schema\/logo\/image\/","url":"https:\/\/futbolhoy.co\/wp-content\/uploads\/2018\/08\/17426380_1906371736249227_6326180412931521141_n.jpg","contentUrl":"https:\/\/futbolhoy.co\/wp-content\/uploads\/2018\/08\/17426380_1906371736249227_6326180412931521141_n.jpg","width":960,"height":960,"caption":"Futbolhoy.co"},"image":{"@id":"https:\/\/futbolhoy.co\/#\/schema\/logo\/image\/"},"sameAs":["https:\/\/www.facebook.com\/FutbolHoyCol\/","https:\/\/x.com\/FutbolHoyCol","https:\/\/www.instagram.com\/futbolhoycol\/"]},{"@type":"Person","@id":"https:\/\/futbolhoy.co\/#\/schema\/person\/c4a353a512b127643723a34bb1812f7d","name":"Laura Hern\u00e1ndez","image":{"@type":"ImageObject","inLanguage":"es","@id":"https:\/\/futbolhoy.co\/#\/schema\/person\/image\/","url":"https:\/\/secure.gravatar.com\/avatar\/d25959a15b9b293a743f99181c7cfd01?s=96&d=mm&r=g","contentUrl":"https:\/\/secure.gravatar.com\/avatar\/d25959a15b9b293a743f99181c7cfd01?s=96&d=mm&r=g","caption":"Laura Hern\u00e1ndez"}}]}},"publishpress_future_action":{"enabled":false,"date":"2026-05-02 05:06:06","action":"change-status","newStatus":"draft","terms":[],"taxonomy":"category","extraData":[]},"publishpress_future_workflow_manual_trigger":{"enabledWorkflows":[]},"_links":{"self":[{"href":"https:\/\/futbolhoy.co\/index.php\/wp-json\/wp\/v2\/posts\/22546","targetHints":{"allow":["GET"]}}],"collection":[{"href":"https:\/\/futbolhoy.co\/index.php\/wp-json\/wp\/v2\/posts"}],"about":[{"href":"https:\/\/futbolhoy.co\/index.php\/wp-json\/wp\/v2\/types\/post"}],"author":[{"embeddable":true,"href":"https:\/\/futbolhoy.co\/index.php\/wp-json\/wp\/v2\/users\/5"}],"replies":[{"embeddable":true,"href":"https:\/\/futbolhoy.co\/index.php\/wp-json\/wp\/v2\/comments?post=22546"}],"version-history":[{"count":1,"href":"https:\/\/futbolhoy.co\/index.php\/wp-json\/wp\/v2\/posts\/22546\/revisions"}],"predecessor-version":[{"id":22547,"href":"https:\/\/futbolhoy.co\/index.php\/wp-json\/wp\/v2\/posts\/22546\/revisions\/22547"}],"wp:featuredmedia":[{"embeddable":true,"href":"https:\/\/futbolhoy.co\/index.php\/wp-json\/wp\/v2\/media\/14865"}],"wp:attachment":[{"href":"https:\/\/futbolhoy.co\/index.php\/wp-json\/wp\/v2\/media?parent=22546"}],"wp:term":[{"taxonomy":"category","embeddable":true,"href":"https:\/\/futbolhoy.co\/index.php\/wp-json\/wp\/v2\/categories?post=22546"},{"taxonomy":"post_tag","embeddable":true,"href":"https:\/\/futbolhoy.co\/index.php\/wp-json\/wp\/v2\/tags?post=22546"}],"curies":[{"name":"wp","href":"https:\/\/api.w.org\/{rel}","templated":true}]}}