{"id":22593,"date":"2018-07-23T11:01:31","date_gmt":"2018-07-23T16:01:31","guid":{"rendered":"http:\/\/futbolhoy.co\/?p=22593"},"modified":"2018-07-23T11:01:31","modified_gmt":"2018-07-23T16:01:31","slug":"hector-quinones-llega-al-america-de-cali","status":"publish","type":"post","link":"https:\/\/futbolhoy.co\/index.php\/2018\/07\/23\/hector-quinones-llega-al-america-de-cali\/","title":{"rendered":"H\u00e9ctor Qui\u00f1ones llega al Am\u00e9rica de Cali"},"content":{"rendered":"<div style=\"text-align: justify;\"><span style=\"font-family: helvetica, arial, sans-serif;\">El lateral izquierdo <strong>H\u00e9ctor Qui\u00f1ones<\/strong>, quien estaba jugando con <strong>Pacos Ferreira<\/strong> de Portugal, fue confirmado como nuevo refuerzo del <strong>Am\u00e9rica de Cali.<\/strong><\/span><\/div>\n<div style=\"text-align: justify;\"><\/div>\n<p class=\"m_-2459169877402181841ydp206b7fafMsoNormal\" style=\"text-align: justify;\"><span style=\"font-family: helvetica, arial, sans-serif;\">El futbolista, quien ha jugado con <strong>Deportivo Cali<\/strong>, Junior, Millonarios, Porto y Penafiel de Portugal, llega a pr\u00e9stamo con opci\u00f3n de compra.<\/span><\/p>\n","protected":false},"excerpt":{"rendered":"<p>El lateral izquierdo H\u00e9ctor Qui\u00f1ones, quien estaba jugando con Pacos Ferreira de Portugal, fue confirmado como nuevo refuerzo del Am\u00e9rica de Cali. El futbolista, quien ha jugado con Deportivo Cali, Junior, Millonarios, Porto y Penafiel de Portugal, llega a pr\u00e9stamo con opci\u00f3n de compra.<\/p>\n","protected":false},"author":5,"featured_media":22594,"comment_status":"open","ping_status":"closed","sticky":false,"template":"","format":"standard","meta":{"_acf_changed":false,"footnotes":""},"categories":[7],"tags":[150],"class_list":{"0":"post-22593","1":"post","2":"type-post","3":"status-publish","4":"format-standard","5":"has-post-thumbnail","7":"category-liga-betplay","8":"tag-america"},"acf":[],"_links":{"self":[{"href":"https:\/\/futbolhoy.co\/index.php\/wp-json\/wp\/v2\/posts\/22593","targetHints":{"allow":["GET"]}}],"collection":[{"href":"https:\/\/futbolhoy.co\/index.php\/wp-json\/wp\/v2\/posts"}],"about":[{"href":"https:\/\/futbolhoy.co\/index.php\/wp-json\/wp\/v2\/types\/post"}],"author":[{"embeddable":true,"href":"https:\/\/futbolhoy.co\/index.php\/wp-json\/wp\/v2\/users\/5"}],"replies":[{"embeddable":true,"href":"https:\/\/futbolhoy.co\/index.php\/wp-json\/wp\/v2\/comments?post=22593"}],"version-history":[{"count":1,"href":"https:\/\/futbolhoy.co\/index.php\/wp-json\/wp\/v2\/posts\/22593\/revisions"}],"predecessor-version":[{"id":22595,"href":"https:\/\/futbolhoy.co\/index.php\/wp-json\/wp\/v2\/posts\/22593\/revisions\/22595"}],"wp:featuredmedia":[{"embeddable":true,"href":"https:\/\/futbolhoy.co\/index.php\/wp-json\/wp\/v2\/media\/22594"}],"wp:attachment":[{"href":"https:\/\/futbolhoy.co\/index.php\/wp-json\/wp\/v2\/media?parent=22593"}],"wp:term":[{"taxonomy":"category","embeddable":true,"href":"https:\/\/futbolhoy.co\/index.php\/wp-json\/wp\/v2\/categories?post=22593"},{"taxonomy":"post_tag","embeddable":true,"href":"https:\/\/futbolhoy.co\/index.php\/wp-json\/wp\/v2\/tags?post=22593"}],"curies":[{"name":"wp","href":"https:\/\/api.w.org\/{rel}","templated":true}]}}