{"id":22637,"date":"2018-07-24T16:00:08","date_gmt":"2018-07-24T21:00:08","guid":{"rendered":"http:\/\/futbolhoy.co\/?p=22637"},"modified":"2018-07-25T09:23:07","modified_gmt":"2018-07-25T14:23:07","slug":"malcom-finalmente-jugara-con-barcelona","status":"publish","type":"post","link":"https:\/\/futbolhoy.co\/index.php\/2018\/07\/24\/malcom-finalmente-jugara-con-barcelona\/","title":{"rendered":"Malcom finalmente jugar\u00e1 con Barcelona"},"content":{"rendered":"<p style=\"text-align: justify;\"><span style=\"font-family: helvetica, arial, sans-serif;\">El <strong>Barcelona<\/strong> oficializ\u00f3 la contrataci\u00f3n del volante brasile\u00f1o <strong>Malcom<\/strong> a cambio de 41 millones de euros, procedente \u00a0del <strong>Girondins<\/strong> de <strong>Burdeos<\/strong>.<\/span><\/p>\n<p style=\"text-align: justify;\"><span style=\"font-family: helvetica, arial, sans-serif;\">La contrataci\u00f3n lleg\u00f3 despu\u00e9s que el Burdeos bloqueara su trasferencia a la <strong>Roma,<\/strong> luego de una oferta a \u00faltima hora del equipo catal\u00e1n.<\/span><\/p>\n<p style=\"text-align: justify;\"><span style=\"font-family: helvetica, arial, sans-serif;\"><em>\"El FC Barcelona y el Girondins de Burdeos han acordado el traspaso del jugador Malcom Filipe Silva de Oliveira. El coste de la operaci\u00f3n ser\u00e1 de 41 millones de euros m\u00e1s 1 mill\u00f3n en variables\"<\/em>, se\u00f1al\u00f3 el comunicado del club.<\/span><\/p>\n<p style=\"text-align: justify;\"><span style=\"font-family: helvetica, arial, sans-serif;\"><em>\"El jugador firmar\u00e1 contrato con el club para las pr\u00f3ximas cinco temporadas, hasta el fin del curso 2022\/2023\"<\/em>, puntualiz\u00f3.<\/span><\/p>\n","protected":false},"excerpt":{"rendered":"<p>El Barcelona oficializ\u00f3 la contrataci\u00f3n del volante brasile\u00f1o Malcom a cambio de 41 millones de euros, procedente \u00a0del Girondins de Burdeos. La contrataci\u00f3n lleg\u00f3 despu\u00e9s que el Burdeos bloqueara su trasferencia a la Roma, luego de una oferta a \u00faltima hora del equipo catal\u00e1n. \"El FC Barcelona y el Girondins de Burdeos han acordado el [&hellip;]<\/p>\n","protected":false},"author":5,"featured_media":22638,"comment_status":"open","ping_status":"open","sticky":false,"template":"","format":"standard","meta":{"_acf_changed":false,"footnotes":""},"categories":[152],"tags":[722,1016],"class_list":{"0":"post-22637","1":"post","2":"type-post","3":"status-publish","4":"format-standard","5":"has-post-thumbnail","7":"category-mundo-futbol","8":"tag-barcelona","9":"tag-malcom"},"acf":[],"yoast_head":"<!-- This site is optimized with the Yoast SEO plugin v26.8 - https:\/\/yoast.com\/product\/yoast-seo-wordpress\/ -->\n<title>Malcom finalmente jugar\u00e1 con Barcelona -<\/title>\n<meta name=\"robots\" content=\"index, follow, max-snippet:-1, max-image-preview:large, max-video-preview:-1\" \/>\n<link rel=\"canonical\" href=\"https:\/\/futbolhoy.co\/index.php\/2018\/07\/24\/malcom-finalmente-jugara-con-barcelona\/\" \/>\n<meta property=\"og:locale\" content=\"es_ES\" \/>\n<meta property=\"og:type\" content=\"article\" \/>\n<meta property=\"og:title\" content=\"Malcom finalmente jugar\u00e1 con Barcelona -\" \/>\n<meta property=\"og:description\" content=\"El Barcelona oficializ\u00f3 la contrataci\u00f3n del volante brasile\u00f1o Malcom a cambio de 41 millones de euros, procedente \u00a0del Girondins de Burdeos. La contrataci\u00f3n lleg\u00f3 despu\u00e9s que el Burdeos bloqueara su trasferencia a la Roma, luego de una oferta a \u00faltima hora del equipo catal\u00e1n. &quot;El FC Barcelona y el Girondins de Burdeos han acordado el [&hellip;]\" \/>\n<meta property=\"og:url\" content=\"https:\/\/futbolhoy.co\/index.php\/2018\/07\/24\/malcom-finalmente-jugara-con-barcelona\/\" \/>\n<meta property=\"article:publisher\" content=\"https:\/\/www.facebook.com\/FutbolHoyCol\/\" \/>\n<meta property=\"article:published_time\" content=\"2018-07-24T21:00:08+00:00\" \/>\n<meta property=\"article:modified_time\" content=\"2018-07-25T14:23:07+00:00\" \/>\n<meta property=\"og:image\" content=\"https:\/\/futbolhoy.co\/wp-content\/uploads\/2018\/07\/Malcom.jpg\" \/>\n\t<meta property=\"og:image:width\" content=\"1000\" \/>\n\t<meta property=\"og:image:height\" content=\"563\" \/>\n\t<meta property=\"og:image:type\" content=\"image\/jpeg\" \/>\n<meta name=\"author\" content=\"Laura Hern\u00e1ndez\" \/>\n<meta name=\"twitter:card\" content=\"summary_large_image\" \/>\n<meta name=\"twitter:creator\" content=\"@FutbolHoyCol\" \/>\n<meta name=\"twitter:site\" content=\"@FutbolHoyCol\" \/>\n<meta name=\"twitter:label1\" content=\"Escrito por\" \/>\n\t<meta name=\"twitter:data1\" content=\"Laura Hern\u00e1ndez\" \/>\n\t<meta name=\"twitter:label2\" content=\"Tiempo de lectura\" \/>\n\t<meta name=\"twitter:data2\" content=\"1 minuto\" \/>\n<script type=\"application\/ld+json\" class=\"yoast-schema-graph\">{\"@context\":\"https:\/\/schema.org\",\"@graph\":[{\"@type\":\"Article\",\"@id\":\"https:\/\/futbolhoy.co\/index.php\/2018\/07\/24\/malcom-finalmente-jugara-con-barcelona\/#article\",\"isPartOf\":{\"@id\":\"https:\/\/futbolhoy.co\/index.php\/2018\/07\/24\/malcom-finalmente-jugara-con-barcelona\/\"},\"author\":{\"name\":\"Laura Hern\u00e1ndez\",\"@id\":\"https:\/\/futbolhoy.co\/#\/schema\/person\/c4a353a512b127643723a34bb1812f7d\"},\"headline\":\"Malcom finalmente jugar\u00e1 con Barcelona\",\"datePublished\":\"2018-07-24T21:00:08+00:00\",\"dateModified\":\"2018-07-25T14:23:07+00:00\",\"mainEntityOfPage\":{\"@id\":\"https:\/\/futbolhoy.co\/index.php\/2018\/07\/24\/malcom-finalmente-jugara-con-barcelona\/\"},\"wordCount\":114,\"commentCount\":0,\"publisher\":{\"@id\":\"https:\/\/futbolhoy.co\/#organization\"},\"image\":{\"@id\":\"https:\/\/futbolhoy.co\/index.php\/2018\/07\/24\/malcom-finalmente-jugara-con-barcelona\/#primaryimage\"},\"thumbnailUrl\":\"https:\/\/futbolhoy.co\/wp-content\/uploads\/2018\/07\/Malcom.jpg\",\"keywords\":[\"Barcelona\",\"Malcom\"],\"articleSection\":[\"Mundo Futbol\"],\"inLanguage\":\"es\",\"potentialAction\":[{\"@type\":\"CommentAction\",\"name\":\"Comment\",\"target\":[\"https:\/\/futbolhoy.co\/index.php\/2018\/07\/24\/malcom-finalmente-jugara-con-barcelona\/#respond\"]}]},{\"@type\":\"WebPage\",\"@id\":\"https:\/\/futbolhoy.co\/index.php\/2018\/07\/24\/malcom-finalmente-jugara-con-barcelona\/\",\"url\":\"https:\/\/futbolhoy.co\/index.php\/2018\/07\/24\/malcom-finalmente-jugara-con-barcelona\/\",\"name\":\"Malcom finalmente jugar\u00e1 con Barcelona -\",\"isPartOf\":{\"@id\":\"https:\/\/futbolhoy.co\/#website\"},\"primaryImageOfPage\":{\"@id\":\"https:\/\/futbolhoy.co\/index.php\/2018\/07\/24\/malcom-finalmente-jugara-con-barcelona\/#primaryimage\"},\"image\":{\"@id\":\"https:\/\/futbolhoy.co\/index.php\/2018\/07\/24\/malcom-finalmente-jugara-con-barcelona\/#primaryimage\"},\"thumbnailUrl\":\"https:\/\/futbolhoy.co\/wp-content\/uploads\/2018\/07\/Malcom.jpg\",\"datePublished\":\"2018-07-24T21:00:08+00:00\",\"dateModified\":\"2018-07-25T14:23:07+00:00\",\"breadcrumb\":{\"@id\":\"https:\/\/futbolhoy.co\/index.php\/2018\/07\/24\/malcom-finalmente-jugara-con-barcelona\/#breadcrumb\"},\"inLanguage\":\"es\",\"potentialAction\":[{\"@type\":\"ReadAction\",\"target\":[\"https:\/\/futbolhoy.co\/index.php\/2018\/07\/24\/malcom-finalmente-jugara-con-barcelona\/\"]}]},{\"@type\":\"ImageObject\",\"inLanguage\":\"es\",\"@id\":\"https:\/\/futbolhoy.co\/index.php\/2018\/07\/24\/malcom-finalmente-jugara-con-barcelona\/#primaryimage\",\"url\":\"https:\/\/futbolhoy.co\/wp-content\/uploads\/2018\/07\/Malcom.jpg\",\"contentUrl\":\"https:\/\/futbolhoy.co\/wp-content\/uploads\/2018\/07\/Malcom.jpg\",\"width\":1000,\"height\":563,\"caption\":\"@FCBarcelona_es\"},{\"@type\":\"BreadcrumbList\",\"@id\":\"https:\/\/futbolhoy.co\/index.php\/2018\/07\/24\/malcom-finalmente-jugara-con-barcelona\/#breadcrumb\",\"itemListElement\":[{\"@type\":\"ListItem\",\"position\":1,\"name\":\"Portada\",\"item\":\"https:\/\/futbolhoy.co\/\"},{\"@type\":\"ListItem\",\"position\":2,\"name\":\"Malcom finalmente jugar\u00e1 con Barcelona\"}]},{\"@type\":\"WebSite\",\"@id\":\"https:\/\/futbolhoy.co\/#website\",\"url\":\"https:\/\/futbolhoy.co\/\",\"name\":\"FutbolHoy\",\"description\":\"\",\"publisher\":{\"@id\":\"https:\/\/futbolhoy.co\/#organization\"},\"potentialAction\":[{\"@type\":\"SearchAction\",\"target\":{\"@type\":\"EntryPoint\",\"urlTemplate\":\"https:\/\/futbolhoy.co\/?s={search_term_string}\"},\"query-input\":{\"@type\":\"PropertyValueSpecification\",\"valueRequired\":true,\"valueName\":\"search_term_string\"}}],\"inLanguage\":\"es\"},{\"@type\":\"Organization\",\"@id\":\"https:\/\/futbolhoy.co\/#organization\",\"name\":\"Futbolhoy.co\",\"url\":\"https:\/\/futbolhoy.co\/\",\"logo\":{\"@type\":\"ImageObject\",\"inLanguage\":\"es\",\"@id\":\"https:\/\/futbolhoy.co\/#\/schema\/logo\/image\/\",\"url\":\"https:\/\/futbolhoy.co\/wp-content\/uploads\/2018\/08\/17426380_1906371736249227_6326180412931521141_n.jpg\",\"contentUrl\":\"https:\/\/futbolhoy.co\/wp-content\/uploads\/2018\/08\/17426380_1906371736249227_6326180412931521141_n.jpg\",\"width\":960,\"height\":960,\"caption\":\"Futbolhoy.co\"},\"image\":{\"@id\":\"https:\/\/futbolhoy.co\/#\/schema\/logo\/image\/\"},\"sameAs\":[\"https:\/\/www.facebook.com\/FutbolHoyCol\/\",\"https:\/\/x.com\/FutbolHoyCol\",\"https:\/\/www.instagram.com\/futbolhoycol\/\"]},{\"@type\":\"Person\",\"@id\":\"https:\/\/futbolhoy.co\/#\/schema\/person\/c4a353a512b127643723a34bb1812f7d\",\"name\":\"Laura Hern\u00e1ndez\",\"image\":{\"@type\":\"ImageObject\",\"inLanguage\":\"es\",\"@id\":\"https:\/\/futbolhoy.co\/#\/schema\/person\/image\/\",\"url\":\"https:\/\/secure.gravatar.com\/avatar\/d25959a15b9b293a743f99181c7cfd01?s=96&d=mm&r=g\",\"contentUrl\":\"https:\/\/secure.gravatar.com\/avatar\/d25959a15b9b293a743f99181c7cfd01?s=96&d=mm&r=g\",\"caption\":\"Laura Hern\u00e1ndez\"}}]}<\/script>\n<!-- \/ Yoast SEO plugin. -->","yoast_head_json":{"title":"Malcom finalmente jugar\u00e1 con Barcelona -","robots":{"index":"index","follow":"follow","max-snippet":"max-snippet:-1","max-image-preview":"max-image-preview:large","max-video-preview":"max-video-preview:-1"},"canonical":"https:\/\/futbolhoy.co\/index.php\/2018\/07\/24\/malcom-finalmente-jugara-con-barcelona\/","og_locale":"es_ES","og_type":"article","og_title":"Malcom finalmente jugar\u00e1 con Barcelona -","og_description":"El Barcelona oficializ\u00f3 la contrataci\u00f3n del volante brasile\u00f1o Malcom a cambio de 41 millones de euros, procedente \u00a0del Girondins de Burdeos. La contrataci\u00f3n lleg\u00f3 despu\u00e9s que el Burdeos bloqueara su trasferencia a la Roma, luego de una oferta a \u00faltima hora del equipo catal\u00e1n. \"El FC Barcelona y el Girondins de Burdeos han acordado el [&hellip;]","og_url":"https:\/\/futbolhoy.co\/index.php\/2018\/07\/24\/malcom-finalmente-jugara-con-barcelona\/","article_publisher":"https:\/\/www.facebook.com\/FutbolHoyCol\/","article_published_time":"2018-07-24T21:00:08+00:00","article_modified_time":"2018-07-25T14:23:07+00:00","og_image":[{"width":1000,"height":563,"url":"https:\/\/futbolhoy.co\/wp-content\/uploads\/2018\/07\/Malcom.jpg","type":"image\/jpeg"}],"author":"Laura Hern\u00e1ndez","twitter_card":"summary_large_image","twitter_creator":"@FutbolHoyCol","twitter_site":"@FutbolHoyCol","twitter_misc":{"Escrito por":"Laura Hern\u00e1ndez","Tiempo de lectura":"1 minuto"},"schema":{"@context":"https:\/\/schema.org","@graph":[{"@type":"Article","@id":"https:\/\/futbolhoy.co\/index.php\/2018\/07\/24\/malcom-finalmente-jugara-con-barcelona\/#article","isPartOf":{"@id":"https:\/\/futbolhoy.co\/index.php\/2018\/07\/24\/malcom-finalmente-jugara-con-barcelona\/"},"author":{"name":"Laura Hern\u00e1ndez","@id":"https:\/\/futbolhoy.co\/#\/schema\/person\/c4a353a512b127643723a34bb1812f7d"},"headline":"Malcom finalmente jugar\u00e1 con Barcelona","datePublished":"2018-07-24T21:00:08+00:00","dateModified":"2018-07-25T14:23:07+00:00","mainEntityOfPage":{"@id":"https:\/\/futbolhoy.co\/index.php\/2018\/07\/24\/malcom-finalmente-jugara-con-barcelona\/"},"wordCount":114,"commentCount":0,"publisher":{"@id":"https:\/\/futbolhoy.co\/#organization"},"image":{"@id":"https:\/\/futbolhoy.co\/index.php\/2018\/07\/24\/malcom-finalmente-jugara-con-barcelona\/#primaryimage"},"thumbnailUrl":"https:\/\/futbolhoy.co\/wp-content\/uploads\/2018\/07\/Malcom.jpg","keywords":["Barcelona","Malcom"],"articleSection":["Mundo Futbol"],"inLanguage":"es","potentialAction":[{"@type":"CommentAction","name":"Comment","target":["https:\/\/futbolhoy.co\/index.php\/2018\/07\/24\/malcom-finalmente-jugara-con-barcelona\/#respond"]}]},{"@type":"WebPage","@id":"https:\/\/futbolhoy.co\/index.php\/2018\/07\/24\/malcom-finalmente-jugara-con-barcelona\/","url":"https:\/\/futbolhoy.co\/index.php\/2018\/07\/24\/malcom-finalmente-jugara-con-barcelona\/","name":"Malcom finalmente jugar\u00e1 con Barcelona -","isPartOf":{"@id":"https:\/\/futbolhoy.co\/#website"},"primaryImageOfPage":{"@id":"https:\/\/futbolhoy.co\/index.php\/2018\/07\/24\/malcom-finalmente-jugara-con-barcelona\/#primaryimage"},"image":{"@id":"https:\/\/futbolhoy.co\/index.php\/2018\/07\/24\/malcom-finalmente-jugara-con-barcelona\/#primaryimage"},"thumbnailUrl":"https:\/\/futbolhoy.co\/wp-content\/uploads\/2018\/07\/Malcom.jpg","datePublished":"2018-07-24T21:00:08+00:00","dateModified":"2018-07-25T14:23:07+00:00","breadcrumb":{"@id":"https:\/\/futbolhoy.co\/index.php\/2018\/07\/24\/malcom-finalmente-jugara-con-barcelona\/#breadcrumb"},"inLanguage":"es","potentialAction":[{"@type":"ReadAction","target":["https:\/\/futbolhoy.co\/index.php\/2018\/07\/24\/malcom-finalmente-jugara-con-barcelona\/"]}]},{"@type":"ImageObject","inLanguage":"es","@id":"https:\/\/futbolhoy.co\/index.php\/2018\/07\/24\/malcom-finalmente-jugara-con-barcelona\/#primaryimage","url":"https:\/\/futbolhoy.co\/wp-content\/uploads\/2018\/07\/Malcom.jpg","contentUrl":"https:\/\/futbolhoy.co\/wp-content\/uploads\/2018\/07\/Malcom.jpg","width":1000,"height":563,"caption":"@FCBarcelona_es"},{"@type":"BreadcrumbList","@id":"https:\/\/futbolhoy.co\/index.php\/2018\/07\/24\/malcom-finalmente-jugara-con-barcelona\/#breadcrumb","itemListElement":[{"@type":"ListItem","position":1,"name":"Portada","item":"https:\/\/futbolhoy.co\/"},{"@type":"ListItem","position":2,"name":"Malcom finalmente jugar\u00e1 con Barcelona"}]},{"@type":"WebSite","@id":"https:\/\/futbolhoy.co\/#website","url":"https:\/\/futbolhoy.co\/","name":"FutbolHoy","description":"","publisher":{"@id":"https:\/\/futbolhoy.co\/#organization"},"potentialAction":[{"@type":"SearchAction","target":{"@type":"EntryPoint","urlTemplate":"https:\/\/futbolhoy.co\/?s={search_term_string}"},"query-input":{"@type":"PropertyValueSpecification","valueRequired":true,"valueName":"search_term_string"}}],"inLanguage":"es"},{"@type":"Organization","@id":"https:\/\/futbolhoy.co\/#organization","name":"Futbolhoy.co","url":"https:\/\/futbolhoy.co\/","logo":{"@type":"ImageObject","inLanguage":"es","@id":"https:\/\/futbolhoy.co\/#\/schema\/logo\/image\/","url":"https:\/\/futbolhoy.co\/wp-content\/uploads\/2018\/08\/17426380_1906371736249227_6326180412931521141_n.jpg","contentUrl":"https:\/\/futbolhoy.co\/wp-content\/uploads\/2018\/08\/17426380_1906371736249227_6326180412931521141_n.jpg","width":960,"height":960,"caption":"Futbolhoy.co"},"image":{"@id":"https:\/\/futbolhoy.co\/#\/schema\/logo\/image\/"},"sameAs":["https:\/\/www.facebook.com\/FutbolHoyCol\/","https:\/\/x.com\/FutbolHoyCol","https:\/\/www.instagram.com\/futbolhoycol\/"]},{"@type":"Person","@id":"https:\/\/futbolhoy.co\/#\/schema\/person\/c4a353a512b127643723a34bb1812f7d","name":"Laura Hern\u00e1ndez","image":{"@type":"ImageObject","inLanguage":"es","@id":"https:\/\/futbolhoy.co\/#\/schema\/person\/image\/","url":"https:\/\/secure.gravatar.com\/avatar\/d25959a15b9b293a743f99181c7cfd01?s=96&d=mm&r=g","contentUrl":"https:\/\/secure.gravatar.com\/avatar\/d25959a15b9b293a743f99181c7cfd01?s=96&d=mm&r=g","caption":"Laura Hern\u00e1ndez"}}]}},"publishpress_future_action":{"enabled":false,"date":"2026-05-04 03:50:39","action":"change-status","newStatus":"draft","terms":[],"taxonomy":"category","extraData":[]},"publishpress_future_workflow_manual_trigger":{"enabledWorkflows":[]},"_links":{"self":[{"href":"https:\/\/futbolhoy.co\/index.php\/wp-json\/wp\/v2\/posts\/22637","targetHints":{"allow":["GET"]}}],"collection":[{"href":"https:\/\/futbolhoy.co\/index.php\/wp-json\/wp\/v2\/posts"}],"about":[{"href":"https:\/\/futbolhoy.co\/index.php\/wp-json\/wp\/v2\/types\/post"}],"author":[{"embeddable":true,"href":"https:\/\/futbolhoy.co\/index.php\/wp-json\/wp\/v2\/users\/5"}],"replies":[{"embeddable":true,"href":"https:\/\/futbolhoy.co\/index.php\/wp-json\/wp\/v2\/comments?post=22637"}],"version-history":[{"count":1,"href":"https:\/\/futbolhoy.co\/index.php\/wp-json\/wp\/v2\/posts\/22637\/revisions"}],"predecessor-version":[{"id":22639,"href":"https:\/\/futbolhoy.co\/index.php\/wp-json\/wp\/v2\/posts\/22637\/revisions\/22639"}],"wp:featuredmedia":[{"embeddable":true,"href":"https:\/\/futbolhoy.co\/index.php\/wp-json\/wp\/v2\/media\/22638"}],"wp:attachment":[{"href":"https:\/\/futbolhoy.co\/index.php\/wp-json\/wp\/v2\/media?parent=22637"}],"wp:term":[{"taxonomy":"category","embeddable":true,"href":"https:\/\/futbolhoy.co\/index.php\/wp-json\/wp\/v2\/categories?post=22637"},{"taxonomy":"post_tag","embeddable":true,"href":"https:\/\/futbolhoy.co\/index.php\/wp-json\/wp\/v2\/tags?post=22637"}],"curies":[{"name":"wp","href":"https:\/\/api.w.org\/{rel}","templated":true}]}}