{"id":24169,"date":"2018-08-27T17:10:10","date_gmt":"2018-08-27T22:10:10","guid":{"rendered":"http:\/\/futbolhoy.co\/?p=24169"},"modified":"2018-08-28T19:30:07","modified_gmt":"2018-08-29T00:30:07","slug":"james-se-reune-con-juveniles-de-la-jagua-de-ibirico","status":"publish","type":"post","link":"https:\/\/futbolhoy.co\/index.php\/2018\/08\/27\/james-se-reune-con-juveniles-de-la-jagua-de-ibirico\/","title":{"rendered":"James se re\u00fane con juveniles de La Jagua de Ibirico"},"content":{"rendered":"<p class=\"m_4896931249871918140ydpe983ec2cMsoNormal\" style=\"text-align: justify;\"><span style=\"font-family: helvetica, arial, sans-serif;\"><strong>James Rodr\u00edguez<\/strong> se reuni\u00f3 con 11 deportistas juveniles colombianos de<strong> La Jagua de Ibirico,<\/strong> C\u00e9sar, en un intercambio de f\u00fatbol que se realiz\u00f3 en Alemania.<\/span><\/p>\n<p class=\"m_4896931249871918140ydpe983ec2cMsoNormal\" style=\"text-align: justify;\"><span style=\"font-family: helvetica, arial, sans-serif;\"><em>\u00abHoy aprend\u00ed que los sue\u00f1os s\u00ed se cumplen, conoc\u00ed a James Rodr\u00edguez y fue una emoci\u00f3n incre\u00edble. Fuimos al estadio Allianz Arena y fue una sorpresa que nunca esperar\u00eda\u00bb<\/em>, dijo <strong>Camila Ospina<\/strong>, una de las futbolistas que hizo parte del encuentro, citada en un comunicado que emiti\u00f3 el Ministerio de Relaciones Exteriores.<\/span><\/p>\n<p class=\"m_4896931249871918140ydpe983ec2cMsoNormal\" style=\"text-align: justify;\"><span style=\"font-family: helvetica, arial, sans-serif;\"><strong>James<\/strong> salud\u00f3 a las deportistas y les \u00abrecalc\u00f3 la importancia de la constancia y la disciplina para alcanzar las metas\u00bb.<\/span><\/p>\n<p class=\"m_4896931249871918140ydpe983ec2cMsoNormal\" style=\"text-align: justify;\"><span style=\"font-family: helvetica, arial, sans-serif;\">Asimismo, las j\u00f3venes asistieron al primer partido como local de <strong>Bayern M\u00fanich<\/strong> en Bundesliga, que se jug\u00f3 el pasado viernes en el <strong>Allianz Arena<\/strong>, donde el equipo alem\u00e1n venci\u00f3 3-1 al Hoffenheim.<\/span><\/p>\n\r\n                <style type=\"text\/css\">\r\n                    \r\n                    #tdi_1  .td-doubleSlider-2 .td-item1 {\r\n                        background: url(https:\/\/futbolhoy.co\/wp-content\/uploads\/2018\/08\/WhatsApp-Image-2018-08-27-at-4.37.39-PM-1-80x60.jpeg) 0 0 no-repeat;\r\n                    }\r\n                    #tdi_1  .td-doubleSlider-2 .td-item2 {\r\n                        background: url(https:\/\/futbolhoy.co\/wp-content\/uploads\/2018\/08\/WhatsApp-Image-2018-08-27-at-4.37.39-PM-80x60.jpeg) 0 0 no-repeat;\r\n                    }\r\n                    #tdi_1  .td-doubleSlider-2 .td-item3 {\r\n                        background: url(https:\/\/futbolhoy.co\/wp-content\/uploads\/2018\/08\/WhatsApp-Image-2018-08-27-at-4.37.40-PM-1-80x60.jpeg) 0 0 no-repeat;\r\n                    }\r\n                    #tdi_1  .td-doubleSlider-2 .td-item4 {\r\n                        background: url(https:\/\/futbolhoy.co\/wp-content\/uploads\/2018\/08\/WhatsApp-Image-2018-08-27-at-4.37.40-PM-80x60.jpeg) 0 0 no-repeat;\r\n                    }\r\n                <\/style>\r\n\r\n                <div id=\"tdi_1\" class=\"td-gallery td-slide-on-2-columns\">\r\n                    <div class=\"post_td_gallery\">\r\n                        <div class=\"td-gallery-slide-top\">\r\n                           <div class=\"td-gallery-title\"><\/div>\r\n\r\n                            <div class=\"td-gallery-controls-wrapper\">\r\n                                <div class=\"td-gallery-slide-count\"><span class=\"td-gallery-slide-item-focus\">1<\/span> de 4<\/div>\r\n                                <div class=\"td-gallery-slide-prev-next-but\">\r\n                                    <i class = \"td-icon-left doubleSliderPrevButton\"><\/i>\r\n                                    <i class = \"td-icon-right doubleSliderNextButton\"><\/i>\r\n                                <\/div>\r\n                            <\/div>\r\n                        <\/div>\r\n\r\n                        <div class = \"td-doubleSlider-1 \">\r\n                            <div class = \"td-slider\">\r\n                                \r\n                    <div class = \"td-slide-item td-item1\">\r\n                        <figure class=\"td-slide-galery-figure td-slide-popup-gallery\">\r\n                            <a class=\"slide-gallery-image-link\" href=\"https:\/\/futbolhoy.co\/wp-content\/uploads\/2018\/08\/WhatsApp-Image-2018-08-27-at-4.37.39-PM-1.jpeg\" title=\"WhatsApp Image 2018-08-27 at 4.37.39 PM (1)\"  data-caption=\"Ministerio de relaciones exteriores\"  data-description=\"\">\r\n                                <img decoding=\"async\" src=\"https:\/\/futbolhoy.co\/wp-content\/uploads\/2018\/08\/WhatsApp-Image-2018-08-27-at-4.37.39-PM-1-560x420.jpeg\" srcset=\"https:\/\/futbolhoy.co\/wp-content\/uploads\/2018\/08\/WhatsApp-Image-2018-08-27-at-4.37.39-PM-1-560x420.jpeg 560w, https:\/\/futbolhoy.co\/wp-content\/uploads\/2018\/08\/WhatsApp-Image-2018-08-27-at-4.37.39-PM-1-300x225.jpeg 300w, https:\/\/futbolhoy.co\/wp-content\/uploads\/2018\/08\/WhatsApp-Image-2018-08-27-at-4.37.39-PM-1-768x576.jpeg 768w, https:\/\/futbolhoy.co\/wp-content\/uploads\/2018\/08\/WhatsApp-Image-2018-08-27-at-4.37.39-PM-1-1024x768.jpeg 1024w, https:\/\/futbolhoy.co\/wp-content\/uploads\/2018\/08\/WhatsApp-Image-2018-08-27-at-4.37.39-PM-1-80x60.jpeg 80w, https:\/\/futbolhoy.co\/wp-content\/uploads\/2018\/08\/WhatsApp-Image-2018-08-27-at-4.37.39-PM-1-265x198.jpeg 265w, https:\/\/futbolhoy.co\/wp-content\/uploads\/2018\/08\/WhatsApp-Image-2018-08-27-at-4.37.39-PM-1-696x522.jpeg 696w, https:\/\/futbolhoy.co\/wp-content\/uploads\/2018\/08\/WhatsApp-Image-2018-08-27-at-4.37.39-PM-1-1068x801.jpeg 1068w, https:\/\/futbolhoy.co\/wp-content\/uploads\/2018\/08\/WhatsApp-Image-2018-08-27-at-4.37.39-PM-1-128x96.jpeg 128w, https:\/\/futbolhoy.co\/wp-content\/uploads\/2018\/08\/WhatsApp-Image-2018-08-27-at-4.37.39-PM-1-32x24.jpeg 32w, https:\/\/futbolhoy.co\/wp-content\/uploads\/2018\/08\/WhatsApp-Image-2018-08-27-at-4.37.39-PM-1.jpeg 1280w\" sizes=\"(max-width: 560px) 100vw, 560px\" alt=\"\">\r\n                            <\/a>\r\n                            <figcaption class = \"td-slide-caption td-gallery-slide-content\"><div class = \"td-gallery-slide-copywrite\">Ministerio de relaciones exteriores<\/div><\/figcaption>\r\n                        <\/figure>\r\n                    <\/div>\r\n                    <div class = \"td-slide-item td-item2\">\r\n                        <figure class=\"td-slide-galery-figure td-slide-popup-gallery\">\r\n                            <a class=\"slide-gallery-image-link\" href=\"https:\/\/futbolhoy.co\/wp-content\/uploads\/2018\/08\/WhatsApp-Image-2018-08-27-at-4.37.39-PM.jpeg\" title=\"WhatsApp Image 2018-08-27 at 4.37.39 PM\"  data-caption=\"Ministerio de relaciones exteriores\"  data-description=\"\">\r\n                                <img decoding=\"async\" src=\"https:\/\/futbolhoy.co\/wp-content\/uploads\/2018\/08\/WhatsApp-Image-2018-08-27-at-4.37.39-PM-494x420.jpeg\" srcset=\"https:\/\/futbolhoy.co\/wp-content\/uploads\/2018\/08\/WhatsApp-Image-2018-08-27-at-4.37.39-PM-494x420.jpeg 494w, https:\/\/futbolhoy.co\/wp-content\/uploads\/2018\/08\/WhatsApp-Image-2018-08-27-at-4.37.39-PM-300x255.jpeg 300w, https:\/\/futbolhoy.co\/wp-content\/uploads\/2018\/08\/WhatsApp-Image-2018-08-27-at-4.37.39-PM-768x653.jpeg 768w, https:\/\/futbolhoy.co\/wp-content\/uploads\/2018\/08\/WhatsApp-Image-2018-08-27-at-4.37.39-PM-1024x870.jpeg 1024w, https:\/\/futbolhoy.co\/wp-content\/uploads\/2018\/08\/WhatsApp-Image-2018-08-27-at-4.37.39-PM-696x592.jpeg 696w, https:\/\/futbolhoy.co\/wp-content\/uploads\/2018\/08\/WhatsApp-Image-2018-08-27-at-4.37.39-PM-1068x908.jpeg 1068w, https:\/\/futbolhoy.co\/wp-content\/uploads\/2018\/08\/WhatsApp-Image-2018-08-27-at-4.37.39-PM-128x109.jpeg 128w, https:\/\/futbolhoy.co\/wp-content\/uploads\/2018\/08\/WhatsApp-Image-2018-08-27-at-4.37.39-PM-32x27.jpeg 32w, https:\/\/futbolhoy.co\/wp-content\/uploads\/2018\/08\/WhatsApp-Image-2018-08-27-at-4.37.39-PM.jpeg 1280w\" sizes=\"(max-width: 494px) 100vw, 494px\" alt=\"\">\r\n                            <\/a>\r\n                            <figcaption class = \"td-slide-caption td-gallery-slide-content\"><div class = \"td-gallery-slide-copywrite\">Ministerio de relaciones exteriores<\/div><\/figcaption>\r\n                        <\/figure>\r\n                    <\/div>\r\n                    <div class = \"td-slide-item td-item3\">\r\n                        <figure class=\"td-slide-galery-figure td-slide-popup-gallery\">\r\n                            <a class=\"slide-gallery-image-link\" href=\"https:\/\/futbolhoy.co\/wp-content\/uploads\/2018\/08\/WhatsApp-Image-2018-08-27-at-4.37.40-PM-1.jpeg\" title=\"WhatsApp Image 2018-08-27 at 4.37.40 PM (1)\"  data-caption=\"Ministerio de relaciones exteriores\"  data-description=\"\">\r\n                                <img decoding=\"async\" src=\"https:\/\/futbolhoy.co\/wp-content\/uploads\/2018\/08\/WhatsApp-Image-2018-08-27-at-4.37.40-PM-1-465x420.jpeg\" srcset=\"https:\/\/futbolhoy.co\/wp-content\/uploads\/2018\/08\/WhatsApp-Image-2018-08-27-at-4.37.40-PM-1-465x420.jpeg 465w, https:\/\/futbolhoy.co\/wp-content\/uploads\/2018\/08\/WhatsApp-Image-2018-08-27-at-4.37.40-PM-1-300x271.jpeg 300w, https:\/\/futbolhoy.co\/wp-content\/uploads\/2018\/08\/WhatsApp-Image-2018-08-27-at-4.37.40-PM-1-768x693.jpeg 768w, https:\/\/futbolhoy.co\/wp-content\/uploads\/2018\/08\/WhatsApp-Image-2018-08-27-at-4.37.40-PM-1-1024x924.jpeg 1024w, https:\/\/futbolhoy.co\/wp-content\/uploads\/2018\/08\/WhatsApp-Image-2018-08-27-at-4.37.40-PM-1-696x628.jpeg 696w, https:\/\/futbolhoy.co\/wp-content\/uploads\/2018\/08\/WhatsApp-Image-2018-08-27-at-4.37.40-PM-1-1068x964.jpeg 1068w, https:\/\/futbolhoy.co\/wp-content\/uploads\/2018\/08\/WhatsApp-Image-2018-08-27-at-4.37.40-PM-1-128x116.jpeg 128w, https:\/\/futbolhoy.co\/wp-content\/uploads\/2018\/08\/WhatsApp-Image-2018-08-27-at-4.37.40-PM-1-32x29.jpeg 32w, https:\/\/futbolhoy.co\/wp-content\/uploads\/2018\/08\/WhatsApp-Image-2018-08-27-at-4.37.40-PM-1.jpeg 1280w\" sizes=\"(max-width: 465px) 100vw, 465px\" alt=\"\">\r\n                            <\/a>\r\n                            <figcaption class = \"td-slide-caption td-gallery-slide-content\"><div class = \"td-gallery-slide-copywrite\">Ministerio de relaciones exteriores<\/div><\/figcaption>\r\n                        <\/figure>\r\n                    <\/div>\r\n                    <div class = \"td-slide-item td-item4\">\r\n                        <figure class=\"td-slide-galery-figure td-slide-popup-gallery\">\r\n                            <a class=\"slide-gallery-image-link\" href=\"https:\/\/futbolhoy.co\/wp-content\/uploads\/2018\/08\/WhatsApp-Image-2018-08-27-at-4.37.40-PM.jpeg\" title=\"WhatsApp Image 2018-08-27 at 4.37.40 PM\"  data-caption=\"Ministerio de relaciones exteriores\"  data-description=\"\">\r\n                                <img decoding=\"async\" src=\"https:\/\/futbolhoy.co\/wp-content\/uploads\/2018\/08\/WhatsApp-Image-2018-08-27-at-4.37.40-PM-560x420.jpeg\" srcset=\"https:\/\/futbolhoy.co\/wp-content\/uploads\/2018\/08\/WhatsApp-Image-2018-08-27-at-4.37.40-PM-560x420.jpeg 560w, https:\/\/futbolhoy.co\/wp-content\/uploads\/2018\/08\/WhatsApp-Image-2018-08-27-at-4.37.40-PM-300x225.jpeg 300w, https:\/\/futbolhoy.co\/wp-content\/uploads\/2018\/08\/WhatsApp-Image-2018-08-27-at-4.37.40-PM-768x576.jpeg 768w, https:\/\/futbolhoy.co\/wp-content\/uploads\/2018\/08\/WhatsApp-Image-2018-08-27-at-4.37.40-PM-1024x768.jpeg 1024w, https:\/\/futbolhoy.co\/wp-content\/uploads\/2018\/08\/WhatsApp-Image-2018-08-27-at-4.37.40-PM-80x60.jpeg 80w, https:\/\/futbolhoy.co\/wp-content\/uploads\/2018\/08\/WhatsApp-Image-2018-08-27-at-4.37.40-PM-265x198.jpeg 265w, https:\/\/futbolhoy.co\/wp-content\/uploads\/2018\/08\/WhatsApp-Image-2018-08-27-at-4.37.40-PM-696x522.jpeg 696w, https:\/\/futbolhoy.co\/wp-content\/uploads\/2018\/08\/WhatsApp-Image-2018-08-27-at-4.37.40-PM-1068x801.jpeg 1068w, https:\/\/futbolhoy.co\/wp-content\/uploads\/2018\/08\/WhatsApp-Image-2018-08-27-at-4.37.40-PM-128x96.jpeg 128w, https:\/\/futbolhoy.co\/wp-content\/uploads\/2018\/08\/WhatsApp-Image-2018-08-27-at-4.37.40-PM-32x24.jpeg 32w, https:\/\/futbolhoy.co\/wp-content\/uploads\/2018\/08\/WhatsApp-Image-2018-08-27-at-4.37.40-PM.jpeg 1280w\" sizes=\"(max-width: 560px) 100vw, 560px\" alt=\"\">\r\n                            <\/a>\r\n                            <figcaption class = \"td-slide-caption td-gallery-slide-content\"><div class = \"td-gallery-slide-copywrite\">Ministerio de relaciones exteriores<\/div><\/figcaption>\r\n                        <\/figure>\r\n                    <\/div>\r\n                            <\/div>\r\n                        <\/div>\r\n\r\n                        <div class = \"td-doubleSlider-2\">\r\n                            <div class = \"td-slider\">\r\n                                \r\n                    <div class = \"td-button td-item1\">\r\n                        <div class = \"td-border\"><\/div>\r\n                    <\/div>\r\n                    <div class = \"td-button td-item2\">\r\n                        <div class = \"td-border\"><\/div>\r\n                    <\/div>\r\n                    <div class = \"td-button td-item3\">\r\n                        <div class = \"td-border\"><\/div>\r\n                    <\/div>\r\n                    <div class = \"td-button td-item4\">\r\n                        <div class = \"td-border\"><\/div>\r\n                    <\/div>\r\n                            <\/div>\r\n                        <\/div>\r\n\r\n                    <\/div>\r\n\r\n                <\/div>\r\n                \n","protected":false},"excerpt":{"rendered":"<p>James Rodr\u00edguez se reuni\u00f3 con 11 deportistas juveniles colombianos de La Jagua de Ibirico, C\u00e9sar, en un intercambio de f\u00fatbol que se realiz\u00f3 en Alemania. \u00abHoy aprend\u00ed que los sue\u00f1os s\u00ed se cumplen, conoc\u00ed a James Rodr\u00edguez y fue una emoci\u00f3n incre\u00edble. Fuimos al estadio Allianz Arena y fue una sorpresa que nunca esperar\u00eda\u00bb, dijo [&hellip;]<\/p>\n","protected":false},"author":5,"featured_media":24171,"comment_status":"open","ping_status":"closed","sticky":false,"template":"","format":"standard","meta":{"_acf_changed":false,"footnotes":""},"categories":[418],"tags":[87],"class_list":{"0":"post-24169","1":"post","2":"type-post","3":"status-publish","4":"format-standard","5":"has-post-thumbnail","7":"category-colombia","8":"tag-james-rodriguez"},"acf":[],"_links":{"self":[{"href":"https:\/\/futbolhoy.co\/index.php\/wp-json\/wp\/v2\/posts\/24169","targetHints":{"allow":["GET"]}}],"collection":[{"href":"https:\/\/futbolhoy.co\/index.php\/wp-json\/wp\/v2\/posts"}],"about":[{"href":"https:\/\/futbolhoy.co\/index.php\/wp-json\/wp\/v2\/types\/post"}],"author":[{"embeddable":true,"href":"https:\/\/futbolhoy.co\/index.php\/wp-json\/wp\/v2\/users\/5"}],"replies":[{"embeddable":true,"href":"https:\/\/futbolhoy.co\/index.php\/wp-json\/wp\/v2\/comments?post=24169"}],"version-history":[{"count":2,"href":"https:\/\/futbolhoy.co\/index.php\/wp-json\/wp\/v2\/posts\/24169\/revisions"}],"predecessor-version":[{"id":24178,"href":"https:\/\/futbolhoy.co\/index.php\/wp-json\/wp\/v2\/posts\/24169\/revisions\/24178"}],"wp:featuredmedia":[{"embeddable":true,"href":"https:\/\/futbolhoy.co\/index.php\/wp-json\/wp\/v2\/media\/24171"}],"wp:attachment":[{"href":"https:\/\/futbolhoy.co\/index.php\/wp-json\/wp\/v2\/media?parent=24169"}],"wp:term":[{"taxonomy":"category","embeddable":true,"href":"https:\/\/futbolhoy.co\/index.php\/wp-json\/wp\/v2\/categories?post=24169"},{"taxonomy":"post_tag","embeddable":true,"href":"https:\/\/futbolhoy.co\/index.php\/wp-json\/wp\/v2\/tags?post=24169"}],"curies":[{"name":"wp","href":"https:\/\/api.w.org\/{rel}","templated":true}]}}