{"id":24699,"date":"2018-09-09T09:40:51","date_gmt":"2018-09-09T14:40:51","guid":{"rendered":"http:\/\/futbolhoy.co\/?p=24699"},"modified":"2018-09-09T18:22:53","modified_gmt":"2018-09-09T23:22:53","slug":"24699","status":"publish","type":"post","link":"https:\/\/futbolhoy.co\/index.php\/2018\/09\/09\/24699\/","title":{"rendered":"Joao Rodr\u00edguez se lesiona en el Tenerife"},"content":{"rendered":"<div id=\"m565669031565014872\" class=\"mail-message expanded\">\n<div class=\"mail-message-content collapsible zoom-normal mail-show-images \">\n<div class=\"clear\">\n<div>\n<div>\n<div>\n<p class=\"m_-4192667308595581333ydp5944fda2MsoNormal\" style=\"text-align: justify;\"><span style=\"font-family: helvetica, arial, sans-serif;\">El delantero cucute\u00f1o <strong>Joao Rodr\u00edguez<\/strong> afronta una situaci\u00f3n m\u00e9dica que no le ha permitido tener la regularidad esperada en <strong>Tenerife<\/strong>, de la segunda divisi\u00f3n de Espa\u00f1a.<\/span><\/p>\n<p class=\"m_-4192667308595581333ydp5944fda2MsoNormal\" style=\"text-align: justify;\"><span style=\"font-family: helvetica, arial, sans-serif;\">La primera versi\u00f3n de los m\u00e9dicos aseguran que el jugador, que no estuvo en los dos primeros partidos de la Liga por problemas musculares, sufri\u00f3 un esguince de tobillo, sin especificar el tiempo de incapacidad.<\/span><\/p>\n<p class=\"m_-4192667308595581333ydp5944fda2MsoNormal\" style=\"text-align: justify;\"><span style=\"font-family: helvetica, arial, sans-serif;\"><i>\"Parece ser que tiene un esguince. Espero que no sea gran cosa, pero ahora hay que esperar a las pruebas y determinar el alcance de la lesi\u00f3n\"<\/i>, dijo su t\u00e9cnico, Joseba Etxeberria.<\/span><\/p>\n<p class=\"m_-4192667308595581333ydp5944fda2MsoNormal\" style=\"text-align: justify;\"><span style=\"font-family: helvetica, arial, sans-serif;\">Joao, de 22 a\u00f1os, lleg\u00f3 esta temporada desde Tampico Madero, del ascenso mexicano.<\/span><\/p>\n<\/div>\n<\/div>\n<\/div>\n<\/div>\n<\/div>\n<div class=\"mail-message-footer spacer collapsible\" style=\"text-align: justify;\"><span style=\"font-family: helvetica, arial, sans-serif;\">\u00a0<\/span><\/div>\n<\/div>\n","protected":false},"excerpt":{"rendered":"<p>El delantero cucute\u00f1o Joao Rodr\u00edguez afronta una situaci\u00f3n m\u00e9dica que no le ha permitido tener la regularidad esperada en Tenerife, de la segunda divisi\u00f3n de Espa\u00f1a. La primera versi\u00f3n de los m\u00e9dicos aseguran que el jugador, que no estuvo en los dos primeros partidos de la Liga por problemas musculares, sufri\u00f3 un esguince de tobillo, [&hellip;]<\/p>\n","protected":false},"author":5,"featured_media":24700,"comment_status":"open","ping_status":"open","sticky":false,"template":"","format":"standard","meta":{"_acf_changed":false,"footnotes":""},"categories":[152],"tags":[165,981],"class_list":{"0":"post-24699","1":"post","2":"type-post","3":"status-publish","4":"format-standard","5":"has-post-thumbnail","7":"category-mundo-futbol","8":"tag-jugadores-colombianos","9":"tag-tenerife"},"acf":[],"yoast_head":"<!-- This site is optimized with the Yoast SEO plugin v26.8 - https:\/\/yoast.com\/product\/yoast-seo-wordpress\/ -->\n<title>Joao Rodr\u00edguez se lesiona en el Tenerife -<\/title>\n<meta name=\"robots\" content=\"index, follow, max-snippet:-1, max-image-preview:large, max-video-preview:-1\" \/>\n<link rel=\"canonical\" href=\"https:\/\/futbolhoy.co\/index.php\/2018\/09\/09\/24699\/\" \/>\n<meta property=\"og:locale\" content=\"es_ES\" \/>\n<meta property=\"og:type\" content=\"article\" \/>\n<meta property=\"og:title\" content=\"Joao Rodr\u00edguez se lesiona en el Tenerife -\" \/>\n<meta property=\"og:description\" content=\"El delantero cucute\u00f1o Joao Rodr\u00edguez afronta una situaci\u00f3n m\u00e9dica que no le ha permitido tener la regularidad esperada en Tenerife, de la segunda divisi\u00f3n de Espa\u00f1a. La primera versi\u00f3n de los m\u00e9dicos aseguran que el jugador, que no estuvo en los dos primeros partidos de la Liga por problemas musculares, sufri\u00f3 un esguince de tobillo, [&hellip;]\" \/>\n<meta property=\"og:url\" content=\"https:\/\/futbolhoy.co\/index.php\/2018\/09\/09\/24699\/\" \/>\n<meta property=\"article:publisher\" content=\"https:\/\/www.facebook.com\/FutbolHoyCol\/\" \/>\n<meta property=\"article:published_time\" content=\"2018-09-09T14:40:51+00:00\" \/>\n<meta property=\"article:modified_time\" content=\"2018-09-09T23:22:53+00:00\" \/>\n<meta property=\"og:image\" content=\"https:\/\/futbolhoy.co\/wp-content\/uploads\/2018\/09\/IMG_20180909_125635.jpg\" \/>\n\t<meta property=\"og:image:width\" content=\"900\" \/>\n\t<meta property=\"og:image:height\" content=\"538\" \/>\n\t<meta property=\"og:image:type\" content=\"image\/jpeg\" \/>\n<meta name=\"author\" content=\"Laura Hern\u00e1ndez\" \/>\n<meta name=\"twitter:card\" content=\"summary_large_image\" \/>\n<meta name=\"twitter:creator\" content=\"@FutbolHoyCol\" \/>\n<meta name=\"twitter:site\" content=\"@FutbolHoyCol\" \/>\n<meta name=\"twitter:label1\" content=\"Escrito por\" \/>\n\t<meta name=\"twitter:data1\" content=\"Laura Hern\u00e1ndez\" \/>\n\t<meta name=\"twitter:label2\" content=\"Tiempo de lectura\" \/>\n\t<meta name=\"twitter:data2\" content=\"1 minuto\" \/>\n<script type=\"application\/ld+json\" class=\"yoast-schema-graph\">{\"@context\":\"https:\/\/schema.org\",\"@graph\":[{\"@type\":\"Article\",\"@id\":\"https:\/\/futbolhoy.co\/index.php\/2018\/09\/09\/24699\/#article\",\"isPartOf\":{\"@id\":\"https:\/\/futbolhoy.co\/index.php\/2018\/09\/09\/24699\/\"},\"author\":{\"name\":\"Laura Hern\u00e1ndez\",\"@id\":\"https:\/\/futbolhoy.co\/#\/schema\/person\/c4a353a512b127643723a34bb1812f7d\"},\"headline\":\"Joao Rodr\u00edguez se lesiona en el Tenerife\",\"datePublished\":\"2018-09-09T14:40:51+00:00\",\"dateModified\":\"2018-09-09T23:22:53+00:00\",\"mainEntityOfPage\":{\"@id\":\"https:\/\/futbolhoy.co\/index.php\/2018\/09\/09\/24699\/\"},\"wordCount\":124,\"commentCount\":0,\"publisher\":{\"@id\":\"https:\/\/futbolhoy.co\/#organization\"},\"image\":{\"@id\":\"https:\/\/futbolhoy.co\/index.php\/2018\/09\/09\/24699\/#primaryimage\"},\"thumbnailUrl\":\"https:\/\/futbolhoy.co\/wp-content\/uploads\/2018\/09\/IMG_20180909_125635.jpg\",\"keywords\":[\"Jugadores Colombianos\",\"Tenerife\"],\"articleSection\":[\"Mundo Futbol\"],\"inLanguage\":\"es\",\"potentialAction\":[{\"@type\":\"CommentAction\",\"name\":\"Comment\",\"target\":[\"https:\/\/futbolhoy.co\/index.php\/2018\/09\/09\/24699\/#respond\"]}]},{\"@type\":\"WebPage\",\"@id\":\"https:\/\/futbolhoy.co\/index.php\/2018\/09\/09\/24699\/\",\"url\":\"https:\/\/futbolhoy.co\/index.php\/2018\/09\/09\/24699\/\",\"name\":\"Joao Rodr\u00edguez se lesiona en el Tenerife -\",\"isPartOf\":{\"@id\":\"https:\/\/futbolhoy.co\/#website\"},\"primaryImageOfPage\":{\"@id\":\"https:\/\/futbolhoy.co\/index.php\/2018\/09\/09\/24699\/#primaryimage\"},\"image\":{\"@id\":\"https:\/\/futbolhoy.co\/index.php\/2018\/09\/09\/24699\/#primaryimage\"},\"thumbnailUrl\":\"https:\/\/futbolhoy.co\/wp-content\/uploads\/2018\/09\/IMG_20180909_125635.jpg\",\"datePublished\":\"2018-09-09T14:40:51+00:00\",\"dateModified\":\"2018-09-09T23:22:53+00:00\",\"breadcrumb\":{\"@id\":\"https:\/\/futbolhoy.co\/index.php\/2018\/09\/09\/24699\/#breadcrumb\"},\"inLanguage\":\"es\",\"potentialAction\":[{\"@type\":\"ReadAction\",\"target\":[\"https:\/\/futbolhoy.co\/index.php\/2018\/09\/09\/24699\/\"]}]},{\"@type\":\"ImageObject\",\"inLanguage\":\"es\",\"@id\":\"https:\/\/futbolhoy.co\/index.php\/2018\/09\/09\/24699\/#primaryimage\",\"url\":\"https:\/\/futbolhoy.co\/wp-content\/uploads\/2018\/09\/IMG_20180909_125635.jpg\",\"contentUrl\":\"https:\/\/futbolhoy.co\/wp-content\/uploads\/2018\/09\/IMG_20180909_125635.jpg\",\"width\":900,\"height\":538},{\"@type\":\"BreadcrumbList\",\"@id\":\"https:\/\/futbolhoy.co\/index.php\/2018\/09\/09\/24699\/#breadcrumb\",\"itemListElement\":[{\"@type\":\"ListItem\",\"position\":1,\"name\":\"Portada\",\"item\":\"https:\/\/futbolhoy.co\/\"},{\"@type\":\"ListItem\",\"position\":2,\"name\":\"Joao Rodr\u00edguez se lesiona en el Tenerife\"}]},{\"@type\":\"WebSite\",\"@id\":\"https:\/\/futbolhoy.co\/#website\",\"url\":\"https:\/\/futbolhoy.co\/\",\"name\":\"FutbolHoy\",\"description\":\"\",\"publisher\":{\"@id\":\"https:\/\/futbolhoy.co\/#organization\"},\"potentialAction\":[{\"@type\":\"SearchAction\",\"target\":{\"@type\":\"EntryPoint\",\"urlTemplate\":\"https:\/\/futbolhoy.co\/?s={search_term_string}\"},\"query-input\":{\"@type\":\"PropertyValueSpecification\",\"valueRequired\":true,\"valueName\":\"search_term_string\"}}],\"inLanguage\":\"es\"},{\"@type\":\"Organization\",\"@id\":\"https:\/\/futbolhoy.co\/#organization\",\"name\":\"Futbolhoy.co\",\"url\":\"https:\/\/futbolhoy.co\/\",\"logo\":{\"@type\":\"ImageObject\",\"inLanguage\":\"es\",\"@id\":\"https:\/\/futbolhoy.co\/#\/schema\/logo\/image\/\",\"url\":\"https:\/\/futbolhoy.co\/wp-content\/uploads\/2018\/08\/17426380_1906371736249227_6326180412931521141_n.jpg\",\"contentUrl\":\"https:\/\/futbolhoy.co\/wp-content\/uploads\/2018\/08\/17426380_1906371736249227_6326180412931521141_n.jpg\",\"width\":960,\"height\":960,\"caption\":\"Futbolhoy.co\"},\"image\":{\"@id\":\"https:\/\/futbolhoy.co\/#\/schema\/logo\/image\/\"},\"sameAs\":[\"https:\/\/www.facebook.com\/FutbolHoyCol\/\",\"https:\/\/x.com\/FutbolHoyCol\",\"https:\/\/www.instagram.com\/futbolhoycol\/\"]},{\"@type\":\"Person\",\"@id\":\"https:\/\/futbolhoy.co\/#\/schema\/person\/c4a353a512b127643723a34bb1812f7d\",\"name\":\"Laura Hern\u00e1ndez\",\"image\":{\"@type\":\"ImageObject\",\"inLanguage\":\"es\",\"@id\":\"https:\/\/futbolhoy.co\/#\/schema\/person\/image\/\",\"url\":\"https:\/\/secure.gravatar.com\/avatar\/d25959a15b9b293a743f99181c7cfd01?s=96&d=mm&r=g\",\"contentUrl\":\"https:\/\/secure.gravatar.com\/avatar\/d25959a15b9b293a743f99181c7cfd01?s=96&d=mm&r=g\",\"caption\":\"Laura Hern\u00e1ndez\"}}]}<\/script>\n<!-- \/ Yoast SEO plugin. -->","yoast_head_json":{"title":"Joao Rodr\u00edguez se lesiona en el Tenerife -","robots":{"index":"index","follow":"follow","max-snippet":"max-snippet:-1","max-image-preview":"max-image-preview:large","max-video-preview":"max-video-preview:-1"},"canonical":"https:\/\/futbolhoy.co\/index.php\/2018\/09\/09\/24699\/","og_locale":"es_ES","og_type":"article","og_title":"Joao Rodr\u00edguez se lesiona en el Tenerife -","og_description":"El delantero cucute\u00f1o Joao Rodr\u00edguez afronta una situaci\u00f3n m\u00e9dica que no le ha permitido tener la regularidad esperada en Tenerife, de la segunda divisi\u00f3n de Espa\u00f1a. La primera versi\u00f3n de los m\u00e9dicos aseguran que el jugador, que no estuvo en los dos primeros partidos de la Liga por problemas musculares, sufri\u00f3 un esguince de tobillo, [&hellip;]","og_url":"https:\/\/futbolhoy.co\/index.php\/2018\/09\/09\/24699\/","article_publisher":"https:\/\/www.facebook.com\/FutbolHoyCol\/","article_published_time":"2018-09-09T14:40:51+00:00","article_modified_time":"2018-09-09T23:22:53+00:00","og_image":[{"width":900,"height":538,"url":"https:\/\/futbolhoy.co\/wp-content\/uploads\/2018\/09\/IMG_20180909_125635.jpg","type":"image\/jpeg"}],"author":"Laura Hern\u00e1ndez","twitter_card":"summary_large_image","twitter_creator":"@FutbolHoyCol","twitter_site":"@FutbolHoyCol","twitter_misc":{"Escrito por":"Laura Hern\u00e1ndez","Tiempo de lectura":"1 minuto"},"schema":{"@context":"https:\/\/schema.org","@graph":[{"@type":"Article","@id":"https:\/\/futbolhoy.co\/index.php\/2018\/09\/09\/24699\/#article","isPartOf":{"@id":"https:\/\/futbolhoy.co\/index.php\/2018\/09\/09\/24699\/"},"author":{"name":"Laura Hern\u00e1ndez","@id":"https:\/\/futbolhoy.co\/#\/schema\/person\/c4a353a512b127643723a34bb1812f7d"},"headline":"Joao Rodr\u00edguez se lesiona en el Tenerife","datePublished":"2018-09-09T14:40:51+00:00","dateModified":"2018-09-09T23:22:53+00:00","mainEntityOfPage":{"@id":"https:\/\/futbolhoy.co\/index.php\/2018\/09\/09\/24699\/"},"wordCount":124,"commentCount":0,"publisher":{"@id":"https:\/\/futbolhoy.co\/#organization"},"image":{"@id":"https:\/\/futbolhoy.co\/index.php\/2018\/09\/09\/24699\/#primaryimage"},"thumbnailUrl":"https:\/\/futbolhoy.co\/wp-content\/uploads\/2018\/09\/IMG_20180909_125635.jpg","keywords":["Jugadores Colombianos","Tenerife"],"articleSection":["Mundo Futbol"],"inLanguage":"es","potentialAction":[{"@type":"CommentAction","name":"Comment","target":["https:\/\/futbolhoy.co\/index.php\/2018\/09\/09\/24699\/#respond"]}]},{"@type":"WebPage","@id":"https:\/\/futbolhoy.co\/index.php\/2018\/09\/09\/24699\/","url":"https:\/\/futbolhoy.co\/index.php\/2018\/09\/09\/24699\/","name":"Joao Rodr\u00edguez se lesiona en el Tenerife -","isPartOf":{"@id":"https:\/\/futbolhoy.co\/#website"},"primaryImageOfPage":{"@id":"https:\/\/futbolhoy.co\/index.php\/2018\/09\/09\/24699\/#primaryimage"},"image":{"@id":"https:\/\/futbolhoy.co\/index.php\/2018\/09\/09\/24699\/#primaryimage"},"thumbnailUrl":"https:\/\/futbolhoy.co\/wp-content\/uploads\/2018\/09\/IMG_20180909_125635.jpg","datePublished":"2018-09-09T14:40:51+00:00","dateModified":"2018-09-09T23:22:53+00:00","breadcrumb":{"@id":"https:\/\/futbolhoy.co\/index.php\/2018\/09\/09\/24699\/#breadcrumb"},"inLanguage":"es","potentialAction":[{"@type":"ReadAction","target":["https:\/\/futbolhoy.co\/index.php\/2018\/09\/09\/24699\/"]}]},{"@type":"ImageObject","inLanguage":"es","@id":"https:\/\/futbolhoy.co\/index.php\/2018\/09\/09\/24699\/#primaryimage","url":"https:\/\/futbolhoy.co\/wp-content\/uploads\/2018\/09\/IMG_20180909_125635.jpg","contentUrl":"https:\/\/futbolhoy.co\/wp-content\/uploads\/2018\/09\/IMG_20180909_125635.jpg","width":900,"height":538},{"@type":"BreadcrumbList","@id":"https:\/\/futbolhoy.co\/index.php\/2018\/09\/09\/24699\/#breadcrumb","itemListElement":[{"@type":"ListItem","position":1,"name":"Portada","item":"https:\/\/futbolhoy.co\/"},{"@type":"ListItem","position":2,"name":"Joao Rodr\u00edguez se lesiona en el Tenerife"}]},{"@type":"WebSite","@id":"https:\/\/futbolhoy.co\/#website","url":"https:\/\/futbolhoy.co\/","name":"FutbolHoy","description":"","publisher":{"@id":"https:\/\/futbolhoy.co\/#organization"},"potentialAction":[{"@type":"SearchAction","target":{"@type":"EntryPoint","urlTemplate":"https:\/\/futbolhoy.co\/?s={search_term_string}"},"query-input":{"@type":"PropertyValueSpecification","valueRequired":true,"valueName":"search_term_string"}}],"inLanguage":"es"},{"@type":"Organization","@id":"https:\/\/futbolhoy.co\/#organization","name":"Futbolhoy.co","url":"https:\/\/futbolhoy.co\/","logo":{"@type":"ImageObject","inLanguage":"es","@id":"https:\/\/futbolhoy.co\/#\/schema\/logo\/image\/","url":"https:\/\/futbolhoy.co\/wp-content\/uploads\/2018\/08\/17426380_1906371736249227_6326180412931521141_n.jpg","contentUrl":"https:\/\/futbolhoy.co\/wp-content\/uploads\/2018\/08\/17426380_1906371736249227_6326180412931521141_n.jpg","width":960,"height":960,"caption":"Futbolhoy.co"},"image":{"@id":"https:\/\/futbolhoy.co\/#\/schema\/logo\/image\/"},"sameAs":["https:\/\/www.facebook.com\/FutbolHoyCol\/","https:\/\/x.com\/FutbolHoyCol","https:\/\/www.instagram.com\/futbolhoycol\/"]},{"@type":"Person","@id":"https:\/\/futbolhoy.co\/#\/schema\/person\/c4a353a512b127643723a34bb1812f7d","name":"Laura Hern\u00e1ndez","image":{"@type":"ImageObject","inLanguage":"es","@id":"https:\/\/futbolhoy.co\/#\/schema\/person\/image\/","url":"https:\/\/secure.gravatar.com\/avatar\/d25959a15b9b293a743f99181c7cfd01?s=96&d=mm&r=g","contentUrl":"https:\/\/secure.gravatar.com\/avatar\/d25959a15b9b293a743f99181c7cfd01?s=96&d=mm&r=g","caption":"Laura Hern\u00e1ndez"}}]}},"publishpress_future_action":{"enabled":false,"date":"2026-05-04 15:21:22","action":"change-status","newStatus":"draft","terms":[],"taxonomy":"category","extraData":[]},"publishpress_future_workflow_manual_trigger":{"enabledWorkflows":[]},"_links":{"self":[{"href":"https:\/\/futbolhoy.co\/index.php\/wp-json\/wp\/v2\/posts\/24699","targetHints":{"allow":["GET"]}}],"collection":[{"href":"https:\/\/futbolhoy.co\/index.php\/wp-json\/wp\/v2\/posts"}],"about":[{"href":"https:\/\/futbolhoy.co\/index.php\/wp-json\/wp\/v2\/types\/post"}],"author":[{"embeddable":true,"href":"https:\/\/futbolhoy.co\/index.php\/wp-json\/wp\/v2\/users\/5"}],"replies":[{"embeddable":true,"href":"https:\/\/futbolhoy.co\/index.php\/wp-json\/wp\/v2\/comments?post=24699"}],"version-history":[{"count":2,"href":"https:\/\/futbolhoy.co\/index.php\/wp-json\/wp\/v2\/posts\/24699\/revisions"}],"predecessor-version":[{"id":24702,"href":"https:\/\/futbolhoy.co\/index.php\/wp-json\/wp\/v2\/posts\/24699\/revisions\/24702"}],"wp:featuredmedia":[{"embeddable":true,"href":"https:\/\/futbolhoy.co\/index.php\/wp-json\/wp\/v2\/media\/24700"}],"wp:attachment":[{"href":"https:\/\/futbolhoy.co\/index.php\/wp-json\/wp\/v2\/media?parent=24699"}],"wp:term":[{"taxonomy":"category","embeddable":true,"href":"https:\/\/futbolhoy.co\/index.php\/wp-json\/wp\/v2\/categories?post=24699"},{"taxonomy":"post_tag","embeddable":true,"href":"https:\/\/futbolhoy.co\/index.php\/wp-json\/wp\/v2\/tags?post=24699"}],"curies":[{"name":"wp","href":"https:\/\/api.w.org\/{rel}","templated":true}]}}