{"id":26828,"date":"2018-10-18T09:30:41","date_gmt":"2018-10-18T14:30:41","guid":{"rendered":"http:\/\/futbolhoy.co\/?p=26828"},"modified":"2018-10-18T23:56:31","modified_gmt":"2018-10-19T04:56:31","slug":"cali-america-por-un-cupo-a-cuartos","status":"publish","type":"post","link":"https:\/\/futbolhoy.co\/index.php\/2018\/10\/18\/cali-america-por-un-cupo-a-cuartos\/","title":{"rendered":"Cali-Am\u00e9rica, por un cupo a cuartos"},"content":{"rendered":"<p class=\"m_6113989021778070135ydp5ea8f31cMsoNormal\" style=\"text-align: justify;\"><span style=\"font-family: helvetica, arial, sans-serif;\">El cl\u00e1sico vallecaucano entre\u00a0<b>Cali<\/b>\u00a0y\u00a0<b>Am\u00e9rica<\/b>\u00a0por la decimoquinta fecha de la<b>Liga \u00c1guila II<\/b>, previsto para este jueves a las 6PM en el estadio de\u00a0<b>Palmaseca<\/b>, podr\u00eda definir un cupo a los cuartos de final del campeonato.<\/span><\/p>\n<p class=\"m_6113989021778070135ydp5ea8f31cMsoNormal\" style=\"text-align: justify;\"><span style=\"font-family: helvetica, arial, sans-serif;\">Los cale\u00f1os tendr\u00e1n como su principal novedad la presencia de\u00a0<b>Dany Rosero<\/b>\u00a0por el suspendido\u00a0<b>Esequiel Palomeque<\/b>; mientras que est\u00e1 en duda\u00a0<b>Didier Delgado<\/b>.<\/span><\/p>\n<p class=\"m_6113989021778070135ydp5ea8f31cMsoNormal\" style=\"text-align: justify;\"><span style=\"font-family: helvetica, arial, sans-serif;\">Por su parte, los \u2018escarlatas\u2019 recuperan al defensa\u00a0<b>Diego Herner<\/b>\u00a0y el volante\u00a0<b>Yesus Cabrera<\/b>; pero pierden al lateral\u00a0<b>Pablo Armero<\/b>\u00a0por suspensi\u00f3n, y su lugar ser\u00e1 ocupado por\u00a0<b>H\u00e9ctor Qui\u00f1ones<\/b>.<\/span><\/p>\n<p class=\"m_6113989021778070135ydp5ea8f31cMsoNormal\" style=\"text-align: justify;\"><span style=\"font-family: helvetica, arial, sans-serif;\"><b>Probables formaciones:<\/b><\/span><\/p>\n<p class=\"m_6113989021778070135ydp5ea8f31cMsoNormal\" style=\"text-align: justify;\"><span style=\"font-family: helvetica, arial, sans-serif;\"><b>Cali:<\/b>\u00a0Camilo Vargas; Juan Camilo Angulo, Dany Rosero, Juan Sebasti\u00e1n Quintero, Darwin Andrade; Andr\u00e9s P\u00e9rez, Kevin Balanta, Kevin Velasco, John Mosquera, Nicol\u00e1s Benedetti; y Jos\u00e9 Sand.<\/span><\/p>\n<p class=\"m_6113989021778070135ydp5ea8f31cMsoNormal\" style=\"text-align: justify;\"><span style=\"font-family: helvetica, arial, sans-serif;\"><b>Am\u00e9rica:<\/b>\u00a0Carlos Bejarano; Jonathan P\u00e9rez, Diego Herner, Pedro Franco, H\u00e9ctor Qui\u00f1ones; Jonny Mosquera, Avimiled Rivas, Yesus Cabrera, Daniel Buitrago; Cristian D\u00e1jome y Fernando Aristeguieta.<\/span><\/p>\n<p class=\"m_6113989021778070135ydp5ea8f31cMsoNormal\" style=\"text-align: justify;\"><span style=\"font-family: helvetica, arial, sans-serif;\"><b>\u00c1rbitro:<\/b>\u00a0Nicol\u00e1s Gallo (CAL).<\/span><\/p>\n","protected":false},"excerpt":{"rendered":"<p>El cl\u00e1sico vallecaucano entre\u00a0Cali\u00a0y\u00a0Am\u00e9rica\u00a0por la decimoquinta fecha de laLiga \u00c1guila II, previsto para este jueves a las 6PM en el estadio de\u00a0Palmaseca, podr\u00eda definir un cupo a los cuartos de final del campeonato. Los cale\u00f1os tendr\u00e1n como su principal novedad la presencia de\u00a0Dany Rosero\u00a0por el suspendido\u00a0Esequiel Palomeque; mientras que est\u00e1 en duda\u00a0Didier Delgado. Por su [&hellip;]<\/p>\n","protected":false},"author":5,"featured_media":26832,"comment_status":"open","ping_status":"closed","sticky":false,"template":"","format":"standard","meta":{"_acf_changed":false,"footnotes":""},"categories":[1],"tags":[150,230,145],"class_list":{"0":"post-26828","1":"post","2":"type-post","3":"status-publish","4":"format-standard","5":"has-post-thumbnail","7":"category-sin-categoria","8":"tag-america","9":"tag-cali","10":"tag-liga-aguila"},"acf":[],"_links":{"self":[{"href":"https:\/\/futbolhoy.co\/index.php\/wp-json\/wp\/v2\/posts\/26828","targetHints":{"allow":["GET"]}}],"collection":[{"href":"https:\/\/futbolhoy.co\/index.php\/wp-json\/wp\/v2\/posts"}],"about":[{"href":"https:\/\/futbolhoy.co\/index.php\/wp-json\/wp\/v2\/types\/post"}],"author":[{"embeddable":true,"href":"https:\/\/futbolhoy.co\/index.php\/wp-json\/wp\/v2\/users\/5"}],"replies":[{"embeddable":true,"href":"https:\/\/futbolhoy.co\/index.php\/wp-json\/wp\/v2\/comments?post=26828"}],"version-history":[{"count":1,"href":"https:\/\/futbolhoy.co\/index.php\/wp-json\/wp\/v2\/posts\/26828\/revisions"}],"predecessor-version":[{"id":26833,"href":"https:\/\/futbolhoy.co\/index.php\/wp-json\/wp\/v2\/posts\/26828\/revisions\/26833"}],"wp:featuredmedia":[{"embeddable":true,"href":"https:\/\/futbolhoy.co\/index.php\/wp-json\/wp\/v2\/media\/26832"}],"wp:attachment":[{"href":"https:\/\/futbolhoy.co\/index.php\/wp-json\/wp\/v2\/media?parent=26828"}],"wp:term":[{"taxonomy":"category","embeddable":true,"href":"https:\/\/futbolhoy.co\/index.php\/wp-json\/wp\/v2\/categories?post=26828"},{"taxonomy":"post_tag","embeddable":true,"href":"https:\/\/futbolhoy.co\/index.php\/wp-json\/wp\/v2\/tags?post=26828"}],"curies":[{"name":"wp","href":"https:\/\/api.w.org\/{rel}","templated":true}]}}