{"id":26837,"date":"2018-10-18T09:02:52","date_gmt":"2018-10-18T14:02:52","guid":{"rendered":"http:\/\/futbolhoy.co\/?p=26837"},"modified":"2018-10-19T09:54:21","modified_gmt":"2018-10-19T14:54:21","slug":"patriotas-sigue-con-corredor","status":"publish","type":"post","link":"https:\/\/futbolhoy.co\/index.php\/2018\/10\/18\/patriotas-sigue-con-corredor\/","title":{"rendered":"Patriotas sigue con Corredor"},"content":{"rendered":"<div style=\"text-align: justify;\"><span style=\"font-family: helvetica, arial, sans-serif;\"><strong>Patriotas de Boyac\u00e1<\/strong>\u00a0asegur\u00f3 a trav\u00e9s de un comunicado oficial que el t\u00e9cnico\u00a0<strong>Diego Corredor<\/strong>\u00a0seguir\u00e1 al frente del equipo, luego que el entrenador renunciara a su cargo tras caer 4-0 en su visita al\u00a0Junior\u00a0por la fecha 15 de la\u00a0<strong>Liga \u00c1guila II.<\/strong><\/span><\/div>\n<div style=\"text-align: justify;\"><span style=\"font-family: helvetica, arial, sans-serif;\">\u00a0<\/span><\/div>\n<div style=\"text-align: justify;\"><span style=\"font-family: helvetica, arial, sans-serif;\">Corredor dio un paso al costado en la rueda de prensa posterior al juego, pero el director deportivo del club,\u00a0<strong>C\u00e9sar Guzm\u00e1n,<\/strong> indic\u00f3 que el t\u00e9cnico seguir\u00e1 al frente del equipo, donde hasta el momento ha dirigido 90 partidos, con 30 victorias, 34 empates y 26 derrotas.<\/span><\/div>\n<div style=\"text-align: justify;\"><\/div>\n<div style=\"text-align: justify;\">\n<blockquote class=\"twitter-tweet\" data-width=\"550\">\n<p lang=\"pt\" dir=\"ltr\">\u00a1Comunicado de prensa! <a href=\"https:\/\/twitter.com\/PatriotasBoyFC?ref_src=twsrc%5Etfw\">@patriotasboyfc<\/a><a href=\"https:\/\/twitter.com\/hashtag\/familiapatriotas?src=hash&amp;ref_src=twsrc%5Etfw\">#familiapatriotas<\/a> <a href=\"https:\/\/twitter.com\/hashtag\/somosboyac%C3%A1?src=hash&amp;ref_src=twsrc%5Etfw\">#somosboyac\u00e1<\/a> <a href=\"https:\/\/t.co\/yIxcwfeNRa\">pic.twitter.com\/yIxcwfeNRa<\/a><\/p>\n<p>&mdash; Patriotas Boyac\u00e1 S.A (@patriotasboySA) <a href=\"https:\/\/twitter.com\/patriotasboySA\/status\/1052941919603560453?ref_src=twsrc%5Etfw\">October 18, 2018<\/a><\/p><\/blockquote>\n<p><script async src=\"https:\/\/platform.twitter.com\/widgets.js\" charset=\"utf-8\"><\/script><\/p>\n<\/div>\n","protected":false},"excerpt":{"rendered":"<p>Patriotas de Boyac\u00e1\u00a0asegur\u00f3 a trav\u00e9s de un comunicado oficial que el t\u00e9cnico\u00a0Diego Corredor\u00a0seguir\u00e1 al frente del equipo, luego que el entrenador renunciara a su cargo tras caer 4-0 en su visita al\u00a0Junior\u00a0por la fecha 15 de la\u00a0Liga \u00c1guila II. \u00a0 Corredor dio un paso al costado en la rueda de prensa posterior al juego, pero [&hellip;]<\/p>\n","protected":false},"author":5,"featured_media":26838,"comment_status":"open","ping_status":"closed","sticky":false,"template":"","format":"standard","meta":{"_acf_changed":false,"footnotes":""},"categories":[7],"tags":[145,210],"class_list":{"0":"post-26837","1":"post","2":"type-post","3":"status-publish","4":"format-standard","5":"has-post-thumbnail","7":"category-liga-betplay","8":"tag-liga-aguila","9":"tag-patriotas"},"acf":[],"_links":{"self":[{"href":"https:\/\/futbolhoy.co\/index.php\/wp-json\/wp\/v2\/posts\/26837","targetHints":{"allow":["GET"]}}],"collection":[{"href":"https:\/\/futbolhoy.co\/index.php\/wp-json\/wp\/v2\/posts"}],"about":[{"href":"https:\/\/futbolhoy.co\/index.php\/wp-json\/wp\/v2\/types\/post"}],"author":[{"embeddable":true,"href":"https:\/\/futbolhoy.co\/index.php\/wp-json\/wp\/v2\/users\/5"}],"replies":[{"embeddable":true,"href":"https:\/\/futbolhoy.co\/index.php\/wp-json\/wp\/v2\/comments?post=26837"}],"version-history":[{"count":3,"href":"https:\/\/futbolhoy.co\/index.php\/wp-json\/wp\/v2\/posts\/26837\/revisions"}],"predecessor-version":[{"id":26841,"href":"https:\/\/futbolhoy.co\/index.php\/wp-json\/wp\/v2\/posts\/26837\/revisions\/26841"}],"wp:featuredmedia":[{"embeddable":true,"href":"https:\/\/futbolhoy.co\/index.php\/wp-json\/wp\/v2\/media\/26838"}],"wp:attachment":[{"href":"https:\/\/futbolhoy.co\/index.php\/wp-json\/wp\/v2\/media?parent=26837"}],"wp:term":[{"taxonomy":"category","embeddable":true,"href":"https:\/\/futbolhoy.co\/index.php\/wp-json\/wp\/v2\/categories?post=26837"},{"taxonomy":"post_tag","embeddable":true,"href":"https:\/\/futbolhoy.co\/index.php\/wp-json\/wp\/v2\/tags?post=26837"}],"curies":[{"name":"wp","href":"https:\/\/api.w.org\/{rel}","templated":true}]}}