{"id":27709,"date":"2018-11-09T19:09:14","date_gmt":"2018-11-10T00:09:14","guid":{"rendered":"http:\/\/futbolhoy.co\/?p=27709"},"modified":"2018-11-11T14:19:04","modified_gmt":"2018-11-11T19:19:04","slug":"boca-river-primer-asalto-a-la-copa","status":"publish","type":"post","link":"https:\/\/futbolhoy.co\/index.php\/2018\/11\/09\/boca-river-primer-asalto-a-la-copa\/","title":{"rendered":"La final de la Libertadores aplazada por lluvia"},"content":{"rendered":"<div class=\"gs\">\n<div class=\"\">\n<div id=\":of\" class=\"ii gt\">\n<div id=\":oe\" class=\"a3s aXjCH \" tabindex=\"-1\">\n<div class=\"m_-9115759519536411421ydp5bf25c5dyahoo-style-wrap\">\n<p style=\"text-align: justify;\"><span style=\"font-family: helvetica, arial, sans-serif;\">El\u00a0<b>Supercl\u00e1sico<\/b>\u00a0del f\u00fatbol argentino entre\u00a0<b>Boca Juniors<\/b>\u00a0y\u00a0<b>R\u00edver Plate<\/b>\u00a0se traslada ahora a la definici\u00f3n de la\u00a0<b>Copa Libertadores<\/b>\u00a0y comenzar\u00e1 este domingo a las 4PM en\u00a0<b>La Bombonera<\/b>\u00a0con el partido de ida que por primera vez disputar\u00e1n dos clubes de una misma ciudad.<\/span><\/p>\n<p style=\"text-align: justify;\">El partido que se iba a jugar este s\u00e1bado fue aplazado por lluvias que afectaron la cancha .<\/p>\n<p style=\"text-align: justify;\"><span style=\"font-family: helvetica, arial, sans-serif;\">River no podr\u00e1 disponer de su capit\u00e1n\u00a0<b>Leo Ponzio<\/b>\u00a0para el juego por lesi\u00f3n y su t\u00e9cnico\u00a0<b>Marcelo Gallardo<\/b>\u00a0no podr\u00e1 estar en el estadio por suspensi\u00f3n.<\/span><\/p>\n<p><span style=\"font-family: helvetica, arial, sans-serif;\"><b>Probables formaciones:<\/b><\/span><\/p>\n<p style=\"text-align: justify;\"><span style=\"font-family: helvetica, arial, sans-serif;\"><b>Boca Juniors:<\/b>\u00a0Agust\u00edn Rossi; Leonardo Jara, Carlos Izquierdoz, Lisandro Magall\u00e1n, Lucas Olaza; Nahitan N\u00e1ndez, Wilmar Barrios, Pablo P\u00e9rez; Cristian Pav\u00f3n, Ram\u00f3n \u00c1bila y Sebasti\u00e1n Villa.<\/span><\/p>\n<p><span style=\"font-family: helvetica, arial, sans-serif;\"><b>River Plate:<\/b>\u00a0Franco Armani; Gonzalo Montiel, Jonatan Maidana, Javier Pinola, Milton Casco; Exequiel Palacios, Enzo P\u00e9rez, Bruno Zuculini, Gonzalo Mart\u00ednez; Lucas Pratto y Rafael Santos Borr\u00e9.<\/span><\/p>\n<p><span style=\"font-family: helvetica, arial, sans-serif;\"><b>\u00c1rbitro:<\/b>\u00a0Roberto Tobar (CHI)\u00a0<\/span><\/p>\n<div id='gallery-1' class='gallery galleryid-27709 gallery-columns-3 gallery-size-thumbnail'><figure class='gallery-item'>\n\t\t\t<div class='gallery-icon landscape'>\n\t\t\t\t<a href='https:\/\/futbolhoy.co\/index.php\/2018\/11\/09\/boca-river-primer-asalto-a-la-copa\/img_20181110_181711\/'><img decoding=\"async\" width=\"150\" height=\"150\" src=\"https:\/\/futbolhoy.co\/wp-content\/uploads\/2018\/11\/IMG_20181110_181711-150x150.jpg\" class=\"attachment-thumbnail size-thumbnail\" alt=\"\" srcset=\"https:\/\/futbolhoy.co\/wp-content\/uploads\/2018\/11\/IMG_20181110_181711-150x150.jpg 150w, https:\/\/futbolhoy.co\/wp-content\/uploads\/2018\/11\/IMG_20181110_181711-300x300.jpg 300w\" sizes=\"(max-width: 150px) 100vw, 150px\" \/><\/a>\n\t\t\t<\/div><\/figure><figure class='gallery-item'>\n\t\t\t<div class='gallery-icon landscape'>\n\t\t\t\t<a href='https:\/\/futbolhoy.co\/index.php\/2018\/11\/09\/boca-river-primer-asalto-a-la-copa\/img_20181110_132222-2\/'><img decoding=\"async\" width=\"150\" height=\"150\" src=\"https:\/\/futbolhoy.co\/wp-content\/uploads\/2018\/11\/IMG_20181110_132222-1-150x150.jpg\" class=\"attachment-thumbnail size-thumbnail\" alt=\"\" srcset=\"https:\/\/futbolhoy.co\/wp-content\/uploads\/2018\/11\/IMG_20181110_132222-1-150x150.jpg 150w, https:\/\/futbolhoy.co\/wp-content\/uploads\/2018\/11\/IMG_20181110_132222-1-300x300.jpg 300w\" sizes=\"(max-width: 150px) 100vw, 150px\" \/><\/a>\n\t\t\t<\/div><\/figure><figure class='gallery-item'>\n\t\t\t<div class='gallery-icon landscape'>\n\t\t\t\t<a href='https:\/\/futbolhoy.co\/index.php\/2018\/11\/09\/boca-river-primer-asalto-a-la-copa\/img_20181110_181720\/'><img decoding=\"async\" width=\"150\" height=\"150\" src=\"https:\/\/futbolhoy.co\/wp-content\/uploads\/2018\/11\/IMG_20181110_181720-150x150.jpg\" class=\"attachment-thumbnail size-thumbnail\" alt=\"\" srcset=\"https:\/\/futbolhoy.co\/wp-content\/uploads\/2018\/11\/IMG_20181110_181720-150x150.jpg 150w, https:\/\/futbolhoy.co\/wp-content\/uploads\/2018\/11\/IMG_20181110_181720-300x300.jpg 300w\" sizes=\"(max-width: 150px) 100vw, 150px\" \/><\/a>\n\t\t\t<\/div><\/figure><figure class='gallery-item'>\n\t\t\t<div class='gallery-icon landscape'>\n\t\t\t\t<a href='https:\/\/futbolhoy.co\/index.php\/2018\/11\/09\/boca-river-primer-asalto-a-la-copa\/img_20181110_181725\/'><img loading=\"lazy\" decoding=\"async\" width=\"150\" height=\"150\" src=\"https:\/\/futbolhoy.co\/wp-content\/uploads\/2018\/11\/IMG_20181110_181725-150x150.jpg\" class=\"attachment-thumbnail size-thumbnail\" alt=\"\" srcset=\"https:\/\/futbolhoy.co\/wp-content\/uploads\/2018\/11\/IMG_20181110_181725-150x150.jpg 150w, https:\/\/futbolhoy.co\/wp-content\/uploads\/2018\/11\/IMG_20181110_181725-300x300.jpg 300w\" sizes=\"(max-width: 150px) 100vw, 150px\" \/><\/a>\n\t\t\t<\/div><\/figure><figure class='gallery-item'>\n\t\t\t<div class='gallery-icon landscape'>\n\t\t\t\t<a href='https:\/\/futbolhoy.co\/index.php\/2018\/11\/09\/boca-river-primer-asalto-a-la-copa\/img-20181110-wa0047\/'><img loading=\"lazy\" decoding=\"async\" width=\"150\" height=\"150\" src=\"https:\/\/futbolhoy.co\/wp-content\/uploads\/2018\/11\/IMG-20181110-WA0047-150x150.jpg\" class=\"attachment-thumbnail size-thumbnail\" alt=\"\" srcset=\"https:\/\/futbolhoy.co\/wp-content\/uploads\/2018\/11\/IMG-20181110-WA0047-150x150.jpg 150w, https:\/\/futbolhoy.co\/wp-content\/uploads\/2018\/11\/IMG-20181110-WA0047-300x300.jpg 300w, https:\/\/futbolhoy.co\/wp-content\/uploads\/2018\/11\/IMG-20181110-WA0047-32x32.jpg 32w\" sizes=\"(max-width: 150px) 100vw, 150px\" \/><\/a>\n\t\t\t<\/div><\/figure>\n\t\t<\/div>\n\n<\/div>\n<\/div>\n<\/div>\n<\/div>\n<\/div>\n","protected":false},"excerpt":{"rendered":"<p>El\u00a0Supercl\u00e1sico\u00a0del f\u00fatbol argentino entre\u00a0Boca Juniors\u00a0y\u00a0R\u00edver Plate\u00a0se traslada ahora a la definici\u00f3n de la\u00a0Copa Libertadores\u00a0y comenzar\u00e1 este domingo a las 4PM en\u00a0La Bombonera\u00a0con el partido de ida que por primera vez disputar\u00e1n dos clubes de una misma ciudad. El partido que se iba a jugar este s\u00e1bado fue aplazado por lluvias que afectaron la cancha . [&hellip;]<\/p>\n","protected":false},"author":5,"featured_media":27721,"comment_status":"open","ping_status":"open","sticky":false,"template":"","format":"standard","meta":{"_acf_changed":false,"footnotes":""},"categories":[653],"tags":[84],"class_list":{"0":"post-27709","1":"post","2":"type-post","3":"status-publish","4":"format-standard","5":"has-post-thumbnail","7":"category-copa-libertadores","8":"tag-river-plate"},"acf":[],"yoast_head":"<!-- This site is optimized with the Yoast SEO plugin v26.8 - https:\/\/yoast.com\/product\/yoast-seo-wordpress\/ -->\n<title>La final de la Libertadores aplazada por lluvia -<\/title>\n<meta name=\"robots\" content=\"index, follow, max-snippet:-1, max-image-preview:large, max-video-preview:-1\" \/>\n<link rel=\"canonical\" href=\"https:\/\/futbolhoy.co\/index.php\/2018\/11\/09\/boca-river-primer-asalto-a-la-copa\/\" \/>\n<meta property=\"og:locale\" content=\"es_ES\" \/>\n<meta property=\"og:type\" content=\"article\" \/>\n<meta property=\"og:title\" content=\"La final de la Libertadores aplazada por lluvia -\" \/>\n<meta property=\"og:description\" content=\"El\u00a0Supercl\u00e1sico\u00a0del f\u00fatbol argentino entre\u00a0Boca Juniors\u00a0y\u00a0R\u00edver Plate\u00a0se traslada ahora a la definici\u00f3n de la\u00a0Copa Libertadores\u00a0y comenzar\u00e1 este domingo a las 4PM en\u00a0La Bombonera\u00a0con el partido de ida que por primera vez disputar\u00e1n dos clubes de una misma ciudad. El partido que se iba a jugar este s\u00e1bado fue aplazado por lluvias que afectaron la cancha . [&hellip;]\" \/>\n<meta property=\"og:url\" content=\"https:\/\/futbolhoy.co\/index.php\/2018\/11\/09\/boca-river-primer-asalto-a-la-copa\/\" \/>\n<meta property=\"article:publisher\" content=\"https:\/\/www.facebook.com\/FutbolHoyCol\/\" \/>\n<meta property=\"article:published_time\" content=\"2018-11-10T00:09:14+00:00\" \/>\n<meta property=\"article:modified_time\" content=\"2018-11-11T19:19:04+00:00\" \/>\n<meta property=\"og:image\" content=\"https:\/\/futbolhoy.co\/wp-content\/uploads\/2018\/11\/IMG_20181110_132222.jpg\" \/>\n\t<meta property=\"og:image:width\" content=\"903\" \/>\n\t<meta property=\"og:image:height\" content=\"669\" \/>\n\t<meta property=\"og:image:type\" content=\"image\/jpeg\" \/>\n<meta name=\"author\" content=\"Laura Hern\u00e1ndez\" \/>\n<meta name=\"twitter:card\" content=\"summary_large_image\" \/>\n<meta name=\"twitter:creator\" content=\"@FutbolHoyCol\" \/>\n<meta name=\"twitter:site\" content=\"@FutbolHoyCol\" \/>\n<meta name=\"twitter:label1\" content=\"Escrito por\" \/>\n\t<meta name=\"twitter:data1\" content=\"Laura Hern\u00e1ndez\" \/>\n\t<meta name=\"twitter:label2\" content=\"Tiempo de lectura\" \/>\n\t<meta name=\"twitter:data2\" content=\"1 minuto\" \/>\n<script type=\"application\/ld+json\" class=\"yoast-schema-graph\">{\"@context\":\"https:\/\/schema.org\",\"@graph\":[{\"@type\":\"Article\",\"@id\":\"https:\/\/futbolhoy.co\/index.php\/2018\/11\/09\/boca-river-primer-asalto-a-la-copa\/#article\",\"isPartOf\":{\"@id\":\"https:\/\/futbolhoy.co\/index.php\/2018\/11\/09\/boca-river-primer-asalto-a-la-copa\/\"},\"author\":{\"name\":\"Laura Hern\u00e1ndez\",\"@id\":\"https:\/\/futbolhoy.co\/#\/schema\/person\/c4a353a512b127643723a34bb1812f7d\"},\"headline\":\"La final de la Libertadores aplazada por lluvia\",\"datePublished\":\"2018-11-10T00:09:14+00:00\",\"dateModified\":\"2018-11-11T19:19:04+00:00\",\"mainEntityOfPage\":{\"@id\":\"https:\/\/futbolhoy.co\/index.php\/2018\/11\/09\/boca-river-primer-asalto-a-la-copa\/\"},\"wordCount\":177,\"commentCount\":0,\"publisher\":{\"@id\":\"https:\/\/futbolhoy.co\/#organization\"},\"image\":{\"@id\":\"https:\/\/futbolhoy.co\/index.php\/2018\/11\/09\/boca-river-primer-asalto-a-la-copa\/#primaryimage\"},\"thumbnailUrl\":\"https:\/\/futbolhoy.co\/wp-content\/uploads\/2018\/11\/IMG_20181110_132222.jpg\",\"keywords\":[\"River Plate\"],\"articleSection\":[\"Libertadores\"],\"inLanguage\":\"es\",\"potentialAction\":[{\"@type\":\"CommentAction\",\"name\":\"Comment\",\"target\":[\"https:\/\/futbolhoy.co\/index.php\/2018\/11\/09\/boca-river-primer-asalto-a-la-copa\/#respond\"]}]},{\"@type\":\"WebPage\",\"@id\":\"https:\/\/futbolhoy.co\/index.php\/2018\/11\/09\/boca-river-primer-asalto-a-la-copa\/\",\"url\":\"https:\/\/futbolhoy.co\/index.php\/2018\/11\/09\/boca-river-primer-asalto-a-la-copa\/\",\"name\":\"La final de la Libertadores aplazada por lluvia -\",\"isPartOf\":{\"@id\":\"https:\/\/futbolhoy.co\/#website\"},\"primaryImageOfPage\":{\"@id\":\"https:\/\/futbolhoy.co\/index.php\/2018\/11\/09\/boca-river-primer-asalto-a-la-copa\/#primaryimage\"},\"image\":{\"@id\":\"https:\/\/futbolhoy.co\/index.php\/2018\/11\/09\/boca-river-primer-asalto-a-la-copa\/#primaryimage\"},\"thumbnailUrl\":\"https:\/\/futbolhoy.co\/wp-content\/uploads\/2018\/11\/IMG_20181110_132222.jpg\",\"datePublished\":\"2018-11-10T00:09:14+00:00\",\"dateModified\":\"2018-11-11T19:19:04+00:00\",\"breadcrumb\":{\"@id\":\"https:\/\/futbolhoy.co\/index.php\/2018\/11\/09\/boca-river-primer-asalto-a-la-copa\/#breadcrumb\"},\"inLanguage\":\"es\",\"potentialAction\":[{\"@type\":\"ReadAction\",\"target\":[\"https:\/\/futbolhoy.co\/index.php\/2018\/11\/09\/boca-river-primer-asalto-a-la-copa\/\"]}]},{\"@type\":\"ImageObject\",\"inLanguage\":\"es\",\"@id\":\"https:\/\/futbolhoy.co\/index.php\/2018\/11\/09\/boca-river-primer-asalto-a-la-copa\/#primaryimage\",\"url\":\"https:\/\/futbolhoy.co\/wp-content\/uploads\/2018\/11\/IMG_20181110_132222.jpg\",\"contentUrl\":\"https:\/\/futbolhoy.co\/wp-content\/uploads\/2018\/11\/IMG_20181110_132222.jpg\",\"width\":903,\"height\":669},{\"@type\":\"BreadcrumbList\",\"@id\":\"https:\/\/futbolhoy.co\/index.php\/2018\/11\/09\/boca-river-primer-asalto-a-la-copa\/#breadcrumb\",\"itemListElement\":[{\"@type\":\"ListItem\",\"position\":1,\"name\":\"Portada\",\"item\":\"https:\/\/futbolhoy.co\/\"},{\"@type\":\"ListItem\",\"position\":2,\"name\":\"La final de la Libertadores aplazada por lluvia\"}]},{\"@type\":\"WebSite\",\"@id\":\"https:\/\/futbolhoy.co\/#website\",\"url\":\"https:\/\/futbolhoy.co\/\",\"name\":\"FutbolHoy\",\"description\":\"\",\"publisher\":{\"@id\":\"https:\/\/futbolhoy.co\/#organization\"},\"potentialAction\":[{\"@type\":\"SearchAction\",\"target\":{\"@type\":\"EntryPoint\",\"urlTemplate\":\"https:\/\/futbolhoy.co\/?s={search_term_string}\"},\"query-input\":{\"@type\":\"PropertyValueSpecification\",\"valueRequired\":true,\"valueName\":\"search_term_string\"}}],\"inLanguage\":\"es\"},{\"@type\":\"Organization\",\"@id\":\"https:\/\/futbolhoy.co\/#organization\",\"name\":\"Futbolhoy.co\",\"url\":\"https:\/\/futbolhoy.co\/\",\"logo\":{\"@type\":\"ImageObject\",\"inLanguage\":\"es\",\"@id\":\"https:\/\/futbolhoy.co\/#\/schema\/logo\/image\/\",\"url\":\"https:\/\/futbolhoy.co\/wp-content\/uploads\/2018\/08\/17426380_1906371736249227_6326180412931521141_n.jpg\",\"contentUrl\":\"https:\/\/futbolhoy.co\/wp-content\/uploads\/2018\/08\/17426380_1906371736249227_6326180412931521141_n.jpg\",\"width\":960,\"height\":960,\"caption\":\"Futbolhoy.co\"},\"image\":{\"@id\":\"https:\/\/futbolhoy.co\/#\/schema\/logo\/image\/\"},\"sameAs\":[\"https:\/\/www.facebook.com\/FutbolHoyCol\/\",\"https:\/\/x.com\/FutbolHoyCol\",\"https:\/\/www.instagram.com\/futbolhoycol\/\"]},{\"@type\":\"Person\",\"@id\":\"https:\/\/futbolhoy.co\/#\/schema\/person\/c4a353a512b127643723a34bb1812f7d\",\"name\":\"Laura Hern\u00e1ndez\",\"image\":{\"@type\":\"ImageObject\",\"inLanguage\":\"es\",\"@id\":\"https:\/\/futbolhoy.co\/#\/schema\/person\/image\/\",\"url\":\"https:\/\/secure.gravatar.com\/avatar\/d25959a15b9b293a743f99181c7cfd01?s=96&d=mm&r=g\",\"contentUrl\":\"https:\/\/secure.gravatar.com\/avatar\/d25959a15b9b293a743f99181c7cfd01?s=96&d=mm&r=g\",\"caption\":\"Laura Hern\u00e1ndez\"}}]}<\/script>\n<!-- \/ Yoast SEO plugin. -->","yoast_head_json":{"title":"La final de la Libertadores aplazada por lluvia -","robots":{"index":"index","follow":"follow","max-snippet":"max-snippet:-1","max-image-preview":"max-image-preview:large","max-video-preview":"max-video-preview:-1"},"canonical":"https:\/\/futbolhoy.co\/index.php\/2018\/11\/09\/boca-river-primer-asalto-a-la-copa\/","og_locale":"es_ES","og_type":"article","og_title":"La final de la Libertadores aplazada por lluvia -","og_description":"El\u00a0Supercl\u00e1sico\u00a0del f\u00fatbol argentino entre\u00a0Boca Juniors\u00a0y\u00a0R\u00edver Plate\u00a0se traslada ahora a la definici\u00f3n de la\u00a0Copa Libertadores\u00a0y comenzar\u00e1 este domingo a las 4PM en\u00a0La Bombonera\u00a0con el partido de ida que por primera vez disputar\u00e1n dos clubes de una misma ciudad. El partido que se iba a jugar este s\u00e1bado fue aplazado por lluvias que afectaron la cancha . [&hellip;]","og_url":"https:\/\/futbolhoy.co\/index.php\/2018\/11\/09\/boca-river-primer-asalto-a-la-copa\/","article_publisher":"https:\/\/www.facebook.com\/FutbolHoyCol\/","article_published_time":"2018-11-10T00:09:14+00:00","article_modified_time":"2018-11-11T19:19:04+00:00","og_image":[{"width":903,"height":669,"url":"https:\/\/futbolhoy.co\/wp-content\/uploads\/2018\/11\/IMG_20181110_132222.jpg","type":"image\/jpeg"}],"author":"Laura Hern\u00e1ndez","twitter_card":"summary_large_image","twitter_creator":"@FutbolHoyCol","twitter_site":"@FutbolHoyCol","twitter_misc":{"Escrito por":"Laura Hern\u00e1ndez","Tiempo de lectura":"1 minuto"},"schema":{"@context":"https:\/\/schema.org","@graph":[{"@type":"Article","@id":"https:\/\/futbolhoy.co\/index.php\/2018\/11\/09\/boca-river-primer-asalto-a-la-copa\/#article","isPartOf":{"@id":"https:\/\/futbolhoy.co\/index.php\/2018\/11\/09\/boca-river-primer-asalto-a-la-copa\/"},"author":{"name":"Laura Hern\u00e1ndez","@id":"https:\/\/futbolhoy.co\/#\/schema\/person\/c4a353a512b127643723a34bb1812f7d"},"headline":"La final de la Libertadores aplazada por lluvia","datePublished":"2018-11-10T00:09:14+00:00","dateModified":"2018-11-11T19:19:04+00:00","mainEntityOfPage":{"@id":"https:\/\/futbolhoy.co\/index.php\/2018\/11\/09\/boca-river-primer-asalto-a-la-copa\/"},"wordCount":177,"commentCount":0,"publisher":{"@id":"https:\/\/futbolhoy.co\/#organization"},"image":{"@id":"https:\/\/futbolhoy.co\/index.php\/2018\/11\/09\/boca-river-primer-asalto-a-la-copa\/#primaryimage"},"thumbnailUrl":"https:\/\/futbolhoy.co\/wp-content\/uploads\/2018\/11\/IMG_20181110_132222.jpg","keywords":["River Plate"],"articleSection":["Libertadores"],"inLanguage":"es","potentialAction":[{"@type":"CommentAction","name":"Comment","target":["https:\/\/futbolhoy.co\/index.php\/2018\/11\/09\/boca-river-primer-asalto-a-la-copa\/#respond"]}]},{"@type":"WebPage","@id":"https:\/\/futbolhoy.co\/index.php\/2018\/11\/09\/boca-river-primer-asalto-a-la-copa\/","url":"https:\/\/futbolhoy.co\/index.php\/2018\/11\/09\/boca-river-primer-asalto-a-la-copa\/","name":"La final de la Libertadores aplazada por lluvia -","isPartOf":{"@id":"https:\/\/futbolhoy.co\/#website"},"primaryImageOfPage":{"@id":"https:\/\/futbolhoy.co\/index.php\/2018\/11\/09\/boca-river-primer-asalto-a-la-copa\/#primaryimage"},"image":{"@id":"https:\/\/futbolhoy.co\/index.php\/2018\/11\/09\/boca-river-primer-asalto-a-la-copa\/#primaryimage"},"thumbnailUrl":"https:\/\/futbolhoy.co\/wp-content\/uploads\/2018\/11\/IMG_20181110_132222.jpg","datePublished":"2018-11-10T00:09:14+00:00","dateModified":"2018-11-11T19:19:04+00:00","breadcrumb":{"@id":"https:\/\/futbolhoy.co\/index.php\/2018\/11\/09\/boca-river-primer-asalto-a-la-copa\/#breadcrumb"},"inLanguage":"es","potentialAction":[{"@type":"ReadAction","target":["https:\/\/futbolhoy.co\/index.php\/2018\/11\/09\/boca-river-primer-asalto-a-la-copa\/"]}]},{"@type":"ImageObject","inLanguage":"es","@id":"https:\/\/futbolhoy.co\/index.php\/2018\/11\/09\/boca-river-primer-asalto-a-la-copa\/#primaryimage","url":"https:\/\/futbolhoy.co\/wp-content\/uploads\/2018\/11\/IMG_20181110_132222.jpg","contentUrl":"https:\/\/futbolhoy.co\/wp-content\/uploads\/2018\/11\/IMG_20181110_132222.jpg","width":903,"height":669},{"@type":"BreadcrumbList","@id":"https:\/\/futbolhoy.co\/index.php\/2018\/11\/09\/boca-river-primer-asalto-a-la-copa\/#breadcrumb","itemListElement":[{"@type":"ListItem","position":1,"name":"Portada","item":"https:\/\/futbolhoy.co\/"},{"@type":"ListItem","position":2,"name":"La final de la Libertadores aplazada por lluvia"}]},{"@type":"WebSite","@id":"https:\/\/futbolhoy.co\/#website","url":"https:\/\/futbolhoy.co\/","name":"FutbolHoy","description":"","publisher":{"@id":"https:\/\/futbolhoy.co\/#organization"},"potentialAction":[{"@type":"SearchAction","target":{"@type":"EntryPoint","urlTemplate":"https:\/\/futbolhoy.co\/?s={search_term_string}"},"query-input":{"@type":"PropertyValueSpecification","valueRequired":true,"valueName":"search_term_string"}}],"inLanguage":"es"},{"@type":"Organization","@id":"https:\/\/futbolhoy.co\/#organization","name":"Futbolhoy.co","url":"https:\/\/futbolhoy.co\/","logo":{"@type":"ImageObject","inLanguage":"es","@id":"https:\/\/futbolhoy.co\/#\/schema\/logo\/image\/","url":"https:\/\/futbolhoy.co\/wp-content\/uploads\/2018\/08\/17426380_1906371736249227_6326180412931521141_n.jpg","contentUrl":"https:\/\/futbolhoy.co\/wp-content\/uploads\/2018\/08\/17426380_1906371736249227_6326180412931521141_n.jpg","width":960,"height":960,"caption":"Futbolhoy.co"},"image":{"@id":"https:\/\/futbolhoy.co\/#\/schema\/logo\/image\/"},"sameAs":["https:\/\/www.facebook.com\/FutbolHoyCol\/","https:\/\/x.com\/FutbolHoyCol","https:\/\/www.instagram.com\/futbolhoycol\/"]},{"@type":"Person","@id":"https:\/\/futbolhoy.co\/#\/schema\/person\/c4a353a512b127643723a34bb1812f7d","name":"Laura Hern\u00e1ndez","image":{"@type":"ImageObject","inLanguage":"es","@id":"https:\/\/futbolhoy.co\/#\/schema\/person\/image\/","url":"https:\/\/secure.gravatar.com\/avatar\/d25959a15b9b293a743f99181c7cfd01?s=96&d=mm&r=g","contentUrl":"https:\/\/secure.gravatar.com\/avatar\/d25959a15b9b293a743f99181c7cfd01?s=96&d=mm&r=g","caption":"Laura Hern\u00e1ndez"}}]}},"publishpress_future_action":{"enabled":false,"date":"2026-05-03 02:55:52","action":"change-status","newStatus":"draft","terms":[],"taxonomy":"category","extraData":[]},"publishpress_future_workflow_manual_trigger":{"enabledWorkflows":[]},"_links":{"self":[{"href":"https:\/\/futbolhoy.co\/index.php\/wp-json\/wp\/v2\/posts\/27709","targetHints":{"allow":["GET"]}}],"collection":[{"href":"https:\/\/futbolhoy.co\/index.php\/wp-json\/wp\/v2\/posts"}],"about":[{"href":"https:\/\/futbolhoy.co\/index.php\/wp-json\/wp\/v2\/types\/post"}],"author":[{"embeddable":true,"href":"https:\/\/futbolhoy.co\/index.php\/wp-json\/wp\/v2\/users\/5"}],"replies":[{"embeddable":true,"href":"https:\/\/futbolhoy.co\/index.php\/wp-json\/wp\/v2\/comments?post=27709"}],"version-history":[{"count":5,"href":"https:\/\/futbolhoy.co\/index.php\/wp-json\/wp\/v2\/posts\/27709\/revisions"}],"predecessor-version":[{"id":27730,"href":"https:\/\/futbolhoy.co\/index.php\/wp-json\/wp\/v2\/posts\/27709\/revisions\/27730"}],"wp:featuredmedia":[{"embeddable":true,"href":"https:\/\/futbolhoy.co\/index.php\/wp-json\/wp\/v2\/media\/27721"}],"wp:attachment":[{"href":"https:\/\/futbolhoy.co\/index.php\/wp-json\/wp\/v2\/media?parent=27709"}],"wp:term":[{"taxonomy":"category","embeddable":true,"href":"https:\/\/futbolhoy.co\/index.php\/wp-json\/wp\/v2\/categories?post=27709"},{"taxonomy":"post_tag","embeddable":true,"href":"https:\/\/futbolhoy.co\/index.php\/wp-json\/wp\/v2\/tags?post=27709"}],"curies":[{"name":"wp","href":"https:\/\/api.w.org\/{rel}","templated":true}]}}