{"id":28453,"date":"2018-11-28T17:39:52","date_gmt":"2018-11-28T22:39:52","guid":{"rendered":"http:\/\/futbolhoy.co\/?p=28453"},"modified":"2018-11-29T09:20:36","modified_gmt":"2018-11-29T14:20:36","slug":"falcao-no-tuvo-un-buen-regreso-a-madrid","status":"publish","type":"post","link":"https:\/\/futbolhoy.co\/index.php\/2018\/11\/28\/falcao-no-tuvo-un-buen-regreso-a-madrid\/","title":{"rendered":"Falcao no tuvo un buen regreso a Madrid"},"content":{"rendered":"<p style=\"text-align: justify;\"><span style=\"font-family: helvetica, arial, sans-serif;\">El capit\u00e1n del <strong>M\u00f3naco<\/strong>, el colombiano <strong>Falcao Garc\u00eda,<\/strong> no se llev\u00f3 un buen recuerdo de su regreso a <strong>Madrid<\/strong>, donde enfrent\u00f3 a su antiguo equipo, el <strong>Atl\u00e9tico<\/strong>, en la derrota del club del principado 2-0 en la quinta fecha de la <strong>Champions<\/strong>, que les dio a los \u2018colchoneros\u2019 su paso a los octavos de final.<\/span><\/p>\n<p style=\"text-align: justify;\"><span style=\"font-family: helvetica, arial, sans-serif;\">Falcao, quien no fue inicialista e ingres\u00f3 a los 54 minutos, desperdici\u00f3 una pena m\u00e1xima a los 82, por una mano en el \u00e1rea de <strong>Stefan Savic<\/strong>, quien fue expulsado.<\/span><\/p>\n<p style=\"text-align: justify;\"><span style=\"font-family: helvetica, arial, sans-serif;\"><strong>Santiago Arias <\/strong>jug\u00f3 los 90 minutos en el equipo espa\u00f1ol.<\/span><\/p>\n<p style=\"text-align: justify;\"><span style=\"font-family: helvetica, arial, sans-serif;\"><strong>Napoli<\/strong>, con <strong>David Ospina<\/strong> actuando todo el partido, venci\u00f3 3-1 al <strong>Estrella Roja;<\/strong> mientras que el <strong>Tottenham<\/strong>, sin <strong>D\u00e1vinson S\u00e1nchez<\/strong>, super\u00f3 1-0 al <strong>Inter<\/strong>.<\/span><\/p>\n<p style=\"text-align: justify;\"><span style=\"font-family: helvetica, arial, sans-serif;\"><strong>Bayern M\u00fanich, Juventus, Manchester City, Manchester United, Ajax, Real Madrid, Roma, Barcelona, Atl\u00e9tico de Madrid, Borussia Dortmund, Porto<\/strong> y <strong>Schalke<\/strong> ya se clasificaron a los octavos de final<strong>.<\/strong><\/span><\/p>\n","protected":false},"excerpt":{"rendered":"<p>El capit\u00e1n del M\u00f3naco, el colombiano Falcao Garc\u00eda, no se llev\u00f3 un buen recuerdo de su regreso a Madrid, donde enfrent\u00f3 a su antiguo equipo, el Atl\u00e9tico, en la derrota del club del principado 2-0 en la quinta fecha de la Champions, que les dio a los \u2018colchoneros\u2019 su paso a los octavos de final. [&hellip;]<\/p>\n","protected":false},"author":5,"featured_media":28454,"comment_status":"open","ping_status":"open","sticky":false,"template":"","format":"standard","meta":{"_acf_changed":false,"footnotes":""},"categories":[4],"tags":[225,616,390,847],"class_list":{"0":"post-28453","1":"post","2":"type-post","3":"status-publish","4":"format-standard","5":"has-post-thumbnail","7":"category-champions-league","8":"tag-as-monaco","9":"tag-falcao","10":"tag-liga-de-campeones","11":"tag-napoli"},"acf":[],"yoast_head":"<!-- This site is optimized with the Yoast SEO plugin v26.8 - https:\/\/yoast.com\/product\/yoast-seo-wordpress\/ -->\n<title>Falcao no tuvo un buen regreso a Madrid -<\/title>\n<meta name=\"robots\" content=\"index, follow, max-snippet:-1, max-image-preview:large, max-video-preview:-1\" \/>\n<link rel=\"canonical\" href=\"https:\/\/futbolhoy.co\/index.php\/2018\/11\/28\/falcao-no-tuvo-un-buen-regreso-a-madrid\/\" \/>\n<meta property=\"og:locale\" content=\"es_ES\" \/>\n<meta property=\"og:type\" content=\"article\" \/>\n<meta property=\"og:title\" content=\"Falcao no tuvo un buen regreso a Madrid -\" \/>\n<meta property=\"og:description\" content=\"El capit\u00e1n del M\u00f3naco, el colombiano Falcao Garc\u00eda, no se llev\u00f3 un buen recuerdo de su regreso a Madrid, donde enfrent\u00f3 a su antiguo equipo, el Atl\u00e9tico, en la derrota del club del principado 2-0 en la quinta fecha de la Champions, que les dio a los \u2018colchoneros\u2019 su paso a los octavos de final. [&hellip;]\" \/>\n<meta property=\"og:url\" content=\"https:\/\/futbolhoy.co\/index.php\/2018\/11\/28\/falcao-no-tuvo-un-buen-regreso-a-madrid\/\" \/>\n<meta property=\"article:publisher\" content=\"https:\/\/www.facebook.com\/FutbolHoyCol\/\" \/>\n<meta property=\"article:published_time\" content=\"2018-11-28T22:39:52+00:00\" \/>\n<meta property=\"article:modified_time\" content=\"2018-11-29T14:20:36+00:00\" \/>\n<meta property=\"og:image\" content=\"https:\/\/futbolhoy.co\/wp-content\/uploads\/2018\/11\/Falca-homenaje.jpg\" \/>\n\t<meta property=\"og:image:width\" content=\"830\" \/>\n\t<meta property=\"og:image:height\" content=\"1200\" \/>\n\t<meta property=\"og:image:type\" content=\"image\/jpeg\" \/>\n<meta name=\"author\" content=\"Laura Hern\u00e1ndez\" \/>\n<meta name=\"twitter:card\" content=\"summary_large_image\" \/>\n<meta name=\"twitter:creator\" content=\"@FutbolHoyCol\" \/>\n<meta name=\"twitter:site\" content=\"@FutbolHoyCol\" \/>\n<meta name=\"twitter:label1\" content=\"Escrito por\" \/>\n\t<meta name=\"twitter:data1\" content=\"Laura Hern\u00e1ndez\" \/>\n\t<meta name=\"twitter:label2\" content=\"Tiempo de lectura\" \/>\n\t<meta name=\"twitter:data2\" content=\"1 minuto\" \/>\n<script type=\"application\/ld+json\" class=\"yoast-schema-graph\">{\"@context\":\"https:\/\/schema.org\",\"@graph\":[{\"@type\":\"Article\",\"@id\":\"https:\/\/futbolhoy.co\/index.php\/2018\/11\/28\/falcao-no-tuvo-un-buen-regreso-a-madrid\/#article\",\"isPartOf\":{\"@id\":\"https:\/\/futbolhoy.co\/index.php\/2018\/11\/28\/falcao-no-tuvo-un-buen-regreso-a-madrid\/\"},\"author\":{\"name\":\"Laura Hern\u00e1ndez\",\"@id\":\"https:\/\/futbolhoy.co\/#\/schema\/person\/c4a353a512b127643723a34bb1812f7d\"},\"headline\":\"Falcao no tuvo un buen regreso a Madrid\",\"datePublished\":\"2018-11-28T22:39:52+00:00\",\"dateModified\":\"2018-11-29T14:20:36+00:00\",\"mainEntityOfPage\":{\"@id\":\"https:\/\/futbolhoy.co\/index.php\/2018\/11\/28\/falcao-no-tuvo-un-buen-regreso-a-madrid\/\"},\"wordCount\":162,\"commentCount\":0,\"publisher\":{\"@id\":\"https:\/\/futbolhoy.co\/#organization\"},\"image\":{\"@id\":\"https:\/\/futbolhoy.co\/index.php\/2018\/11\/28\/falcao-no-tuvo-un-buen-regreso-a-madrid\/#primaryimage\"},\"thumbnailUrl\":\"https:\/\/futbolhoy.co\/wp-content\/uploads\/2018\/11\/Falca-homenaje.jpg\",\"keywords\":[\"As M\u00f3naco\",\"Falcao\",\"Liga de Campeones\",\"Napoli\"],\"articleSection\":[\"Champions League\"],\"inLanguage\":\"es\",\"potentialAction\":[{\"@type\":\"CommentAction\",\"name\":\"Comment\",\"target\":[\"https:\/\/futbolhoy.co\/index.php\/2018\/11\/28\/falcao-no-tuvo-un-buen-regreso-a-madrid\/#respond\"]}]},{\"@type\":\"WebPage\",\"@id\":\"https:\/\/futbolhoy.co\/index.php\/2018\/11\/28\/falcao-no-tuvo-un-buen-regreso-a-madrid\/\",\"url\":\"https:\/\/futbolhoy.co\/index.php\/2018\/11\/28\/falcao-no-tuvo-un-buen-regreso-a-madrid\/\",\"name\":\"Falcao no tuvo un buen regreso a Madrid -\",\"isPartOf\":{\"@id\":\"https:\/\/futbolhoy.co\/#website\"},\"primaryImageOfPage\":{\"@id\":\"https:\/\/futbolhoy.co\/index.php\/2018\/11\/28\/falcao-no-tuvo-un-buen-regreso-a-madrid\/#primaryimage\"},\"image\":{\"@id\":\"https:\/\/futbolhoy.co\/index.php\/2018\/11\/28\/falcao-no-tuvo-un-buen-regreso-a-madrid\/#primaryimage\"},\"thumbnailUrl\":\"https:\/\/futbolhoy.co\/wp-content\/uploads\/2018\/11\/Falca-homenaje.jpg\",\"datePublished\":\"2018-11-28T22:39:52+00:00\",\"dateModified\":\"2018-11-29T14:20:36+00:00\",\"breadcrumb\":{\"@id\":\"https:\/\/futbolhoy.co\/index.php\/2018\/11\/28\/falcao-no-tuvo-un-buen-regreso-a-madrid\/#breadcrumb\"},\"inLanguage\":\"es\",\"potentialAction\":[{\"@type\":\"ReadAction\",\"target\":[\"https:\/\/futbolhoy.co\/index.php\/2018\/11\/28\/falcao-no-tuvo-un-buen-regreso-a-madrid\/\"]}]},{\"@type\":\"ImageObject\",\"inLanguage\":\"es\",\"@id\":\"https:\/\/futbolhoy.co\/index.php\/2018\/11\/28\/falcao-no-tuvo-un-buen-regreso-a-madrid\/#primaryimage\",\"url\":\"https:\/\/futbolhoy.co\/wp-content\/uploads\/2018\/11\/Falca-homenaje.jpg\",\"contentUrl\":\"https:\/\/futbolhoy.co\/wp-content\/uploads\/2018\/11\/Falca-homenaje.jpg\",\"width\":830,\"height\":1200,\"caption\":\"@Atleti\"},{\"@type\":\"BreadcrumbList\",\"@id\":\"https:\/\/futbolhoy.co\/index.php\/2018\/11\/28\/falcao-no-tuvo-un-buen-regreso-a-madrid\/#breadcrumb\",\"itemListElement\":[{\"@type\":\"ListItem\",\"position\":1,\"name\":\"Portada\",\"item\":\"https:\/\/futbolhoy.co\/\"},{\"@type\":\"ListItem\",\"position\":2,\"name\":\"Falcao no tuvo un buen regreso a Madrid\"}]},{\"@type\":\"WebSite\",\"@id\":\"https:\/\/futbolhoy.co\/#website\",\"url\":\"https:\/\/futbolhoy.co\/\",\"name\":\"FutbolHoy\",\"description\":\"\",\"publisher\":{\"@id\":\"https:\/\/futbolhoy.co\/#organization\"},\"potentialAction\":[{\"@type\":\"SearchAction\",\"target\":{\"@type\":\"EntryPoint\",\"urlTemplate\":\"https:\/\/futbolhoy.co\/?s={search_term_string}\"},\"query-input\":{\"@type\":\"PropertyValueSpecification\",\"valueRequired\":true,\"valueName\":\"search_term_string\"}}],\"inLanguage\":\"es\"},{\"@type\":\"Organization\",\"@id\":\"https:\/\/futbolhoy.co\/#organization\",\"name\":\"Futbolhoy.co\",\"url\":\"https:\/\/futbolhoy.co\/\",\"logo\":{\"@type\":\"ImageObject\",\"inLanguage\":\"es\",\"@id\":\"https:\/\/futbolhoy.co\/#\/schema\/logo\/image\/\",\"url\":\"https:\/\/futbolhoy.co\/wp-content\/uploads\/2018\/08\/17426380_1906371736249227_6326180412931521141_n.jpg\",\"contentUrl\":\"https:\/\/futbolhoy.co\/wp-content\/uploads\/2018\/08\/17426380_1906371736249227_6326180412931521141_n.jpg\",\"width\":960,\"height\":960,\"caption\":\"Futbolhoy.co\"},\"image\":{\"@id\":\"https:\/\/futbolhoy.co\/#\/schema\/logo\/image\/\"},\"sameAs\":[\"https:\/\/www.facebook.com\/FutbolHoyCol\/\",\"https:\/\/x.com\/FutbolHoyCol\",\"https:\/\/www.instagram.com\/futbolhoycol\/\"]},{\"@type\":\"Person\",\"@id\":\"https:\/\/futbolhoy.co\/#\/schema\/person\/c4a353a512b127643723a34bb1812f7d\",\"name\":\"Laura Hern\u00e1ndez\",\"image\":{\"@type\":\"ImageObject\",\"inLanguage\":\"es\",\"@id\":\"https:\/\/futbolhoy.co\/#\/schema\/person\/image\/\",\"url\":\"https:\/\/secure.gravatar.com\/avatar\/d25959a15b9b293a743f99181c7cfd01?s=96&d=mm&r=g\",\"contentUrl\":\"https:\/\/secure.gravatar.com\/avatar\/d25959a15b9b293a743f99181c7cfd01?s=96&d=mm&r=g\",\"caption\":\"Laura Hern\u00e1ndez\"}}]}<\/script>\n<!-- \/ Yoast SEO plugin. -->","yoast_head_json":{"title":"Falcao no tuvo un buen regreso a Madrid -","robots":{"index":"index","follow":"follow","max-snippet":"max-snippet:-1","max-image-preview":"max-image-preview:large","max-video-preview":"max-video-preview:-1"},"canonical":"https:\/\/futbolhoy.co\/index.php\/2018\/11\/28\/falcao-no-tuvo-un-buen-regreso-a-madrid\/","og_locale":"es_ES","og_type":"article","og_title":"Falcao no tuvo un buen regreso a Madrid -","og_description":"El capit\u00e1n del M\u00f3naco, el colombiano Falcao Garc\u00eda, no se llev\u00f3 un buen recuerdo de su regreso a Madrid, donde enfrent\u00f3 a su antiguo equipo, el Atl\u00e9tico, en la derrota del club del principado 2-0 en la quinta fecha de la Champions, que les dio a los \u2018colchoneros\u2019 su paso a los octavos de final. [&hellip;]","og_url":"https:\/\/futbolhoy.co\/index.php\/2018\/11\/28\/falcao-no-tuvo-un-buen-regreso-a-madrid\/","article_publisher":"https:\/\/www.facebook.com\/FutbolHoyCol\/","article_published_time":"2018-11-28T22:39:52+00:00","article_modified_time":"2018-11-29T14:20:36+00:00","og_image":[{"width":830,"height":1200,"url":"https:\/\/futbolhoy.co\/wp-content\/uploads\/2018\/11\/Falca-homenaje.jpg","type":"image\/jpeg"}],"author":"Laura Hern\u00e1ndez","twitter_card":"summary_large_image","twitter_creator":"@FutbolHoyCol","twitter_site":"@FutbolHoyCol","twitter_misc":{"Escrito por":"Laura Hern\u00e1ndez","Tiempo de lectura":"1 minuto"},"schema":{"@context":"https:\/\/schema.org","@graph":[{"@type":"Article","@id":"https:\/\/futbolhoy.co\/index.php\/2018\/11\/28\/falcao-no-tuvo-un-buen-regreso-a-madrid\/#article","isPartOf":{"@id":"https:\/\/futbolhoy.co\/index.php\/2018\/11\/28\/falcao-no-tuvo-un-buen-regreso-a-madrid\/"},"author":{"name":"Laura Hern\u00e1ndez","@id":"https:\/\/futbolhoy.co\/#\/schema\/person\/c4a353a512b127643723a34bb1812f7d"},"headline":"Falcao no tuvo un buen regreso a Madrid","datePublished":"2018-11-28T22:39:52+00:00","dateModified":"2018-11-29T14:20:36+00:00","mainEntityOfPage":{"@id":"https:\/\/futbolhoy.co\/index.php\/2018\/11\/28\/falcao-no-tuvo-un-buen-regreso-a-madrid\/"},"wordCount":162,"commentCount":0,"publisher":{"@id":"https:\/\/futbolhoy.co\/#organization"},"image":{"@id":"https:\/\/futbolhoy.co\/index.php\/2018\/11\/28\/falcao-no-tuvo-un-buen-regreso-a-madrid\/#primaryimage"},"thumbnailUrl":"https:\/\/futbolhoy.co\/wp-content\/uploads\/2018\/11\/Falca-homenaje.jpg","keywords":["As M\u00f3naco","Falcao","Liga de Campeones","Napoli"],"articleSection":["Champions League"],"inLanguage":"es","potentialAction":[{"@type":"CommentAction","name":"Comment","target":["https:\/\/futbolhoy.co\/index.php\/2018\/11\/28\/falcao-no-tuvo-un-buen-regreso-a-madrid\/#respond"]}]},{"@type":"WebPage","@id":"https:\/\/futbolhoy.co\/index.php\/2018\/11\/28\/falcao-no-tuvo-un-buen-regreso-a-madrid\/","url":"https:\/\/futbolhoy.co\/index.php\/2018\/11\/28\/falcao-no-tuvo-un-buen-regreso-a-madrid\/","name":"Falcao no tuvo un buen regreso a Madrid -","isPartOf":{"@id":"https:\/\/futbolhoy.co\/#website"},"primaryImageOfPage":{"@id":"https:\/\/futbolhoy.co\/index.php\/2018\/11\/28\/falcao-no-tuvo-un-buen-regreso-a-madrid\/#primaryimage"},"image":{"@id":"https:\/\/futbolhoy.co\/index.php\/2018\/11\/28\/falcao-no-tuvo-un-buen-regreso-a-madrid\/#primaryimage"},"thumbnailUrl":"https:\/\/futbolhoy.co\/wp-content\/uploads\/2018\/11\/Falca-homenaje.jpg","datePublished":"2018-11-28T22:39:52+00:00","dateModified":"2018-11-29T14:20:36+00:00","breadcrumb":{"@id":"https:\/\/futbolhoy.co\/index.php\/2018\/11\/28\/falcao-no-tuvo-un-buen-regreso-a-madrid\/#breadcrumb"},"inLanguage":"es","potentialAction":[{"@type":"ReadAction","target":["https:\/\/futbolhoy.co\/index.php\/2018\/11\/28\/falcao-no-tuvo-un-buen-regreso-a-madrid\/"]}]},{"@type":"ImageObject","inLanguage":"es","@id":"https:\/\/futbolhoy.co\/index.php\/2018\/11\/28\/falcao-no-tuvo-un-buen-regreso-a-madrid\/#primaryimage","url":"https:\/\/futbolhoy.co\/wp-content\/uploads\/2018\/11\/Falca-homenaje.jpg","contentUrl":"https:\/\/futbolhoy.co\/wp-content\/uploads\/2018\/11\/Falca-homenaje.jpg","width":830,"height":1200,"caption":"@Atleti"},{"@type":"BreadcrumbList","@id":"https:\/\/futbolhoy.co\/index.php\/2018\/11\/28\/falcao-no-tuvo-un-buen-regreso-a-madrid\/#breadcrumb","itemListElement":[{"@type":"ListItem","position":1,"name":"Portada","item":"https:\/\/futbolhoy.co\/"},{"@type":"ListItem","position":2,"name":"Falcao no tuvo un buen regreso a Madrid"}]},{"@type":"WebSite","@id":"https:\/\/futbolhoy.co\/#website","url":"https:\/\/futbolhoy.co\/","name":"FutbolHoy","description":"","publisher":{"@id":"https:\/\/futbolhoy.co\/#organization"},"potentialAction":[{"@type":"SearchAction","target":{"@type":"EntryPoint","urlTemplate":"https:\/\/futbolhoy.co\/?s={search_term_string}"},"query-input":{"@type":"PropertyValueSpecification","valueRequired":true,"valueName":"search_term_string"}}],"inLanguage":"es"},{"@type":"Organization","@id":"https:\/\/futbolhoy.co\/#organization","name":"Futbolhoy.co","url":"https:\/\/futbolhoy.co\/","logo":{"@type":"ImageObject","inLanguage":"es","@id":"https:\/\/futbolhoy.co\/#\/schema\/logo\/image\/","url":"https:\/\/futbolhoy.co\/wp-content\/uploads\/2018\/08\/17426380_1906371736249227_6326180412931521141_n.jpg","contentUrl":"https:\/\/futbolhoy.co\/wp-content\/uploads\/2018\/08\/17426380_1906371736249227_6326180412931521141_n.jpg","width":960,"height":960,"caption":"Futbolhoy.co"},"image":{"@id":"https:\/\/futbolhoy.co\/#\/schema\/logo\/image\/"},"sameAs":["https:\/\/www.facebook.com\/FutbolHoyCol\/","https:\/\/x.com\/FutbolHoyCol","https:\/\/www.instagram.com\/futbolhoycol\/"]},{"@type":"Person","@id":"https:\/\/futbolhoy.co\/#\/schema\/person\/c4a353a512b127643723a34bb1812f7d","name":"Laura Hern\u00e1ndez","image":{"@type":"ImageObject","inLanguage":"es","@id":"https:\/\/futbolhoy.co\/#\/schema\/person\/image\/","url":"https:\/\/secure.gravatar.com\/avatar\/d25959a15b9b293a743f99181c7cfd01?s=96&d=mm&r=g","contentUrl":"https:\/\/secure.gravatar.com\/avatar\/d25959a15b9b293a743f99181c7cfd01?s=96&d=mm&r=g","caption":"Laura Hern\u00e1ndez"}}]}},"publishpress_future_action":{"enabled":false,"date":"2026-05-06 12:27:18","action":"change-status","newStatus":"draft","terms":[],"taxonomy":"category","extraData":[]},"publishpress_future_workflow_manual_trigger":{"enabledWorkflows":[]},"_links":{"self":[{"href":"https:\/\/futbolhoy.co\/index.php\/wp-json\/wp\/v2\/posts\/28453","targetHints":{"allow":["GET"]}}],"collection":[{"href":"https:\/\/futbolhoy.co\/index.php\/wp-json\/wp\/v2\/posts"}],"about":[{"href":"https:\/\/futbolhoy.co\/index.php\/wp-json\/wp\/v2\/types\/post"}],"author":[{"embeddable":true,"href":"https:\/\/futbolhoy.co\/index.php\/wp-json\/wp\/v2\/users\/5"}],"replies":[{"embeddable":true,"href":"https:\/\/futbolhoy.co\/index.php\/wp-json\/wp\/v2\/comments?post=28453"}],"version-history":[{"count":1,"href":"https:\/\/futbolhoy.co\/index.php\/wp-json\/wp\/v2\/posts\/28453\/revisions"}],"predecessor-version":[{"id":28455,"href":"https:\/\/futbolhoy.co\/index.php\/wp-json\/wp\/v2\/posts\/28453\/revisions\/28455"}],"wp:featuredmedia":[{"embeddable":true,"href":"https:\/\/futbolhoy.co\/index.php\/wp-json\/wp\/v2\/media\/28454"}],"wp:attachment":[{"href":"https:\/\/futbolhoy.co\/index.php\/wp-json\/wp\/v2\/media?parent=28453"}],"wp:term":[{"taxonomy":"category","embeddable":true,"href":"https:\/\/futbolhoy.co\/index.php\/wp-json\/wp\/v2\/categories?post=28453"},{"taxonomy":"post_tag","embeddable":true,"href":"https:\/\/futbolhoy.co\/index.php\/wp-json\/wp\/v2\/tags?post=28453"}],"curies":[{"name":"wp","href":"https:\/\/api.w.org\/{rel}","templated":true}]}}