{"id":28459,"date":"2018-11-28T18:58:48","date_gmt":"2018-11-28T23:58:48","guid":{"rendered":"http:\/\/futbolhoy.co\/?p=28459"},"modified":"2018-11-29T09:20:28","modified_gmt":"2018-11-29T14:20:28","slug":"dimayor-ratifico-sancion-al-once-caldas","status":"publish","type":"post","link":"https:\/\/futbolhoy.co\/index.php\/2018\/11\/28\/dimayor-ratifico-sancion-al-once-caldas\/","title":{"rendered":"Dimayor ratific\u00f3 sanci\u00f3n al Once Caldas"},"content":{"rendered":"<p style=\"text-align: justify;\"><span style=\"font-family: helvetica, arial, sans-serif;\">La <strong>Dimayor<\/strong> confirm\u00f3 la sanci\u00f3n de tres fechas al estadio <strong>Palogrande<\/strong> de <strong>Manizales<\/strong> para el <strong>Once Caldas<\/strong> por el mal comportamiento del p\u00fablico en el partido contra el <strong>Rionegro<\/strong> por la vuelta de los cuartos de final de la <strong>Liga \u00c1guila II.<\/strong><\/span><\/p>\n<p style=\"text-align: justify;\"><span style=\"font-family: helvetica, arial, sans-serif;\">Adem\u00e1s, determin\u00f3 que la tribuna sur del estadio de <strong>Palmaseca<\/strong> para el <strong>Deportivo Cali <\/strong>fuera suspendida una fecha por conducta incorrecta de los aficionados en el partido contra el <strong>Pasto<\/strong> (lanzaron huevos).<\/span><\/p>\n","protected":false},"excerpt":{"rendered":"<p>La Dimayor confirm\u00f3 la sanci\u00f3n de tres fechas al estadio Palogrande de Manizales para el Once Caldas por el mal comportamiento del p\u00fablico en el partido contra el Rionegro por la vuelta de los cuartos de final de la Liga \u00c1guila II. Adem\u00e1s, determin\u00f3 que la tribuna sur del estadio de Palmaseca para el Deportivo [&hellip;]<\/p>\n","protected":false},"author":5,"featured_media":26228,"comment_status":"open","ping_status":"open","sticky":false,"template":"","format":"standard","meta":{"_acf_changed":false,"footnotes":""},"categories":[7],"tags":[117,232],"class_list":{"0":"post-28459","1":"post","2":"type-post","3":"status-publish","4":"format-standard","5":"has-post-thumbnail","7":"category-liga-betplay","8":"tag-dimayor","9":"tag-once-caldas"},"acf":[],"yoast_head":"<!-- This site is optimized with the Yoast SEO plugin v26.8 - https:\/\/yoast.com\/product\/yoast-seo-wordpress\/ -->\n<title>Dimayor ratific\u00f3 sanci\u00f3n al Once Caldas -<\/title>\n<meta name=\"robots\" content=\"index, follow, max-snippet:-1, max-image-preview:large, max-video-preview:-1\" \/>\n<link rel=\"canonical\" href=\"https:\/\/futbolhoy.co\/index.php\/2018\/11\/28\/dimayor-ratifico-sancion-al-once-caldas\/\" \/>\n<meta property=\"og:locale\" content=\"es_ES\" \/>\n<meta property=\"og:type\" content=\"article\" \/>\n<meta property=\"og:title\" content=\"Dimayor ratific\u00f3 sanci\u00f3n al Once Caldas -\" \/>\n<meta property=\"og:description\" content=\"La Dimayor confirm\u00f3 la sanci\u00f3n de tres fechas al estadio Palogrande de Manizales para el Once Caldas por el mal comportamiento del p\u00fablico en el partido contra el Rionegro por la vuelta de los cuartos de final de la Liga \u00c1guila II. Adem\u00e1s, determin\u00f3 que la tribuna sur del estadio de Palmaseca para el Deportivo [&hellip;]\" \/>\n<meta property=\"og:url\" content=\"https:\/\/futbolhoy.co\/index.php\/2018\/11\/28\/dimayor-ratifico-sancion-al-once-caldas\/\" \/>\n<meta property=\"article:publisher\" content=\"https:\/\/www.facebook.com\/FutbolHoyCol\/\" \/>\n<meta property=\"article:published_time\" content=\"2018-11-28T23:58:48+00:00\" \/>\n<meta property=\"article:modified_time\" content=\"2018-11-29T14:20:28+00:00\" \/>\n<meta property=\"og:image\" content=\"https:\/\/futbolhoy.co\/wp-content\/uploads\/2018\/10\/DojUWGNXsAEVS8d.jpg\" \/>\n\t<meta property=\"og:image:width\" content=\"1200\" \/>\n\t<meta property=\"og:image:height\" content=\"800\" \/>\n\t<meta property=\"og:image:type\" content=\"image\/jpeg\" \/>\n<meta name=\"author\" content=\"Laura Hern\u00e1ndez\" \/>\n<meta name=\"twitter:card\" content=\"summary_large_image\" \/>\n<meta name=\"twitter:creator\" content=\"@FutbolHoyCol\" \/>\n<meta name=\"twitter:site\" content=\"@FutbolHoyCol\" \/>\n<meta name=\"twitter:label1\" content=\"Escrito por\" \/>\n\t<meta name=\"twitter:data1\" content=\"Laura Hern\u00e1ndez\" \/>\n<script type=\"application\/ld+json\" class=\"yoast-schema-graph\">{\"@context\":\"https:\/\/schema.org\",\"@graph\":[{\"@type\":\"Article\",\"@id\":\"https:\/\/futbolhoy.co\/index.php\/2018\/11\/28\/dimayor-ratifico-sancion-al-once-caldas\/#article\",\"isPartOf\":{\"@id\":\"https:\/\/futbolhoy.co\/index.php\/2018\/11\/28\/dimayor-ratifico-sancion-al-once-caldas\/\"},\"author\":{\"name\":\"Laura Hern\u00e1ndez\",\"@id\":\"https:\/\/futbolhoy.co\/#\/schema\/person\/c4a353a512b127643723a34bb1812f7d\"},\"headline\":\"Dimayor ratific\u00f3 sanci\u00f3n al Once Caldas\",\"datePublished\":\"2018-11-28T23:58:48+00:00\",\"dateModified\":\"2018-11-29T14:20:28+00:00\",\"mainEntityOfPage\":{\"@id\":\"https:\/\/futbolhoy.co\/index.php\/2018\/11\/28\/dimayor-ratifico-sancion-al-once-caldas\/\"},\"wordCount\":84,\"commentCount\":0,\"publisher\":{\"@id\":\"https:\/\/futbolhoy.co\/#organization\"},\"image\":{\"@id\":\"https:\/\/futbolhoy.co\/index.php\/2018\/11\/28\/dimayor-ratifico-sancion-al-once-caldas\/#primaryimage\"},\"thumbnailUrl\":\"https:\/\/futbolhoy.co\/wp-content\/uploads\/2018\/10\/DojUWGNXsAEVS8d.jpg\",\"keywords\":[\"Dimayor\",\"once caldas\"],\"articleSection\":[\"Liga BetPlay\"],\"inLanguage\":\"es\",\"potentialAction\":[{\"@type\":\"CommentAction\",\"name\":\"Comment\",\"target\":[\"https:\/\/futbolhoy.co\/index.php\/2018\/11\/28\/dimayor-ratifico-sancion-al-once-caldas\/#respond\"]}]},{\"@type\":\"WebPage\",\"@id\":\"https:\/\/futbolhoy.co\/index.php\/2018\/11\/28\/dimayor-ratifico-sancion-al-once-caldas\/\",\"url\":\"https:\/\/futbolhoy.co\/index.php\/2018\/11\/28\/dimayor-ratifico-sancion-al-once-caldas\/\",\"name\":\"Dimayor ratific\u00f3 sanci\u00f3n al Once Caldas -\",\"isPartOf\":{\"@id\":\"https:\/\/futbolhoy.co\/#website\"},\"primaryImageOfPage\":{\"@id\":\"https:\/\/futbolhoy.co\/index.php\/2018\/11\/28\/dimayor-ratifico-sancion-al-once-caldas\/#primaryimage\"},\"image\":{\"@id\":\"https:\/\/futbolhoy.co\/index.php\/2018\/11\/28\/dimayor-ratifico-sancion-al-once-caldas\/#primaryimage\"},\"thumbnailUrl\":\"https:\/\/futbolhoy.co\/wp-content\/uploads\/2018\/10\/DojUWGNXsAEVS8d.jpg\",\"datePublished\":\"2018-11-28T23:58:48+00:00\",\"dateModified\":\"2018-11-29T14:20:28+00:00\",\"breadcrumb\":{\"@id\":\"https:\/\/futbolhoy.co\/index.php\/2018\/11\/28\/dimayor-ratifico-sancion-al-once-caldas\/#breadcrumb\"},\"inLanguage\":\"es\",\"potentialAction\":[{\"@type\":\"ReadAction\",\"target\":[\"https:\/\/futbolhoy.co\/index.php\/2018\/11\/28\/dimayor-ratifico-sancion-al-once-caldas\/\"]}]},{\"@type\":\"ImageObject\",\"inLanguage\":\"es\",\"@id\":\"https:\/\/futbolhoy.co\/index.php\/2018\/11\/28\/dimayor-ratifico-sancion-al-once-caldas\/#primaryimage\",\"url\":\"https:\/\/futbolhoy.co\/wp-content\/uploads\/2018\/10\/DojUWGNXsAEVS8d.jpg\",\"contentUrl\":\"https:\/\/futbolhoy.co\/wp-content\/uploads\/2018\/10\/DojUWGNXsAEVS8d.jpg\",\"width\":1200,\"height\":800,\"caption\":\"Twitter @OnceCaldas\"},{\"@type\":\"BreadcrumbList\",\"@id\":\"https:\/\/futbolhoy.co\/index.php\/2018\/11\/28\/dimayor-ratifico-sancion-al-once-caldas\/#breadcrumb\",\"itemListElement\":[{\"@type\":\"ListItem\",\"position\":1,\"name\":\"Portada\",\"item\":\"https:\/\/futbolhoy.co\/\"},{\"@type\":\"ListItem\",\"position\":2,\"name\":\"Dimayor ratific\u00f3 sanci\u00f3n al Once Caldas\"}]},{\"@type\":\"WebSite\",\"@id\":\"https:\/\/futbolhoy.co\/#website\",\"url\":\"https:\/\/futbolhoy.co\/\",\"name\":\"FutbolHoy\",\"description\":\"\",\"publisher\":{\"@id\":\"https:\/\/futbolhoy.co\/#organization\"},\"potentialAction\":[{\"@type\":\"SearchAction\",\"target\":{\"@type\":\"EntryPoint\",\"urlTemplate\":\"https:\/\/futbolhoy.co\/?s={search_term_string}\"},\"query-input\":{\"@type\":\"PropertyValueSpecification\",\"valueRequired\":true,\"valueName\":\"search_term_string\"}}],\"inLanguage\":\"es\"},{\"@type\":\"Organization\",\"@id\":\"https:\/\/futbolhoy.co\/#organization\",\"name\":\"Futbolhoy.co\",\"url\":\"https:\/\/futbolhoy.co\/\",\"logo\":{\"@type\":\"ImageObject\",\"inLanguage\":\"es\",\"@id\":\"https:\/\/futbolhoy.co\/#\/schema\/logo\/image\/\",\"url\":\"https:\/\/futbolhoy.co\/wp-content\/uploads\/2018\/08\/17426380_1906371736249227_6326180412931521141_n.jpg\",\"contentUrl\":\"https:\/\/futbolhoy.co\/wp-content\/uploads\/2018\/08\/17426380_1906371736249227_6326180412931521141_n.jpg\",\"width\":960,\"height\":960,\"caption\":\"Futbolhoy.co\"},\"image\":{\"@id\":\"https:\/\/futbolhoy.co\/#\/schema\/logo\/image\/\"},\"sameAs\":[\"https:\/\/www.facebook.com\/FutbolHoyCol\/\",\"https:\/\/x.com\/FutbolHoyCol\",\"https:\/\/www.instagram.com\/futbolhoycol\/\"]},{\"@type\":\"Person\",\"@id\":\"https:\/\/futbolhoy.co\/#\/schema\/person\/c4a353a512b127643723a34bb1812f7d\",\"name\":\"Laura Hern\u00e1ndez\",\"image\":{\"@type\":\"ImageObject\",\"inLanguage\":\"es\",\"@id\":\"https:\/\/futbolhoy.co\/#\/schema\/person\/image\/\",\"url\":\"https:\/\/secure.gravatar.com\/avatar\/d25959a15b9b293a743f99181c7cfd01?s=96&d=mm&r=g\",\"contentUrl\":\"https:\/\/secure.gravatar.com\/avatar\/d25959a15b9b293a743f99181c7cfd01?s=96&d=mm&r=g\",\"caption\":\"Laura Hern\u00e1ndez\"}}]}<\/script>\n<!-- \/ Yoast SEO plugin. -->","yoast_head_json":{"title":"Dimayor ratific\u00f3 sanci\u00f3n al Once Caldas -","robots":{"index":"index","follow":"follow","max-snippet":"max-snippet:-1","max-image-preview":"max-image-preview:large","max-video-preview":"max-video-preview:-1"},"canonical":"https:\/\/futbolhoy.co\/index.php\/2018\/11\/28\/dimayor-ratifico-sancion-al-once-caldas\/","og_locale":"es_ES","og_type":"article","og_title":"Dimayor ratific\u00f3 sanci\u00f3n al Once Caldas -","og_description":"La Dimayor confirm\u00f3 la sanci\u00f3n de tres fechas al estadio Palogrande de Manizales para el Once Caldas por el mal comportamiento del p\u00fablico en el partido contra el Rionegro por la vuelta de los cuartos de final de la Liga \u00c1guila II. Adem\u00e1s, determin\u00f3 que la tribuna sur del estadio de Palmaseca para el Deportivo [&hellip;]","og_url":"https:\/\/futbolhoy.co\/index.php\/2018\/11\/28\/dimayor-ratifico-sancion-al-once-caldas\/","article_publisher":"https:\/\/www.facebook.com\/FutbolHoyCol\/","article_published_time":"2018-11-28T23:58:48+00:00","article_modified_time":"2018-11-29T14:20:28+00:00","og_image":[{"width":1200,"height":800,"url":"https:\/\/futbolhoy.co\/wp-content\/uploads\/2018\/10\/DojUWGNXsAEVS8d.jpg","type":"image\/jpeg"}],"author":"Laura Hern\u00e1ndez","twitter_card":"summary_large_image","twitter_creator":"@FutbolHoyCol","twitter_site":"@FutbolHoyCol","twitter_misc":{"Escrito por":"Laura Hern\u00e1ndez"},"schema":{"@context":"https:\/\/schema.org","@graph":[{"@type":"Article","@id":"https:\/\/futbolhoy.co\/index.php\/2018\/11\/28\/dimayor-ratifico-sancion-al-once-caldas\/#article","isPartOf":{"@id":"https:\/\/futbolhoy.co\/index.php\/2018\/11\/28\/dimayor-ratifico-sancion-al-once-caldas\/"},"author":{"name":"Laura Hern\u00e1ndez","@id":"https:\/\/futbolhoy.co\/#\/schema\/person\/c4a353a512b127643723a34bb1812f7d"},"headline":"Dimayor ratific\u00f3 sanci\u00f3n al Once Caldas","datePublished":"2018-11-28T23:58:48+00:00","dateModified":"2018-11-29T14:20:28+00:00","mainEntityOfPage":{"@id":"https:\/\/futbolhoy.co\/index.php\/2018\/11\/28\/dimayor-ratifico-sancion-al-once-caldas\/"},"wordCount":84,"commentCount":0,"publisher":{"@id":"https:\/\/futbolhoy.co\/#organization"},"image":{"@id":"https:\/\/futbolhoy.co\/index.php\/2018\/11\/28\/dimayor-ratifico-sancion-al-once-caldas\/#primaryimage"},"thumbnailUrl":"https:\/\/futbolhoy.co\/wp-content\/uploads\/2018\/10\/DojUWGNXsAEVS8d.jpg","keywords":["Dimayor","once caldas"],"articleSection":["Liga BetPlay"],"inLanguage":"es","potentialAction":[{"@type":"CommentAction","name":"Comment","target":["https:\/\/futbolhoy.co\/index.php\/2018\/11\/28\/dimayor-ratifico-sancion-al-once-caldas\/#respond"]}]},{"@type":"WebPage","@id":"https:\/\/futbolhoy.co\/index.php\/2018\/11\/28\/dimayor-ratifico-sancion-al-once-caldas\/","url":"https:\/\/futbolhoy.co\/index.php\/2018\/11\/28\/dimayor-ratifico-sancion-al-once-caldas\/","name":"Dimayor ratific\u00f3 sanci\u00f3n al Once Caldas -","isPartOf":{"@id":"https:\/\/futbolhoy.co\/#website"},"primaryImageOfPage":{"@id":"https:\/\/futbolhoy.co\/index.php\/2018\/11\/28\/dimayor-ratifico-sancion-al-once-caldas\/#primaryimage"},"image":{"@id":"https:\/\/futbolhoy.co\/index.php\/2018\/11\/28\/dimayor-ratifico-sancion-al-once-caldas\/#primaryimage"},"thumbnailUrl":"https:\/\/futbolhoy.co\/wp-content\/uploads\/2018\/10\/DojUWGNXsAEVS8d.jpg","datePublished":"2018-11-28T23:58:48+00:00","dateModified":"2018-11-29T14:20:28+00:00","breadcrumb":{"@id":"https:\/\/futbolhoy.co\/index.php\/2018\/11\/28\/dimayor-ratifico-sancion-al-once-caldas\/#breadcrumb"},"inLanguage":"es","potentialAction":[{"@type":"ReadAction","target":["https:\/\/futbolhoy.co\/index.php\/2018\/11\/28\/dimayor-ratifico-sancion-al-once-caldas\/"]}]},{"@type":"ImageObject","inLanguage":"es","@id":"https:\/\/futbolhoy.co\/index.php\/2018\/11\/28\/dimayor-ratifico-sancion-al-once-caldas\/#primaryimage","url":"https:\/\/futbolhoy.co\/wp-content\/uploads\/2018\/10\/DojUWGNXsAEVS8d.jpg","contentUrl":"https:\/\/futbolhoy.co\/wp-content\/uploads\/2018\/10\/DojUWGNXsAEVS8d.jpg","width":1200,"height":800,"caption":"Twitter @OnceCaldas"},{"@type":"BreadcrumbList","@id":"https:\/\/futbolhoy.co\/index.php\/2018\/11\/28\/dimayor-ratifico-sancion-al-once-caldas\/#breadcrumb","itemListElement":[{"@type":"ListItem","position":1,"name":"Portada","item":"https:\/\/futbolhoy.co\/"},{"@type":"ListItem","position":2,"name":"Dimayor ratific\u00f3 sanci\u00f3n al Once Caldas"}]},{"@type":"WebSite","@id":"https:\/\/futbolhoy.co\/#website","url":"https:\/\/futbolhoy.co\/","name":"FutbolHoy","description":"","publisher":{"@id":"https:\/\/futbolhoy.co\/#organization"},"potentialAction":[{"@type":"SearchAction","target":{"@type":"EntryPoint","urlTemplate":"https:\/\/futbolhoy.co\/?s={search_term_string}"},"query-input":{"@type":"PropertyValueSpecification","valueRequired":true,"valueName":"search_term_string"}}],"inLanguage":"es"},{"@type":"Organization","@id":"https:\/\/futbolhoy.co\/#organization","name":"Futbolhoy.co","url":"https:\/\/futbolhoy.co\/","logo":{"@type":"ImageObject","inLanguage":"es","@id":"https:\/\/futbolhoy.co\/#\/schema\/logo\/image\/","url":"https:\/\/futbolhoy.co\/wp-content\/uploads\/2018\/08\/17426380_1906371736249227_6326180412931521141_n.jpg","contentUrl":"https:\/\/futbolhoy.co\/wp-content\/uploads\/2018\/08\/17426380_1906371736249227_6326180412931521141_n.jpg","width":960,"height":960,"caption":"Futbolhoy.co"},"image":{"@id":"https:\/\/futbolhoy.co\/#\/schema\/logo\/image\/"},"sameAs":["https:\/\/www.facebook.com\/FutbolHoyCol\/","https:\/\/x.com\/FutbolHoyCol","https:\/\/www.instagram.com\/futbolhoycol\/"]},{"@type":"Person","@id":"https:\/\/futbolhoy.co\/#\/schema\/person\/c4a353a512b127643723a34bb1812f7d","name":"Laura Hern\u00e1ndez","image":{"@type":"ImageObject","inLanguage":"es","@id":"https:\/\/futbolhoy.co\/#\/schema\/person\/image\/","url":"https:\/\/secure.gravatar.com\/avatar\/d25959a15b9b293a743f99181c7cfd01?s=96&d=mm&r=g","contentUrl":"https:\/\/secure.gravatar.com\/avatar\/d25959a15b9b293a743f99181c7cfd01?s=96&d=mm&r=g","caption":"Laura Hern\u00e1ndez"}}]}},"publishpress_future_action":{"enabled":false,"date":"2026-05-06 12:19:15","action":"change-status","newStatus":"draft","terms":[],"taxonomy":"category","extraData":[]},"publishpress_future_workflow_manual_trigger":{"enabledWorkflows":[]},"_links":{"self":[{"href":"https:\/\/futbolhoy.co\/index.php\/wp-json\/wp\/v2\/posts\/28459","targetHints":{"allow":["GET"]}}],"collection":[{"href":"https:\/\/futbolhoy.co\/index.php\/wp-json\/wp\/v2\/posts"}],"about":[{"href":"https:\/\/futbolhoy.co\/index.php\/wp-json\/wp\/v2\/types\/post"}],"author":[{"embeddable":true,"href":"https:\/\/futbolhoy.co\/index.php\/wp-json\/wp\/v2\/users\/5"}],"replies":[{"embeddable":true,"href":"https:\/\/futbolhoy.co\/index.php\/wp-json\/wp\/v2\/comments?post=28459"}],"version-history":[{"count":1,"href":"https:\/\/futbolhoy.co\/index.php\/wp-json\/wp\/v2\/posts\/28459\/revisions"}],"predecessor-version":[{"id":28460,"href":"https:\/\/futbolhoy.co\/index.php\/wp-json\/wp\/v2\/posts\/28459\/revisions\/28460"}],"wp:featuredmedia":[{"embeddable":true,"href":"https:\/\/futbolhoy.co\/index.php\/wp-json\/wp\/v2\/media\/26228"}],"wp:attachment":[{"href":"https:\/\/futbolhoy.co\/index.php\/wp-json\/wp\/v2\/media?parent=28459"}],"wp:term":[{"taxonomy":"category","embeddable":true,"href":"https:\/\/futbolhoy.co\/index.php\/wp-json\/wp\/v2\/categories?post=28459"},{"taxonomy":"post_tag","embeddable":true,"href":"https:\/\/futbolhoy.co\/index.php\/wp-json\/wp\/v2\/tags?post=28459"}],"curies":[{"name":"wp","href":"https:\/\/api.w.org\/{rel}","templated":true}]}}