{"id":28470,"date":"2018-11-28T19:23:17","date_gmt":"2018-11-29T00:23:17","guid":{"rendered":"http:\/\/futbolhoy.co\/?p=28470"},"modified":"2018-11-28T19:23:17","modified_gmt":"2018-11-29T00:23:17","slug":"piedrahita-el-mejor-lateral-derecho-de-sudamerica","status":"publish","type":"post","link":"https:\/\/futbolhoy.co\/index.php\/2018\/11\/28\/piedrahita-el-mejor-lateral-derecho-de-sudamerica\/","title":{"rendered":"Piedrahita, el mejor lateral derecho de Sudam\u00e9rica"},"content":{"rendered":"<p style=\"text-align: justify;\"><span style=\"font-family: helvetica, arial, sans-serif;\">El colombiano <strong>Marlon Piedrahita,<\/strong> del <strong>Atl\u00e9tico Junior<\/strong>, fue escogido por los aficionados como el mejor lateral derecho de <strong>Sudam\u00e9rica<\/strong>, seg\u00fan la <strong>Conmebol<\/strong>.<\/span><\/p>\n<p style=\"text-align: justify;\"><span style=\"font-family: helvetica, arial, sans-serif;\">Piedrahita, de 33 a\u00f1os, ha disputado esta temporada 44 partidos y ha marcado 2 goles con el \u2018tibur\u00f3n\u2019, pero entre la <strong>Copa Libertadores<\/strong> y la Sudamericana, jug\u00f3 16 partidos y convirti\u00f3 un gol.<\/span><\/p>\n<p style=\"text-align: justify;\"><span style=\"font-family: helvetica, arial, sans-serif;\">El resto de la defensa del continente la conforman los jugadores del Gremio brasile\u00f1o, <strong>Geromel<\/strong>, el argentino<strong> Walter Kannemann<\/strong> y<strong> Leo Moura.<\/strong><\/span><\/p>\n","protected":false},"excerpt":{"rendered":"<p>El colombiano Marlon Piedrahita, del Atl\u00e9tico Junior, fue escogido por los aficionados como el mejor lateral derecho de Sudam\u00e9rica, seg\u00fan la Conmebol. Piedrahita, de 33 a\u00f1os, ha disputado esta temporada 44 partidos y ha marcado 2 goles con el \u2018tibur\u00f3n\u2019, pero entre la Copa Libertadores y la Sudamericana, jug\u00f3 16 partidos y convirti\u00f3 un gol. [&hellip;]<\/p>\n","protected":false},"author":5,"featured_media":28471,"comment_status":"open","ping_status":"open","sticky":false,"template":"","format":"standard","meta":{"_acf_changed":false,"footnotes":""},"categories":[7],"tags":[90,1250],"class_list":{"0":"post-28470","1":"post","2":"type-post","3":"status-publish","4":"format-standard","5":"has-post-thumbnail","7":"category-liga-betplay","8":"tag-junior","9":"tag-marlo-piedrahita"},"acf":[],"yoast_head":"<!-- This site is optimized with the Yoast SEO plugin v26.8 - https:\/\/yoast.com\/product\/yoast-seo-wordpress\/ -->\n<title>Piedrahita, el mejor lateral derecho de Sudam\u00e9rica -<\/title>\n<meta name=\"robots\" content=\"index, follow, max-snippet:-1, max-image-preview:large, max-video-preview:-1\" \/>\n<link rel=\"canonical\" href=\"https:\/\/futbolhoy.co\/index.php\/2018\/11\/28\/piedrahita-el-mejor-lateral-derecho-de-sudamerica\/\" \/>\n<meta property=\"og:locale\" content=\"es_ES\" \/>\n<meta property=\"og:type\" content=\"article\" \/>\n<meta property=\"og:title\" content=\"Piedrahita, el mejor lateral derecho de Sudam\u00e9rica -\" \/>\n<meta property=\"og:description\" content=\"El colombiano Marlon Piedrahita, del Atl\u00e9tico Junior, fue escogido por los aficionados como el mejor lateral derecho de Sudam\u00e9rica, seg\u00fan la Conmebol. Piedrahita, de 33 a\u00f1os, ha disputado esta temporada 44 partidos y ha marcado 2 goles con el \u2018tibur\u00f3n\u2019, pero entre la Copa Libertadores y la Sudamericana, jug\u00f3 16 partidos y convirti\u00f3 un gol. [&hellip;]\" \/>\n<meta property=\"og:url\" content=\"https:\/\/futbolhoy.co\/index.php\/2018\/11\/28\/piedrahita-el-mejor-lateral-derecho-de-sudamerica\/\" \/>\n<meta property=\"article:publisher\" content=\"https:\/\/www.facebook.com\/FutbolHoyCol\/\" \/>\n<meta property=\"article:published_time\" content=\"2018-11-29T00:23:17+00:00\" \/>\n<meta property=\"og:image\" content=\"https:\/\/futbolhoy.co\/wp-content\/uploads\/2018\/11\/Piedrahita.jpg\" \/>\n\t<meta property=\"og:image:width\" content=\"1080\" \/>\n\t<meta property=\"og:image:height\" content=\"1080\" \/>\n\t<meta property=\"og:image:type\" content=\"image\/jpeg\" \/>\n<meta name=\"author\" content=\"Laura Hern\u00e1ndez\" \/>\n<meta name=\"twitter:card\" content=\"summary_large_image\" \/>\n<meta name=\"twitter:creator\" content=\"@FutbolHoyCol\" \/>\n<meta name=\"twitter:site\" content=\"@FutbolHoyCol\" \/>\n<meta name=\"twitter:label1\" content=\"Escrito por\" \/>\n\t<meta name=\"twitter:data1\" content=\"Laura Hern\u00e1ndez\" \/>\n<script type=\"application\/ld+json\" class=\"yoast-schema-graph\">{\"@context\":\"https:\/\/schema.org\",\"@graph\":[{\"@type\":\"Article\",\"@id\":\"https:\/\/futbolhoy.co\/index.php\/2018\/11\/28\/piedrahita-el-mejor-lateral-derecho-de-sudamerica\/#article\",\"isPartOf\":{\"@id\":\"https:\/\/futbolhoy.co\/index.php\/2018\/11\/28\/piedrahita-el-mejor-lateral-derecho-de-sudamerica\/\"},\"author\":{\"name\":\"Laura Hern\u00e1ndez\",\"@id\":\"https:\/\/futbolhoy.co\/#\/schema\/person\/c4a353a512b127643723a34bb1812f7d\"},\"headline\":\"Piedrahita, el mejor lateral derecho de Sudam\u00e9rica\",\"datePublished\":\"2018-11-29T00:23:17+00:00\",\"mainEntityOfPage\":{\"@id\":\"https:\/\/futbolhoy.co\/index.php\/2018\/11\/28\/piedrahita-el-mejor-lateral-derecho-de-sudamerica\/\"},\"wordCount\":87,\"commentCount\":0,\"publisher\":{\"@id\":\"https:\/\/futbolhoy.co\/#organization\"},\"image\":{\"@id\":\"https:\/\/futbolhoy.co\/index.php\/2018\/11\/28\/piedrahita-el-mejor-lateral-derecho-de-sudamerica\/#primaryimage\"},\"thumbnailUrl\":\"https:\/\/futbolhoy.co\/wp-content\/uploads\/2018\/11\/Piedrahita.jpg\",\"keywords\":[\"Junior\",\"Marlo Piedrahita\"],\"articleSection\":[\"Liga BetPlay\"],\"inLanguage\":\"es\",\"potentialAction\":[{\"@type\":\"CommentAction\",\"name\":\"Comment\",\"target\":[\"https:\/\/futbolhoy.co\/index.php\/2018\/11\/28\/piedrahita-el-mejor-lateral-derecho-de-sudamerica\/#respond\"]}]},{\"@type\":\"WebPage\",\"@id\":\"https:\/\/futbolhoy.co\/index.php\/2018\/11\/28\/piedrahita-el-mejor-lateral-derecho-de-sudamerica\/\",\"url\":\"https:\/\/futbolhoy.co\/index.php\/2018\/11\/28\/piedrahita-el-mejor-lateral-derecho-de-sudamerica\/\",\"name\":\"Piedrahita, el mejor lateral derecho de Sudam\u00e9rica -\",\"isPartOf\":{\"@id\":\"https:\/\/futbolhoy.co\/#website\"},\"primaryImageOfPage\":{\"@id\":\"https:\/\/futbolhoy.co\/index.php\/2018\/11\/28\/piedrahita-el-mejor-lateral-derecho-de-sudamerica\/#primaryimage\"},\"image\":{\"@id\":\"https:\/\/futbolhoy.co\/index.php\/2018\/11\/28\/piedrahita-el-mejor-lateral-derecho-de-sudamerica\/#primaryimage\"},\"thumbnailUrl\":\"https:\/\/futbolhoy.co\/wp-content\/uploads\/2018\/11\/Piedrahita.jpg\",\"datePublished\":\"2018-11-29T00:23:17+00:00\",\"breadcrumb\":{\"@id\":\"https:\/\/futbolhoy.co\/index.php\/2018\/11\/28\/piedrahita-el-mejor-lateral-derecho-de-sudamerica\/#breadcrumb\"},\"inLanguage\":\"es\",\"potentialAction\":[{\"@type\":\"ReadAction\",\"target\":[\"https:\/\/futbolhoy.co\/index.php\/2018\/11\/28\/piedrahita-el-mejor-lateral-derecho-de-sudamerica\/\"]}]},{\"@type\":\"ImageObject\",\"inLanguage\":\"es\",\"@id\":\"https:\/\/futbolhoy.co\/index.php\/2018\/11\/28\/piedrahita-el-mejor-lateral-derecho-de-sudamerica\/#primaryimage\",\"url\":\"https:\/\/futbolhoy.co\/wp-content\/uploads\/2018\/11\/Piedrahita.jpg\",\"contentUrl\":\"https:\/\/futbolhoy.co\/wp-content\/uploads\/2018\/11\/Piedrahita.jpg\",\"width\":1080,\"height\":1080,\"caption\":\"@Conmebol\"},{\"@type\":\"BreadcrumbList\",\"@id\":\"https:\/\/futbolhoy.co\/index.php\/2018\/11\/28\/piedrahita-el-mejor-lateral-derecho-de-sudamerica\/#breadcrumb\",\"itemListElement\":[{\"@type\":\"ListItem\",\"position\":1,\"name\":\"Portada\",\"item\":\"https:\/\/futbolhoy.co\/\"},{\"@type\":\"ListItem\",\"position\":2,\"name\":\"Piedrahita, el mejor lateral derecho de Sudam\u00e9rica\"}]},{\"@type\":\"WebSite\",\"@id\":\"https:\/\/futbolhoy.co\/#website\",\"url\":\"https:\/\/futbolhoy.co\/\",\"name\":\"FutbolHoy\",\"description\":\"\",\"publisher\":{\"@id\":\"https:\/\/futbolhoy.co\/#organization\"},\"potentialAction\":[{\"@type\":\"SearchAction\",\"target\":{\"@type\":\"EntryPoint\",\"urlTemplate\":\"https:\/\/futbolhoy.co\/?s={search_term_string}\"},\"query-input\":{\"@type\":\"PropertyValueSpecification\",\"valueRequired\":true,\"valueName\":\"search_term_string\"}}],\"inLanguage\":\"es\"},{\"@type\":\"Organization\",\"@id\":\"https:\/\/futbolhoy.co\/#organization\",\"name\":\"Futbolhoy.co\",\"url\":\"https:\/\/futbolhoy.co\/\",\"logo\":{\"@type\":\"ImageObject\",\"inLanguage\":\"es\",\"@id\":\"https:\/\/futbolhoy.co\/#\/schema\/logo\/image\/\",\"url\":\"https:\/\/futbolhoy.co\/wp-content\/uploads\/2018\/08\/17426380_1906371736249227_6326180412931521141_n.jpg\",\"contentUrl\":\"https:\/\/futbolhoy.co\/wp-content\/uploads\/2018\/08\/17426380_1906371736249227_6326180412931521141_n.jpg\",\"width\":960,\"height\":960,\"caption\":\"Futbolhoy.co\"},\"image\":{\"@id\":\"https:\/\/futbolhoy.co\/#\/schema\/logo\/image\/\"},\"sameAs\":[\"https:\/\/www.facebook.com\/FutbolHoyCol\/\",\"https:\/\/x.com\/FutbolHoyCol\",\"https:\/\/www.instagram.com\/futbolhoycol\/\"]},{\"@type\":\"Person\",\"@id\":\"https:\/\/futbolhoy.co\/#\/schema\/person\/c4a353a512b127643723a34bb1812f7d\",\"name\":\"Laura Hern\u00e1ndez\",\"image\":{\"@type\":\"ImageObject\",\"inLanguage\":\"es\",\"@id\":\"https:\/\/futbolhoy.co\/#\/schema\/person\/image\/\",\"url\":\"https:\/\/secure.gravatar.com\/avatar\/d25959a15b9b293a743f99181c7cfd01?s=96&d=mm&r=g\",\"contentUrl\":\"https:\/\/secure.gravatar.com\/avatar\/d25959a15b9b293a743f99181c7cfd01?s=96&d=mm&r=g\",\"caption\":\"Laura Hern\u00e1ndez\"}}]}<\/script>\n<!-- \/ Yoast SEO plugin. -->","yoast_head_json":{"title":"Piedrahita, el mejor lateral derecho de Sudam\u00e9rica -","robots":{"index":"index","follow":"follow","max-snippet":"max-snippet:-1","max-image-preview":"max-image-preview:large","max-video-preview":"max-video-preview:-1"},"canonical":"https:\/\/futbolhoy.co\/index.php\/2018\/11\/28\/piedrahita-el-mejor-lateral-derecho-de-sudamerica\/","og_locale":"es_ES","og_type":"article","og_title":"Piedrahita, el mejor lateral derecho de Sudam\u00e9rica -","og_description":"El colombiano Marlon Piedrahita, del Atl\u00e9tico Junior, fue escogido por los aficionados como el mejor lateral derecho de Sudam\u00e9rica, seg\u00fan la Conmebol. Piedrahita, de 33 a\u00f1os, ha disputado esta temporada 44 partidos y ha marcado 2 goles con el \u2018tibur\u00f3n\u2019, pero entre la Copa Libertadores y la Sudamericana, jug\u00f3 16 partidos y convirti\u00f3 un gol. [&hellip;]","og_url":"https:\/\/futbolhoy.co\/index.php\/2018\/11\/28\/piedrahita-el-mejor-lateral-derecho-de-sudamerica\/","article_publisher":"https:\/\/www.facebook.com\/FutbolHoyCol\/","article_published_time":"2018-11-29T00:23:17+00:00","og_image":[{"width":1080,"height":1080,"url":"https:\/\/futbolhoy.co\/wp-content\/uploads\/2018\/11\/Piedrahita.jpg","type":"image\/jpeg"}],"author":"Laura Hern\u00e1ndez","twitter_card":"summary_large_image","twitter_creator":"@FutbolHoyCol","twitter_site":"@FutbolHoyCol","twitter_misc":{"Escrito por":"Laura Hern\u00e1ndez"},"schema":{"@context":"https:\/\/schema.org","@graph":[{"@type":"Article","@id":"https:\/\/futbolhoy.co\/index.php\/2018\/11\/28\/piedrahita-el-mejor-lateral-derecho-de-sudamerica\/#article","isPartOf":{"@id":"https:\/\/futbolhoy.co\/index.php\/2018\/11\/28\/piedrahita-el-mejor-lateral-derecho-de-sudamerica\/"},"author":{"name":"Laura Hern\u00e1ndez","@id":"https:\/\/futbolhoy.co\/#\/schema\/person\/c4a353a512b127643723a34bb1812f7d"},"headline":"Piedrahita, el mejor lateral derecho de Sudam\u00e9rica","datePublished":"2018-11-29T00:23:17+00:00","mainEntityOfPage":{"@id":"https:\/\/futbolhoy.co\/index.php\/2018\/11\/28\/piedrahita-el-mejor-lateral-derecho-de-sudamerica\/"},"wordCount":87,"commentCount":0,"publisher":{"@id":"https:\/\/futbolhoy.co\/#organization"},"image":{"@id":"https:\/\/futbolhoy.co\/index.php\/2018\/11\/28\/piedrahita-el-mejor-lateral-derecho-de-sudamerica\/#primaryimage"},"thumbnailUrl":"https:\/\/futbolhoy.co\/wp-content\/uploads\/2018\/11\/Piedrahita.jpg","keywords":["Junior","Marlo Piedrahita"],"articleSection":["Liga BetPlay"],"inLanguage":"es","potentialAction":[{"@type":"CommentAction","name":"Comment","target":["https:\/\/futbolhoy.co\/index.php\/2018\/11\/28\/piedrahita-el-mejor-lateral-derecho-de-sudamerica\/#respond"]}]},{"@type":"WebPage","@id":"https:\/\/futbolhoy.co\/index.php\/2018\/11\/28\/piedrahita-el-mejor-lateral-derecho-de-sudamerica\/","url":"https:\/\/futbolhoy.co\/index.php\/2018\/11\/28\/piedrahita-el-mejor-lateral-derecho-de-sudamerica\/","name":"Piedrahita, el mejor lateral derecho de Sudam\u00e9rica -","isPartOf":{"@id":"https:\/\/futbolhoy.co\/#website"},"primaryImageOfPage":{"@id":"https:\/\/futbolhoy.co\/index.php\/2018\/11\/28\/piedrahita-el-mejor-lateral-derecho-de-sudamerica\/#primaryimage"},"image":{"@id":"https:\/\/futbolhoy.co\/index.php\/2018\/11\/28\/piedrahita-el-mejor-lateral-derecho-de-sudamerica\/#primaryimage"},"thumbnailUrl":"https:\/\/futbolhoy.co\/wp-content\/uploads\/2018\/11\/Piedrahita.jpg","datePublished":"2018-11-29T00:23:17+00:00","breadcrumb":{"@id":"https:\/\/futbolhoy.co\/index.php\/2018\/11\/28\/piedrahita-el-mejor-lateral-derecho-de-sudamerica\/#breadcrumb"},"inLanguage":"es","potentialAction":[{"@type":"ReadAction","target":["https:\/\/futbolhoy.co\/index.php\/2018\/11\/28\/piedrahita-el-mejor-lateral-derecho-de-sudamerica\/"]}]},{"@type":"ImageObject","inLanguage":"es","@id":"https:\/\/futbolhoy.co\/index.php\/2018\/11\/28\/piedrahita-el-mejor-lateral-derecho-de-sudamerica\/#primaryimage","url":"https:\/\/futbolhoy.co\/wp-content\/uploads\/2018\/11\/Piedrahita.jpg","contentUrl":"https:\/\/futbolhoy.co\/wp-content\/uploads\/2018\/11\/Piedrahita.jpg","width":1080,"height":1080,"caption":"@Conmebol"},{"@type":"BreadcrumbList","@id":"https:\/\/futbolhoy.co\/index.php\/2018\/11\/28\/piedrahita-el-mejor-lateral-derecho-de-sudamerica\/#breadcrumb","itemListElement":[{"@type":"ListItem","position":1,"name":"Portada","item":"https:\/\/futbolhoy.co\/"},{"@type":"ListItem","position":2,"name":"Piedrahita, el mejor lateral derecho de Sudam\u00e9rica"}]},{"@type":"WebSite","@id":"https:\/\/futbolhoy.co\/#website","url":"https:\/\/futbolhoy.co\/","name":"FutbolHoy","description":"","publisher":{"@id":"https:\/\/futbolhoy.co\/#organization"},"potentialAction":[{"@type":"SearchAction","target":{"@type":"EntryPoint","urlTemplate":"https:\/\/futbolhoy.co\/?s={search_term_string}"},"query-input":{"@type":"PropertyValueSpecification","valueRequired":true,"valueName":"search_term_string"}}],"inLanguage":"es"},{"@type":"Organization","@id":"https:\/\/futbolhoy.co\/#organization","name":"Futbolhoy.co","url":"https:\/\/futbolhoy.co\/","logo":{"@type":"ImageObject","inLanguage":"es","@id":"https:\/\/futbolhoy.co\/#\/schema\/logo\/image\/","url":"https:\/\/futbolhoy.co\/wp-content\/uploads\/2018\/08\/17426380_1906371736249227_6326180412931521141_n.jpg","contentUrl":"https:\/\/futbolhoy.co\/wp-content\/uploads\/2018\/08\/17426380_1906371736249227_6326180412931521141_n.jpg","width":960,"height":960,"caption":"Futbolhoy.co"},"image":{"@id":"https:\/\/futbolhoy.co\/#\/schema\/logo\/image\/"},"sameAs":["https:\/\/www.facebook.com\/FutbolHoyCol\/","https:\/\/x.com\/FutbolHoyCol","https:\/\/www.instagram.com\/futbolhoycol\/"]},{"@type":"Person","@id":"https:\/\/futbolhoy.co\/#\/schema\/person\/c4a353a512b127643723a34bb1812f7d","name":"Laura Hern\u00e1ndez","image":{"@type":"ImageObject","inLanguage":"es","@id":"https:\/\/futbolhoy.co\/#\/schema\/person\/image\/","url":"https:\/\/secure.gravatar.com\/avatar\/d25959a15b9b293a743f99181c7cfd01?s=96&d=mm&r=g","contentUrl":"https:\/\/secure.gravatar.com\/avatar\/d25959a15b9b293a743f99181c7cfd01?s=96&d=mm&r=g","caption":"Laura Hern\u00e1ndez"}}]}},"publishpress_future_action":{"enabled":false,"date":"2026-05-06 10:33:46","action":"change-status","newStatus":"draft","terms":[],"taxonomy":"category","extraData":[]},"publishpress_future_workflow_manual_trigger":{"enabledWorkflows":[]},"_links":{"self":[{"href":"https:\/\/futbolhoy.co\/index.php\/wp-json\/wp\/v2\/posts\/28470","targetHints":{"allow":["GET"]}}],"collection":[{"href":"https:\/\/futbolhoy.co\/index.php\/wp-json\/wp\/v2\/posts"}],"about":[{"href":"https:\/\/futbolhoy.co\/index.php\/wp-json\/wp\/v2\/types\/post"}],"author":[{"embeddable":true,"href":"https:\/\/futbolhoy.co\/index.php\/wp-json\/wp\/v2\/users\/5"}],"replies":[{"embeddable":true,"href":"https:\/\/futbolhoy.co\/index.php\/wp-json\/wp\/v2\/comments?post=28470"}],"version-history":[{"count":1,"href":"https:\/\/futbolhoy.co\/index.php\/wp-json\/wp\/v2\/posts\/28470\/revisions"}],"predecessor-version":[{"id":28472,"href":"https:\/\/futbolhoy.co\/index.php\/wp-json\/wp\/v2\/posts\/28470\/revisions\/28472"}],"wp:featuredmedia":[{"embeddable":true,"href":"https:\/\/futbolhoy.co\/index.php\/wp-json\/wp\/v2\/media\/28471"}],"wp:attachment":[{"href":"https:\/\/futbolhoy.co\/index.php\/wp-json\/wp\/v2\/media?parent=28470"}],"wp:term":[{"taxonomy":"category","embeddable":true,"href":"https:\/\/futbolhoy.co\/index.php\/wp-json\/wp\/v2\/categories?post=28470"},{"taxonomy":"post_tag","embeddable":true,"href":"https:\/\/futbolhoy.co\/index.php\/wp-json\/wp\/v2\/tags?post=28470"}],"curies":[{"name":"wp","href":"https:\/\/api.w.org\/{rel}","templated":true}]}}