{"id":28602,"date":"2018-12-03T13:59:13","date_gmt":"2018-12-03T18:59:13","guid":{"rendered":"http:\/\/futbolhoy.co\/?p=28602"},"modified":"2018-12-04T18:26:03","modified_gmt":"2018-12-04T23:26:03","slug":"mina-en-el-equipo-ideal-de-la-fecha-14","status":"publish","type":"post","link":"https:\/\/futbolhoy.co\/index.php\/2018\/12\/03\/mina-en-el-equipo-ideal-de-la-fecha-14\/","title":{"rendered":"Mina, en el equipo ideal de la fecha 14"},"content":{"rendered":"<p style=\"text-align: justify;\"><span style=\"font-family: helvetica, arial, sans-serif;\">El defensa<strong> Yerry Mina<\/strong>, del <strong>Everton<\/strong>, fue incluido en el equipo ideal de la fecha 14 de la <strong>Liga Premier,<\/strong> donde su equipo cay\u00f3 1-0 frente a <strong>Liverpool<\/strong>.<\/span><\/p>\n<p style=\"text-align: justify;\"><span style=\"font-family: helvetica, arial, sans-serif;\">Mina, que complet\u00f3 su cuarto partido en la <strong>Premier League<\/strong>, tuvo una destacada actuaci\u00f3n en el duelo y adem\u00e1s tuvo una clara opci\u00f3n de marcar al inicio del partido.<\/span><\/p>\n<p style=\"text-align: justify;\"><span style=\"font-family: helvetica, arial, sans-serif;\">El colombiano acumula 270 minutos en Liga, luego de actuar en los partidos ante <strong>Brighton<\/strong>, <strong>Chelsea<\/strong>, <strong>Cardiff<\/strong> y Liverpool.<\/span><\/p>\n<p style=\"text-align: justify;\"><span style=\"font-family: helvetica, arial, sans-serif;\">El equipo ideal qued\u00f3 integrado por: <strong>Alisson (Liverpool), Joe G\u00f3mez (Liverpool), Issa Diop (West Ham), Yerry Mina (Everton), S\u00e9amus Coleman (Everton), Lucas Torreira (Arsenal), James Maddison (Leicester), Ben Chilwell (Leicester), Raheem Sterling (Manchester City), Pierre Emerick Aubameyang (Arsenal) y Leroy San\u00e9 (Manchester City).<\/strong><\/span><\/p>\n","protected":false},"excerpt":{"rendered":"<p>El defensa Yerry Mina, del Everton, fue incluido en el equipo ideal de la fecha 14 de la Liga Premier, donde su equipo cay\u00f3 1-0 frente a Liverpool. Mina, que complet\u00f3 su cuarto partido en la Premier League, tuvo una destacada actuaci\u00f3n en el duelo y adem\u00e1s tuvo una clara opci\u00f3n de marcar al inicio [&hellip;]<\/p>\n","protected":false},"author":5,"featured_media":28272,"comment_status":"open","ping_status":"open","sticky":false,"template":"","format":"standard","meta":{"_acf_changed":false,"footnotes":""},"categories":[418],"tags":[538,269],"class_list":{"0":"post-28602","1":"post","2":"type-post","3":"status-publish","4":"format-standard","5":"has-post-thumbnail","7":"category-colombia","8":"tag-liga-premier","9":"tag-yerry-mina"},"acf":[],"yoast_head":"<!-- This site is optimized with the Yoast SEO plugin v26.8 - https:\/\/yoast.com\/product\/yoast-seo-wordpress\/ -->\n<title>Mina, en el equipo ideal de la fecha 14 -<\/title>\n<meta name=\"robots\" content=\"index, follow, max-snippet:-1, max-image-preview:large, max-video-preview:-1\" \/>\n<link rel=\"canonical\" href=\"https:\/\/futbolhoy.co\/index.php\/2018\/12\/03\/mina-en-el-equipo-ideal-de-la-fecha-14\/\" \/>\n<meta property=\"og:locale\" content=\"es_ES\" \/>\n<meta property=\"og:type\" content=\"article\" \/>\n<meta property=\"og:title\" content=\"Mina, en el equipo ideal de la fecha 14 -\" \/>\n<meta property=\"og:description\" content=\"El defensa Yerry Mina, del Everton, fue incluido en el equipo ideal de la fecha 14 de la Liga Premier, donde su equipo cay\u00f3 1-0 frente a Liverpool. Mina, que complet\u00f3 su cuarto partido en la Premier League, tuvo una destacada actuaci\u00f3n en el duelo y adem\u00e1s tuvo una clara opci\u00f3n de marcar al inicio [&hellip;]\" \/>\n<meta property=\"og:url\" content=\"https:\/\/futbolhoy.co\/index.php\/2018\/12\/03\/mina-en-el-equipo-ideal-de-la-fecha-14\/\" \/>\n<meta property=\"article:publisher\" content=\"https:\/\/www.facebook.com\/FutbolHoyCol\/\" \/>\n<meta property=\"article:published_time\" content=\"2018-12-03T18:59:13+00:00\" \/>\n<meta property=\"article:modified_time\" content=\"2018-12-04T23:26:03+00:00\" \/>\n<meta property=\"og:image\" content=\"https:\/\/futbolhoy.co\/wp-content\/uploads\/2018\/11\/Mina-Everton1.jpg\" \/>\n\t<meta property=\"og:image:width\" content=\"1125\" \/>\n\t<meta property=\"og:image:height\" content=\"1068\" \/>\n\t<meta property=\"og:image:type\" content=\"image\/jpeg\" \/>\n<meta name=\"author\" content=\"Laura Hern\u00e1ndez\" \/>\n<meta name=\"twitter:card\" content=\"summary_large_image\" \/>\n<meta name=\"twitter:creator\" content=\"@FutbolHoyCol\" \/>\n<meta name=\"twitter:site\" content=\"@FutbolHoyCol\" \/>\n<meta name=\"twitter:label1\" content=\"Escrito por\" \/>\n\t<meta name=\"twitter:data1\" content=\"Laura Hern\u00e1ndez\" \/>\n\t<meta name=\"twitter:label2\" content=\"Tiempo de lectura\" \/>\n\t<meta name=\"twitter:data2\" content=\"1 minuto\" \/>\n<script type=\"application\/ld+json\" class=\"yoast-schema-graph\">{\"@context\":\"https:\/\/schema.org\",\"@graph\":[{\"@type\":\"Article\",\"@id\":\"https:\/\/futbolhoy.co\/index.php\/2018\/12\/03\/mina-en-el-equipo-ideal-de-la-fecha-14\/#article\",\"isPartOf\":{\"@id\":\"https:\/\/futbolhoy.co\/index.php\/2018\/12\/03\/mina-en-el-equipo-ideal-de-la-fecha-14\/\"},\"author\":{\"name\":\"Laura Hern\u00e1ndez\",\"@id\":\"https:\/\/futbolhoy.co\/#\/schema\/person\/c4a353a512b127643723a34bb1812f7d\"},\"headline\":\"Mina, en el equipo ideal de la fecha 14\",\"datePublished\":\"2018-12-03T18:59:13+00:00\",\"dateModified\":\"2018-12-04T23:26:03+00:00\",\"mainEntityOfPage\":{\"@id\":\"https:\/\/futbolhoy.co\/index.php\/2018\/12\/03\/mina-en-el-equipo-ideal-de-la-fecha-14\/\"},\"wordCount\":130,\"commentCount\":0,\"publisher\":{\"@id\":\"https:\/\/futbolhoy.co\/#organization\"},\"image\":{\"@id\":\"https:\/\/futbolhoy.co\/index.php\/2018\/12\/03\/mina-en-el-equipo-ideal-de-la-fecha-14\/#primaryimage\"},\"thumbnailUrl\":\"https:\/\/futbolhoy.co\/wp-content\/uploads\/2018\/11\/Mina-Everton1.jpg\",\"keywords\":[\"Liga Premier\",\"Yerry Mina\"],\"articleSection\":[\"Colombia\"],\"inLanguage\":\"es\",\"potentialAction\":[{\"@type\":\"CommentAction\",\"name\":\"Comment\",\"target\":[\"https:\/\/futbolhoy.co\/index.php\/2018\/12\/03\/mina-en-el-equipo-ideal-de-la-fecha-14\/#respond\"]}]},{\"@type\":\"WebPage\",\"@id\":\"https:\/\/futbolhoy.co\/index.php\/2018\/12\/03\/mina-en-el-equipo-ideal-de-la-fecha-14\/\",\"url\":\"https:\/\/futbolhoy.co\/index.php\/2018\/12\/03\/mina-en-el-equipo-ideal-de-la-fecha-14\/\",\"name\":\"Mina, en el equipo ideal de la fecha 14 -\",\"isPartOf\":{\"@id\":\"https:\/\/futbolhoy.co\/#website\"},\"primaryImageOfPage\":{\"@id\":\"https:\/\/futbolhoy.co\/index.php\/2018\/12\/03\/mina-en-el-equipo-ideal-de-la-fecha-14\/#primaryimage\"},\"image\":{\"@id\":\"https:\/\/futbolhoy.co\/index.php\/2018\/12\/03\/mina-en-el-equipo-ideal-de-la-fecha-14\/#primaryimage\"},\"thumbnailUrl\":\"https:\/\/futbolhoy.co\/wp-content\/uploads\/2018\/11\/Mina-Everton1.jpg\",\"datePublished\":\"2018-12-03T18:59:13+00:00\",\"dateModified\":\"2018-12-04T23:26:03+00:00\",\"breadcrumb\":{\"@id\":\"https:\/\/futbolhoy.co\/index.php\/2018\/12\/03\/mina-en-el-equipo-ideal-de-la-fecha-14\/#breadcrumb\"},\"inLanguage\":\"es\",\"potentialAction\":[{\"@type\":\"ReadAction\",\"target\":[\"https:\/\/futbolhoy.co\/index.php\/2018\/12\/03\/mina-en-el-equipo-ideal-de-la-fecha-14\/\"]}]},{\"@type\":\"ImageObject\",\"inLanguage\":\"es\",\"@id\":\"https:\/\/futbolhoy.co\/index.php\/2018\/12\/03\/mina-en-el-equipo-ideal-de-la-fecha-14\/#primaryimage\",\"url\":\"https:\/\/futbolhoy.co\/wp-content\/uploads\/2018\/11\/Mina-Everton1.jpg\",\"contentUrl\":\"https:\/\/futbolhoy.co\/wp-content\/uploads\/2018\/11\/Mina-Everton1.jpg\",\"width\":1125,\"height\":1068,\"caption\":\"@IGanaGueye\"},{\"@type\":\"BreadcrumbList\",\"@id\":\"https:\/\/futbolhoy.co\/index.php\/2018\/12\/03\/mina-en-el-equipo-ideal-de-la-fecha-14\/#breadcrumb\",\"itemListElement\":[{\"@type\":\"ListItem\",\"position\":1,\"name\":\"Portada\",\"item\":\"https:\/\/futbolhoy.co\/\"},{\"@type\":\"ListItem\",\"position\":2,\"name\":\"Mina, en el equipo ideal de la fecha 14\"}]},{\"@type\":\"WebSite\",\"@id\":\"https:\/\/futbolhoy.co\/#website\",\"url\":\"https:\/\/futbolhoy.co\/\",\"name\":\"FutbolHoy\",\"description\":\"\",\"publisher\":{\"@id\":\"https:\/\/futbolhoy.co\/#organization\"},\"potentialAction\":[{\"@type\":\"SearchAction\",\"target\":{\"@type\":\"EntryPoint\",\"urlTemplate\":\"https:\/\/futbolhoy.co\/?s={search_term_string}\"},\"query-input\":{\"@type\":\"PropertyValueSpecification\",\"valueRequired\":true,\"valueName\":\"search_term_string\"}}],\"inLanguage\":\"es\"},{\"@type\":\"Organization\",\"@id\":\"https:\/\/futbolhoy.co\/#organization\",\"name\":\"Futbolhoy.co\",\"url\":\"https:\/\/futbolhoy.co\/\",\"logo\":{\"@type\":\"ImageObject\",\"inLanguage\":\"es\",\"@id\":\"https:\/\/futbolhoy.co\/#\/schema\/logo\/image\/\",\"url\":\"https:\/\/futbolhoy.co\/wp-content\/uploads\/2018\/08\/17426380_1906371736249227_6326180412931521141_n.jpg\",\"contentUrl\":\"https:\/\/futbolhoy.co\/wp-content\/uploads\/2018\/08\/17426380_1906371736249227_6326180412931521141_n.jpg\",\"width\":960,\"height\":960,\"caption\":\"Futbolhoy.co\"},\"image\":{\"@id\":\"https:\/\/futbolhoy.co\/#\/schema\/logo\/image\/\"},\"sameAs\":[\"https:\/\/www.facebook.com\/FutbolHoyCol\/\",\"https:\/\/x.com\/FutbolHoyCol\",\"https:\/\/www.instagram.com\/futbolhoycol\/\"]},{\"@type\":\"Person\",\"@id\":\"https:\/\/futbolhoy.co\/#\/schema\/person\/c4a353a512b127643723a34bb1812f7d\",\"name\":\"Laura Hern\u00e1ndez\",\"image\":{\"@type\":\"ImageObject\",\"inLanguage\":\"es\",\"@id\":\"https:\/\/futbolhoy.co\/#\/schema\/person\/image\/\",\"url\":\"https:\/\/secure.gravatar.com\/avatar\/d25959a15b9b293a743f99181c7cfd01?s=96&d=mm&r=g\",\"contentUrl\":\"https:\/\/secure.gravatar.com\/avatar\/d25959a15b9b293a743f99181c7cfd01?s=96&d=mm&r=g\",\"caption\":\"Laura Hern\u00e1ndez\"}}]}<\/script>\n<!-- \/ Yoast SEO plugin. -->","yoast_head_json":{"title":"Mina, en el equipo ideal de la fecha 14 -","robots":{"index":"index","follow":"follow","max-snippet":"max-snippet:-1","max-image-preview":"max-image-preview:large","max-video-preview":"max-video-preview:-1"},"canonical":"https:\/\/futbolhoy.co\/index.php\/2018\/12\/03\/mina-en-el-equipo-ideal-de-la-fecha-14\/","og_locale":"es_ES","og_type":"article","og_title":"Mina, en el equipo ideal de la fecha 14 -","og_description":"El defensa Yerry Mina, del Everton, fue incluido en el equipo ideal de la fecha 14 de la Liga Premier, donde su equipo cay\u00f3 1-0 frente a Liverpool. Mina, que complet\u00f3 su cuarto partido en la Premier League, tuvo una destacada actuaci\u00f3n en el duelo y adem\u00e1s tuvo una clara opci\u00f3n de marcar al inicio [&hellip;]","og_url":"https:\/\/futbolhoy.co\/index.php\/2018\/12\/03\/mina-en-el-equipo-ideal-de-la-fecha-14\/","article_publisher":"https:\/\/www.facebook.com\/FutbolHoyCol\/","article_published_time":"2018-12-03T18:59:13+00:00","article_modified_time":"2018-12-04T23:26:03+00:00","og_image":[{"width":1125,"height":1068,"url":"https:\/\/futbolhoy.co\/wp-content\/uploads\/2018\/11\/Mina-Everton1.jpg","type":"image\/jpeg"}],"author":"Laura Hern\u00e1ndez","twitter_card":"summary_large_image","twitter_creator":"@FutbolHoyCol","twitter_site":"@FutbolHoyCol","twitter_misc":{"Escrito por":"Laura Hern\u00e1ndez","Tiempo de lectura":"1 minuto"},"schema":{"@context":"https:\/\/schema.org","@graph":[{"@type":"Article","@id":"https:\/\/futbolhoy.co\/index.php\/2018\/12\/03\/mina-en-el-equipo-ideal-de-la-fecha-14\/#article","isPartOf":{"@id":"https:\/\/futbolhoy.co\/index.php\/2018\/12\/03\/mina-en-el-equipo-ideal-de-la-fecha-14\/"},"author":{"name":"Laura Hern\u00e1ndez","@id":"https:\/\/futbolhoy.co\/#\/schema\/person\/c4a353a512b127643723a34bb1812f7d"},"headline":"Mina, en el equipo ideal de la fecha 14","datePublished":"2018-12-03T18:59:13+00:00","dateModified":"2018-12-04T23:26:03+00:00","mainEntityOfPage":{"@id":"https:\/\/futbolhoy.co\/index.php\/2018\/12\/03\/mina-en-el-equipo-ideal-de-la-fecha-14\/"},"wordCount":130,"commentCount":0,"publisher":{"@id":"https:\/\/futbolhoy.co\/#organization"},"image":{"@id":"https:\/\/futbolhoy.co\/index.php\/2018\/12\/03\/mina-en-el-equipo-ideal-de-la-fecha-14\/#primaryimage"},"thumbnailUrl":"https:\/\/futbolhoy.co\/wp-content\/uploads\/2018\/11\/Mina-Everton1.jpg","keywords":["Liga Premier","Yerry Mina"],"articleSection":["Colombia"],"inLanguage":"es","potentialAction":[{"@type":"CommentAction","name":"Comment","target":["https:\/\/futbolhoy.co\/index.php\/2018\/12\/03\/mina-en-el-equipo-ideal-de-la-fecha-14\/#respond"]}]},{"@type":"WebPage","@id":"https:\/\/futbolhoy.co\/index.php\/2018\/12\/03\/mina-en-el-equipo-ideal-de-la-fecha-14\/","url":"https:\/\/futbolhoy.co\/index.php\/2018\/12\/03\/mina-en-el-equipo-ideal-de-la-fecha-14\/","name":"Mina, en el equipo ideal de la fecha 14 -","isPartOf":{"@id":"https:\/\/futbolhoy.co\/#website"},"primaryImageOfPage":{"@id":"https:\/\/futbolhoy.co\/index.php\/2018\/12\/03\/mina-en-el-equipo-ideal-de-la-fecha-14\/#primaryimage"},"image":{"@id":"https:\/\/futbolhoy.co\/index.php\/2018\/12\/03\/mina-en-el-equipo-ideal-de-la-fecha-14\/#primaryimage"},"thumbnailUrl":"https:\/\/futbolhoy.co\/wp-content\/uploads\/2018\/11\/Mina-Everton1.jpg","datePublished":"2018-12-03T18:59:13+00:00","dateModified":"2018-12-04T23:26:03+00:00","breadcrumb":{"@id":"https:\/\/futbolhoy.co\/index.php\/2018\/12\/03\/mina-en-el-equipo-ideal-de-la-fecha-14\/#breadcrumb"},"inLanguage":"es","potentialAction":[{"@type":"ReadAction","target":["https:\/\/futbolhoy.co\/index.php\/2018\/12\/03\/mina-en-el-equipo-ideal-de-la-fecha-14\/"]}]},{"@type":"ImageObject","inLanguage":"es","@id":"https:\/\/futbolhoy.co\/index.php\/2018\/12\/03\/mina-en-el-equipo-ideal-de-la-fecha-14\/#primaryimage","url":"https:\/\/futbolhoy.co\/wp-content\/uploads\/2018\/11\/Mina-Everton1.jpg","contentUrl":"https:\/\/futbolhoy.co\/wp-content\/uploads\/2018\/11\/Mina-Everton1.jpg","width":1125,"height":1068,"caption":"@IGanaGueye"},{"@type":"BreadcrumbList","@id":"https:\/\/futbolhoy.co\/index.php\/2018\/12\/03\/mina-en-el-equipo-ideal-de-la-fecha-14\/#breadcrumb","itemListElement":[{"@type":"ListItem","position":1,"name":"Portada","item":"https:\/\/futbolhoy.co\/"},{"@type":"ListItem","position":2,"name":"Mina, en el equipo ideal de la fecha 14"}]},{"@type":"WebSite","@id":"https:\/\/futbolhoy.co\/#website","url":"https:\/\/futbolhoy.co\/","name":"FutbolHoy","description":"","publisher":{"@id":"https:\/\/futbolhoy.co\/#organization"},"potentialAction":[{"@type":"SearchAction","target":{"@type":"EntryPoint","urlTemplate":"https:\/\/futbolhoy.co\/?s={search_term_string}"},"query-input":{"@type":"PropertyValueSpecification","valueRequired":true,"valueName":"search_term_string"}}],"inLanguage":"es"},{"@type":"Organization","@id":"https:\/\/futbolhoy.co\/#organization","name":"Futbolhoy.co","url":"https:\/\/futbolhoy.co\/","logo":{"@type":"ImageObject","inLanguage":"es","@id":"https:\/\/futbolhoy.co\/#\/schema\/logo\/image\/","url":"https:\/\/futbolhoy.co\/wp-content\/uploads\/2018\/08\/17426380_1906371736249227_6326180412931521141_n.jpg","contentUrl":"https:\/\/futbolhoy.co\/wp-content\/uploads\/2018\/08\/17426380_1906371736249227_6326180412931521141_n.jpg","width":960,"height":960,"caption":"Futbolhoy.co"},"image":{"@id":"https:\/\/futbolhoy.co\/#\/schema\/logo\/image\/"},"sameAs":["https:\/\/www.facebook.com\/FutbolHoyCol\/","https:\/\/x.com\/FutbolHoyCol","https:\/\/www.instagram.com\/futbolhoycol\/"]},{"@type":"Person","@id":"https:\/\/futbolhoy.co\/#\/schema\/person\/c4a353a512b127643723a34bb1812f7d","name":"Laura Hern\u00e1ndez","image":{"@type":"ImageObject","inLanguage":"es","@id":"https:\/\/futbolhoy.co\/#\/schema\/person\/image\/","url":"https:\/\/secure.gravatar.com\/avatar\/d25959a15b9b293a743f99181c7cfd01?s=96&d=mm&r=g","contentUrl":"https:\/\/secure.gravatar.com\/avatar\/d25959a15b9b293a743f99181c7cfd01?s=96&d=mm&r=g","caption":"Laura Hern\u00e1ndez"}}]}},"publishpress_future_action":{"enabled":false,"date":"2026-05-02 05:05:15","action":"change-status","newStatus":"draft","terms":[],"taxonomy":"category","extraData":[]},"publishpress_future_workflow_manual_trigger":{"enabledWorkflows":[]},"_links":{"self":[{"href":"https:\/\/futbolhoy.co\/index.php\/wp-json\/wp\/v2\/posts\/28602","targetHints":{"allow":["GET"]}}],"collection":[{"href":"https:\/\/futbolhoy.co\/index.php\/wp-json\/wp\/v2\/posts"}],"about":[{"href":"https:\/\/futbolhoy.co\/index.php\/wp-json\/wp\/v2\/types\/post"}],"author":[{"embeddable":true,"href":"https:\/\/futbolhoy.co\/index.php\/wp-json\/wp\/v2\/users\/5"}],"replies":[{"embeddable":true,"href":"https:\/\/futbolhoy.co\/index.php\/wp-json\/wp\/v2\/comments?post=28602"}],"version-history":[{"count":2,"href":"https:\/\/futbolhoy.co\/index.php\/wp-json\/wp\/v2\/posts\/28602\/revisions"}],"predecessor-version":[{"id":28604,"href":"https:\/\/futbolhoy.co\/index.php\/wp-json\/wp\/v2\/posts\/28602\/revisions\/28604"}],"wp:featuredmedia":[{"embeddable":true,"href":"https:\/\/futbolhoy.co\/index.php\/wp-json\/wp\/v2\/media\/28272"}],"wp:attachment":[{"href":"https:\/\/futbolhoy.co\/index.php\/wp-json\/wp\/v2\/media?parent=28602"}],"wp:term":[{"taxonomy":"category","embeddable":true,"href":"https:\/\/futbolhoy.co\/index.php\/wp-json\/wp\/v2\/categories?post=28602"},{"taxonomy":"post_tag","embeddable":true,"href":"https:\/\/futbolhoy.co\/index.php\/wp-json\/wp\/v2\/tags?post=28602"}],"curies":[{"name":"wp","href":"https:\/\/api.w.org\/{rel}","templated":true}]}}