{"id":28986,"date":"2018-12-12T05:00:43","date_gmt":"2018-12-12T10:00:43","guid":{"rendered":"http:\/\/futbolhoy.co\/?p=28986"},"modified":"2018-12-13T10:45:19","modified_gmt":"2018-12-13T15:45:19","slug":"real-madrid-sufrio-la-peor-goleada-de-local-en-champions","status":"publish","type":"post","link":"https:\/\/futbolhoy.co\/index.php\/2018\/12\/12\/real-madrid-sufrio-la-peor-goleada-de-local-en-champions\/","title":{"rendered":"Real Madrid sufri\u00f3 la peor goleada de local en Champions"},"content":{"rendered":"<p style=\"text-align: justify;\"><span style=\"font-family: helvetica, arial, sans-serif;\">El defensor del t\u00edtulo,\u00a0<strong>Real Madrid<\/strong>\u00a0cay\u00f3 goleado 0-3 en el\u00a0estadio Santiago Bernab\u00e9u\u00a0ante el\u00a0<strong>CSKA<\/strong> Mosc\u00fa\u00a0en la \u00faltima fecha de la fase de grupos de la\u00a0<strong>Champions<\/strong>, lo que supone su peor derrota como local en la historia del torneo.<\/span><\/p>\n<p style=\"text-align: justify;\"><span style=\"font-family: helvetica, arial, sans-serif;\">Los goles del equipo ruso, que sum\u00f3 siete puntos y termin\u00f3 \u00faltimo del grupo G, fueron marcados por\u00a0<strong>Fedor Chalov<\/strong>,\u00a0<strong>Georgi<\/strong> <strong>Shchennikov<\/strong>\u00a0y\u00a0<strong>Arnor Sigurdson<\/strong>.<\/span><\/p>\n<p style=\"text-align: justify;\"><span style=\"font-family: helvetica, arial, sans-serif;\">En el otro juego de esta serie\u00a0<strong>Viktoria Plzen<\/strong>\u00a0super\u00f3 2-1 a la <strong>Roma<\/strong>.<\/span><\/p>\n<p style=\"text-align: justify;\"><span style=\"font-family: helvetica, arial, sans-serif;\">Los espa\u00f1oles con 12 puntos y los italianos con 9 avanzaron a octavos de final.<\/span><\/p>\n<div style=\"text-align: justify;\"><span style=\"font-family: helvetica, arial, sans-serif;\">Entretanto, el colombiano\u00a0<strong>Juan Guillermo Cuadrado\u00a0<\/strong>sufri\u00f3 una lesi\u00f3n en la pierna izquierda con la\u00a0<strong>Juventus<\/strong>\u00a0y debi\u00f3 dejar el partido que su equipo perdi\u00f3 2-1 contra el\u00a0<strong>Young Boys<\/strong>\u00a0a los 23 minutos.\u00a0<\/span><\/div>\n<div style=\"text-align: justify;\"><span style=\"font-family: helvetica, arial, sans-serif;\">\u00a0<\/span><\/div>\n<div style=\"text-align: justify;\"><span style=\"font-family: helvetica, arial, sans-serif;\"><strong>Jeison Murillo<\/strong> no concentr\u00f3 en el triunfo del Valencia 2-1 sobre el\u00a0<strong>Manchester United;<\/strong> mientras que\u00a0<strong>Ajax<\/strong>\u00a0y\u00a0<strong>Bayern<\/strong> <strong>M\u00fanich<\/strong>\u00a0empataron 3-3 y\u00a0Manchester City\u00a0super\u00f3 2-1 al\u00a0Hoffenheim\u00a0alem\u00e1n.<\/span><\/div>\n<div style=\"text-align: justify;\"><\/div>\n<ul>\n<li style=\"text-align: justify;\"><span style=\"font-family: helvetica, arial, sans-serif;\"><strong>Clasificados a octavos<\/strong>:\u00a0\u00a0 Bayern M\u00fanich, Juventus, Manchester City, Manchester United, Ajax, Real Madrid, Roma, Barcelona, Atl\u00e9tico de Madrid, Borussia Dortmund, Porto, Schalke, Tottenham, PSG, Liverpool y Lyon.\u00a0\u00a0<\/span><\/li>\n<\/ul>\n<ul>\n<li style=\"text-align: justify;\"><span style=\"font-family: helvetica, arial, sans-serif;\">\u00a0<strong>Europa League<\/strong>:\u00a0\u00a0 Brujas, Inter, Napoli, Galatasaray, Benfica, Shakhtar, Viktoria Plzen y Valencia.<\/span><\/li>\n<\/ul>\n<p style=\"text-align: justify;\"><span style=\"font-family: helvetica, arial, sans-serif;\">El sorteo de octavos para <strong>Liga de Campeones<\/strong> y <strong>Liga de Europa<\/strong> se realizar\u00e1 el lunes desde las 6am en <strong>Nyon<\/strong>, Suiza.<\/span><\/p>\n","protected":false},"excerpt":{"rendered":"<p>El defensor del t\u00edtulo,\u00a0Real Madrid\u00a0cay\u00f3 goleado 0-3 en el\u00a0estadio Santiago Bernab\u00e9u\u00a0ante el\u00a0CSKA Mosc\u00fa\u00a0en la \u00faltima fecha de la fase de grupos de la\u00a0Champions, lo que supone su peor derrota como local en la historia del torneo. Los goles del equipo ruso, que sum\u00f3 siete puntos y termin\u00f3 \u00faltimo del grupo G, fueron marcados por\u00a0Fedor Chalov,\u00a0Georgi [&hellip;]<\/p>\n","protected":false},"author":5,"featured_media":28987,"comment_status":"open","ping_status":"open","sticky":false,"template":"","format":"standard","meta":{"_acf_changed":false,"footnotes":""},"categories":[4],"tags":[110],"class_list":{"0":"post-28986","1":"post","2":"type-post","3":"status-publish","4":"format-standard","5":"has-post-thumbnail","7":"category-champions-league","8":"tag-real-madrid"},"acf":[],"yoast_head":"<!-- This site is optimized with the Yoast SEO plugin v26.8 - https:\/\/yoast.com\/product\/yoast-seo-wordpress\/ -->\n<title>Real Madrid sufri\u00f3 la peor goleada de local en Champions -<\/title>\n<meta name=\"robots\" content=\"index, follow, max-snippet:-1, max-image-preview:large, max-video-preview:-1\" \/>\n<link rel=\"canonical\" href=\"https:\/\/futbolhoy.co\/index.php\/2018\/12\/12\/real-madrid-sufrio-la-peor-goleada-de-local-en-champions\/\" \/>\n<meta property=\"og:locale\" content=\"es_ES\" \/>\n<meta property=\"og:type\" content=\"article\" \/>\n<meta property=\"og:title\" content=\"Real Madrid sufri\u00f3 la peor goleada de local en Champions -\" \/>\n<meta property=\"og:description\" content=\"El defensor del t\u00edtulo,\u00a0Real Madrid\u00a0cay\u00f3 goleado 0-3 en el\u00a0estadio Santiago Bernab\u00e9u\u00a0ante el\u00a0CSKA Mosc\u00fa\u00a0en la \u00faltima fecha de la fase de grupos de la\u00a0Champions, lo que supone su peor derrota como local en la historia del torneo. Los goles del equipo ruso, que sum\u00f3 siete puntos y termin\u00f3 \u00faltimo del grupo G, fueron marcados por\u00a0Fedor Chalov,\u00a0Georgi [&hellip;]\" \/>\n<meta property=\"og:url\" content=\"https:\/\/futbolhoy.co\/index.php\/2018\/12\/12\/real-madrid-sufrio-la-peor-goleada-de-local-en-champions\/\" \/>\n<meta property=\"article:publisher\" content=\"https:\/\/www.facebook.com\/FutbolHoyCol\/\" \/>\n<meta property=\"article:published_time\" content=\"2018-12-12T10:00:43+00:00\" \/>\n<meta property=\"article:modified_time\" content=\"2018-12-13T15:45:19+00:00\" \/>\n<meta property=\"og:image\" content=\"https:\/\/futbolhoy.co\/wp-content\/uploads\/2018\/12\/IMG_20181212_153012.jpg\" \/>\n\t<meta property=\"og:image:width\" content=\"1600\" \/>\n\t<meta property=\"og:image:height\" content=\"1294\" \/>\n\t<meta property=\"og:image:type\" content=\"image\/jpeg\" \/>\n<meta name=\"author\" content=\"Laura Hern\u00e1ndez\" \/>\n<meta name=\"twitter:card\" content=\"summary_large_image\" \/>\n<meta name=\"twitter:creator\" content=\"@FutbolHoyCol\" \/>\n<meta name=\"twitter:site\" content=\"@FutbolHoyCol\" \/>\n<meta name=\"twitter:label1\" content=\"Escrito por\" \/>\n\t<meta name=\"twitter:data1\" content=\"Laura Hern\u00e1ndez\" \/>\n\t<meta name=\"twitter:label2\" content=\"Tiempo de lectura\" \/>\n\t<meta name=\"twitter:data2\" content=\"1 minuto\" \/>\n<script type=\"application\/ld+json\" class=\"yoast-schema-graph\">{\"@context\":\"https:\/\/schema.org\",\"@graph\":[{\"@type\":\"Article\",\"@id\":\"https:\/\/futbolhoy.co\/index.php\/2018\/12\/12\/real-madrid-sufrio-la-peor-goleada-de-local-en-champions\/#article\",\"isPartOf\":{\"@id\":\"https:\/\/futbolhoy.co\/index.php\/2018\/12\/12\/real-madrid-sufrio-la-peor-goleada-de-local-en-champions\/\"},\"author\":{\"name\":\"Laura Hern\u00e1ndez\",\"@id\":\"https:\/\/futbolhoy.co\/#\/schema\/person\/c4a353a512b127643723a34bb1812f7d\"},\"headline\":\"Real Madrid sufri\u00f3 la peor goleada de local en Champions\",\"datePublished\":\"2018-12-12T10:00:43+00:00\",\"dateModified\":\"2018-12-13T15:45:19+00:00\",\"mainEntityOfPage\":{\"@id\":\"https:\/\/futbolhoy.co\/index.php\/2018\/12\/12\/real-madrid-sufrio-la-peor-goleada-de-local-en-champions\/\"},\"wordCount\":237,\"commentCount\":0,\"publisher\":{\"@id\":\"https:\/\/futbolhoy.co\/#organization\"},\"image\":{\"@id\":\"https:\/\/futbolhoy.co\/index.php\/2018\/12\/12\/real-madrid-sufrio-la-peor-goleada-de-local-en-champions\/#primaryimage\"},\"thumbnailUrl\":\"https:\/\/futbolhoy.co\/wp-content\/uploads\/2018\/12\/IMG_20181212_153012.jpg\",\"keywords\":[\"Real Madrid\"],\"articleSection\":[\"Champions League\"],\"inLanguage\":\"es\",\"potentialAction\":[{\"@type\":\"CommentAction\",\"name\":\"Comment\",\"target\":[\"https:\/\/futbolhoy.co\/index.php\/2018\/12\/12\/real-madrid-sufrio-la-peor-goleada-de-local-en-champions\/#respond\"]}]},{\"@type\":\"WebPage\",\"@id\":\"https:\/\/futbolhoy.co\/index.php\/2018\/12\/12\/real-madrid-sufrio-la-peor-goleada-de-local-en-champions\/\",\"url\":\"https:\/\/futbolhoy.co\/index.php\/2018\/12\/12\/real-madrid-sufrio-la-peor-goleada-de-local-en-champions\/\",\"name\":\"Real Madrid sufri\u00f3 la peor goleada de local en Champions -\",\"isPartOf\":{\"@id\":\"https:\/\/futbolhoy.co\/#website\"},\"primaryImageOfPage\":{\"@id\":\"https:\/\/futbolhoy.co\/index.php\/2018\/12\/12\/real-madrid-sufrio-la-peor-goleada-de-local-en-champions\/#primaryimage\"},\"image\":{\"@id\":\"https:\/\/futbolhoy.co\/index.php\/2018\/12\/12\/real-madrid-sufrio-la-peor-goleada-de-local-en-champions\/#primaryimage\"},\"thumbnailUrl\":\"https:\/\/futbolhoy.co\/wp-content\/uploads\/2018\/12\/IMG_20181212_153012.jpg\",\"datePublished\":\"2018-12-12T10:00:43+00:00\",\"dateModified\":\"2018-12-13T15:45:19+00:00\",\"breadcrumb\":{\"@id\":\"https:\/\/futbolhoy.co\/index.php\/2018\/12\/12\/real-madrid-sufrio-la-peor-goleada-de-local-en-champions\/#breadcrumb\"},\"inLanguage\":\"es\",\"potentialAction\":[{\"@type\":\"ReadAction\",\"target\":[\"https:\/\/futbolhoy.co\/index.php\/2018\/12\/12\/real-madrid-sufrio-la-peor-goleada-de-local-en-champions\/\"]}]},{\"@type\":\"ImageObject\",\"inLanguage\":\"es\",\"@id\":\"https:\/\/futbolhoy.co\/index.php\/2018\/12\/12\/real-madrid-sufrio-la-peor-goleada-de-local-en-champions\/#primaryimage\",\"url\":\"https:\/\/futbolhoy.co\/wp-content\/uploads\/2018\/12\/IMG_20181212_153012.jpg\",\"contentUrl\":\"https:\/\/futbolhoy.co\/wp-content\/uploads\/2018\/12\/IMG_20181212_153012.jpg\",\"width\":1600,\"height\":1294},{\"@type\":\"BreadcrumbList\",\"@id\":\"https:\/\/futbolhoy.co\/index.php\/2018\/12\/12\/real-madrid-sufrio-la-peor-goleada-de-local-en-champions\/#breadcrumb\",\"itemListElement\":[{\"@type\":\"ListItem\",\"position\":1,\"name\":\"Portada\",\"item\":\"https:\/\/futbolhoy.co\/\"},{\"@type\":\"ListItem\",\"position\":2,\"name\":\"Real Madrid sufri\u00f3 la peor goleada de local en Champions\"}]},{\"@type\":\"WebSite\",\"@id\":\"https:\/\/futbolhoy.co\/#website\",\"url\":\"https:\/\/futbolhoy.co\/\",\"name\":\"FutbolHoy\",\"description\":\"\",\"publisher\":{\"@id\":\"https:\/\/futbolhoy.co\/#organization\"},\"potentialAction\":[{\"@type\":\"SearchAction\",\"target\":{\"@type\":\"EntryPoint\",\"urlTemplate\":\"https:\/\/futbolhoy.co\/?s={search_term_string}\"},\"query-input\":{\"@type\":\"PropertyValueSpecification\",\"valueRequired\":true,\"valueName\":\"search_term_string\"}}],\"inLanguage\":\"es\"},{\"@type\":\"Organization\",\"@id\":\"https:\/\/futbolhoy.co\/#organization\",\"name\":\"Futbolhoy.co\",\"url\":\"https:\/\/futbolhoy.co\/\",\"logo\":{\"@type\":\"ImageObject\",\"inLanguage\":\"es\",\"@id\":\"https:\/\/futbolhoy.co\/#\/schema\/logo\/image\/\",\"url\":\"https:\/\/futbolhoy.co\/wp-content\/uploads\/2018\/08\/17426380_1906371736249227_6326180412931521141_n.jpg\",\"contentUrl\":\"https:\/\/futbolhoy.co\/wp-content\/uploads\/2018\/08\/17426380_1906371736249227_6326180412931521141_n.jpg\",\"width\":960,\"height\":960,\"caption\":\"Futbolhoy.co\"},\"image\":{\"@id\":\"https:\/\/futbolhoy.co\/#\/schema\/logo\/image\/\"},\"sameAs\":[\"https:\/\/www.facebook.com\/FutbolHoyCol\/\",\"https:\/\/x.com\/FutbolHoyCol\",\"https:\/\/www.instagram.com\/futbolhoycol\/\"]},{\"@type\":\"Person\",\"@id\":\"https:\/\/futbolhoy.co\/#\/schema\/person\/c4a353a512b127643723a34bb1812f7d\",\"name\":\"Laura Hern\u00e1ndez\",\"image\":{\"@type\":\"ImageObject\",\"inLanguage\":\"es\",\"@id\":\"https:\/\/futbolhoy.co\/#\/schema\/person\/image\/\",\"url\":\"https:\/\/secure.gravatar.com\/avatar\/d25959a15b9b293a743f99181c7cfd01?s=96&d=mm&r=g\",\"contentUrl\":\"https:\/\/secure.gravatar.com\/avatar\/d25959a15b9b293a743f99181c7cfd01?s=96&d=mm&r=g\",\"caption\":\"Laura Hern\u00e1ndez\"}}]}<\/script>\n<!-- \/ Yoast SEO plugin. -->","yoast_head_json":{"title":"Real Madrid sufri\u00f3 la peor goleada de local en Champions -","robots":{"index":"index","follow":"follow","max-snippet":"max-snippet:-1","max-image-preview":"max-image-preview:large","max-video-preview":"max-video-preview:-1"},"canonical":"https:\/\/futbolhoy.co\/index.php\/2018\/12\/12\/real-madrid-sufrio-la-peor-goleada-de-local-en-champions\/","og_locale":"es_ES","og_type":"article","og_title":"Real Madrid sufri\u00f3 la peor goleada de local en Champions -","og_description":"El defensor del t\u00edtulo,\u00a0Real Madrid\u00a0cay\u00f3 goleado 0-3 en el\u00a0estadio Santiago Bernab\u00e9u\u00a0ante el\u00a0CSKA Mosc\u00fa\u00a0en la \u00faltima fecha de la fase de grupos de la\u00a0Champions, lo que supone su peor derrota como local en la historia del torneo. Los goles del equipo ruso, que sum\u00f3 siete puntos y termin\u00f3 \u00faltimo del grupo G, fueron marcados por\u00a0Fedor Chalov,\u00a0Georgi [&hellip;]","og_url":"https:\/\/futbolhoy.co\/index.php\/2018\/12\/12\/real-madrid-sufrio-la-peor-goleada-de-local-en-champions\/","article_publisher":"https:\/\/www.facebook.com\/FutbolHoyCol\/","article_published_time":"2018-12-12T10:00:43+00:00","article_modified_time":"2018-12-13T15:45:19+00:00","og_image":[{"width":1600,"height":1294,"url":"https:\/\/futbolhoy.co\/wp-content\/uploads\/2018\/12\/IMG_20181212_153012.jpg","type":"image\/jpeg"}],"author":"Laura Hern\u00e1ndez","twitter_card":"summary_large_image","twitter_creator":"@FutbolHoyCol","twitter_site":"@FutbolHoyCol","twitter_misc":{"Escrito por":"Laura Hern\u00e1ndez","Tiempo de lectura":"1 minuto"},"schema":{"@context":"https:\/\/schema.org","@graph":[{"@type":"Article","@id":"https:\/\/futbolhoy.co\/index.php\/2018\/12\/12\/real-madrid-sufrio-la-peor-goleada-de-local-en-champions\/#article","isPartOf":{"@id":"https:\/\/futbolhoy.co\/index.php\/2018\/12\/12\/real-madrid-sufrio-la-peor-goleada-de-local-en-champions\/"},"author":{"name":"Laura Hern\u00e1ndez","@id":"https:\/\/futbolhoy.co\/#\/schema\/person\/c4a353a512b127643723a34bb1812f7d"},"headline":"Real Madrid sufri\u00f3 la peor goleada de local en Champions","datePublished":"2018-12-12T10:00:43+00:00","dateModified":"2018-12-13T15:45:19+00:00","mainEntityOfPage":{"@id":"https:\/\/futbolhoy.co\/index.php\/2018\/12\/12\/real-madrid-sufrio-la-peor-goleada-de-local-en-champions\/"},"wordCount":237,"commentCount":0,"publisher":{"@id":"https:\/\/futbolhoy.co\/#organization"},"image":{"@id":"https:\/\/futbolhoy.co\/index.php\/2018\/12\/12\/real-madrid-sufrio-la-peor-goleada-de-local-en-champions\/#primaryimage"},"thumbnailUrl":"https:\/\/futbolhoy.co\/wp-content\/uploads\/2018\/12\/IMG_20181212_153012.jpg","keywords":["Real Madrid"],"articleSection":["Champions League"],"inLanguage":"es","potentialAction":[{"@type":"CommentAction","name":"Comment","target":["https:\/\/futbolhoy.co\/index.php\/2018\/12\/12\/real-madrid-sufrio-la-peor-goleada-de-local-en-champions\/#respond"]}]},{"@type":"WebPage","@id":"https:\/\/futbolhoy.co\/index.php\/2018\/12\/12\/real-madrid-sufrio-la-peor-goleada-de-local-en-champions\/","url":"https:\/\/futbolhoy.co\/index.php\/2018\/12\/12\/real-madrid-sufrio-la-peor-goleada-de-local-en-champions\/","name":"Real Madrid sufri\u00f3 la peor goleada de local en Champions -","isPartOf":{"@id":"https:\/\/futbolhoy.co\/#website"},"primaryImageOfPage":{"@id":"https:\/\/futbolhoy.co\/index.php\/2018\/12\/12\/real-madrid-sufrio-la-peor-goleada-de-local-en-champions\/#primaryimage"},"image":{"@id":"https:\/\/futbolhoy.co\/index.php\/2018\/12\/12\/real-madrid-sufrio-la-peor-goleada-de-local-en-champions\/#primaryimage"},"thumbnailUrl":"https:\/\/futbolhoy.co\/wp-content\/uploads\/2018\/12\/IMG_20181212_153012.jpg","datePublished":"2018-12-12T10:00:43+00:00","dateModified":"2018-12-13T15:45:19+00:00","breadcrumb":{"@id":"https:\/\/futbolhoy.co\/index.php\/2018\/12\/12\/real-madrid-sufrio-la-peor-goleada-de-local-en-champions\/#breadcrumb"},"inLanguage":"es","potentialAction":[{"@type":"ReadAction","target":["https:\/\/futbolhoy.co\/index.php\/2018\/12\/12\/real-madrid-sufrio-la-peor-goleada-de-local-en-champions\/"]}]},{"@type":"ImageObject","inLanguage":"es","@id":"https:\/\/futbolhoy.co\/index.php\/2018\/12\/12\/real-madrid-sufrio-la-peor-goleada-de-local-en-champions\/#primaryimage","url":"https:\/\/futbolhoy.co\/wp-content\/uploads\/2018\/12\/IMG_20181212_153012.jpg","contentUrl":"https:\/\/futbolhoy.co\/wp-content\/uploads\/2018\/12\/IMG_20181212_153012.jpg","width":1600,"height":1294},{"@type":"BreadcrumbList","@id":"https:\/\/futbolhoy.co\/index.php\/2018\/12\/12\/real-madrid-sufrio-la-peor-goleada-de-local-en-champions\/#breadcrumb","itemListElement":[{"@type":"ListItem","position":1,"name":"Portada","item":"https:\/\/futbolhoy.co\/"},{"@type":"ListItem","position":2,"name":"Real Madrid sufri\u00f3 la peor goleada de local en Champions"}]},{"@type":"WebSite","@id":"https:\/\/futbolhoy.co\/#website","url":"https:\/\/futbolhoy.co\/","name":"FutbolHoy","description":"","publisher":{"@id":"https:\/\/futbolhoy.co\/#organization"},"potentialAction":[{"@type":"SearchAction","target":{"@type":"EntryPoint","urlTemplate":"https:\/\/futbolhoy.co\/?s={search_term_string}"},"query-input":{"@type":"PropertyValueSpecification","valueRequired":true,"valueName":"search_term_string"}}],"inLanguage":"es"},{"@type":"Organization","@id":"https:\/\/futbolhoy.co\/#organization","name":"Futbolhoy.co","url":"https:\/\/futbolhoy.co\/","logo":{"@type":"ImageObject","inLanguage":"es","@id":"https:\/\/futbolhoy.co\/#\/schema\/logo\/image\/","url":"https:\/\/futbolhoy.co\/wp-content\/uploads\/2018\/08\/17426380_1906371736249227_6326180412931521141_n.jpg","contentUrl":"https:\/\/futbolhoy.co\/wp-content\/uploads\/2018\/08\/17426380_1906371736249227_6326180412931521141_n.jpg","width":960,"height":960,"caption":"Futbolhoy.co"},"image":{"@id":"https:\/\/futbolhoy.co\/#\/schema\/logo\/image\/"},"sameAs":["https:\/\/www.facebook.com\/FutbolHoyCol\/","https:\/\/x.com\/FutbolHoyCol","https:\/\/www.instagram.com\/futbolhoycol\/"]},{"@type":"Person","@id":"https:\/\/futbolhoy.co\/#\/schema\/person\/c4a353a512b127643723a34bb1812f7d","name":"Laura Hern\u00e1ndez","image":{"@type":"ImageObject","inLanguage":"es","@id":"https:\/\/futbolhoy.co\/#\/schema\/person\/image\/","url":"https:\/\/secure.gravatar.com\/avatar\/d25959a15b9b293a743f99181c7cfd01?s=96&d=mm&r=g","contentUrl":"https:\/\/secure.gravatar.com\/avatar\/d25959a15b9b293a743f99181c7cfd01?s=96&d=mm&r=g","caption":"Laura Hern\u00e1ndez"}}]}},"publishpress_future_action":{"enabled":false,"date":"2026-05-05 10:54:41","action":"change-status","newStatus":"draft","terms":[],"taxonomy":"category","extraData":[]},"publishpress_future_workflow_manual_trigger":{"enabledWorkflows":[]},"_links":{"self":[{"href":"https:\/\/futbolhoy.co\/index.php\/wp-json\/wp\/v2\/posts\/28986","targetHints":{"allow":["GET"]}}],"collection":[{"href":"https:\/\/futbolhoy.co\/index.php\/wp-json\/wp\/v2\/posts"}],"about":[{"href":"https:\/\/futbolhoy.co\/index.php\/wp-json\/wp\/v2\/types\/post"}],"author":[{"embeddable":true,"href":"https:\/\/futbolhoy.co\/index.php\/wp-json\/wp\/v2\/users\/5"}],"replies":[{"embeddable":true,"href":"https:\/\/futbolhoy.co\/index.php\/wp-json\/wp\/v2\/comments?post=28986"}],"version-history":[{"count":3,"href":"https:\/\/futbolhoy.co\/index.php\/wp-json\/wp\/v2\/posts\/28986\/revisions"}],"predecessor-version":[{"id":29004,"href":"https:\/\/futbolhoy.co\/index.php\/wp-json\/wp\/v2\/posts\/28986\/revisions\/29004"}],"wp:featuredmedia":[{"embeddable":true,"href":"https:\/\/futbolhoy.co\/index.php\/wp-json\/wp\/v2\/media\/28987"}],"wp:attachment":[{"href":"https:\/\/futbolhoy.co\/index.php\/wp-json\/wp\/v2\/media?parent=28986"}],"wp:term":[{"taxonomy":"category","embeddable":true,"href":"https:\/\/futbolhoy.co\/index.php\/wp-json\/wp\/v2\/categories?post=28986"},{"taxonomy":"post_tag","embeddable":true,"href":"https:\/\/futbolhoy.co\/index.php\/wp-json\/wp\/v2\/tags?post=28986"}],"curies":[{"name":"wp","href":"https:\/\/api.w.org\/{rel}","templated":true}]}}