{"id":29018,"date":"2018-12-13T10:32:38","date_gmt":"2018-12-13T15:32:38","guid":{"rendered":"http:\/\/futbolhoy.co\/?p=29018"},"modified":"2018-12-13T19:11:59","modified_gmt":"2018-12-14T00:11:59","slug":"falcao-interesa-a-river-plate","status":"publish","type":"post","link":"https:\/\/futbolhoy.co\/index.php\/2018\/12\/13\/falcao-interesa-a-river-plate\/","title":{"rendered":"Falcao interesa a River Plate"},"content":{"rendered":"<p class=\"x_ydpeac0fc22MsoNormal\" style=\"text-align: justify;\"><span style=\"font-family: helvetica, arial, sans-serif;\">El goleador colombiano <strong>Falcao Garc\u00eda<\/strong> figura en los planes de <strong>River Plate<\/strong> para la pr\u00f3xima temporada, revelo Fox Sports Argentina.<\/span><\/p>\n<p class=\"x_ydpeac0fc22MsoNormal\" style=\"text-align: justify;\"><span style=\"font-family: helvetica, arial, sans-serif;\">El momento deportivo que vive Falcao en <strong>M\u00f3naco<\/strong>, motiva al equipo argentino para una eventual contrataci\u00f3n para 2019.<\/span><\/p>\n<p class=\"x_ydpeac0fc22MsoNormal\" style=\"text-align: justify;\"><span style=\"font-family: helvetica, arial, sans-serif;\">La posibilidad surgi\u00f3 despu\u00e9s que se confirmara la partida de Gonzalo \u2018Pity\u2019 Mart\u00ednez al Atlanta United de la MLS; as\u00ed como la incertidumbre sobre la continuidad de Exequiel Palacios, Juan Fernando Quintero y Rafael Santos Borr\u00e9.<\/span><\/p>\n<p class=\"x_ydpeac0fc22MsoNormal\" style=\"text-align: justify;\"><span style=\"font-family: helvetica, arial, sans-serif;\">A pesar que no ha habido ofrecimiento formal por el colombiano, se han adelantado conversaciones informales entre las partes, agreg\u00f3 el canal en Buenos Aires.<\/span><\/p>\n","protected":false},"excerpt":{"rendered":"<p>El goleador colombiano Falcao Garc\u00eda figura en los planes de River Plate para la pr\u00f3xima temporada, revelo Fox Sports Argentina. El momento deportivo que vive Falcao en M\u00f3naco, motiva al equipo argentino para una eventual contrataci\u00f3n para 2019. La posibilidad surgi\u00f3 despu\u00e9s que se confirmara la partida de Gonzalo \u2018Pity\u2019 Mart\u00ednez al Atlanta United de [&hellip;]<\/p>\n","protected":false},"author":5,"featured_media":23461,"comment_status":"open","ping_status":"closed","sticky":false,"template":"","format":"standard","meta":{"_acf_changed":false,"footnotes":""},"categories":[418],"tags":[],"class_list":{"0":"post-29018","1":"post","2":"type-post","3":"status-publish","4":"format-standard","5":"has-post-thumbnail","7":"category-colombia"},"acf":[],"_links":{"self":[{"href":"https:\/\/futbolhoy.co\/index.php\/wp-json\/wp\/v2\/posts\/29018","targetHints":{"allow":["GET"]}}],"collection":[{"href":"https:\/\/futbolhoy.co\/index.php\/wp-json\/wp\/v2\/posts"}],"about":[{"href":"https:\/\/futbolhoy.co\/index.php\/wp-json\/wp\/v2\/types\/post"}],"author":[{"embeddable":true,"href":"https:\/\/futbolhoy.co\/index.php\/wp-json\/wp\/v2\/users\/5"}],"replies":[{"embeddable":true,"href":"https:\/\/futbolhoy.co\/index.php\/wp-json\/wp\/v2\/comments?post=29018"}],"version-history":[{"count":1,"href":"https:\/\/futbolhoy.co\/index.php\/wp-json\/wp\/v2\/posts\/29018\/revisions"}],"predecessor-version":[{"id":29019,"href":"https:\/\/futbolhoy.co\/index.php\/wp-json\/wp\/v2\/posts\/29018\/revisions\/29019"}],"wp:featuredmedia":[{"embeddable":true,"href":"https:\/\/futbolhoy.co\/index.php\/wp-json\/wp\/v2\/media\/23461"}],"wp:attachment":[{"href":"https:\/\/futbolhoy.co\/index.php\/wp-json\/wp\/v2\/media?parent=29018"}],"wp:term":[{"taxonomy":"category","embeddable":true,"href":"https:\/\/futbolhoy.co\/index.php\/wp-json\/wp\/v2\/categories?post=29018"},{"taxonomy":"post_tag","embeddable":true,"href":"https:\/\/futbolhoy.co\/index.php\/wp-json\/wp\/v2\/tags?post=29018"}],"curies":[{"name":"wp","href":"https:\/\/api.w.org\/{rel}","templated":true}]}}