{"id":29020,"date":"2018-12-13T08:45:30","date_gmt":"2018-12-13T13:45:30","guid":{"rendered":"http:\/\/futbolhoy.co\/?p=29020"},"modified":"2018-12-13T12:08:50","modified_gmt":"2018-12-13T17:08:50","slug":"oferta-de-medio-oriente-para-organizar-la-recopa-2019","status":"publish","type":"post","link":"https:\/\/futbolhoy.co\/index.php\/2018\/12\/13\/oferta-de-medio-oriente-para-organizar-la-recopa-2019\/","title":{"rendered":"Oferta de Medio Oriente para organizar la Recopa 2019"},"content":{"rendered":"<p class=\"x_ydpeac0fc22MsoNormal\" style=\"text-align: justify;\"><span style=\"font-family: helvetica, arial, sans-serif;\"><strong>Qatar<\/strong>, pa\u00eds que organizar\u00e1 el Mundial de f\u00fatbol 2020, se postul\u00f3 para recibir una \u00fanica final de la <strong>Recopa<\/strong>, que jugar\u00e1n <strong>River Plate<\/strong> &#8211; campe\u00f3n de la Libertadores- y <strong>Atl\u00e9tico Paranaense<\/strong> \u2013campe\u00f3n\u00a0de la Copa Sudamericana.<\/span><\/p>\n<p class=\"x_ydpeac0fc22MsoNormal\" style=\"text-align: justify;\"><span style=\"font-family: helvetica, arial, sans-serif;\">La sede para el juego ser\u00eda <strong>Doha<\/strong>, aunque la Conmebol no ha decidido si ser\u00e1 un partido \u00fanico.<\/span><\/p>\n<p class=\"x_ydpeac0fc22MsoNormal\" style=\"text-align: justify;\"><span style=\"font-family: helvetica, arial, sans-serif;\">La rectora suramericana, a la espera de definir esta oferta, tiene en su calendario juegos de ida y vuelta para los d\u00edas 20 de febrero y 6 de marzo; aunque tambi\u00e9n est\u00e1 la posibilidad de disputar una definici\u00f3n \u00fanica el 2 de marzo.<\/span><\/p>\n","protected":false},"excerpt":{"rendered":"<p>Qatar, pa\u00eds que organizar\u00e1 el Mundial de f\u00fatbol 2020, se postul\u00f3 para recibir una \u00fanica final de la Recopa, que jugar\u00e1n River Plate &#8211; campe\u00f3n de la Libertadores- y Atl\u00e9tico Paranaense \u2013campe\u00f3n\u00a0de la Copa Sudamericana. La sede para el juego ser\u00eda Doha, aunque la Conmebol no ha decidido si ser\u00e1 un partido \u00fanico. La rectora [&hellip;]<\/p>\n","protected":false},"author":5,"featured_media":24843,"comment_status":"open","ping_status":"closed","sticky":false,"template":"","format":"standard","meta":{"_acf_changed":false,"footnotes":""},"categories":[152],"tags":[],"class_list":{"0":"post-29020","1":"post","2":"type-post","3":"status-publish","4":"format-standard","5":"has-post-thumbnail","7":"category-mundo-futbol"},"acf":[],"_links":{"self":[{"href":"https:\/\/futbolhoy.co\/index.php\/wp-json\/wp\/v2\/posts\/29020","targetHints":{"allow":["GET"]}}],"collection":[{"href":"https:\/\/futbolhoy.co\/index.php\/wp-json\/wp\/v2\/posts"}],"about":[{"href":"https:\/\/futbolhoy.co\/index.php\/wp-json\/wp\/v2\/types\/post"}],"author":[{"embeddable":true,"href":"https:\/\/futbolhoy.co\/index.php\/wp-json\/wp\/v2\/users\/5"}],"replies":[{"embeddable":true,"href":"https:\/\/futbolhoy.co\/index.php\/wp-json\/wp\/v2\/comments?post=29020"}],"version-history":[{"count":3,"href":"https:\/\/futbolhoy.co\/index.php\/wp-json\/wp\/v2\/posts\/29020\/revisions"}],"predecessor-version":[{"id":29023,"href":"https:\/\/futbolhoy.co\/index.php\/wp-json\/wp\/v2\/posts\/29020\/revisions\/29023"}],"wp:featuredmedia":[{"embeddable":true,"href":"https:\/\/futbolhoy.co\/index.php\/wp-json\/wp\/v2\/media\/24843"}],"wp:attachment":[{"href":"https:\/\/futbolhoy.co\/index.php\/wp-json\/wp\/v2\/media?parent=29020"}],"wp:term":[{"taxonomy":"category","embeddable":true,"href":"https:\/\/futbolhoy.co\/index.php\/wp-json\/wp\/v2\/categories?post=29020"},{"taxonomy":"post_tag","embeddable":true,"href":"https:\/\/futbolhoy.co\/index.php\/wp-json\/wp\/v2\/tags?post=29020"}],"curies":[{"name":"wp","href":"https:\/\/api.w.org\/{rel}","templated":true}]}}