{"id":29027,"date":"2018-12-13T08:58:26","date_gmt":"2018-12-13T13:58:26","guid":{"rendered":"http:\/\/futbolhoy.co\/?p=29027"},"modified":"2018-12-13T19:12:48","modified_gmt":"2018-12-14T00:12:48","slug":"sampaoli-dirigira-al-santos","status":"publish","type":"post","link":"https:\/\/futbolhoy.co\/index.php\/2018\/12\/13\/sampaoli-dirigira-al-santos\/","title":{"rendered":"Sampaoli dirigir\u00e1 al Santos"},"content":{"rendered":"<p style=\"text-align: justify;\"><span style=\"font-family: helvetica, arial, sans-serif;\">El <strong>Santos<\/strong> confirm\u00f3 la contrataci\u00f3n de entrenador argentino <strong>Jorge Sampaoli<\/strong> para que ocupe el banco del equipo brasile\u00f1o a partir de la pr\u00f3xima temporada.<\/span><\/p>\n<p style=\"text-align: justify;\"><span style=\"font-family: helvetica, arial, sans-serif;\"><strong>Sampaoli<\/strong> sustituir\u00e1 a <strong>Alexi Stival &#8216;Cuca&#8217;<\/strong>, quien dej\u00f3 el club por problemas de salud.<\/span><\/p>\n<p style=\"text-align: justify;\"><span style=\"font-family: helvetica, arial, sans-serif;\">Sampaoli, de 58 a\u00f1os, dirigi\u00f3 a la Albiceleste durante el <strong>Mundial de Rusia<\/strong> hasta la derrota en los octavos de final contra <strong>Francia<\/strong>.<\/span><\/p>\n<p style=\"text-align: justify;\"><span style=\"font-family: helvetica, arial, sans-serif;\">Adem\u00e1s, dirigi\u00f3 con anticipaci\u00f3n a la selecci\u00f3n chilena, con la que gan\u00f3 la <strong>Copa Am\u00e9rica<\/strong> de 2015, adem\u00e1s de<strong> Universidad de Chile<\/strong> y <strong>Sevilla<\/strong> de <strong>Espa\u00f1a<\/strong>, entre otros clubes.<\/span><\/p>\n","protected":false},"excerpt":{"rendered":"<p>El Santos confirm\u00f3 la contrataci\u00f3n de entrenador argentino Jorge Sampaoli para que ocupe el banco del equipo brasile\u00f1o a partir de la pr\u00f3xima temporada. Sampaoli sustituir\u00e1 a Alexi Stival &#8216;Cuca&#8217;, quien dej\u00f3 el club por problemas de salud. Sampaoli, de 58 a\u00f1os, dirigi\u00f3 a la Albiceleste durante el Mundial de Rusia hasta la derrota en [&hellip;]<\/p>\n","protected":false},"author":5,"featured_media":623,"comment_status":"open","ping_status":"closed","sticky":false,"template":"","format":"standard","meta":{"_acf_changed":false,"footnotes":""},"categories":[152],"tags":[],"class_list":{"0":"post-29027","1":"post","2":"type-post","3":"status-publish","4":"format-standard","5":"has-post-thumbnail","7":"category-mundo-futbol"},"acf":[],"_links":{"self":[{"href":"https:\/\/futbolhoy.co\/index.php\/wp-json\/wp\/v2\/posts\/29027","targetHints":{"allow":["GET"]}}],"collection":[{"href":"https:\/\/futbolhoy.co\/index.php\/wp-json\/wp\/v2\/posts"}],"about":[{"href":"https:\/\/futbolhoy.co\/index.php\/wp-json\/wp\/v2\/types\/post"}],"author":[{"embeddable":true,"href":"https:\/\/futbolhoy.co\/index.php\/wp-json\/wp\/v2\/users\/5"}],"replies":[{"embeddable":true,"href":"https:\/\/futbolhoy.co\/index.php\/wp-json\/wp\/v2\/comments?post=29027"}],"version-history":[{"count":1,"href":"https:\/\/futbolhoy.co\/index.php\/wp-json\/wp\/v2\/posts\/29027\/revisions"}],"predecessor-version":[{"id":29029,"href":"https:\/\/futbolhoy.co\/index.php\/wp-json\/wp\/v2\/posts\/29027\/revisions\/29029"}],"wp:featuredmedia":[{"embeddable":true,"href":"https:\/\/futbolhoy.co\/index.php\/wp-json\/wp\/v2\/media\/623"}],"wp:attachment":[{"href":"https:\/\/futbolhoy.co\/index.php\/wp-json\/wp\/v2\/media?parent=29027"}],"wp:term":[{"taxonomy":"category","embeddable":true,"href":"https:\/\/futbolhoy.co\/index.php\/wp-json\/wp\/v2\/categories?post=29027"},{"taxonomy":"post_tag","embeddable":true,"href":"https:\/\/futbolhoy.co\/index.php\/wp-json\/wp\/v2\/tags?post=29027"}],"curies":[{"name":"wp","href":"https:\/\/api.w.org\/{rel}","templated":true}]}}