{"id":29030,"date":"2018-12-13T08:20:01","date_gmt":"2018-12-13T13:20:01","guid":{"rendered":"http:\/\/futbolhoy.co\/?p=29030"},"modified":"2018-12-13T12:07:56","modified_gmt":"2018-12-13T17:07:56","slug":"el-loco-abreu-jugara-en-brasil","status":"publish","type":"post","link":"https:\/\/futbolhoy.co\/index.php\/2018\/12\/13\/el-loco-abreu-jugara-en-brasil\/","title":{"rendered":"\u2018El Loco\u2018 Abreu jugar\u00e1 en Brasil"},"content":{"rendered":"<p class=\"x_ydp33846295MsoNormal\">El <strong>R\u00edo Branco<\/strong>, un club brasile\u00f1o considerado de cuarta divisi\u00f3n, anunci\u00f3 la contrataci\u00f3n del veterano atacante uruguayo <strong>Sebasti\u00e1n &#8216;el Loco&#8217; Abreu<\/strong> como su refuerzo para el primer semestre de 2019.<\/p>\n<p class=\"x_ydp33846295MsoNormal\">Abreu, a sus 42 a\u00f1os contin\u00faa activo y confirma el n\u00famero r\u00e9cord de clubes por los que ha pasado como profesional. El R\u00edo Branco ser\u00e1 el vig\u00e9simo octavo en su carrera.<\/p>\n<p class=\"x_ydp33846295MsoNormal\">El uruguayo regresa a <strong>Brasil<\/strong>, en donde ya jug\u00f3 con <strong>Figueirense (2012), Botafogo (2010-2012), Gremio (1998-1999) y Bang\u00fa (2017).<\/strong><\/p>\n<p class=\"x_ydp33846295MsoNormal\">En la \u00faltima temporada estuvo en <strong>Chile<\/strong>, donde integr\u00f3 los planteles de<strong> Audax Italiano, Deportes Puerto Montt y Magallanes.<\/strong><\/p>\n<p class=\"x_ydp33846295MsoNormal\">En <strong>Europa<\/strong> jug\u00f3 con<strong> Deportivo de La Coru\u00f1a (1998) y Real Sociedad (2009) de Espa\u00f1a, as\u00ed como el griego Aris Sal\u00f3nica (2009).<\/strong><\/p>\n","protected":false},"excerpt":{"rendered":"<p>El R\u00edo Branco, un club brasile\u00f1o considerado de cuarta divisi\u00f3n, anunci\u00f3 la contrataci\u00f3n del veterano atacante uruguayo Sebasti\u00e1n &#8216;el Loco&#8217; Abreu como su refuerzo para el primer semestre de 2019. Abreu, a sus 42 a\u00f1os contin\u00faa activo y confirma el n\u00famero r\u00e9cord de clubes por los que ha pasado como profesional. El R\u00edo Branco ser\u00e1 [&hellip;]<\/p>\n","protected":false},"author":5,"featured_media":2857,"comment_status":"open","ping_status":"closed","sticky":false,"template":"","format":"standard","meta":{"_acf_changed":false,"footnotes":""},"categories":[5],"tags":[1280],"class_list":{"0":"post-29030","1":"post","2":"type-post","3":"status-publish","4":"format-standard","5":"has-post-thumbnail","7":"category-destacados","8":"tag-sebastian-abreu"},"acf":[],"_links":{"self":[{"href":"https:\/\/futbolhoy.co\/index.php\/wp-json\/wp\/v2\/posts\/29030","targetHints":{"allow":["GET"]}}],"collection":[{"href":"https:\/\/futbolhoy.co\/index.php\/wp-json\/wp\/v2\/posts"}],"about":[{"href":"https:\/\/futbolhoy.co\/index.php\/wp-json\/wp\/v2\/types\/post"}],"author":[{"embeddable":true,"href":"https:\/\/futbolhoy.co\/index.php\/wp-json\/wp\/v2\/users\/5"}],"replies":[{"embeddable":true,"href":"https:\/\/futbolhoy.co\/index.php\/wp-json\/wp\/v2\/comments?post=29030"}],"version-history":[{"count":1,"href":"https:\/\/futbolhoy.co\/index.php\/wp-json\/wp\/v2\/posts\/29030\/revisions"}],"predecessor-version":[{"id":29031,"href":"https:\/\/futbolhoy.co\/index.php\/wp-json\/wp\/v2\/posts\/29030\/revisions\/29031"}],"wp:featuredmedia":[{"embeddable":true,"href":"https:\/\/futbolhoy.co\/index.php\/wp-json\/wp\/v2\/media\/2857"}],"wp:attachment":[{"href":"https:\/\/futbolhoy.co\/index.php\/wp-json\/wp\/v2\/media?parent=29030"}],"wp:term":[{"taxonomy":"category","embeddable":true,"href":"https:\/\/futbolhoy.co\/index.php\/wp-json\/wp\/v2\/categories?post=29030"},{"taxonomy":"post_tag","embeddable":true,"href":"https:\/\/futbolhoy.co\/index.php\/wp-json\/wp\/v2\/tags?post=29030"}],"curies":[{"name":"wp","href":"https:\/\/api.w.org\/{rel}","templated":true}]}}