{"id":29413,"date":"2018-12-23T07:00:18","date_gmt":"2018-12-23T12:00:18","guid":{"rendered":"http:\/\/futbolhoy.co\/?p=29413"},"modified":"2018-12-24T08:13:49","modified_gmt":"2018-12-24T13:13:49","slug":"roberto-martinez-el-mejor-de-belgica-en-2018","status":"publish","type":"post","link":"https:\/\/futbolhoy.co\/index.php\/2018\/12\/23\/roberto-martinez-el-mejor-de-belgica-en-2018\/","title":{"rendered":"Roberto Mart\u00ednez, el mejor de B\u00e9lgica en 2018"},"content":{"rendered":"<p class=\"x_ydpccf451b5MsoNormal\" style=\"text-align: justify;\"><span style=\"font-family: helvetica, arial, sans-serif;\">El t\u00e9cnico espa\u00f1ol <strong>Roberto Mart\u00ednez,<\/strong> seleccionador de f\u00fatbol de <strong>B\u00e9lgica<\/strong>, fue premiado como mejor entrenador del 2018 por la asociaci\u00f3n de periodistas deportivos profesionales belgas, que distingui\u00f3 adem\u00e1s a su capit\u00e1n, <strong>Eden Hazard<\/strong> como mejor deportista del a\u00f1o.<\/span><\/p>\n<p class=\"x_ydpccf451b5MsoNormal\" style=\"text-align: justify;\"><span style=\"font-family: helvetica, arial, sans-serif;\">Mart\u00ednez, que en alg\u00fan momento son\u00f3 como candidato para dirigir a <strong>Colombia<\/strong> y que llev\u00f3 a <strong>B\u00e9lgica<\/strong> a la tercera posici\u00f3n del <strong>Mundial de Rusia<\/strong>, venci\u00f3 con facilidad a los otros candidatos.<\/span><\/p>\n<p class=\"x_ydpccf451b5MsoNormal\" style=\"text-align: justify;\"><span style=\"font-family: helvetica, arial, sans-serif;\">El espa\u00f1ol, de 45 a\u00f1os y primer extranjero en lograr el premio que se entrega desde 2011, sucede en la distinci\u00f3n a <strong>Roger Lespagnard<\/strong>, entrenador del atleta campe\u00f3n de<strong> Europa<\/strong> de heptatl\u00f3n<strong> Nafi Thiam.<\/strong><\/span><\/p>\n<p class=\"x_ydpccf451b5MsoNormal\" style=\"text-align: justify;\"><span style=\"font-family: helvetica, arial, sans-serif;\">Hazard, por su parte, se impuso por poco al atleta<strong> Koen Naert<\/strong> y sucede al tenista <strong>David Goffin<\/strong>, laureado en 2017.<\/span><\/p>\n","protected":false},"excerpt":{"rendered":"<p>El t\u00e9cnico espa\u00f1ol Roberto Mart\u00ednez, seleccionador de f\u00fatbol de B\u00e9lgica, fue premiado como mejor entrenador del 2018 por la asociaci\u00f3n de periodistas deportivos profesionales belgas, que distingui\u00f3 adem\u00e1s a su capit\u00e1n, Eden Hazard como mejor deportista del a\u00f1o. Mart\u00ednez, que en alg\u00fan momento son\u00f3 como candidato para dirigir a Colombia y que llev\u00f3 a B\u00e9lgica [&hellip;]<\/p>\n","protected":false},"author":5,"featured_media":29414,"comment_status":"open","ping_status":"closed","sticky":false,"template":"","format":"standard","meta":{"_acf_changed":false,"footnotes":""},"categories":[152],"tags":[1174],"class_list":{"0":"post-29413","1":"post","2":"type-post","3":"status-publish","4":"format-standard","5":"has-post-thumbnail","7":"category-mundo-futbol","8":"tag-roberto-martinez"},"acf":[],"_links":{"self":[{"href":"https:\/\/futbolhoy.co\/index.php\/wp-json\/wp\/v2\/posts\/29413","targetHints":{"allow":["GET"]}}],"collection":[{"href":"https:\/\/futbolhoy.co\/index.php\/wp-json\/wp\/v2\/posts"}],"about":[{"href":"https:\/\/futbolhoy.co\/index.php\/wp-json\/wp\/v2\/types\/post"}],"author":[{"embeddable":true,"href":"https:\/\/futbolhoy.co\/index.php\/wp-json\/wp\/v2\/users\/5"}],"replies":[{"embeddable":true,"href":"https:\/\/futbolhoy.co\/index.php\/wp-json\/wp\/v2\/comments?post=29413"}],"version-history":[{"count":1,"href":"https:\/\/futbolhoy.co\/index.php\/wp-json\/wp\/v2\/posts\/29413\/revisions"}],"predecessor-version":[{"id":29415,"href":"https:\/\/futbolhoy.co\/index.php\/wp-json\/wp\/v2\/posts\/29413\/revisions\/29415"}],"wp:featuredmedia":[{"embeddable":true,"href":"https:\/\/futbolhoy.co\/index.php\/wp-json\/wp\/v2\/media\/29414"}],"wp:attachment":[{"href":"https:\/\/futbolhoy.co\/index.php\/wp-json\/wp\/v2\/media?parent=29413"}],"wp:term":[{"taxonomy":"category","embeddable":true,"href":"https:\/\/futbolhoy.co\/index.php\/wp-json\/wp\/v2\/categories?post=29413"},{"taxonomy":"post_tag","embeddable":true,"href":"https:\/\/futbolhoy.co\/index.php\/wp-json\/wp\/v2\/tags?post=29413"}],"curies":[{"name":"wp","href":"https:\/\/api.w.org\/{rel}","templated":true}]}}