{"id":29860,"date":"2019-01-04T17:50:05","date_gmt":"2019-01-04T22:50:05","guid":{"rendered":"http:\/\/futbolhoy.co\/?p=29860"},"modified":"2019-01-05T09:17:48","modified_gmt":"2019-01-05T14:17:48","slug":"delantero-colombiano-reforzara-a-fluminense","status":"publish","type":"post","link":"https:\/\/futbolhoy.co\/index.php\/2019\/01\/04\/delantero-colombiano-reforzara-a-fluminense\/","title":{"rendered":"Delantero colombiano reforzar\u00e1 a Fluminense"},"content":{"rendered":"<p style=\"text-align: justify;\"><span style=\"font-family: helvetica, arial, sans-serif;\">El delantero antioque\u00f1o <strong>Yony Gonz\u00e1lez,<\/strong> quien particip\u00f3 del t\u00edtulo del <strong>Atl\u00e9tico Junior<\/strong> de <strong>Barranquilla<\/strong>, adelant\u00f3 los ex\u00e1menes m\u00e9dicos como requisito para la firma de un contrato con <strong>Fluminense<\/strong> de <strong>Brasil<\/strong>.<\/span><\/p>\n<p style=\"text-align: justify;\"><span style=\"font-family: helvetica, arial, sans-serif;\">El futbolista, de 24 a\u00f1os, lleg\u00f3 este viernes a <strong>R\u00edo de Janeiro<\/strong> y de no suceder algo extraordinario, ser\u00e1 anunciado como refuerzo del conjunto en los pr\u00f3ximos d\u00edas.<\/span><\/p>\n<p style=\"text-align: justify;\"><span style=\"font-family: helvetica, arial, sans-serif;\">Pese a que a\u00fan no ha firmado el contrato de un a\u00f1o ofrecido por el conjunto de R\u00edo de Janeiro, Gonz\u00e1lez ya fue presentado a los dem\u00e1s miembros de la plantilla.<\/span><\/p>\n","protected":false},"excerpt":{"rendered":"<p>El delantero antioque\u00f1o Yony Gonz\u00e1lez, quien particip\u00f3 del t\u00edtulo del Atl\u00e9tico Junior de Barranquilla, adelant\u00f3 los ex\u00e1menes m\u00e9dicos como requisito para la firma de un contrato con Fluminense de Brasil. El futbolista, de 24 a\u00f1os, lleg\u00f3 este viernes a R\u00edo de Janeiro y de no suceder algo extraordinario, ser\u00e1 anunciado como refuerzo del conjunto en [&hellip;]<\/p>\n","protected":false},"author":5,"featured_media":29504,"comment_status":"open","ping_status":"open","sticky":false,"template":"","format":"standard","meta":{"_acf_changed":false,"footnotes":""},"categories":[152],"tags":[215,90,1298],"class_list":{"0":"post-29860","1":"post","2":"type-post","3":"status-publish","4":"format-standard","5":"has-post-thumbnail","7":"category-mundo-futbol","8":"tag-fluminense","9":"tag-junior","10":"tag-yony-gonzalez"},"acf":[],"yoast_head":"<!-- This site is optimized with the Yoast SEO plugin v26.8 - https:\/\/yoast.com\/product\/yoast-seo-wordpress\/ -->\n<title>Delantero colombiano reforzar\u00e1 a Fluminense -<\/title>\n<meta name=\"robots\" content=\"index, follow, max-snippet:-1, max-image-preview:large, max-video-preview:-1\" \/>\n<link rel=\"canonical\" href=\"https:\/\/futbolhoy.co\/index.php\/2019\/01\/04\/delantero-colombiano-reforzara-a-fluminense\/\" \/>\n<meta property=\"og:locale\" content=\"es_ES\" \/>\n<meta property=\"og:type\" content=\"article\" \/>\n<meta property=\"og:title\" content=\"Delantero colombiano reforzar\u00e1 a Fluminense -\" \/>\n<meta property=\"og:description\" content=\"El delantero antioque\u00f1o Yony Gonz\u00e1lez, quien particip\u00f3 del t\u00edtulo del Atl\u00e9tico Junior de Barranquilla, adelant\u00f3 los ex\u00e1menes m\u00e9dicos como requisito para la firma de un contrato con Fluminense de Brasil. El futbolista, de 24 a\u00f1os, lleg\u00f3 este viernes a R\u00edo de Janeiro y de no suceder algo extraordinario, ser\u00e1 anunciado como refuerzo del conjunto en [&hellip;]\" \/>\n<meta property=\"og:url\" content=\"https:\/\/futbolhoy.co\/index.php\/2019\/01\/04\/delantero-colombiano-reforzara-a-fluminense\/\" \/>\n<meta property=\"article:publisher\" content=\"https:\/\/www.facebook.com\/FutbolHoyCol\/\" \/>\n<meta property=\"article:published_time\" content=\"2019-01-04T22:50:05+00:00\" \/>\n<meta property=\"article:modified_time\" content=\"2019-01-05T14:17:48+00:00\" \/>\n<meta property=\"og:image\" content=\"https:\/\/futbolhoy.co\/wp-content\/uploads\/2018\/12\/Yony.jpg\" \/>\n\t<meta property=\"og:image:width\" content=\"1200\" \/>\n\t<meta property=\"og:image:height\" content=\"800\" \/>\n\t<meta property=\"og:image:type\" content=\"image\/jpeg\" \/>\n<meta name=\"author\" content=\"Laura Hern\u00e1ndez\" \/>\n<meta name=\"twitter:card\" content=\"summary_large_image\" \/>\n<meta name=\"twitter:creator\" content=\"@FutbolHoyCol\" \/>\n<meta name=\"twitter:site\" content=\"@FutbolHoyCol\" \/>\n<meta name=\"twitter:label1\" content=\"Escrito por\" \/>\n\t<meta name=\"twitter:data1\" content=\"Laura Hern\u00e1ndez\" \/>\n\t<meta name=\"twitter:label2\" content=\"Tiempo de lectura\" \/>\n\t<meta name=\"twitter:data2\" content=\"1 minuto\" \/>\n<script type=\"application\/ld+json\" class=\"yoast-schema-graph\">{\"@context\":\"https:\/\/schema.org\",\"@graph\":[{\"@type\":\"Article\",\"@id\":\"https:\/\/futbolhoy.co\/index.php\/2019\/01\/04\/delantero-colombiano-reforzara-a-fluminense\/#article\",\"isPartOf\":{\"@id\":\"https:\/\/futbolhoy.co\/index.php\/2019\/01\/04\/delantero-colombiano-reforzara-a-fluminense\/\"},\"author\":{\"name\":\"Laura Hern\u00e1ndez\",\"@id\":\"https:\/\/futbolhoy.co\/#\/schema\/person\/c4a353a512b127643723a34bb1812f7d\"},\"headline\":\"Delantero colombiano reforzar\u00e1 a Fluminense\",\"datePublished\":\"2019-01-04T22:50:05+00:00\",\"dateModified\":\"2019-01-05T14:17:48+00:00\",\"mainEntityOfPage\":{\"@id\":\"https:\/\/futbolhoy.co\/index.php\/2019\/01\/04\/delantero-colombiano-reforzara-a-fluminense\/\"},\"wordCount\":108,\"commentCount\":0,\"publisher\":{\"@id\":\"https:\/\/futbolhoy.co\/#organization\"},\"image\":{\"@id\":\"https:\/\/futbolhoy.co\/index.php\/2019\/01\/04\/delantero-colombiano-reforzara-a-fluminense\/#primaryimage\"},\"thumbnailUrl\":\"https:\/\/futbolhoy.co\/wp-content\/uploads\/2018\/12\/Yony.jpg\",\"keywords\":[\"Fluminense\",\"Junior\",\"Yony Gonz\u00e1lez\"],\"articleSection\":[\"Mundo Futbol\"],\"inLanguage\":\"es\",\"potentialAction\":[{\"@type\":\"CommentAction\",\"name\":\"Comment\",\"target\":[\"https:\/\/futbolhoy.co\/index.php\/2019\/01\/04\/delantero-colombiano-reforzara-a-fluminense\/#respond\"]}]},{\"@type\":\"WebPage\",\"@id\":\"https:\/\/futbolhoy.co\/index.php\/2019\/01\/04\/delantero-colombiano-reforzara-a-fluminense\/\",\"url\":\"https:\/\/futbolhoy.co\/index.php\/2019\/01\/04\/delantero-colombiano-reforzara-a-fluminense\/\",\"name\":\"Delantero colombiano reforzar\u00e1 a Fluminense -\",\"isPartOf\":{\"@id\":\"https:\/\/futbolhoy.co\/#website\"},\"primaryImageOfPage\":{\"@id\":\"https:\/\/futbolhoy.co\/index.php\/2019\/01\/04\/delantero-colombiano-reforzara-a-fluminense\/#primaryimage\"},\"image\":{\"@id\":\"https:\/\/futbolhoy.co\/index.php\/2019\/01\/04\/delantero-colombiano-reforzara-a-fluminense\/#primaryimage\"},\"thumbnailUrl\":\"https:\/\/futbolhoy.co\/wp-content\/uploads\/2018\/12\/Yony.jpg\",\"datePublished\":\"2019-01-04T22:50:05+00:00\",\"dateModified\":\"2019-01-05T14:17:48+00:00\",\"breadcrumb\":{\"@id\":\"https:\/\/futbolhoy.co\/index.php\/2019\/01\/04\/delantero-colombiano-reforzara-a-fluminense\/#breadcrumb\"},\"inLanguage\":\"es\",\"potentialAction\":[{\"@type\":\"ReadAction\",\"target\":[\"https:\/\/futbolhoy.co\/index.php\/2019\/01\/04\/delantero-colombiano-reforzara-a-fluminense\/\"]}]},{\"@type\":\"ImageObject\",\"inLanguage\":\"es\",\"@id\":\"https:\/\/futbolhoy.co\/index.php\/2019\/01\/04\/delantero-colombiano-reforzara-a-fluminense\/#primaryimage\",\"url\":\"https:\/\/futbolhoy.co\/wp-content\/uploads\/2018\/12\/Yony.jpg\",\"contentUrl\":\"https:\/\/futbolhoy.co\/wp-content\/uploads\/2018\/12\/Yony.jpg\",\"width\":1200,\"height\":800,\"caption\":\"@JuniorClubSA\"},{\"@type\":\"BreadcrumbList\",\"@id\":\"https:\/\/futbolhoy.co\/index.php\/2019\/01\/04\/delantero-colombiano-reforzara-a-fluminense\/#breadcrumb\",\"itemListElement\":[{\"@type\":\"ListItem\",\"position\":1,\"name\":\"Portada\",\"item\":\"https:\/\/futbolhoy.co\/\"},{\"@type\":\"ListItem\",\"position\":2,\"name\":\"Delantero colombiano reforzar\u00e1 a Fluminense\"}]},{\"@type\":\"WebSite\",\"@id\":\"https:\/\/futbolhoy.co\/#website\",\"url\":\"https:\/\/futbolhoy.co\/\",\"name\":\"FutbolHoy\",\"description\":\"\",\"publisher\":{\"@id\":\"https:\/\/futbolhoy.co\/#organization\"},\"potentialAction\":[{\"@type\":\"SearchAction\",\"target\":{\"@type\":\"EntryPoint\",\"urlTemplate\":\"https:\/\/futbolhoy.co\/?s={search_term_string}\"},\"query-input\":{\"@type\":\"PropertyValueSpecification\",\"valueRequired\":true,\"valueName\":\"search_term_string\"}}],\"inLanguage\":\"es\"},{\"@type\":\"Organization\",\"@id\":\"https:\/\/futbolhoy.co\/#organization\",\"name\":\"Futbolhoy.co\",\"url\":\"https:\/\/futbolhoy.co\/\",\"logo\":{\"@type\":\"ImageObject\",\"inLanguage\":\"es\",\"@id\":\"https:\/\/futbolhoy.co\/#\/schema\/logo\/image\/\",\"url\":\"https:\/\/futbolhoy.co\/wp-content\/uploads\/2018\/08\/17426380_1906371736249227_6326180412931521141_n.jpg\",\"contentUrl\":\"https:\/\/futbolhoy.co\/wp-content\/uploads\/2018\/08\/17426380_1906371736249227_6326180412931521141_n.jpg\",\"width\":960,\"height\":960,\"caption\":\"Futbolhoy.co\"},\"image\":{\"@id\":\"https:\/\/futbolhoy.co\/#\/schema\/logo\/image\/\"},\"sameAs\":[\"https:\/\/www.facebook.com\/FutbolHoyCol\/\",\"https:\/\/x.com\/FutbolHoyCol\",\"https:\/\/www.instagram.com\/futbolhoycol\/\"]},{\"@type\":\"Person\",\"@id\":\"https:\/\/futbolhoy.co\/#\/schema\/person\/c4a353a512b127643723a34bb1812f7d\",\"name\":\"Laura Hern\u00e1ndez\",\"image\":{\"@type\":\"ImageObject\",\"inLanguage\":\"es\",\"@id\":\"https:\/\/futbolhoy.co\/#\/schema\/person\/image\/\",\"url\":\"https:\/\/secure.gravatar.com\/avatar\/d25959a15b9b293a743f99181c7cfd01?s=96&d=mm&r=g\",\"contentUrl\":\"https:\/\/secure.gravatar.com\/avatar\/d25959a15b9b293a743f99181c7cfd01?s=96&d=mm&r=g\",\"caption\":\"Laura Hern\u00e1ndez\"}}]}<\/script>\n<!-- \/ Yoast SEO plugin. -->","yoast_head_json":{"title":"Delantero colombiano reforzar\u00e1 a Fluminense -","robots":{"index":"index","follow":"follow","max-snippet":"max-snippet:-1","max-image-preview":"max-image-preview:large","max-video-preview":"max-video-preview:-1"},"canonical":"https:\/\/futbolhoy.co\/index.php\/2019\/01\/04\/delantero-colombiano-reforzara-a-fluminense\/","og_locale":"es_ES","og_type":"article","og_title":"Delantero colombiano reforzar\u00e1 a Fluminense -","og_description":"El delantero antioque\u00f1o Yony Gonz\u00e1lez, quien particip\u00f3 del t\u00edtulo del Atl\u00e9tico Junior de Barranquilla, adelant\u00f3 los ex\u00e1menes m\u00e9dicos como requisito para la firma de un contrato con Fluminense de Brasil. El futbolista, de 24 a\u00f1os, lleg\u00f3 este viernes a R\u00edo de Janeiro y de no suceder algo extraordinario, ser\u00e1 anunciado como refuerzo del conjunto en [&hellip;]","og_url":"https:\/\/futbolhoy.co\/index.php\/2019\/01\/04\/delantero-colombiano-reforzara-a-fluminense\/","article_publisher":"https:\/\/www.facebook.com\/FutbolHoyCol\/","article_published_time":"2019-01-04T22:50:05+00:00","article_modified_time":"2019-01-05T14:17:48+00:00","og_image":[{"width":1200,"height":800,"url":"https:\/\/futbolhoy.co\/wp-content\/uploads\/2018\/12\/Yony.jpg","type":"image\/jpeg"}],"author":"Laura Hern\u00e1ndez","twitter_card":"summary_large_image","twitter_creator":"@FutbolHoyCol","twitter_site":"@FutbolHoyCol","twitter_misc":{"Escrito por":"Laura Hern\u00e1ndez","Tiempo de lectura":"1 minuto"},"schema":{"@context":"https:\/\/schema.org","@graph":[{"@type":"Article","@id":"https:\/\/futbolhoy.co\/index.php\/2019\/01\/04\/delantero-colombiano-reforzara-a-fluminense\/#article","isPartOf":{"@id":"https:\/\/futbolhoy.co\/index.php\/2019\/01\/04\/delantero-colombiano-reforzara-a-fluminense\/"},"author":{"name":"Laura Hern\u00e1ndez","@id":"https:\/\/futbolhoy.co\/#\/schema\/person\/c4a353a512b127643723a34bb1812f7d"},"headline":"Delantero colombiano reforzar\u00e1 a Fluminense","datePublished":"2019-01-04T22:50:05+00:00","dateModified":"2019-01-05T14:17:48+00:00","mainEntityOfPage":{"@id":"https:\/\/futbolhoy.co\/index.php\/2019\/01\/04\/delantero-colombiano-reforzara-a-fluminense\/"},"wordCount":108,"commentCount":0,"publisher":{"@id":"https:\/\/futbolhoy.co\/#organization"},"image":{"@id":"https:\/\/futbolhoy.co\/index.php\/2019\/01\/04\/delantero-colombiano-reforzara-a-fluminense\/#primaryimage"},"thumbnailUrl":"https:\/\/futbolhoy.co\/wp-content\/uploads\/2018\/12\/Yony.jpg","keywords":["Fluminense","Junior","Yony Gonz\u00e1lez"],"articleSection":["Mundo Futbol"],"inLanguage":"es","potentialAction":[{"@type":"CommentAction","name":"Comment","target":["https:\/\/futbolhoy.co\/index.php\/2019\/01\/04\/delantero-colombiano-reforzara-a-fluminense\/#respond"]}]},{"@type":"WebPage","@id":"https:\/\/futbolhoy.co\/index.php\/2019\/01\/04\/delantero-colombiano-reforzara-a-fluminense\/","url":"https:\/\/futbolhoy.co\/index.php\/2019\/01\/04\/delantero-colombiano-reforzara-a-fluminense\/","name":"Delantero colombiano reforzar\u00e1 a Fluminense -","isPartOf":{"@id":"https:\/\/futbolhoy.co\/#website"},"primaryImageOfPage":{"@id":"https:\/\/futbolhoy.co\/index.php\/2019\/01\/04\/delantero-colombiano-reforzara-a-fluminense\/#primaryimage"},"image":{"@id":"https:\/\/futbolhoy.co\/index.php\/2019\/01\/04\/delantero-colombiano-reforzara-a-fluminense\/#primaryimage"},"thumbnailUrl":"https:\/\/futbolhoy.co\/wp-content\/uploads\/2018\/12\/Yony.jpg","datePublished":"2019-01-04T22:50:05+00:00","dateModified":"2019-01-05T14:17:48+00:00","breadcrumb":{"@id":"https:\/\/futbolhoy.co\/index.php\/2019\/01\/04\/delantero-colombiano-reforzara-a-fluminense\/#breadcrumb"},"inLanguage":"es","potentialAction":[{"@type":"ReadAction","target":["https:\/\/futbolhoy.co\/index.php\/2019\/01\/04\/delantero-colombiano-reforzara-a-fluminense\/"]}]},{"@type":"ImageObject","inLanguage":"es","@id":"https:\/\/futbolhoy.co\/index.php\/2019\/01\/04\/delantero-colombiano-reforzara-a-fluminense\/#primaryimage","url":"https:\/\/futbolhoy.co\/wp-content\/uploads\/2018\/12\/Yony.jpg","contentUrl":"https:\/\/futbolhoy.co\/wp-content\/uploads\/2018\/12\/Yony.jpg","width":1200,"height":800,"caption":"@JuniorClubSA"},{"@type":"BreadcrumbList","@id":"https:\/\/futbolhoy.co\/index.php\/2019\/01\/04\/delantero-colombiano-reforzara-a-fluminense\/#breadcrumb","itemListElement":[{"@type":"ListItem","position":1,"name":"Portada","item":"https:\/\/futbolhoy.co\/"},{"@type":"ListItem","position":2,"name":"Delantero colombiano reforzar\u00e1 a Fluminense"}]},{"@type":"WebSite","@id":"https:\/\/futbolhoy.co\/#website","url":"https:\/\/futbolhoy.co\/","name":"FutbolHoy","description":"","publisher":{"@id":"https:\/\/futbolhoy.co\/#organization"},"potentialAction":[{"@type":"SearchAction","target":{"@type":"EntryPoint","urlTemplate":"https:\/\/futbolhoy.co\/?s={search_term_string}"},"query-input":{"@type":"PropertyValueSpecification","valueRequired":true,"valueName":"search_term_string"}}],"inLanguage":"es"},{"@type":"Organization","@id":"https:\/\/futbolhoy.co\/#organization","name":"Futbolhoy.co","url":"https:\/\/futbolhoy.co\/","logo":{"@type":"ImageObject","inLanguage":"es","@id":"https:\/\/futbolhoy.co\/#\/schema\/logo\/image\/","url":"https:\/\/futbolhoy.co\/wp-content\/uploads\/2018\/08\/17426380_1906371736249227_6326180412931521141_n.jpg","contentUrl":"https:\/\/futbolhoy.co\/wp-content\/uploads\/2018\/08\/17426380_1906371736249227_6326180412931521141_n.jpg","width":960,"height":960,"caption":"Futbolhoy.co"},"image":{"@id":"https:\/\/futbolhoy.co\/#\/schema\/logo\/image\/"},"sameAs":["https:\/\/www.facebook.com\/FutbolHoyCol\/","https:\/\/x.com\/FutbolHoyCol","https:\/\/www.instagram.com\/futbolhoycol\/"]},{"@type":"Person","@id":"https:\/\/futbolhoy.co\/#\/schema\/person\/c4a353a512b127643723a34bb1812f7d","name":"Laura Hern\u00e1ndez","image":{"@type":"ImageObject","inLanguage":"es","@id":"https:\/\/futbolhoy.co\/#\/schema\/person\/image\/","url":"https:\/\/secure.gravatar.com\/avatar\/d25959a15b9b293a743f99181c7cfd01?s=96&d=mm&r=g","contentUrl":"https:\/\/secure.gravatar.com\/avatar\/d25959a15b9b293a743f99181c7cfd01?s=96&d=mm&r=g","caption":"Laura Hern\u00e1ndez"}}]}},"publishpress_future_action":{"enabled":false,"date":"2026-05-03 06:09:41","action":"change-status","newStatus":"draft","terms":[],"taxonomy":"category","extraData":[]},"publishpress_future_workflow_manual_trigger":{"enabledWorkflows":[]},"_links":{"self":[{"href":"https:\/\/futbolhoy.co\/index.php\/wp-json\/wp\/v2\/posts\/29860","targetHints":{"allow":["GET"]}}],"collection":[{"href":"https:\/\/futbolhoy.co\/index.php\/wp-json\/wp\/v2\/posts"}],"about":[{"href":"https:\/\/futbolhoy.co\/index.php\/wp-json\/wp\/v2\/types\/post"}],"author":[{"embeddable":true,"href":"https:\/\/futbolhoy.co\/index.php\/wp-json\/wp\/v2\/users\/5"}],"replies":[{"embeddable":true,"href":"https:\/\/futbolhoy.co\/index.php\/wp-json\/wp\/v2\/comments?post=29860"}],"version-history":[{"count":1,"href":"https:\/\/futbolhoy.co\/index.php\/wp-json\/wp\/v2\/posts\/29860\/revisions"}],"predecessor-version":[{"id":29861,"href":"https:\/\/futbolhoy.co\/index.php\/wp-json\/wp\/v2\/posts\/29860\/revisions\/29861"}],"wp:featuredmedia":[{"embeddable":true,"href":"https:\/\/futbolhoy.co\/index.php\/wp-json\/wp\/v2\/media\/29504"}],"wp:attachment":[{"href":"https:\/\/futbolhoy.co\/index.php\/wp-json\/wp\/v2\/media?parent=29860"}],"wp:term":[{"taxonomy":"category","embeddable":true,"href":"https:\/\/futbolhoy.co\/index.php\/wp-json\/wp\/v2\/categories?post=29860"},{"taxonomy":"post_tag","embeddable":true,"href":"https:\/\/futbolhoy.co\/index.php\/wp-json\/wp\/v2\/tags?post=29860"}],"curies":[{"name":"wp","href":"https:\/\/api.w.org\/{rel}","templated":true}]}}