{"id":30784,"date":"2019-01-24T20:38:32","date_gmt":"2019-01-25T01:38:32","guid":{"rendered":"http:\/\/futbolhoy.co\/?p=30784"},"modified":"2019-01-25T15:23:55","modified_gmt":"2019-01-25T20:23:55","slug":"los-rivales-de-colombia-en-la-copa-america","status":"publish","type":"post","link":"https:\/\/futbolhoy.co\/index.php\/2019\/01\/24\/los-rivales-de-colombia-en-la-copa-america\/","title":{"rendered":"Los rivales de Colombia en la Copa Am\u00e9rica"},"content":{"rendered":"<div style=\"text-align: justify;\"><span style=\"font-family: helvetica, arial, sans-serif;\"><strong>Colombia<\/strong>\u00a0afrontar\u00e1\u00a0el que puede ser denominado el grupo m\u00e1s dif\u00edcil\u00a0de la\u00a0<strong>Copa Am\u00e9rica Brasil 2019,<\/strong> la serie B junto a Argentina, el debutante Qatar y Paraguay, selecci\u00f3n dirigida por\u00a0<strong>Juan Carlos Osorio.<\/strong><\/span><\/div>\n<div style=\"text-align: justify;\"><span style=\"font-family: helvetica, arial, sans-serif;\">\u00a0<\/span><\/div>\n<div style=\"text-align: justify;\"><span style=\"font-family: helvetica, arial, sans-serif;\"><strong>Argentina<\/strong>, ser\u00e1 el equipo para el debut, es el seleccionado que m\u00e1s finales de\u00a0<strong>Copa Am\u00e9rica<\/strong>\u00a0a disputado, 28 en las 45 ediciones, con 14 t\u00edtulos y 14 sub campeonatos.<\/span><\/div>\n<div style=\"text-align: justify;\"><span style=\"font-family: helvetica, arial, sans-serif;\">\u00a0<\/span><\/div>\n<div style=\"text-align: justify;\"><span style=\"font-family: helvetica, arial, sans-serif;\">Los argentinos jugar\u00e1n el 22 de marzo un amistoso contra\u00a0<strong>Venezuela<\/strong>\u00a0en\u00a0Madrid\u00a0y buscan otro para el 26 del mismo mes, adem\u00e1s contar\u00e1n con el regreso al equipo de su capit\u00e1n y m\u00e1xima estrella,\u00a0<strong>Lionel Messi.<\/strong><\/span><\/div>\n<div style=\"text-align: justify;\"><span style=\"font-family: helvetica, arial, sans-serif;\">\u00a0<\/span><\/div>\n<div style=\"text-align: justify;\"><span style=\"font-family: helvetica, arial, sans-serif;\"><strong>Qatar<\/strong>\u00a0por primera vez fue invitado al torneo, selecci\u00f3n sin tradici\u00f3n futbol\u00edstica, pero que empieza a tomar este deporte en serio, ser\u00e1n la sede del pr\u00f3ximo\u00a0Mundial, pero tambi\u00e9n har\u00e1n de 'cenicienta' del grupo.<\/span><\/div>\n<div style=\"text-align: justify;\"><\/div>\n<p style=\"text-align: justify;\"><span style=\"font-family: helvetica, arial, sans-serif;\"><strong>Paraguay\u00a0<\/strong>ha sido campe\u00f3n 2 veces y tiene el 'morbo' de tener como t\u00e9cnico al colombiano <strong>Juan Carlos Osorio.<\/strong> Jugar\u00e1 amistosos el 22 de marzo contra\u00a0<strong>Per\u00fa\u00a0<\/strong>en New Jersey\u00a0y el 26 contra\u00a0<strong>M\u00e9xico\u00a0<\/strong>en Santa Clara.<\/span><\/p>\n","protected":false},"excerpt":{"rendered":"<p>Colombia\u00a0afrontar\u00e1\u00a0el que puede ser denominado el grupo m\u00e1s dif\u00edcil\u00a0de la\u00a0Copa Am\u00e9rica Brasil 2019, la serie B junto a Argentina, el debutante Qatar y Paraguay, selecci\u00f3n dirigida por\u00a0Juan Carlos Osorio. \u00a0 Argentina, ser\u00e1 el equipo para el debut, es el seleccionado que m\u00e1s finales de\u00a0Copa Am\u00e9rica\u00a0a disputado, 28 en las 45 ediciones, con 14 t\u00edtulos y [&hellip;]<\/p>\n","protected":false},"author":5,"featured_media":30660,"comment_status":"open","ping_status":"open","sticky":false,"template":"","format":"standard","meta":{"_acf_changed":false,"footnotes":""},"categories":[418],"tags":[],"class_list":{"0":"post-30784","1":"post","2":"type-post","3":"status-publish","4":"format-standard","5":"has-post-thumbnail","7":"category-colombia"},"acf":[],"yoast_head":"<!-- This site is optimized with the Yoast SEO plugin v26.8 - https:\/\/yoast.com\/product\/yoast-seo-wordpress\/ -->\n<title>Los rivales de Colombia en la Copa Am\u00e9rica -<\/title>\n<meta name=\"robots\" content=\"index, follow, max-snippet:-1, max-image-preview:large, max-video-preview:-1\" \/>\n<link rel=\"canonical\" href=\"https:\/\/futbolhoy.co\/index.php\/2019\/01\/24\/los-rivales-de-colombia-en-la-copa-america\/\" \/>\n<meta property=\"og:locale\" content=\"es_ES\" \/>\n<meta property=\"og:type\" content=\"article\" \/>\n<meta property=\"og:title\" content=\"Los rivales de Colombia en la Copa Am\u00e9rica -\" \/>\n<meta property=\"og:description\" content=\"Colombia\u00a0afrontar\u00e1\u00a0el que puede ser denominado el grupo m\u00e1s dif\u00edcil\u00a0de la\u00a0Copa Am\u00e9rica Brasil 2019, la serie B junto a Argentina, el debutante Qatar y Paraguay, selecci\u00f3n dirigida por\u00a0Juan Carlos Osorio. \u00a0 Argentina, ser\u00e1 el equipo para el debut, es el seleccionado que m\u00e1s finales de\u00a0Copa Am\u00e9rica\u00a0a disputado, 28 en las 45 ediciones, con 14 t\u00edtulos y [&hellip;]\" \/>\n<meta property=\"og:url\" content=\"https:\/\/futbolhoy.co\/index.php\/2019\/01\/24\/los-rivales-de-colombia-en-la-copa-america\/\" \/>\n<meta property=\"article:publisher\" content=\"https:\/\/www.facebook.com\/FutbolHoyCol\/\" \/>\n<meta property=\"article:published_time\" content=\"2019-01-25T01:38:32+00:00\" \/>\n<meta property=\"article:modified_time\" content=\"2019-01-25T20:23:55+00:00\" \/>\n<meta property=\"og:image\" content=\"https:\/\/futbolhoy.co\/wp-content\/uploads\/2019\/01\/DxiiedoWkAIekUt.jpg\" \/>\n\t<meta property=\"og:image:width\" content=\"1200\" \/>\n\t<meta property=\"og:image:height\" content=\"800\" \/>\n\t<meta property=\"og:image:type\" content=\"image\/jpeg\" \/>\n<meta name=\"author\" content=\"Laura Hern\u00e1ndez\" \/>\n<meta name=\"twitter:card\" content=\"summary_large_image\" \/>\n<meta name=\"twitter:creator\" content=\"@FutbolHoyCol\" \/>\n<meta name=\"twitter:site\" content=\"@FutbolHoyCol\" \/>\n<meta name=\"twitter:label1\" content=\"Escrito por\" \/>\n\t<meta name=\"twitter:data1\" content=\"Laura Hern\u00e1ndez\" \/>\n\t<meta name=\"twitter:label2\" content=\"Tiempo de lectura\" \/>\n\t<meta name=\"twitter:data2\" content=\"1 minuto\" \/>\n<script type=\"application\/ld+json\" class=\"yoast-schema-graph\">{\"@context\":\"https:\/\/schema.org\",\"@graph\":[{\"@type\":\"Article\",\"@id\":\"https:\/\/futbolhoy.co\/index.php\/2019\/01\/24\/los-rivales-de-colombia-en-la-copa-america\/#article\",\"isPartOf\":{\"@id\":\"https:\/\/futbolhoy.co\/index.php\/2019\/01\/24\/los-rivales-de-colombia-en-la-copa-america\/\"},\"author\":{\"name\":\"Laura Hern\u00e1ndez\",\"@id\":\"https:\/\/futbolhoy.co\/#\/schema\/person\/c4a353a512b127643723a34bb1812f7d\"},\"headline\":\"Los rivales de Colombia en la Copa Am\u00e9rica\",\"datePublished\":\"2019-01-25T01:38:32+00:00\",\"dateModified\":\"2019-01-25T20:23:55+00:00\",\"mainEntityOfPage\":{\"@id\":\"https:\/\/futbolhoy.co\/index.php\/2019\/01\/24\/los-rivales-de-colombia-en-la-copa-america\/\"},\"wordCount\":194,\"commentCount\":0,\"publisher\":{\"@id\":\"https:\/\/futbolhoy.co\/#organization\"},\"image\":{\"@id\":\"https:\/\/futbolhoy.co\/index.php\/2019\/01\/24\/los-rivales-de-colombia-en-la-copa-america\/#primaryimage\"},\"thumbnailUrl\":\"https:\/\/futbolhoy.co\/wp-content\/uploads\/2019\/01\/DxiiedoWkAIekUt.jpg\",\"articleSection\":[\"Colombia\"],\"inLanguage\":\"es\",\"potentialAction\":[{\"@type\":\"CommentAction\",\"name\":\"Comment\",\"target\":[\"https:\/\/futbolhoy.co\/index.php\/2019\/01\/24\/los-rivales-de-colombia-en-la-copa-america\/#respond\"]}]},{\"@type\":\"WebPage\",\"@id\":\"https:\/\/futbolhoy.co\/index.php\/2019\/01\/24\/los-rivales-de-colombia-en-la-copa-america\/\",\"url\":\"https:\/\/futbolhoy.co\/index.php\/2019\/01\/24\/los-rivales-de-colombia-en-la-copa-america\/\",\"name\":\"Los rivales de Colombia en la Copa Am\u00e9rica -\",\"isPartOf\":{\"@id\":\"https:\/\/futbolhoy.co\/#website\"},\"primaryImageOfPage\":{\"@id\":\"https:\/\/futbolhoy.co\/index.php\/2019\/01\/24\/los-rivales-de-colombia-en-la-copa-america\/#primaryimage\"},\"image\":{\"@id\":\"https:\/\/futbolhoy.co\/index.php\/2019\/01\/24\/los-rivales-de-colombia-en-la-copa-america\/#primaryimage\"},\"thumbnailUrl\":\"https:\/\/futbolhoy.co\/wp-content\/uploads\/2019\/01\/DxiiedoWkAIekUt.jpg\",\"datePublished\":\"2019-01-25T01:38:32+00:00\",\"dateModified\":\"2019-01-25T20:23:55+00:00\",\"breadcrumb\":{\"@id\":\"https:\/\/futbolhoy.co\/index.php\/2019\/01\/24\/los-rivales-de-colombia-en-la-copa-america\/#breadcrumb\"},\"inLanguage\":\"es\",\"potentialAction\":[{\"@type\":\"ReadAction\",\"target\":[\"https:\/\/futbolhoy.co\/index.php\/2019\/01\/24\/los-rivales-de-colombia-en-la-copa-america\/\"]}]},{\"@type\":\"ImageObject\",\"inLanguage\":\"es\",\"@id\":\"https:\/\/futbolhoy.co\/index.php\/2019\/01\/24\/los-rivales-de-colombia-en-la-copa-america\/#primaryimage\",\"url\":\"https:\/\/futbolhoy.co\/wp-content\/uploads\/2019\/01\/DxiiedoWkAIekUt.jpg\",\"contentUrl\":\"https:\/\/futbolhoy.co\/wp-content\/uploads\/2019\/01\/DxiiedoWkAIekUt.jpg\",\"width\":1200,\"height\":800,\"caption\":\"Twitter @CONMEBOL\"},{\"@type\":\"BreadcrumbList\",\"@id\":\"https:\/\/futbolhoy.co\/index.php\/2019\/01\/24\/los-rivales-de-colombia-en-la-copa-america\/#breadcrumb\",\"itemListElement\":[{\"@type\":\"ListItem\",\"position\":1,\"name\":\"Portada\",\"item\":\"https:\/\/futbolhoy.co\/\"},{\"@type\":\"ListItem\",\"position\":2,\"name\":\"Los rivales de Colombia en la Copa Am\u00e9rica\"}]},{\"@type\":\"WebSite\",\"@id\":\"https:\/\/futbolhoy.co\/#website\",\"url\":\"https:\/\/futbolhoy.co\/\",\"name\":\"FutbolHoy\",\"description\":\"\",\"publisher\":{\"@id\":\"https:\/\/futbolhoy.co\/#organization\"},\"potentialAction\":[{\"@type\":\"SearchAction\",\"target\":{\"@type\":\"EntryPoint\",\"urlTemplate\":\"https:\/\/futbolhoy.co\/?s={search_term_string}\"},\"query-input\":{\"@type\":\"PropertyValueSpecification\",\"valueRequired\":true,\"valueName\":\"search_term_string\"}}],\"inLanguage\":\"es\"},{\"@type\":\"Organization\",\"@id\":\"https:\/\/futbolhoy.co\/#organization\",\"name\":\"Futbolhoy.co\",\"url\":\"https:\/\/futbolhoy.co\/\",\"logo\":{\"@type\":\"ImageObject\",\"inLanguage\":\"es\",\"@id\":\"https:\/\/futbolhoy.co\/#\/schema\/logo\/image\/\",\"url\":\"https:\/\/futbolhoy.co\/wp-content\/uploads\/2018\/08\/17426380_1906371736249227_6326180412931521141_n.jpg\",\"contentUrl\":\"https:\/\/futbolhoy.co\/wp-content\/uploads\/2018\/08\/17426380_1906371736249227_6326180412931521141_n.jpg\",\"width\":960,\"height\":960,\"caption\":\"Futbolhoy.co\"},\"image\":{\"@id\":\"https:\/\/futbolhoy.co\/#\/schema\/logo\/image\/\"},\"sameAs\":[\"https:\/\/www.facebook.com\/FutbolHoyCol\/\",\"https:\/\/x.com\/FutbolHoyCol\",\"https:\/\/www.instagram.com\/futbolhoycol\/\"]},{\"@type\":\"Person\",\"@id\":\"https:\/\/futbolhoy.co\/#\/schema\/person\/c4a353a512b127643723a34bb1812f7d\",\"name\":\"Laura Hern\u00e1ndez\",\"image\":{\"@type\":\"ImageObject\",\"inLanguage\":\"es\",\"@id\":\"https:\/\/futbolhoy.co\/#\/schema\/person\/image\/\",\"url\":\"https:\/\/secure.gravatar.com\/avatar\/d25959a15b9b293a743f99181c7cfd01?s=96&d=mm&r=g\",\"contentUrl\":\"https:\/\/secure.gravatar.com\/avatar\/d25959a15b9b293a743f99181c7cfd01?s=96&d=mm&r=g\",\"caption\":\"Laura Hern\u00e1ndez\"}}]}<\/script>\n<!-- \/ Yoast SEO plugin. -->","yoast_head_json":{"title":"Los rivales de Colombia en la Copa Am\u00e9rica -","robots":{"index":"index","follow":"follow","max-snippet":"max-snippet:-1","max-image-preview":"max-image-preview:large","max-video-preview":"max-video-preview:-1"},"canonical":"https:\/\/futbolhoy.co\/index.php\/2019\/01\/24\/los-rivales-de-colombia-en-la-copa-america\/","og_locale":"es_ES","og_type":"article","og_title":"Los rivales de Colombia en la Copa Am\u00e9rica -","og_description":"Colombia\u00a0afrontar\u00e1\u00a0el que puede ser denominado el grupo m\u00e1s dif\u00edcil\u00a0de la\u00a0Copa Am\u00e9rica Brasil 2019, la serie B junto a Argentina, el debutante Qatar y Paraguay, selecci\u00f3n dirigida por\u00a0Juan Carlos Osorio. \u00a0 Argentina, ser\u00e1 el equipo para el debut, es el seleccionado que m\u00e1s finales de\u00a0Copa Am\u00e9rica\u00a0a disputado, 28 en las 45 ediciones, con 14 t\u00edtulos y [&hellip;]","og_url":"https:\/\/futbolhoy.co\/index.php\/2019\/01\/24\/los-rivales-de-colombia-en-la-copa-america\/","article_publisher":"https:\/\/www.facebook.com\/FutbolHoyCol\/","article_published_time":"2019-01-25T01:38:32+00:00","article_modified_time":"2019-01-25T20:23:55+00:00","og_image":[{"width":1200,"height":800,"url":"https:\/\/futbolhoy.co\/wp-content\/uploads\/2019\/01\/DxiiedoWkAIekUt.jpg","type":"image\/jpeg"}],"author":"Laura Hern\u00e1ndez","twitter_card":"summary_large_image","twitter_creator":"@FutbolHoyCol","twitter_site":"@FutbolHoyCol","twitter_misc":{"Escrito por":"Laura Hern\u00e1ndez","Tiempo de lectura":"1 minuto"},"schema":{"@context":"https:\/\/schema.org","@graph":[{"@type":"Article","@id":"https:\/\/futbolhoy.co\/index.php\/2019\/01\/24\/los-rivales-de-colombia-en-la-copa-america\/#article","isPartOf":{"@id":"https:\/\/futbolhoy.co\/index.php\/2019\/01\/24\/los-rivales-de-colombia-en-la-copa-america\/"},"author":{"name":"Laura Hern\u00e1ndez","@id":"https:\/\/futbolhoy.co\/#\/schema\/person\/c4a353a512b127643723a34bb1812f7d"},"headline":"Los rivales de Colombia en la Copa Am\u00e9rica","datePublished":"2019-01-25T01:38:32+00:00","dateModified":"2019-01-25T20:23:55+00:00","mainEntityOfPage":{"@id":"https:\/\/futbolhoy.co\/index.php\/2019\/01\/24\/los-rivales-de-colombia-en-la-copa-america\/"},"wordCount":194,"commentCount":0,"publisher":{"@id":"https:\/\/futbolhoy.co\/#organization"},"image":{"@id":"https:\/\/futbolhoy.co\/index.php\/2019\/01\/24\/los-rivales-de-colombia-en-la-copa-america\/#primaryimage"},"thumbnailUrl":"https:\/\/futbolhoy.co\/wp-content\/uploads\/2019\/01\/DxiiedoWkAIekUt.jpg","articleSection":["Colombia"],"inLanguage":"es","potentialAction":[{"@type":"CommentAction","name":"Comment","target":["https:\/\/futbolhoy.co\/index.php\/2019\/01\/24\/los-rivales-de-colombia-en-la-copa-america\/#respond"]}]},{"@type":"WebPage","@id":"https:\/\/futbolhoy.co\/index.php\/2019\/01\/24\/los-rivales-de-colombia-en-la-copa-america\/","url":"https:\/\/futbolhoy.co\/index.php\/2019\/01\/24\/los-rivales-de-colombia-en-la-copa-america\/","name":"Los rivales de Colombia en la Copa Am\u00e9rica -","isPartOf":{"@id":"https:\/\/futbolhoy.co\/#website"},"primaryImageOfPage":{"@id":"https:\/\/futbolhoy.co\/index.php\/2019\/01\/24\/los-rivales-de-colombia-en-la-copa-america\/#primaryimage"},"image":{"@id":"https:\/\/futbolhoy.co\/index.php\/2019\/01\/24\/los-rivales-de-colombia-en-la-copa-america\/#primaryimage"},"thumbnailUrl":"https:\/\/futbolhoy.co\/wp-content\/uploads\/2019\/01\/DxiiedoWkAIekUt.jpg","datePublished":"2019-01-25T01:38:32+00:00","dateModified":"2019-01-25T20:23:55+00:00","breadcrumb":{"@id":"https:\/\/futbolhoy.co\/index.php\/2019\/01\/24\/los-rivales-de-colombia-en-la-copa-america\/#breadcrumb"},"inLanguage":"es","potentialAction":[{"@type":"ReadAction","target":["https:\/\/futbolhoy.co\/index.php\/2019\/01\/24\/los-rivales-de-colombia-en-la-copa-america\/"]}]},{"@type":"ImageObject","inLanguage":"es","@id":"https:\/\/futbolhoy.co\/index.php\/2019\/01\/24\/los-rivales-de-colombia-en-la-copa-america\/#primaryimage","url":"https:\/\/futbolhoy.co\/wp-content\/uploads\/2019\/01\/DxiiedoWkAIekUt.jpg","contentUrl":"https:\/\/futbolhoy.co\/wp-content\/uploads\/2019\/01\/DxiiedoWkAIekUt.jpg","width":1200,"height":800,"caption":"Twitter @CONMEBOL"},{"@type":"BreadcrumbList","@id":"https:\/\/futbolhoy.co\/index.php\/2019\/01\/24\/los-rivales-de-colombia-en-la-copa-america\/#breadcrumb","itemListElement":[{"@type":"ListItem","position":1,"name":"Portada","item":"https:\/\/futbolhoy.co\/"},{"@type":"ListItem","position":2,"name":"Los rivales de Colombia en la Copa Am\u00e9rica"}]},{"@type":"WebSite","@id":"https:\/\/futbolhoy.co\/#website","url":"https:\/\/futbolhoy.co\/","name":"FutbolHoy","description":"","publisher":{"@id":"https:\/\/futbolhoy.co\/#organization"},"potentialAction":[{"@type":"SearchAction","target":{"@type":"EntryPoint","urlTemplate":"https:\/\/futbolhoy.co\/?s={search_term_string}"},"query-input":{"@type":"PropertyValueSpecification","valueRequired":true,"valueName":"search_term_string"}}],"inLanguage":"es"},{"@type":"Organization","@id":"https:\/\/futbolhoy.co\/#organization","name":"Futbolhoy.co","url":"https:\/\/futbolhoy.co\/","logo":{"@type":"ImageObject","inLanguage":"es","@id":"https:\/\/futbolhoy.co\/#\/schema\/logo\/image\/","url":"https:\/\/futbolhoy.co\/wp-content\/uploads\/2018\/08\/17426380_1906371736249227_6326180412931521141_n.jpg","contentUrl":"https:\/\/futbolhoy.co\/wp-content\/uploads\/2018\/08\/17426380_1906371736249227_6326180412931521141_n.jpg","width":960,"height":960,"caption":"Futbolhoy.co"},"image":{"@id":"https:\/\/futbolhoy.co\/#\/schema\/logo\/image\/"},"sameAs":["https:\/\/www.facebook.com\/FutbolHoyCol\/","https:\/\/x.com\/FutbolHoyCol","https:\/\/www.instagram.com\/futbolhoycol\/"]},{"@type":"Person","@id":"https:\/\/futbolhoy.co\/#\/schema\/person\/c4a353a512b127643723a34bb1812f7d","name":"Laura Hern\u00e1ndez","image":{"@type":"ImageObject","inLanguage":"es","@id":"https:\/\/futbolhoy.co\/#\/schema\/person\/image\/","url":"https:\/\/secure.gravatar.com\/avatar\/d25959a15b9b293a743f99181c7cfd01?s=96&d=mm&r=g","contentUrl":"https:\/\/secure.gravatar.com\/avatar\/d25959a15b9b293a743f99181c7cfd01?s=96&d=mm&r=g","caption":"Laura Hern\u00e1ndez"}}]}},"publishpress_future_action":{"enabled":false,"date":"2026-05-04 03:50:13","action":"change-status","newStatus":"draft","terms":[],"taxonomy":"category","extraData":[]},"publishpress_future_workflow_manual_trigger":{"enabledWorkflows":[]},"_links":{"self":[{"href":"https:\/\/futbolhoy.co\/index.php\/wp-json\/wp\/v2\/posts\/30784","targetHints":{"allow":["GET"]}}],"collection":[{"href":"https:\/\/futbolhoy.co\/index.php\/wp-json\/wp\/v2\/posts"}],"about":[{"href":"https:\/\/futbolhoy.co\/index.php\/wp-json\/wp\/v2\/types\/post"}],"author":[{"embeddable":true,"href":"https:\/\/futbolhoy.co\/index.php\/wp-json\/wp\/v2\/users\/5"}],"replies":[{"embeddable":true,"href":"https:\/\/futbolhoy.co\/index.php\/wp-json\/wp\/v2\/comments?post=30784"}],"version-history":[{"count":4,"href":"https:\/\/futbolhoy.co\/index.php\/wp-json\/wp\/v2\/posts\/30784\/revisions"}],"predecessor-version":[{"id":30791,"href":"https:\/\/futbolhoy.co\/index.php\/wp-json\/wp\/v2\/posts\/30784\/revisions\/30791"}],"wp:featuredmedia":[{"embeddable":true,"href":"https:\/\/futbolhoy.co\/index.php\/wp-json\/wp\/v2\/media\/30660"}],"wp:attachment":[{"href":"https:\/\/futbolhoy.co\/index.php\/wp-json\/wp\/v2\/media?parent=30784"}],"wp:term":[{"taxonomy":"category","embeddable":true,"href":"https:\/\/futbolhoy.co\/index.php\/wp-json\/wp\/v2\/categories?post=30784"},{"taxonomy":"post_tag","embeddable":true,"href":"https:\/\/futbolhoy.co\/index.php\/wp-json\/wp\/v2\/tags?post=30784"}],"curies":[{"name":"wp","href":"https:\/\/api.w.org\/{rel}","templated":true}]}}