{"id":30881,"date":"2019-01-28T16:00:02","date_gmt":"2019-01-28T21:00:02","guid":{"rendered":"http:\/\/futbolhoy.co\/?p=30881"},"modified":"2019-01-29T12:41:29","modified_gmt":"2019-01-29T17:41:29","slug":"queiroz-en-libertad-para-negociar-con-colombia","status":"publish","type":"post","link":"https:\/\/futbolhoy.co\/index.php\/2019\/01\/28\/queiroz-en-libertad-para-negociar-con-colombia\/","title":{"rendered":"Queiroz en Libertad para negociar con Colombia"},"content":{"rendered":"<p style=\"text-align: justify;\"><span style=\"font-family: helvetica, arial, sans-serif;\">El t\u00e9cnico portugu\u00e9s, <strong>Carlos Queiroz<\/strong>, qued\u00f3 en libertad para negociar con <strong>Colombia<\/strong> su vinculaci\u00f3n como seleccionador nacional, tras la eliminaci\u00f3n de la <strong>Copa de f\u00fatbol de Asia<\/strong>.<\/span><\/p>\n<p style=\"text-align: justify;\"><span style=\"font-family: helvetica, arial, sans-serif;\"><strong>Ir\u00e1n<\/strong>, dirigida por <strong>Queiroz<\/strong>, cay\u00f3 en semifinales 3-0 ante <strong>Jap\u00f3n<\/strong> y qued\u00f3 al margen del torneo.<\/span><\/p>\n<p style=\"text-align: justify;\"><span style=\"font-family: helvetica, arial, sans-serif;\">El entrenador en la rueda de prensa, tras el juego, dijo:\u00a0<i>\u201cEste es el final de mi etapa al frente de Ir\u00e1n. Estoy muy contento porque, como entrenador, he hecho las cosas a mi manera\u201d<\/i>.<\/span><\/p>\n<p class=\"m_3047477813366391327ydp98f74c6cMsoNormal\" style=\"text-align: justify;\"><span style=\"font-family: helvetica, arial, sans-serif;\">Adem\u00e1s escribi\u00f3 en Instagram:\u00a0<i>\"No hay palabras para expresar mi gratitud a estos jugadores, por todo lo que hecho durante estos a\u00f1os, por su esfuerzo, apoyo y compromiso. Fue un honor estar al lado de estos grandes hombres, en este viaje de 8 a\u00f1os, enfrentado todas las adversidades siempre, y siempre con un gran car\u00e1cter, el car\u00e1cter por el cual creo que merecieron jugar la final\"<\/i>.<\/span><\/p>\n<p style=\"text-align: justify;\"><span style=\"font-family: helvetica, arial, sans-serif;\">El t\u00e9cnico ahora revisar\u00e1 la oferta de <strong>Colombia<\/strong> y se reunir\u00eda en los pr\u00f3ximos d\u00edas con los directivos de la Federaci\u00f3n para conocer detalles de la misma.<\/span><\/p>\n<p style=\"text-align: justify;\"><span style=\"font-family: helvetica, arial, sans-serif;\">En el partido, los tantos de la\u00a0 victoria fueron conseguidos por <strong>Osako<\/strong>, en dos oportunidades, y <strong>Haraguchi<\/strong>.<\/span><\/p>\n<p style=\"text-align: justify;\"><span style=\"font-family: helvetica, arial, sans-serif;\">Jap\u00f3n, que busca su quinto t\u00edtulo continental, jugar\u00e1 la final contra el vencedor del duelo de este martes entre Catar y el anfitri\u00f3n, <strong>Emiratos \u00c1rabes Unidos.<\/strong><\/span><\/p>\n","protected":false},"excerpt":{"rendered":"<p>El t\u00e9cnico portugu\u00e9s, Carlos Queiroz, qued\u00f3 en libertad para negociar con Colombia su vinculaci\u00f3n como seleccionador nacional, tras la eliminaci\u00f3n de la Copa de f\u00fatbol de Asia. Ir\u00e1n, dirigida por Queiroz, cay\u00f3 en semifinales 3-0 ante Jap\u00f3n y qued\u00f3 al margen del torneo. El entrenador en la rueda de prensa, tras el juego, dijo:\u00a0\u201cEste es [&hellip;]<\/p>\n","protected":false},"author":5,"featured_media":30888,"comment_status":"open","ping_status":"open","sticky":false,"template":"","format":"standard","meta":{"_acf_changed":false,"footnotes":""},"categories":[418],"tags":[1170,127],"class_list":{"0":"post-30881","1":"post","2":"type-post","3":"status-publish","4":"format-standard","5":"has-post-thumbnail","7":"category-colombia","8":"tag-carlos-queiroz","9":"tag-seleccion-colombia"},"acf":[],"yoast_head":"<!-- This site is optimized with the Yoast SEO plugin v26.8 - https:\/\/yoast.com\/product\/yoast-seo-wordpress\/ -->\n<title>Queiroz en Libertad para negociar con Colombia -<\/title>\n<meta name=\"robots\" content=\"index, follow, max-snippet:-1, max-image-preview:large, max-video-preview:-1\" \/>\n<link rel=\"canonical\" href=\"https:\/\/futbolhoy.co\/index.php\/2019\/01\/28\/queiroz-en-libertad-para-negociar-con-colombia\/\" \/>\n<meta property=\"og:locale\" content=\"es_ES\" \/>\n<meta property=\"og:type\" content=\"article\" \/>\n<meta property=\"og:title\" content=\"Queiroz en Libertad para negociar con Colombia -\" \/>\n<meta property=\"og:description\" content=\"El t\u00e9cnico portugu\u00e9s, Carlos Queiroz, qued\u00f3 en libertad para negociar con Colombia su vinculaci\u00f3n como seleccionador nacional, tras la eliminaci\u00f3n de la Copa de f\u00fatbol de Asia. Ir\u00e1n, dirigida por Queiroz, cay\u00f3 en semifinales 3-0 ante Jap\u00f3n y qued\u00f3 al margen del torneo. El entrenador en la rueda de prensa, tras el juego, dijo:\u00a0\u201cEste es [&hellip;]\" \/>\n<meta property=\"og:url\" content=\"https:\/\/futbolhoy.co\/index.php\/2019\/01\/28\/queiroz-en-libertad-para-negociar-con-colombia\/\" \/>\n<meta property=\"article:publisher\" content=\"https:\/\/www.facebook.com\/FutbolHoyCol\/\" \/>\n<meta property=\"article:published_time\" content=\"2019-01-28T21:00:02+00:00\" \/>\n<meta property=\"article:modified_time\" content=\"2019-01-29T17:41:29+00:00\" \/>\n<meta property=\"og:image\" content=\"https:\/\/futbolhoy.co\/wp-content\/uploads\/2019\/01\/Dgh8D93WsAEhkqQ.jpg\" \/>\n\t<meta property=\"og:image:width\" content=\"1200\" \/>\n\t<meta property=\"og:image:height\" content=\"1200\" \/>\n\t<meta property=\"og:image:type\" content=\"image\/jpeg\" \/>\n<meta name=\"author\" content=\"Laura Hern\u00e1ndez\" \/>\n<meta name=\"twitter:card\" content=\"summary_large_image\" \/>\n<meta name=\"twitter:creator\" content=\"@FutbolHoyCol\" \/>\n<meta name=\"twitter:site\" content=\"@FutbolHoyCol\" \/>\n<meta name=\"twitter:label1\" content=\"Escrito por\" \/>\n\t<meta name=\"twitter:data1\" content=\"Laura Hern\u00e1ndez\" \/>\n\t<meta name=\"twitter:label2\" content=\"Tiempo de lectura\" \/>\n\t<meta name=\"twitter:data2\" content=\"1 minuto\" \/>\n<script type=\"application\/ld+json\" class=\"yoast-schema-graph\">{\"@context\":\"https:\/\/schema.org\",\"@graph\":[{\"@type\":\"Article\",\"@id\":\"https:\/\/futbolhoy.co\/index.php\/2019\/01\/28\/queiroz-en-libertad-para-negociar-con-colombia\/#article\",\"isPartOf\":{\"@id\":\"https:\/\/futbolhoy.co\/index.php\/2019\/01\/28\/queiroz-en-libertad-para-negociar-con-colombia\/\"},\"author\":{\"name\":\"Laura Hern\u00e1ndez\",\"@id\":\"https:\/\/futbolhoy.co\/#\/schema\/person\/c4a353a512b127643723a34bb1812f7d\"},\"headline\":\"Queiroz en Libertad para negociar con Colombia\",\"datePublished\":\"2019-01-28T21:00:02+00:00\",\"dateModified\":\"2019-01-29T17:41:29+00:00\",\"mainEntityOfPage\":{\"@id\":\"https:\/\/futbolhoy.co\/index.php\/2019\/01\/28\/queiroz-en-libertad-para-negociar-con-colombia\/\"},\"wordCount\":241,\"commentCount\":0,\"publisher\":{\"@id\":\"https:\/\/futbolhoy.co\/#organization\"},\"image\":{\"@id\":\"https:\/\/futbolhoy.co\/index.php\/2019\/01\/28\/queiroz-en-libertad-para-negociar-con-colombia\/#primaryimage\"},\"thumbnailUrl\":\"https:\/\/futbolhoy.co\/wp-content\/uploads\/2019\/01\/Dgh8D93WsAEhkqQ.jpg\",\"keywords\":[\"Carlos Queiroz\",\"Selecci\u00f3n Colombia\"],\"articleSection\":[\"Colombia\"],\"inLanguage\":\"es\",\"potentialAction\":[{\"@type\":\"CommentAction\",\"name\":\"Comment\",\"target\":[\"https:\/\/futbolhoy.co\/index.php\/2019\/01\/28\/queiroz-en-libertad-para-negociar-con-colombia\/#respond\"]}]},{\"@type\":\"WebPage\",\"@id\":\"https:\/\/futbolhoy.co\/index.php\/2019\/01\/28\/queiroz-en-libertad-para-negociar-con-colombia\/\",\"url\":\"https:\/\/futbolhoy.co\/index.php\/2019\/01\/28\/queiroz-en-libertad-para-negociar-con-colombia\/\",\"name\":\"Queiroz en Libertad para negociar con Colombia -\",\"isPartOf\":{\"@id\":\"https:\/\/futbolhoy.co\/#website\"},\"primaryImageOfPage\":{\"@id\":\"https:\/\/futbolhoy.co\/index.php\/2019\/01\/28\/queiroz-en-libertad-para-negociar-con-colombia\/#primaryimage\"},\"image\":{\"@id\":\"https:\/\/futbolhoy.co\/index.php\/2019\/01\/28\/queiroz-en-libertad-para-negociar-con-colombia\/#primaryimage\"},\"thumbnailUrl\":\"https:\/\/futbolhoy.co\/wp-content\/uploads\/2019\/01\/Dgh8D93WsAEhkqQ.jpg\",\"datePublished\":\"2019-01-28T21:00:02+00:00\",\"dateModified\":\"2019-01-29T17:41:29+00:00\",\"breadcrumb\":{\"@id\":\"https:\/\/futbolhoy.co\/index.php\/2019\/01\/28\/queiroz-en-libertad-para-negociar-con-colombia\/#breadcrumb\"},\"inLanguage\":\"es\",\"potentialAction\":[{\"@type\":\"ReadAction\",\"target\":[\"https:\/\/futbolhoy.co\/index.php\/2019\/01\/28\/queiroz-en-libertad-para-negociar-con-colombia\/\"]}]},{\"@type\":\"ImageObject\",\"inLanguage\":\"es\",\"@id\":\"https:\/\/futbolhoy.co\/index.php\/2019\/01\/28\/queiroz-en-libertad-para-negociar-con-colombia\/#primaryimage\",\"url\":\"https:\/\/futbolhoy.co\/wp-content\/uploads\/2019\/01\/Dgh8D93WsAEhkqQ.jpg\",\"contentUrl\":\"https:\/\/futbolhoy.co\/wp-content\/uploads\/2019\/01\/Dgh8D93WsAEhkqQ.jpg\",\"width\":1200,\"height\":1200,\"caption\":\"Twitter @FIFAWorldCup\"},{\"@type\":\"BreadcrumbList\",\"@id\":\"https:\/\/futbolhoy.co\/index.php\/2019\/01\/28\/queiroz-en-libertad-para-negociar-con-colombia\/#breadcrumb\",\"itemListElement\":[{\"@type\":\"ListItem\",\"position\":1,\"name\":\"Portada\",\"item\":\"https:\/\/futbolhoy.co\/\"},{\"@type\":\"ListItem\",\"position\":2,\"name\":\"Queiroz en Libertad para negociar con Colombia\"}]},{\"@type\":\"WebSite\",\"@id\":\"https:\/\/futbolhoy.co\/#website\",\"url\":\"https:\/\/futbolhoy.co\/\",\"name\":\"FutbolHoy\",\"description\":\"\",\"publisher\":{\"@id\":\"https:\/\/futbolhoy.co\/#organization\"},\"potentialAction\":[{\"@type\":\"SearchAction\",\"target\":{\"@type\":\"EntryPoint\",\"urlTemplate\":\"https:\/\/futbolhoy.co\/?s={search_term_string}\"},\"query-input\":{\"@type\":\"PropertyValueSpecification\",\"valueRequired\":true,\"valueName\":\"search_term_string\"}}],\"inLanguage\":\"es\"},{\"@type\":\"Organization\",\"@id\":\"https:\/\/futbolhoy.co\/#organization\",\"name\":\"Futbolhoy.co\",\"url\":\"https:\/\/futbolhoy.co\/\",\"logo\":{\"@type\":\"ImageObject\",\"inLanguage\":\"es\",\"@id\":\"https:\/\/futbolhoy.co\/#\/schema\/logo\/image\/\",\"url\":\"https:\/\/futbolhoy.co\/wp-content\/uploads\/2018\/08\/17426380_1906371736249227_6326180412931521141_n.jpg\",\"contentUrl\":\"https:\/\/futbolhoy.co\/wp-content\/uploads\/2018\/08\/17426380_1906371736249227_6326180412931521141_n.jpg\",\"width\":960,\"height\":960,\"caption\":\"Futbolhoy.co\"},\"image\":{\"@id\":\"https:\/\/futbolhoy.co\/#\/schema\/logo\/image\/\"},\"sameAs\":[\"https:\/\/www.facebook.com\/FutbolHoyCol\/\",\"https:\/\/x.com\/FutbolHoyCol\",\"https:\/\/www.instagram.com\/futbolhoycol\/\"]},{\"@type\":\"Person\",\"@id\":\"https:\/\/futbolhoy.co\/#\/schema\/person\/c4a353a512b127643723a34bb1812f7d\",\"name\":\"Laura Hern\u00e1ndez\",\"image\":{\"@type\":\"ImageObject\",\"inLanguage\":\"es\",\"@id\":\"https:\/\/futbolhoy.co\/#\/schema\/person\/image\/\",\"url\":\"https:\/\/secure.gravatar.com\/avatar\/d25959a15b9b293a743f99181c7cfd01?s=96&d=mm&r=g\",\"contentUrl\":\"https:\/\/secure.gravatar.com\/avatar\/d25959a15b9b293a743f99181c7cfd01?s=96&d=mm&r=g\",\"caption\":\"Laura Hern\u00e1ndez\"}}]}<\/script>\n<!-- \/ Yoast SEO plugin. -->","yoast_head_json":{"title":"Queiroz en Libertad para negociar con Colombia -","robots":{"index":"index","follow":"follow","max-snippet":"max-snippet:-1","max-image-preview":"max-image-preview:large","max-video-preview":"max-video-preview:-1"},"canonical":"https:\/\/futbolhoy.co\/index.php\/2019\/01\/28\/queiroz-en-libertad-para-negociar-con-colombia\/","og_locale":"es_ES","og_type":"article","og_title":"Queiroz en Libertad para negociar con Colombia -","og_description":"El t\u00e9cnico portugu\u00e9s, Carlos Queiroz, qued\u00f3 en libertad para negociar con Colombia su vinculaci\u00f3n como seleccionador nacional, tras la eliminaci\u00f3n de la Copa de f\u00fatbol de Asia. Ir\u00e1n, dirigida por Queiroz, cay\u00f3 en semifinales 3-0 ante Jap\u00f3n y qued\u00f3 al margen del torneo. El entrenador en la rueda de prensa, tras el juego, dijo:\u00a0\u201cEste es [&hellip;]","og_url":"https:\/\/futbolhoy.co\/index.php\/2019\/01\/28\/queiroz-en-libertad-para-negociar-con-colombia\/","article_publisher":"https:\/\/www.facebook.com\/FutbolHoyCol\/","article_published_time":"2019-01-28T21:00:02+00:00","article_modified_time":"2019-01-29T17:41:29+00:00","og_image":[{"width":1200,"height":1200,"url":"https:\/\/futbolhoy.co\/wp-content\/uploads\/2019\/01\/Dgh8D93WsAEhkqQ.jpg","type":"image\/jpeg"}],"author":"Laura Hern\u00e1ndez","twitter_card":"summary_large_image","twitter_creator":"@FutbolHoyCol","twitter_site":"@FutbolHoyCol","twitter_misc":{"Escrito por":"Laura Hern\u00e1ndez","Tiempo de lectura":"1 minuto"},"schema":{"@context":"https:\/\/schema.org","@graph":[{"@type":"Article","@id":"https:\/\/futbolhoy.co\/index.php\/2019\/01\/28\/queiroz-en-libertad-para-negociar-con-colombia\/#article","isPartOf":{"@id":"https:\/\/futbolhoy.co\/index.php\/2019\/01\/28\/queiroz-en-libertad-para-negociar-con-colombia\/"},"author":{"name":"Laura Hern\u00e1ndez","@id":"https:\/\/futbolhoy.co\/#\/schema\/person\/c4a353a512b127643723a34bb1812f7d"},"headline":"Queiroz en Libertad para negociar con Colombia","datePublished":"2019-01-28T21:00:02+00:00","dateModified":"2019-01-29T17:41:29+00:00","mainEntityOfPage":{"@id":"https:\/\/futbolhoy.co\/index.php\/2019\/01\/28\/queiroz-en-libertad-para-negociar-con-colombia\/"},"wordCount":241,"commentCount":0,"publisher":{"@id":"https:\/\/futbolhoy.co\/#organization"},"image":{"@id":"https:\/\/futbolhoy.co\/index.php\/2019\/01\/28\/queiroz-en-libertad-para-negociar-con-colombia\/#primaryimage"},"thumbnailUrl":"https:\/\/futbolhoy.co\/wp-content\/uploads\/2019\/01\/Dgh8D93WsAEhkqQ.jpg","keywords":["Carlos Queiroz","Selecci\u00f3n Colombia"],"articleSection":["Colombia"],"inLanguage":"es","potentialAction":[{"@type":"CommentAction","name":"Comment","target":["https:\/\/futbolhoy.co\/index.php\/2019\/01\/28\/queiroz-en-libertad-para-negociar-con-colombia\/#respond"]}]},{"@type":"WebPage","@id":"https:\/\/futbolhoy.co\/index.php\/2019\/01\/28\/queiroz-en-libertad-para-negociar-con-colombia\/","url":"https:\/\/futbolhoy.co\/index.php\/2019\/01\/28\/queiroz-en-libertad-para-negociar-con-colombia\/","name":"Queiroz en Libertad para negociar con Colombia -","isPartOf":{"@id":"https:\/\/futbolhoy.co\/#website"},"primaryImageOfPage":{"@id":"https:\/\/futbolhoy.co\/index.php\/2019\/01\/28\/queiroz-en-libertad-para-negociar-con-colombia\/#primaryimage"},"image":{"@id":"https:\/\/futbolhoy.co\/index.php\/2019\/01\/28\/queiroz-en-libertad-para-negociar-con-colombia\/#primaryimage"},"thumbnailUrl":"https:\/\/futbolhoy.co\/wp-content\/uploads\/2019\/01\/Dgh8D93WsAEhkqQ.jpg","datePublished":"2019-01-28T21:00:02+00:00","dateModified":"2019-01-29T17:41:29+00:00","breadcrumb":{"@id":"https:\/\/futbolhoy.co\/index.php\/2019\/01\/28\/queiroz-en-libertad-para-negociar-con-colombia\/#breadcrumb"},"inLanguage":"es","potentialAction":[{"@type":"ReadAction","target":["https:\/\/futbolhoy.co\/index.php\/2019\/01\/28\/queiroz-en-libertad-para-negociar-con-colombia\/"]}]},{"@type":"ImageObject","inLanguage":"es","@id":"https:\/\/futbolhoy.co\/index.php\/2019\/01\/28\/queiroz-en-libertad-para-negociar-con-colombia\/#primaryimage","url":"https:\/\/futbolhoy.co\/wp-content\/uploads\/2019\/01\/Dgh8D93WsAEhkqQ.jpg","contentUrl":"https:\/\/futbolhoy.co\/wp-content\/uploads\/2019\/01\/Dgh8D93WsAEhkqQ.jpg","width":1200,"height":1200,"caption":"Twitter @FIFAWorldCup"},{"@type":"BreadcrumbList","@id":"https:\/\/futbolhoy.co\/index.php\/2019\/01\/28\/queiroz-en-libertad-para-negociar-con-colombia\/#breadcrumb","itemListElement":[{"@type":"ListItem","position":1,"name":"Portada","item":"https:\/\/futbolhoy.co\/"},{"@type":"ListItem","position":2,"name":"Queiroz en Libertad para negociar con Colombia"}]},{"@type":"WebSite","@id":"https:\/\/futbolhoy.co\/#website","url":"https:\/\/futbolhoy.co\/","name":"FutbolHoy","description":"","publisher":{"@id":"https:\/\/futbolhoy.co\/#organization"},"potentialAction":[{"@type":"SearchAction","target":{"@type":"EntryPoint","urlTemplate":"https:\/\/futbolhoy.co\/?s={search_term_string}"},"query-input":{"@type":"PropertyValueSpecification","valueRequired":true,"valueName":"search_term_string"}}],"inLanguage":"es"},{"@type":"Organization","@id":"https:\/\/futbolhoy.co\/#organization","name":"Futbolhoy.co","url":"https:\/\/futbolhoy.co\/","logo":{"@type":"ImageObject","inLanguage":"es","@id":"https:\/\/futbolhoy.co\/#\/schema\/logo\/image\/","url":"https:\/\/futbolhoy.co\/wp-content\/uploads\/2018\/08\/17426380_1906371736249227_6326180412931521141_n.jpg","contentUrl":"https:\/\/futbolhoy.co\/wp-content\/uploads\/2018\/08\/17426380_1906371736249227_6326180412931521141_n.jpg","width":960,"height":960,"caption":"Futbolhoy.co"},"image":{"@id":"https:\/\/futbolhoy.co\/#\/schema\/logo\/image\/"},"sameAs":["https:\/\/www.facebook.com\/FutbolHoyCol\/","https:\/\/x.com\/FutbolHoyCol","https:\/\/www.instagram.com\/futbolhoycol\/"]},{"@type":"Person","@id":"https:\/\/futbolhoy.co\/#\/schema\/person\/c4a353a512b127643723a34bb1812f7d","name":"Laura Hern\u00e1ndez","image":{"@type":"ImageObject","inLanguage":"es","@id":"https:\/\/futbolhoy.co\/#\/schema\/person\/image\/","url":"https:\/\/secure.gravatar.com\/avatar\/d25959a15b9b293a743f99181c7cfd01?s=96&d=mm&r=g","contentUrl":"https:\/\/secure.gravatar.com\/avatar\/d25959a15b9b293a743f99181c7cfd01?s=96&d=mm&r=g","caption":"Laura Hern\u00e1ndez"}}]}},"publishpress_future_action":{"enabled":false,"date":"2026-05-04 02:47:19","action":"change-status","newStatus":"draft","terms":[],"taxonomy":"category","extraData":[]},"publishpress_future_workflow_manual_trigger":{"enabledWorkflows":[]},"_links":{"self":[{"href":"https:\/\/futbolhoy.co\/index.php\/wp-json\/wp\/v2\/posts\/30881","targetHints":{"allow":["GET"]}}],"collection":[{"href":"https:\/\/futbolhoy.co\/index.php\/wp-json\/wp\/v2\/posts"}],"about":[{"href":"https:\/\/futbolhoy.co\/index.php\/wp-json\/wp\/v2\/types\/post"}],"author":[{"embeddable":true,"href":"https:\/\/futbolhoy.co\/index.php\/wp-json\/wp\/v2\/users\/5"}],"replies":[{"embeddable":true,"href":"https:\/\/futbolhoy.co\/index.php\/wp-json\/wp\/v2\/comments?post=30881"}],"version-history":[{"count":1,"href":"https:\/\/futbolhoy.co\/index.php\/wp-json\/wp\/v2\/posts\/30881\/revisions"}],"predecessor-version":[{"id":30896,"href":"https:\/\/futbolhoy.co\/index.php\/wp-json\/wp\/v2\/posts\/30881\/revisions\/30896"}],"wp:featuredmedia":[{"embeddable":true,"href":"https:\/\/futbolhoy.co\/index.php\/wp-json\/wp\/v2\/media\/30888"}],"wp:attachment":[{"href":"https:\/\/futbolhoy.co\/index.php\/wp-json\/wp\/v2\/media?parent=30881"}],"wp:term":[{"taxonomy":"category","embeddable":true,"href":"https:\/\/futbolhoy.co\/index.php\/wp-json\/wp\/v2\/categories?post=30881"},{"taxonomy":"post_tag","embeddable":true,"href":"https:\/\/futbolhoy.co\/index.php\/wp-json\/wp\/v2\/tags?post=30881"}],"curies":[{"name":"wp","href":"https:\/\/api.w.org\/{rel}","templated":true}]}}