{"id":30950,"date":"2019-01-29T18:12:11","date_gmt":"2019-01-29T23:12:11","guid":{"rendered":"http:\/\/futbolhoy.co\/?p=30950"},"modified":"2019-01-30T08:33:25","modified_gmt":"2019-01-30T13:33:25","slug":"murillo-no-estara-en-juego-de-copa-del-rey","status":"publish","type":"post","link":"https:\/\/futbolhoy.co\/index.php\/2019\/01\/29\/murillo-no-estara-en-juego-de-copa-del-rey\/","title":{"rendered":"Murillo no estar\u00e1 en juego de Copa del Rey"},"content":{"rendered":"<p style=\"text-align: justify;\"><span style=\"font-family: helvetica, arial, sans-serif;\">El zaguero cale\u00f1o, <strong>Jeison Murillo,<\/strong> no fue incluido entre los citados a concentraci\u00f3n por el <strong>Barcelona<\/strong> para el juego ante <strong>Sevilla<\/strong>, por la vuelta de los cuartos de final de la <strong>Copa del Rey.<\/strong><\/span><\/p>\n<p style=\"text-align: justify;\"><span style=\"font-family: helvetica, arial, sans-serif;\">Murillo no est\u00e1 en una convocatoria con el equipo catal\u00e1n desde el pasado 20 de enero, cuando su equipo enfrent\u00f3 a <strong>Legan\u00e9s<\/strong>. El colombiano estuvo en el banco y no tuvo minutos.<\/span><\/p>\n<p style=\"text-align: justify;\"><span style=\"font-family: helvetica, arial, sans-serif;\">En el plantel son baja por lesi\u00f3n el defensa <strong>Samuel Umtiti<\/strong>, el volante <strong>Rafinha<\/strong> <strong>Alc\u00e1ntara<\/strong> y el delantero <strong>Ousmane Demb\u00e9l\u00e9.<\/strong><\/span><\/p>\n<p style=\"text-align: justify;\"><span style=\"font-family: helvetica, arial, sans-serif;\">Los 18 convocados por <strong>Ernesto Valverde<\/strong> son: <strong>Ter Stegen, Cillessen, Semedo, Sergi Roberto, Lenglet, Piqu\u00e9, Vermaelen, Jordi Alba, Sergio Busquets, Rakitic, Arthur, Arturo Vidal, Ale\u00f1\u00e1, Countinho, Malcom, Prince, Messi y Luis Su\u00e1rez.<\/strong><\/span><\/p>\n","protected":false},"excerpt":{"rendered":"<p>El zaguero cale\u00f1o, Jeison Murillo, no fue incluido entre los citados a concentraci\u00f3n por el Barcelona para el juego ante Sevilla, por la vuelta de los cuartos de final de la Copa del Rey. Murillo no est\u00e1 en una convocatoria con el equipo catal\u00e1n desde el pasado 20 de enero, cuando su equipo enfrent\u00f3 a [&hellip;]<\/p>\n","protected":false},"author":5,"featured_media":29501,"comment_status":"open","ping_status":"open","sticky":false,"template":"","format":"standard","meta":{"_acf_changed":false,"footnotes":""},"categories":[418],"tags":[257,83,475],"class_list":{"0":"post-30950","1":"post","2":"type-post","3":"status-publish","4":"format-standard","5":"has-post-thumbnail","7":"category-colombia","8":"tag-copa-del-rey","9":"tag-fc-barcelona","10":"tag-jeison-murillo"},"acf":[],"yoast_head":"<!-- This site is optimized with the Yoast SEO plugin v26.8 - https:\/\/yoast.com\/product\/yoast-seo-wordpress\/ -->\n<title>Murillo no estar\u00e1 en juego de Copa del Rey -<\/title>\n<meta name=\"robots\" content=\"index, follow, max-snippet:-1, max-image-preview:large, max-video-preview:-1\" \/>\n<link rel=\"canonical\" href=\"https:\/\/futbolhoy.co\/index.php\/2019\/01\/29\/murillo-no-estara-en-juego-de-copa-del-rey\/\" \/>\n<meta property=\"og:locale\" content=\"es_ES\" \/>\n<meta property=\"og:type\" content=\"article\" \/>\n<meta property=\"og:title\" content=\"Murillo no estar\u00e1 en juego de Copa del Rey -\" \/>\n<meta property=\"og:description\" content=\"El zaguero cale\u00f1o, Jeison Murillo, no fue incluido entre los citados a concentraci\u00f3n por el Barcelona para el juego ante Sevilla, por la vuelta de los cuartos de final de la Copa del Rey. Murillo no est\u00e1 en una convocatoria con el equipo catal\u00e1n desde el pasado 20 de enero, cuando su equipo enfrent\u00f3 a [&hellip;]\" \/>\n<meta property=\"og:url\" content=\"https:\/\/futbolhoy.co\/index.php\/2019\/01\/29\/murillo-no-estara-en-juego-de-copa-del-rey\/\" \/>\n<meta property=\"article:publisher\" content=\"https:\/\/www.facebook.com\/FutbolHoyCol\/\" \/>\n<meta property=\"article:published_time\" content=\"2019-01-29T23:12:11+00:00\" \/>\n<meta property=\"article:modified_time\" content=\"2019-01-30T13:33:25+00:00\" \/>\n<meta property=\"og:image\" content=\"https:\/\/futbolhoy.co\/wp-content\/uploads\/2018\/12\/Dva5noFWoAAJHPh.jpg\" \/>\n\t<meta property=\"og:image:width\" content=\"1200\" \/>\n\t<meta property=\"og:image:height\" content=\"800\" \/>\n\t<meta property=\"og:image:type\" content=\"image\/jpeg\" \/>\n<meta name=\"author\" content=\"Laura Hern\u00e1ndez\" \/>\n<meta name=\"twitter:card\" content=\"summary_large_image\" \/>\n<meta name=\"twitter:creator\" content=\"@FutbolHoyCol\" \/>\n<meta name=\"twitter:site\" content=\"@FutbolHoyCol\" \/>\n<meta name=\"twitter:label1\" content=\"Escrito por\" \/>\n\t<meta name=\"twitter:data1\" content=\"Laura Hern\u00e1ndez\" \/>\n\t<meta name=\"twitter:label2\" content=\"Tiempo de lectura\" \/>\n\t<meta name=\"twitter:data2\" content=\"1 minuto\" \/>\n<script type=\"application\/ld+json\" class=\"yoast-schema-graph\">{\"@context\":\"https:\/\/schema.org\",\"@graph\":[{\"@type\":\"Article\",\"@id\":\"https:\/\/futbolhoy.co\/index.php\/2019\/01\/29\/murillo-no-estara-en-juego-de-copa-del-rey\/#article\",\"isPartOf\":{\"@id\":\"https:\/\/futbolhoy.co\/index.php\/2019\/01\/29\/murillo-no-estara-en-juego-de-copa-del-rey\/\"},\"author\":{\"name\":\"Laura Hern\u00e1ndez\",\"@id\":\"https:\/\/futbolhoy.co\/#\/schema\/person\/c4a353a512b127643723a34bb1812f7d\"},\"headline\":\"Murillo no estar\u00e1 en juego de Copa del Rey\",\"datePublished\":\"2019-01-29T23:12:11+00:00\",\"dateModified\":\"2019-01-30T13:33:25+00:00\",\"mainEntityOfPage\":{\"@id\":\"https:\/\/futbolhoy.co\/index.php\/2019\/01\/29\/murillo-no-estara-en-juego-de-copa-del-rey\/\"},\"wordCount\":133,\"commentCount\":0,\"publisher\":{\"@id\":\"https:\/\/futbolhoy.co\/#organization\"},\"image\":{\"@id\":\"https:\/\/futbolhoy.co\/index.php\/2019\/01\/29\/murillo-no-estara-en-juego-de-copa-del-rey\/#primaryimage\"},\"thumbnailUrl\":\"https:\/\/futbolhoy.co\/wp-content\/uploads\/2018\/12\/Dva5noFWoAAJHPh.jpg\",\"keywords\":[\"Copa del Rey\",\"Fc Barcelona\",\"Jeison Murillo\"],\"articleSection\":[\"Colombia\"],\"inLanguage\":\"es\",\"potentialAction\":[{\"@type\":\"CommentAction\",\"name\":\"Comment\",\"target\":[\"https:\/\/futbolhoy.co\/index.php\/2019\/01\/29\/murillo-no-estara-en-juego-de-copa-del-rey\/#respond\"]}]},{\"@type\":\"WebPage\",\"@id\":\"https:\/\/futbolhoy.co\/index.php\/2019\/01\/29\/murillo-no-estara-en-juego-de-copa-del-rey\/\",\"url\":\"https:\/\/futbolhoy.co\/index.php\/2019\/01\/29\/murillo-no-estara-en-juego-de-copa-del-rey\/\",\"name\":\"Murillo no estar\u00e1 en juego de Copa del Rey -\",\"isPartOf\":{\"@id\":\"https:\/\/futbolhoy.co\/#website\"},\"primaryImageOfPage\":{\"@id\":\"https:\/\/futbolhoy.co\/index.php\/2019\/01\/29\/murillo-no-estara-en-juego-de-copa-del-rey\/#primaryimage\"},\"image\":{\"@id\":\"https:\/\/futbolhoy.co\/index.php\/2019\/01\/29\/murillo-no-estara-en-juego-de-copa-del-rey\/#primaryimage\"},\"thumbnailUrl\":\"https:\/\/futbolhoy.co\/wp-content\/uploads\/2018\/12\/Dva5noFWoAAJHPh.jpg\",\"datePublished\":\"2019-01-29T23:12:11+00:00\",\"dateModified\":\"2019-01-30T13:33:25+00:00\",\"breadcrumb\":{\"@id\":\"https:\/\/futbolhoy.co\/index.php\/2019\/01\/29\/murillo-no-estara-en-juego-de-copa-del-rey\/#breadcrumb\"},\"inLanguage\":\"es\",\"potentialAction\":[{\"@type\":\"ReadAction\",\"target\":[\"https:\/\/futbolhoy.co\/index.php\/2019\/01\/29\/murillo-no-estara-en-juego-de-copa-del-rey\/\"]}]},{\"@type\":\"ImageObject\",\"inLanguage\":\"es\",\"@id\":\"https:\/\/futbolhoy.co\/index.php\/2019\/01\/29\/murillo-no-estara-en-juego-de-copa-del-rey\/#primaryimage\",\"url\":\"https:\/\/futbolhoy.co\/wp-content\/uploads\/2018\/12\/Dva5noFWoAAJHPh.jpg\",\"contentUrl\":\"https:\/\/futbolhoy.co\/wp-content\/uploads\/2018\/12\/Dva5noFWoAAJHPh.jpg\",\"width\":1200,\"height\":800,\"caption\":\"@FCBarcelona\"},{\"@type\":\"BreadcrumbList\",\"@id\":\"https:\/\/futbolhoy.co\/index.php\/2019\/01\/29\/murillo-no-estara-en-juego-de-copa-del-rey\/#breadcrumb\",\"itemListElement\":[{\"@type\":\"ListItem\",\"position\":1,\"name\":\"Portada\",\"item\":\"https:\/\/futbolhoy.co\/\"},{\"@type\":\"ListItem\",\"position\":2,\"name\":\"Murillo no estar\u00e1 en juego de Copa del Rey\"}]},{\"@type\":\"WebSite\",\"@id\":\"https:\/\/futbolhoy.co\/#website\",\"url\":\"https:\/\/futbolhoy.co\/\",\"name\":\"FutbolHoy\",\"description\":\"\",\"publisher\":{\"@id\":\"https:\/\/futbolhoy.co\/#organization\"},\"potentialAction\":[{\"@type\":\"SearchAction\",\"target\":{\"@type\":\"EntryPoint\",\"urlTemplate\":\"https:\/\/futbolhoy.co\/?s={search_term_string}\"},\"query-input\":{\"@type\":\"PropertyValueSpecification\",\"valueRequired\":true,\"valueName\":\"search_term_string\"}}],\"inLanguage\":\"es\"},{\"@type\":\"Organization\",\"@id\":\"https:\/\/futbolhoy.co\/#organization\",\"name\":\"Futbolhoy.co\",\"url\":\"https:\/\/futbolhoy.co\/\",\"logo\":{\"@type\":\"ImageObject\",\"inLanguage\":\"es\",\"@id\":\"https:\/\/futbolhoy.co\/#\/schema\/logo\/image\/\",\"url\":\"https:\/\/futbolhoy.co\/wp-content\/uploads\/2018\/08\/17426380_1906371736249227_6326180412931521141_n.jpg\",\"contentUrl\":\"https:\/\/futbolhoy.co\/wp-content\/uploads\/2018\/08\/17426380_1906371736249227_6326180412931521141_n.jpg\",\"width\":960,\"height\":960,\"caption\":\"Futbolhoy.co\"},\"image\":{\"@id\":\"https:\/\/futbolhoy.co\/#\/schema\/logo\/image\/\"},\"sameAs\":[\"https:\/\/www.facebook.com\/FutbolHoyCol\/\",\"https:\/\/x.com\/FutbolHoyCol\",\"https:\/\/www.instagram.com\/futbolhoycol\/\"]},{\"@type\":\"Person\",\"@id\":\"https:\/\/futbolhoy.co\/#\/schema\/person\/c4a353a512b127643723a34bb1812f7d\",\"name\":\"Laura Hern\u00e1ndez\",\"image\":{\"@type\":\"ImageObject\",\"inLanguage\":\"es\",\"@id\":\"https:\/\/futbolhoy.co\/#\/schema\/person\/image\/\",\"url\":\"https:\/\/secure.gravatar.com\/avatar\/d25959a15b9b293a743f99181c7cfd01?s=96&d=mm&r=g\",\"contentUrl\":\"https:\/\/secure.gravatar.com\/avatar\/d25959a15b9b293a743f99181c7cfd01?s=96&d=mm&r=g\",\"caption\":\"Laura Hern\u00e1ndez\"}}]}<\/script>\n<!-- \/ Yoast SEO plugin. -->","yoast_head_json":{"title":"Murillo no estar\u00e1 en juego de Copa del Rey -","robots":{"index":"index","follow":"follow","max-snippet":"max-snippet:-1","max-image-preview":"max-image-preview:large","max-video-preview":"max-video-preview:-1"},"canonical":"https:\/\/futbolhoy.co\/index.php\/2019\/01\/29\/murillo-no-estara-en-juego-de-copa-del-rey\/","og_locale":"es_ES","og_type":"article","og_title":"Murillo no estar\u00e1 en juego de Copa del Rey -","og_description":"El zaguero cale\u00f1o, Jeison Murillo, no fue incluido entre los citados a concentraci\u00f3n por el Barcelona para el juego ante Sevilla, por la vuelta de los cuartos de final de la Copa del Rey. Murillo no est\u00e1 en una convocatoria con el equipo catal\u00e1n desde el pasado 20 de enero, cuando su equipo enfrent\u00f3 a [&hellip;]","og_url":"https:\/\/futbolhoy.co\/index.php\/2019\/01\/29\/murillo-no-estara-en-juego-de-copa-del-rey\/","article_publisher":"https:\/\/www.facebook.com\/FutbolHoyCol\/","article_published_time":"2019-01-29T23:12:11+00:00","article_modified_time":"2019-01-30T13:33:25+00:00","og_image":[{"width":1200,"height":800,"url":"https:\/\/futbolhoy.co\/wp-content\/uploads\/2018\/12\/Dva5noFWoAAJHPh.jpg","type":"image\/jpeg"}],"author":"Laura Hern\u00e1ndez","twitter_card":"summary_large_image","twitter_creator":"@FutbolHoyCol","twitter_site":"@FutbolHoyCol","twitter_misc":{"Escrito por":"Laura Hern\u00e1ndez","Tiempo de lectura":"1 minuto"},"schema":{"@context":"https:\/\/schema.org","@graph":[{"@type":"Article","@id":"https:\/\/futbolhoy.co\/index.php\/2019\/01\/29\/murillo-no-estara-en-juego-de-copa-del-rey\/#article","isPartOf":{"@id":"https:\/\/futbolhoy.co\/index.php\/2019\/01\/29\/murillo-no-estara-en-juego-de-copa-del-rey\/"},"author":{"name":"Laura Hern\u00e1ndez","@id":"https:\/\/futbolhoy.co\/#\/schema\/person\/c4a353a512b127643723a34bb1812f7d"},"headline":"Murillo no estar\u00e1 en juego de Copa del Rey","datePublished":"2019-01-29T23:12:11+00:00","dateModified":"2019-01-30T13:33:25+00:00","mainEntityOfPage":{"@id":"https:\/\/futbolhoy.co\/index.php\/2019\/01\/29\/murillo-no-estara-en-juego-de-copa-del-rey\/"},"wordCount":133,"commentCount":0,"publisher":{"@id":"https:\/\/futbolhoy.co\/#organization"},"image":{"@id":"https:\/\/futbolhoy.co\/index.php\/2019\/01\/29\/murillo-no-estara-en-juego-de-copa-del-rey\/#primaryimage"},"thumbnailUrl":"https:\/\/futbolhoy.co\/wp-content\/uploads\/2018\/12\/Dva5noFWoAAJHPh.jpg","keywords":["Copa del Rey","Fc Barcelona","Jeison Murillo"],"articleSection":["Colombia"],"inLanguage":"es","potentialAction":[{"@type":"CommentAction","name":"Comment","target":["https:\/\/futbolhoy.co\/index.php\/2019\/01\/29\/murillo-no-estara-en-juego-de-copa-del-rey\/#respond"]}]},{"@type":"WebPage","@id":"https:\/\/futbolhoy.co\/index.php\/2019\/01\/29\/murillo-no-estara-en-juego-de-copa-del-rey\/","url":"https:\/\/futbolhoy.co\/index.php\/2019\/01\/29\/murillo-no-estara-en-juego-de-copa-del-rey\/","name":"Murillo no estar\u00e1 en juego de Copa del Rey -","isPartOf":{"@id":"https:\/\/futbolhoy.co\/#website"},"primaryImageOfPage":{"@id":"https:\/\/futbolhoy.co\/index.php\/2019\/01\/29\/murillo-no-estara-en-juego-de-copa-del-rey\/#primaryimage"},"image":{"@id":"https:\/\/futbolhoy.co\/index.php\/2019\/01\/29\/murillo-no-estara-en-juego-de-copa-del-rey\/#primaryimage"},"thumbnailUrl":"https:\/\/futbolhoy.co\/wp-content\/uploads\/2018\/12\/Dva5noFWoAAJHPh.jpg","datePublished":"2019-01-29T23:12:11+00:00","dateModified":"2019-01-30T13:33:25+00:00","breadcrumb":{"@id":"https:\/\/futbolhoy.co\/index.php\/2019\/01\/29\/murillo-no-estara-en-juego-de-copa-del-rey\/#breadcrumb"},"inLanguage":"es","potentialAction":[{"@type":"ReadAction","target":["https:\/\/futbolhoy.co\/index.php\/2019\/01\/29\/murillo-no-estara-en-juego-de-copa-del-rey\/"]}]},{"@type":"ImageObject","inLanguage":"es","@id":"https:\/\/futbolhoy.co\/index.php\/2019\/01\/29\/murillo-no-estara-en-juego-de-copa-del-rey\/#primaryimage","url":"https:\/\/futbolhoy.co\/wp-content\/uploads\/2018\/12\/Dva5noFWoAAJHPh.jpg","contentUrl":"https:\/\/futbolhoy.co\/wp-content\/uploads\/2018\/12\/Dva5noFWoAAJHPh.jpg","width":1200,"height":800,"caption":"@FCBarcelona"},{"@type":"BreadcrumbList","@id":"https:\/\/futbolhoy.co\/index.php\/2019\/01\/29\/murillo-no-estara-en-juego-de-copa-del-rey\/#breadcrumb","itemListElement":[{"@type":"ListItem","position":1,"name":"Portada","item":"https:\/\/futbolhoy.co\/"},{"@type":"ListItem","position":2,"name":"Murillo no estar\u00e1 en juego de Copa del Rey"}]},{"@type":"WebSite","@id":"https:\/\/futbolhoy.co\/#website","url":"https:\/\/futbolhoy.co\/","name":"FutbolHoy","description":"","publisher":{"@id":"https:\/\/futbolhoy.co\/#organization"},"potentialAction":[{"@type":"SearchAction","target":{"@type":"EntryPoint","urlTemplate":"https:\/\/futbolhoy.co\/?s={search_term_string}"},"query-input":{"@type":"PropertyValueSpecification","valueRequired":true,"valueName":"search_term_string"}}],"inLanguage":"es"},{"@type":"Organization","@id":"https:\/\/futbolhoy.co\/#organization","name":"Futbolhoy.co","url":"https:\/\/futbolhoy.co\/","logo":{"@type":"ImageObject","inLanguage":"es","@id":"https:\/\/futbolhoy.co\/#\/schema\/logo\/image\/","url":"https:\/\/futbolhoy.co\/wp-content\/uploads\/2018\/08\/17426380_1906371736249227_6326180412931521141_n.jpg","contentUrl":"https:\/\/futbolhoy.co\/wp-content\/uploads\/2018\/08\/17426380_1906371736249227_6326180412931521141_n.jpg","width":960,"height":960,"caption":"Futbolhoy.co"},"image":{"@id":"https:\/\/futbolhoy.co\/#\/schema\/logo\/image\/"},"sameAs":["https:\/\/www.facebook.com\/FutbolHoyCol\/","https:\/\/x.com\/FutbolHoyCol","https:\/\/www.instagram.com\/futbolhoycol\/"]},{"@type":"Person","@id":"https:\/\/futbolhoy.co\/#\/schema\/person\/c4a353a512b127643723a34bb1812f7d","name":"Laura Hern\u00e1ndez","image":{"@type":"ImageObject","inLanguage":"es","@id":"https:\/\/futbolhoy.co\/#\/schema\/person\/image\/","url":"https:\/\/secure.gravatar.com\/avatar\/d25959a15b9b293a743f99181c7cfd01?s=96&d=mm&r=g","contentUrl":"https:\/\/secure.gravatar.com\/avatar\/d25959a15b9b293a743f99181c7cfd01?s=96&d=mm&r=g","caption":"Laura Hern\u00e1ndez"}}]}},"publishpress_future_action":{"enabled":false,"date":"2026-05-02 00:44:34","action":"change-status","newStatus":"draft","terms":[],"taxonomy":"category","extraData":[]},"publishpress_future_workflow_manual_trigger":{"enabledWorkflows":[]},"_links":{"self":[{"href":"https:\/\/futbolhoy.co\/index.php\/wp-json\/wp\/v2\/posts\/30950","targetHints":{"allow":["GET"]}}],"collection":[{"href":"https:\/\/futbolhoy.co\/index.php\/wp-json\/wp\/v2\/posts"}],"about":[{"href":"https:\/\/futbolhoy.co\/index.php\/wp-json\/wp\/v2\/types\/post"}],"author":[{"embeddable":true,"href":"https:\/\/futbolhoy.co\/index.php\/wp-json\/wp\/v2\/users\/5"}],"replies":[{"embeddable":true,"href":"https:\/\/futbolhoy.co\/index.php\/wp-json\/wp\/v2\/comments?post=30950"}],"version-history":[{"count":1,"href":"https:\/\/futbolhoy.co\/index.php\/wp-json\/wp\/v2\/posts\/30950\/revisions"}],"predecessor-version":[{"id":30951,"href":"https:\/\/futbolhoy.co\/index.php\/wp-json\/wp\/v2\/posts\/30950\/revisions\/30951"}],"wp:featuredmedia":[{"embeddable":true,"href":"https:\/\/futbolhoy.co\/index.php\/wp-json\/wp\/v2\/media\/29501"}],"wp:attachment":[{"href":"https:\/\/futbolhoy.co\/index.php\/wp-json\/wp\/v2\/media?parent=30950"}],"wp:term":[{"taxonomy":"category","embeddable":true,"href":"https:\/\/futbolhoy.co\/index.php\/wp-json\/wp\/v2\/categories?post=30950"},{"taxonomy":"post_tag","embeddable":true,"href":"https:\/\/futbolhoy.co\/index.php\/wp-json\/wp\/v2\/tags?post=30950"}],"curies":[{"name":"wp","href":"https:\/\/api.w.org\/{rel}","templated":true}]}}