{"id":30956,"date":"2019-01-29T22:21:58","date_gmt":"2019-01-30T03:21:58","guid":{"rendered":"http:\/\/futbolhoy.co\/?p=30956"},"modified":"2019-02-07T21:59:14","modified_gmt":"2019-02-08T02:59:14","slug":"jornada-de-empates-en-la-liga-aguila","status":"publish","type":"post","link":"https:\/\/futbolhoy.co\/index.php\/2019\/01\/29\/jornada-de-empates-en-la-liga-aguila\/","title":{"rendered":"Puntos de Uni\u00f3n en Neiva  y Equidad en Medell\u00edn"},"content":{"rendered":"<p style=\"text-align: justify;\"><span style=\"font-family: helvetica, arial, sans-serif;\"><strong>Uni\u00f3n Magdalena<\/strong> empat\u00f3 1-1 como visitante frente a <strong>Atl\u00e9tico Huila<\/strong> y sum\u00f3 su primer punto en el torneo.\u00a0<\/span><\/p>\n<p style=\"text-align: justify;\"><span style=\"font-family: helvetica, arial, sans-serif;\">En partido por la segunda fecha de la <strong>Liga \u00c1guila<\/strong> el primer gol fue de <strong>Huila<\/strong>, <strong>Andr\u00e9s Amaya<\/strong> abri\u00f3 el marcador en el minuto 15 y el empate lleg\u00f3 en el cierre del partido en el 88 tras un remate de Ruyery Blanco.<\/span><\/p>\n<p style=\"text-align: justify;\"><span style=\"font-family: helvetica, arial, sans-serif;\">Mientras tanto en el segundo encuentro de la noche <strong>Equidad<\/strong>\u00a0empat\u00f3 1-1 frente a <strong>Independiente Medell\u00edn<\/strong> en el Atanasio Girardot.\u00a0<\/span><\/p>\n<p style=\"text-align: justify;\"><span style=\"font-family: helvetica, arial, sans-serif;\">Equidad\u00a0 celebr\u00f3 primero tras un autogol de\u00a0<strong>Nicolas Palacios <\/strong>en el minuto 3.\u00a0El empate para Medell\u00edn lleg\u00f3 por medio de <strong>Germ\u00e1n\u00a0Cano<\/strong> desde el punto penal en el 79.\u00a0<\/span><\/p>\n","protected":false},"excerpt":{"rendered":"<p>Uni\u00f3n Magdalena empat\u00f3 1-1 como visitante frente a Atl\u00e9tico Huila y sum\u00f3 su primer punto en el torneo.\u00a0 En partido por la segunda fecha de la Liga \u00c1guila el primer gol fue de Huila, Andr\u00e9s Amaya abri\u00f3 el marcador en el minuto 15 y el empate lleg\u00f3 en el cierre del partido en el 88 [&hellip;]<\/p>\n","protected":false},"author":5,"featured_media":30957,"comment_status":"open","ping_status":"open","sticky":false,"template":"","format":"standard","meta":{"_acf_changed":false,"footnotes":""},"categories":[7],"tags":[145],"class_list":{"0":"post-30956","1":"post","2":"type-post","3":"status-publish","4":"format-standard","5":"has-post-thumbnail","7":"category-liga-betplay","8":"tag-liga-aguila"},"acf":[],"yoast_head":"<!-- This site is optimized with the Yoast SEO plugin v26.8 - https:\/\/yoast.com\/product\/yoast-seo-wordpress\/ -->\n<title>Puntos de Uni\u00f3n en Neiva y Equidad en Medell\u00edn -<\/title>\n<meta name=\"robots\" content=\"index, follow, max-snippet:-1, max-image-preview:large, max-video-preview:-1\" \/>\n<link rel=\"canonical\" href=\"https:\/\/futbolhoy.co\/index.php\/2019\/01\/29\/jornada-de-empates-en-la-liga-aguila\/\" \/>\n<meta property=\"og:locale\" content=\"es_ES\" \/>\n<meta property=\"og:type\" content=\"article\" \/>\n<meta property=\"og:title\" content=\"Puntos de Uni\u00f3n en Neiva y Equidad en Medell\u00edn -\" \/>\n<meta property=\"og:description\" content=\"Uni\u00f3n Magdalena empat\u00f3 1-1 como visitante frente a Atl\u00e9tico Huila y sum\u00f3 su primer punto en el torneo.\u00a0 En partido por la segunda fecha de la Liga \u00c1guila el primer gol fue de Huila, Andr\u00e9s Amaya abri\u00f3 el marcador en el minuto 15 y el empate lleg\u00f3 en el cierre del partido en el 88 [&hellip;]\" \/>\n<meta property=\"og:url\" content=\"https:\/\/futbolhoy.co\/index.php\/2019\/01\/29\/jornada-de-empates-en-la-liga-aguila\/\" \/>\n<meta property=\"article:publisher\" content=\"https:\/\/www.facebook.com\/FutbolHoyCol\/\" \/>\n<meta property=\"article:published_time\" content=\"2019-01-30T03:21:58+00:00\" \/>\n<meta property=\"article:modified_time\" content=\"2019-02-08T02:59:14+00:00\" \/>\n<meta property=\"og:image\" content=\"https:\/\/futbolhoy.co\/wp-content\/uploads\/2019\/01\/IMG_20190129_214413.jpg\" \/>\n\t<meta property=\"og:image:width\" content=\"1080\" \/>\n\t<meta property=\"og:image:height\" content=\"719\" \/>\n\t<meta property=\"og:image:type\" content=\"image\/jpeg\" \/>\n<meta name=\"author\" content=\"Laura Hern\u00e1ndez\" \/>\n<meta name=\"twitter:card\" content=\"summary_large_image\" \/>\n<meta name=\"twitter:creator\" content=\"@FutbolHoyCol\" \/>\n<meta name=\"twitter:site\" content=\"@FutbolHoyCol\" \/>\n<meta name=\"twitter:label1\" content=\"Escrito por\" \/>\n\t<meta name=\"twitter:data1\" content=\"Laura Hern\u00e1ndez\" \/>\n\t<meta name=\"twitter:label2\" content=\"Tiempo de lectura\" \/>\n\t<meta name=\"twitter:data2\" content=\"1 minuto\" \/>\n<script type=\"application\/ld+json\" class=\"yoast-schema-graph\">{\"@context\":\"https:\/\/schema.org\",\"@graph\":[{\"@type\":\"Article\",\"@id\":\"https:\/\/futbolhoy.co\/index.php\/2019\/01\/29\/jornada-de-empates-en-la-liga-aguila\/#article\",\"isPartOf\":{\"@id\":\"https:\/\/futbolhoy.co\/index.php\/2019\/01\/29\/jornada-de-empates-en-la-liga-aguila\/\"},\"author\":{\"name\":\"Laura Hern\u00e1ndez\",\"@id\":\"https:\/\/futbolhoy.co\/#\/schema\/person\/c4a353a512b127643723a34bb1812f7d\"},\"headline\":\"Puntos de Uni\u00f3n en Neiva y Equidad en Medell\u00edn\",\"datePublished\":\"2019-01-30T03:21:58+00:00\",\"dateModified\":\"2019-02-08T02:59:14+00:00\",\"mainEntityOfPage\":{\"@id\":\"https:\/\/futbolhoy.co\/index.php\/2019\/01\/29\/jornada-de-empates-en-la-liga-aguila\/\"},\"wordCount\":124,\"commentCount\":0,\"publisher\":{\"@id\":\"https:\/\/futbolhoy.co\/#organization\"},\"image\":{\"@id\":\"https:\/\/futbolhoy.co\/index.php\/2019\/01\/29\/jornada-de-empates-en-la-liga-aguila\/#primaryimage\"},\"thumbnailUrl\":\"https:\/\/futbolhoy.co\/wp-content\/uploads\/2019\/01\/IMG_20190129_214413.jpg\",\"keywords\":[\"Liga Aguila\"],\"articleSection\":[\"Liga BetPlay\"],\"inLanguage\":\"es\",\"potentialAction\":[{\"@type\":\"CommentAction\",\"name\":\"Comment\",\"target\":[\"https:\/\/futbolhoy.co\/index.php\/2019\/01\/29\/jornada-de-empates-en-la-liga-aguila\/#respond\"]}]},{\"@type\":\"WebPage\",\"@id\":\"https:\/\/futbolhoy.co\/index.php\/2019\/01\/29\/jornada-de-empates-en-la-liga-aguila\/\",\"url\":\"https:\/\/futbolhoy.co\/index.php\/2019\/01\/29\/jornada-de-empates-en-la-liga-aguila\/\",\"name\":\"Puntos de Uni\u00f3n en Neiva y Equidad en Medell\u00edn -\",\"isPartOf\":{\"@id\":\"https:\/\/futbolhoy.co\/#website\"},\"primaryImageOfPage\":{\"@id\":\"https:\/\/futbolhoy.co\/index.php\/2019\/01\/29\/jornada-de-empates-en-la-liga-aguila\/#primaryimage\"},\"image\":{\"@id\":\"https:\/\/futbolhoy.co\/index.php\/2019\/01\/29\/jornada-de-empates-en-la-liga-aguila\/#primaryimage\"},\"thumbnailUrl\":\"https:\/\/futbolhoy.co\/wp-content\/uploads\/2019\/01\/IMG_20190129_214413.jpg\",\"datePublished\":\"2019-01-30T03:21:58+00:00\",\"dateModified\":\"2019-02-08T02:59:14+00:00\",\"breadcrumb\":{\"@id\":\"https:\/\/futbolhoy.co\/index.php\/2019\/01\/29\/jornada-de-empates-en-la-liga-aguila\/#breadcrumb\"},\"inLanguage\":\"es\",\"potentialAction\":[{\"@type\":\"ReadAction\",\"target\":[\"https:\/\/futbolhoy.co\/index.php\/2019\/01\/29\/jornada-de-empates-en-la-liga-aguila\/\"]}]},{\"@type\":\"ImageObject\",\"inLanguage\":\"es\",\"@id\":\"https:\/\/futbolhoy.co\/index.php\/2019\/01\/29\/jornada-de-empates-en-la-liga-aguila\/#primaryimage\",\"url\":\"https:\/\/futbolhoy.co\/wp-content\/uploads\/2019\/01\/IMG_20190129_214413.jpg\",\"contentUrl\":\"https:\/\/futbolhoy.co\/wp-content\/uploads\/2019\/01\/IMG_20190129_214413.jpg\",\"width\":1080,\"height\":719,\"caption\":\"Twitter @UnionMagdalena\"},{\"@type\":\"BreadcrumbList\",\"@id\":\"https:\/\/futbolhoy.co\/index.php\/2019\/01\/29\/jornada-de-empates-en-la-liga-aguila\/#breadcrumb\",\"itemListElement\":[{\"@type\":\"ListItem\",\"position\":1,\"name\":\"Portada\",\"item\":\"https:\/\/futbolhoy.co\/\"},{\"@type\":\"ListItem\",\"position\":2,\"name\":\"Puntos de Uni\u00f3n en Neiva y Equidad en Medell\u00edn\"}]},{\"@type\":\"WebSite\",\"@id\":\"https:\/\/futbolhoy.co\/#website\",\"url\":\"https:\/\/futbolhoy.co\/\",\"name\":\"FutbolHoy\",\"description\":\"\",\"publisher\":{\"@id\":\"https:\/\/futbolhoy.co\/#organization\"},\"potentialAction\":[{\"@type\":\"SearchAction\",\"target\":{\"@type\":\"EntryPoint\",\"urlTemplate\":\"https:\/\/futbolhoy.co\/?s={search_term_string}\"},\"query-input\":{\"@type\":\"PropertyValueSpecification\",\"valueRequired\":true,\"valueName\":\"search_term_string\"}}],\"inLanguage\":\"es\"},{\"@type\":\"Organization\",\"@id\":\"https:\/\/futbolhoy.co\/#organization\",\"name\":\"Futbolhoy.co\",\"url\":\"https:\/\/futbolhoy.co\/\",\"logo\":{\"@type\":\"ImageObject\",\"inLanguage\":\"es\",\"@id\":\"https:\/\/futbolhoy.co\/#\/schema\/logo\/image\/\",\"url\":\"https:\/\/futbolhoy.co\/wp-content\/uploads\/2018\/08\/17426380_1906371736249227_6326180412931521141_n.jpg\",\"contentUrl\":\"https:\/\/futbolhoy.co\/wp-content\/uploads\/2018\/08\/17426380_1906371736249227_6326180412931521141_n.jpg\",\"width\":960,\"height\":960,\"caption\":\"Futbolhoy.co\"},\"image\":{\"@id\":\"https:\/\/futbolhoy.co\/#\/schema\/logo\/image\/\"},\"sameAs\":[\"https:\/\/www.facebook.com\/FutbolHoyCol\/\",\"https:\/\/x.com\/FutbolHoyCol\",\"https:\/\/www.instagram.com\/futbolhoycol\/\"]},{\"@type\":\"Person\",\"@id\":\"https:\/\/futbolhoy.co\/#\/schema\/person\/c4a353a512b127643723a34bb1812f7d\",\"name\":\"Laura Hern\u00e1ndez\",\"image\":{\"@type\":\"ImageObject\",\"inLanguage\":\"es\",\"@id\":\"https:\/\/futbolhoy.co\/#\/schema\/person\/image\/\",\"url\":\"https:\/\/secure.gravatar.com\/avatar\/d25959a15b9b293a743f99181c7cfd01?s=96&d=mm&r=g\",\"contentUrl\":\"https:\/\/secure.gravatar.com\/avatar\/d25959a15b9b293a743f99181c7cfd01?s=96&d=mm&r=g\",\"caption\":\"Laura Hern\u00e1ndez\"}}]}<\/script>\n<!-- \/ Yoast SEO plugin. -->","yoast_head_json":{"title":"Puntos de Uni\u00f3n en Neiva y Equidad en Medell\u00edn -","robots":{"index":"index","follow":"follow","max-snippet":"max-snippet:-1","max-image-preview":"max-image-preview:large","max-video-preview":"max-video-preview:-1"},"canonical":"https:\/\/futbolhoy.co\/index.php\/2019\/01\/29\/jornada-de-empates-en-la-liga-aguila\/","og_locale":"es_ES","og_type":"article","og_title":"Puntos de Uni\u00f3n en Neiva y Equidad en Medell\u00edn -","og_description":"Uni\u00f3n Magdalena empat\u00f3 1-1 como visitante frente a Atl\u00e9tico Huila y sum\u00f3 su primer punto en el torneo.\u00a0 En partido por la segunda fecha de la Liga \u00c1guila el primer gol fue de Huila, Andr\u00e9s Amaya abri\u00f3 el marcador en el minuto 15 y el empate lleg\u00f3 en el cierre del partido en el 88 [&hellip;]","og_url":"https:\/\/futbolhoy.co\/index.php\/2019\/01\/29\/jornada-de-empates-en-la-liga-aguila\/","article_publisher":"https:\/\/www.facebook.com\/FutbolHoyCol\/","article_published_time":"2019-01-30T03:21:58+00:00","article_modified_time":"2019-02-08T02:59:14+00:00","og_image":[{"width":1080,"height":719,"url":"https:\/\/futbolhoy.co\/wp-content\/uploads\/2019\/01\/IMG_20190129_214413.jpg","type":"image\/jpeg"}],"author":"Laura Hern\u00e1ndez","twitter_card":"summary_large_image","twitter_creator":"@FutbolHoyCol","twitter_site":"@FutbolHoyCol","twitter_misc":{"Escrito por":"Laura Hern\u00e1ndez","Tiempo de lectura":"1 minuto"},"schema":{"@context":"https:\/\/schema.org","@graph":[{"@type":"Article","@id":"https:\/\/futbolhoy.co\/index.php\/2019\/01\/29\/jornada-de-empates-en-la-liga-aguila\/#article","isPartOf":{"@id":"https:\/\/futbolhoy.co\/index.php\/2019\/01\/29\/jornada-de-empates-en-la-liga-aguila\/"},"author":{"name":"Laura Hern\u00e1ndez","@id":"https:\/\/futbolhoy.co\/#\/schema\/person\/c4a353a512b127643723a34bb1812f7d"},"headline":"Puntos de Uni\u00f3n en Neiva y Equidad en Medell\u00edn","datePublished":"2019-01-30T03:21:58+00:00","dateModified":"2019-02-08T02:59:14+00:00","mainEntityOfPage":{"@id":"https:\/\/futbolhoy.co\/index.php\/2019\/01\/29\/jornada-de-empates-en-la-liga-aguila\/"},"wordCount":124,"commentCount":0,"publisher":{"@id":"https:\/\/futbolhoy.co\/#organization"},"image":{"@id":"https:\/\/futbolhoy.co\/index.php\/2019\/01\/29\/jornada-de-empates-en-la-liga-aguila\/#primaryimage"},"thumbnailUrl":"https:\/\/futbolhoy.co\/wp-content\/uploads\/2019\/01\/IMG_20190129_214413.jpg","keywords":["Liga Aguila"],"articleSection":["Liga BetPlay"],"inLanguage":"es","potentialAction":[{"@type":"CommentAction","name":"Comment","target":["https:\/\/futbolhoy.co\/index.php\/2019\/01\/29\/jornada-de-empates-en-la-liga-aguila\/#respond"]}]},{"@type":"WebPage","@id":"https:\/\/futbolhoy.co\/index.php\/2019\/01\/29\/jornada-de-empates-en-la-liga-aguila\/","url":"https:\/\/futbolhoy.co\/index.php\/2019\/01\/29\/jornada-de-empates-en-la-liga-aguila\/","name":"Puntos de Uni\u00f3n en Neiva y Equidad en Medell\u00edn -","isPartOf":{"@id":"https:\/\/futbolhoy.co\/#website"},"primaryImageOfPage":{"@id":"https:\/\/futbolhoy.co\/index.php\/2019\/01\/29\/jornada-de-empates-en-la-liga-aguila\/#primaryimage"},"image":{"@id":"https:\/\/futbolhoy.co\/index.php\/2019\/01\/29\/jornada-de-empates-en-la-liga-aguila\/#primaryimage"},"thumbnailUrl":"https:\/\/futbolhoy.co\/wp-content\/uploads\/2019\/01\/IMG_20190129_214413.jpg","datePublished":"2019-01-30T03:21:58+00:00","dateModified":"2019-02-08T02:59:14+00:00","breadcrumb":{"@id":"https:\/\/futbolhoy.co\/index.php\/2019\/01\/29\/jornada-de-empates-en-la-liga-aguila\/#breadcrumb"},"inLanguage":"es","potentialAction":[{"@type":"ReadAction","target":["https:\/\/futbolhoy.co\/index.php\/2019\/01\/29\/jornada-de-empates-en-la-liga-aguila\/"]}]},{"@type":"ImageObject","inLanguage":"es","@id":"https:\/\/futbolhoy.co\/index.php\/2019\/01\/29\/jornada-de-empates-en-la-liga-aguila\/#primaryimage","url":"https:\/\/futbolhoy.co\/wp-content\/uploads\/2019\/01\/IMG_20190129_214413.jpg","contentUrl":"https:\/\/futbolhoy.co\/wp-content\/uploads\/2019\/01\/IMG_20190129_214413.jpg","width":1080,"height":719,"caption":"Twitter @UnionMagdalena"},{"@type":"BreadcrumbList","@id":"https:\/\/futbolhoy.co\/index.php\/2019\/01\/29\/jornada-de-empates-en-la-liga-aguila\/#breadcrumb","itemListElement":[{"@type":"ListItem","position":1,"name":"Portada","item":"https:\/\/futbolhoy.co\/"},{"@type":"ListItem","position":2,"name":"Puntos de Uni\u00f3n en Neiva y Equidad en Medell\u00edn"}]},{"@type":"WebSite","@id":"https:\/\/futbolhoy.co\/#website","url":"https:\/\/futbolhoy.co\/","name":"FutbolHoy","description":"","publisher":{"@id":"https:\/\/futbolhoy.co\/#organization"},"potentialAction":[{"@type":"SearchAction","target":{"@type":"EntryPoint","urlTemplate":"https:\/\/futbolhoy.co\/?s={search_term_string}"},"query-input":{"@type":"PropertyValueSpecification","valueRequired":true,"valueName":"search_term_string"}}],"inLanguage":"es"},{"@type":"Organization","@id":"https:\/\/futbolhoy.co\/#organization","name":"Futbolhoy.co","url":"https:\/\/futbolhoy.co\/","logo":{"@type":"ImageObject","inLanguage":"es","@id":"https:\/\/futbolhoy.co\/#\/schema\/logo\/image\/","url":"https:\/\/futbolhoy.co\/wp-content\/uploads\/2018\/08\/17426380_1906371736249227_6326180412931521141_n.jpg","contentUrl":"https:\/\/futbolhoy.co\/wp-content\/uploads\/2018\/08\/17426380_1906371736249227_6326180412931521141_n.jpg","width":960,"height":960,"caption":"Futbolhoy.co"},"image":{"@id":"https:\/\/futbolhoy.co\/#\/schema\/logo\/image\/"},"sameAs":["https:\/\/www.facebook.com\/FutbolHoyCol\/","https:\/\/x.com\/FutbolHoyCol","https:\/\/www.instagram.com\/futbolhoycol\/"]},{"@type":"Person","@id":"https:\/\/futbolhoy.co\/#\/schema\/person\/c4a353a512b127643723a34bb1812f7d","name":"Laura Hern\u00e1ndez","image":{"@type":"ImageObject","inLanguage":"es","@id":"https:\/\/futbolhoy.co\/#\/schema\/person\/image\/","url":"https:\/\/secure.gravatar.com\/avatar\/d25959a15b9b293a743f99181c7cfd01?s=96&d=mm&r=g","contentUrl":"https:\/\/secure.gravatar.com\/avatar\/d25959a15b9b293a743f99181c7cfd01?s=96&d=mm&r=g","caption":"Laura Hern\u00e1ndez"}}]}},"publishpress_future_action":{"enabled":false,"date":"2026-05-01 23:31:14","action":"change-status","newStatus":"draft","terms":[],"taxonomy":"category","extraData":[]},"publishpress_future_workflow_manual_trigger":{"enabledWorkflows":[]},"_links":{"self":[{"href":"https:\/\/futbolhoy.co\/index.php\/wp-json\/wp\/v2\/posts\/30956","targetHints":{"allow":["GET"]}}],"collection":[{"href":"https:\/\/futbolhoy.co\/index.php\/wp-json\/wp\/v2\/posts"}],"about":[{"href":"https:\/\/futbolhoy.co\/index.php\/wp-json\/wp\/v2\/types\/post"}],"author":[{"embeddable":true,"href":"https:\/\/futbolhoy.co\/index.php\/wp-json\/wp\/v2\/users\/5"}],"replies":[{"embeddable":true,"href":"https:\/\/futbolhoy.co\/index.php\/wp-json\/wp\/v2\/comments?post=30956"}],"version-history":[{"count":4,"href":"https:\/\/futbolhoy.co\/index.php\/wp-json\/wp\/v2\/posts\/30956\/revisions"}],"predecessor-version":[{"id":30962,"href":"https:\/\/futbolhoy.co\/index.php\/wp-json\/wp\/v2\/posts\/30956\/revisions\/30962"}],"wp:featuredmedia":[{"embeddable":true,"href":"https:\/\/futbolhoy.co\/index.php\/wp-json\/wp\/v2\/media\/30957"}],"wp:attachment":[{"href":"https:\/\/futbolhoy.co\/index.php\/wp-json\/wp\/v2\/media?parent=30956"}],"wp:term":[{"taxonomy":"category","embeddable":true,"href":"https:\/\/futbolhoy.co\/index.php\/wp-json\/wp\/v2\/categories?post=30956"},{"taxonomy":"post_tag","embeddable":true,"href":"https:\/\/futbolhoy.co\/index.php\/wp-json\/wp\/v2\/tags?post=30956"}],"curies":[{"name":"wp","href":"https:\/\/api.w.org\/{rel}","templated":true}]}}