{"id":30963,"date":"2019-01-30T08:30:07","date_gmt":"2019-01-30T13:30:07","guid":{"rendered":"http:\/\/futbolhoy.co\/?p=30963"},"modified":"2019-02-02T17:24:24","modified_gmt":"2019-02-02T22:24:24","slug":"barrios-al-zenit-de-rusia","status":"publish","type":"post","link":"https:\/\/futbolhoy.co\/index.php\/2019\/01\/30\/barrios-al-zenit-de-rusia\/","title":{"rendered":"Barrios al Zenit de Rusia"},"content":{"rendered":"<p style=\"text-align: justify;\"><span style=\"font-family: helvetica, arial, sans-serif;\">El volante colombiano\u00a0<b>Wilmar Barrios<\/b>, de Boca Juniors, fue adquirido por el\u00a0<b>Zenit de San Petersburgo de Rusia<\/b>, para ocupar el lugar del argentino\u00a0<b>Leandro Paredes<\/b>, transferido al\u00a0<b>Paris Saint Germain<\/b>.<\/span><\/p>\n<p style=\"text-align: justify;\"><span style=\"font-family: helvetica, arial, sans-serif;\">Seg\u00fan el diario franc\u00e9s L\u2019Equipe, la negociaci\u00f3n se adelant\u00f3 en menos de 48 horas, por la urgencia del equipo ruso de ocupar el lugar vacante, aunque se desconoce el costo de la operaci\u00f3n.<\/span><\/p>\n<p style=\"text-align: justify;\"><span style=\"font-family: helvetica, arial, sans-serif;\">Barrios ten\u00eda una cl\u00e1usula de recisi\u00f3n de 20 millones de euros con\u00a0<b>Boca Juniors<\/b>, que libera de esta manera un cupo de extranjero y facilita la continuidad de\u00a0<b>Jorman Campuzano<\/b>\u00a0en el club.<\/span><\/p>\n","protected":false},"excerpt":{"rendered":"<p>El volante colombiano\u00a0Wilmar Barrios, de Boca Juniors, fue adquirido por el\u00a0Zenit de San Petersburgo de Rusia, para ocupar el lugar del argentino\u00a0Leandro Paredes, transferido al\u00a0Paris Saint Germain. Seg\u00fan el diario franc\u00e9s L\u2019Equipe, la negociaci\u00f3n se adelant\u00f3 en menos de 48 horas, por la urgencia del equipo ruso de ocupar el lugar vacante, aunque se desconoce [&hellip;]<\/p>\n","protected":false},"author":5,"featured_media":30965,"comment_status":"open","ping_status":"open","sticky":false,"template":"","format":"standard","meta":{"_acf_changed":false,"footnotes":""},"categories":[418],"tags":[345],"class_list":{"0":"post-30963","1":"post","2":"type-post","3":"status-publish","4":"format-standard","5":"has-post-thumbnail","7":"category-colombia","8":"tag-wilmar-barrios"},"acf":[],"yoast_head":"<!-- This site is optimized with the Yoast SEO plugin v26.8 - https:\/\/yoast.com\/product\/yoast-seo-wordpress\/ -->\n<title>Barrios al Zenit de Rusia -<\/title>\n<meta name=\"robots\" content=\"index, follow, max-snippet:-1, max-image-preview:large, max-video-preview:-1\" \/>\n<link rel=\"canonical\" href=\"https:\/\/futbolhoy.co\/index.php\/2019\/01\/30\/barrios-al-zenit-de-rusia\/\" \/>\n<meta property=\"og:locale\" content=\"es_ES\" \/>\n<meta property=\"og:type\" content=\"article\" \/>\n<meta property=\"og:title\" content=\"Barrios al Zenit de Rusia -\" \/>\n<meta property=\"og:description\" content=\"El volante colombiano\u00a0Wilmar Barrios, de Boca Juniors, fue adquirido por el\u00a0Zenit de San Petersburgo de Rusia, para ocupar el lugar del argentino\u00a0Leandro Paredes, transferido al\u00a0Paris Saint Germain. Seg\u00fan el diario franc\u00e9s L\u2019Equipe, la negociaci\u00f3n se adelant\u00f3 en menos de 48 horas, por la urgencia del equipo ruso de ocupar el lugar vacante, aunque se desconoce [&hellip;]\" \/>\n<meta property=\"og:url\" content=\"https:\/\/futbolhoy.co\/index.php\/2019\/01\/30\/barrios-al-zenit-de-rusia\/\" \/>\n<meta property=\"article:publisher\" content=\"https:\/\/www.facebook.com\/FutbolHoyCol\/\" \/>\n<meta property=\"article:published_time\" content=\"2019-01-30T13:30:07+00:00\" \/>\n<meta property=\"article:modified_time\" content=\"2019-02-02T22:24:24+00:00\" \/>\n<meta property=\"og:image\" content=\"https:\/\/futbolhoy.co\/wp-content\/uploads\/2019\/01\/DyHQC1gX0AA8YDl.jpg\" \/>\n\t<meta property=\"og:image:width\" content=\"1100\" \/>\n\t<meta property=\"og:image:height\" content=\"619\" \/>\n\t<meta property=\"og:image:type\" content=\"image\/jpeg\" \/>\n<meta name=\"author\" content=\"Laura Hern\u00e1ndez\" \/>\n<meta name=\"twitter:card\" content=\"summary_large_image\" \/>\n<meta name=\"twitter:creator\" content=\"@FutbolHoyCol\" \/>\n<meta name=\"twitter:site\" content=\"@FutbolHoyCol\" \/>\n<meta name=\"twitter:label1\" content=\"Escrito por\" \/>\n\t<meta name=\"twitter:data1\" content=\"Laura Hern\u00e1ndez\" \/>\n\t<meta name=\"twitter:label2\" content=\"Tiempo de lectura\" \/>\n\t<meta name=\"twitter:data2\" content=\"1 minuto\" \/>\n<script type=\"application\/ld+json\" class=\"yoast-schema-graph\">{\"@context\":\"https:\/\/schema.org\",\"@graph\":[{\"@type\":\"Article\",\"@id\":\"https:\/\/futbolhoy.co\/index.php\/2019\/01\/30\/barrios-al-zenit-de-rusia\/#article\",\"isPartOf\":{\"@id\":\"https:\/\/futbolhoy.co\/index.php\/2019\/01\/30\/barrios-al-zenit-de-rusia\/\"},\"author\":{\"name\":\"Laura Hern\u00e1ndez\",\"@id\":\"https:\/\/futbolhoy.co\/#\/schema\/person\/c4a353a512b127643723a34bb1812f7d\"},\"headline\":\"Barrios al Zenit de Rusia\",\"datePublished\":\"2019-01-30T13:30:07+00:00\",\"dateModified\":\"2019-02-02T22:24:24+00:00\",\"mainEntityOfPage\":{\"@id\":\"https:\/\/futbolhoy.co\/index.php\/2019\/01\/30\/barrios-al-zenit-de-rusia\/\"},\"wordCount\":108,\"commentCount\":0,\"publisher\":{\"@id\":\"https:\/\/futbolhoy.co\/#organization\"},\"image\":{\"@id\":\"https:\/\/futbolhoy.co\/index.php\/2019\/01\/30\/barrios-al-zenit-de-rusia\/#primaryimage\"},\"thumbnailUrl\":\"https:\/\/futbolhoy.co\/wp-content\/uploads\/2019\/01\/DyHQC1gX0AA8YDl.jpg\",\"keywords\":[\"Wilmar barrios\"],\"articleSection\":[\"Colombia\"],\"inLanguage\":\"es\",\"potentialAction\":[{\"@type\":\"CommentAction\",\"name\":\"Comment\",\"target\":[\"https:\/\/futbolhoy.co\/index.php\/2019\/01\/30\/barrios-al-zenit-de-rusia\/#respond\"]}]},{\"@type\":\"WebPage\",\"@id\":\"https:\/\/futbolhoy.co\/index.php\/2019\/01\/30\/barrios-al-zenit-de-rusia\/\",\"url\":\"https:\/\/futbolhoy.co\/index.php\/2019\/01\/30\/barrios-al-zenit-de-rusia\/\",\"name\":\"Barrios al Zenit de Rusia -\",\"isPartOf\":{\"@id\":\"https:\/\/futbolhoy.co\/#website\"},\"primaryImageOfPage\":{\"@id\":\"https:\/\/futbolhoy.co\/index.php\/2019\/01\/30\/barrios-al-zenit-de-rusia\/#primaryimage\"},\"image\":{\"@id\":\"https:\/\/futbolhoy.co\/index.php\/2019\/01\/30\/barrios-al-zenit-de-rusia\/#primaryimage\"},\"thumbnailUrl\":\"https:\/\/futbolhoy.co\/wp-content\/uploads\/2019\/01\/DyHQC1gX0AA8YDl.jpg\",\"datePublished\":\"2019-01-30T13:30:07+00:00\",\"dateModified\":\"2019-02-02T22:24:24+00:00\",\"breadcrumb\":{\"@id\":\"https:\/\/futbolhoy.co\/index.php\/2019\/01\/30\/barrios-al-zenit-de-rusia\/#breadcrumb\"},\"inLanguage\":\"es\",\"potentialAction\":[{\"@type\":\"ReadAction\",\"target\":[\"https:\/\/futbolhoy.co\/index.php\/2019\/01\/30\/barrios-al-zenit-de-rusia\/\"]}]},{\"@type\":\"ImageObject\",\"inLanguage\":\"es\",\"@id\":\"https:\/\/futbolhoy.co\/index.php\/2019\/01\/30\/barrios-al-zenit-de-rusia\/#primaryimage\",\"url\":\"https:\/\/futbolhoy.co\/wp-content\/uploads\/2019\/01\/DyHQC1gX0AA8YDl.jpg\",\"contentUrl\":\"https:\/\/futbolhoy.co\/wp-content\/uploads\/2019\/01\/DyHQC1gX0AA8YDl.jpg\",\"width\":1100,\"height\":619},{\"@type\":\"BreadcrumbList\",\"@id\":\"https:\/\/futbolhoy.co\/index.php\/2019\/01\/30\/barrios-al-zenit-de-rusia\/#breadcrumb\",\"itemListElement\":[{\"@type\":\"ListItem\",\"position\":1,\"name\":\"Portada\",\"item\":\"https:\/\/futbolhoy.co\/\"},{\"@type\":\"ListItem\",\"position\":2,\"name\":\"Barrios al Zenit de Rusia\"}]},{\"@type\":\"WebSite\",\"@id\":\"https:\/\/futbolhoy.co\/#website\",\"url\":\"https:\/\/futbolhoy.co\/\",\"name\":\"FutbolHoy\",\"description\":\"\",\"publisher\":{\"@id\":\"https:\/\/futbolhoy.co\/#organization\"},\"potentialAction\":[{\"@type\":\"SearchAction\",\"target\":{\"@type\":\"EntryPoint\",\"urlTemplate\":\"https:\/\/futbolhoy.co\/?s={search_term_string}\"},\"query-input\":{\"@type\":\"PropertyValueSpecification\",\"valueRequired\":true,\"valueName\":\"search_term_string\"}}],\"inLanguage\":\"es\"},{\"@type\":\"Organization\",\"@id\":\"https:\/\/futbolhoy.co\/#organization\",\"name\":\"Futbolhoy.co\",\"url\":\"https:\/\/futbolhoy.co\/\",\"logo\":{\"@type\":\"ImageObject\",\"inLanguage\":\"es\",\"@id\":\"https:\/\/futbolhoy.co\/#\/schema\/logo\/image\/\",\"url\":\"https:\/\/futbolhoy.co\/wp-content\/uploads\/2018\/08\/17426380_1906371736249227_6326180412931521141_n.jpg\",\"contentUrl\":\"https:\/\/futbolhoy.co\/wp-content\/uploads\/2018\/08\/17426380_1906371736249227_6326180412931521141_n.jpg\",\"width\":960,\"height\":960,\"caption\":\"Futbolhoy.co\"},\"image\":{\"@id\":\"https:\/\/futbolhoy.co\/#\/schema\/logo\/image\/\"},\"sameAs\":[\"https:\/\/www.facebook.com\/FutbolHoyCol\/\",\"https:\/\/x.com\/FutbolHoyCol\",\"https:\/\/www.instagram.com\/futbolhoycol\/\"]},{\"@type\":\"Person\",\"@id\":\"https:\/\/futbolhoy.co\/#\/schema\/person\/c4a353a512b127643723a34bb1812f7d\",\"name\":\"Laura Hern\u00e1ndez\",\"image\":{\"@type\":\"ImageObject\",\"inLanguage\":\"es\",\"@id\":\"https:\/\/futbolhoy.co\/#\/schema\/person\/image\/\",\"url\":\"https:\/\/secure.gravatar.com\/avatar\/d25959a15b9b293a743f99181c7cfd01?s=96&d=mm&r=g\",\"contentUrl\":\"https:\/\/secure.gravatar.com\/avatar\/d25959a15b9b293a743f99181c7cfd01?s=96&d=mm&r=g\",\"caption\":\"Laura Hern\u00e1ndez\"}}]}<\/script>\n<!-- \/ Yoast SEO plugin. -->","yoast_head_json":{"title":"Barrios al Zenit de Rusia -","robots":{"index":"index","follow":"follow","max-snippet":"max-snippet:-1","max-image-preview":"max-image-preview:large","max-video-preview":"max-video-preview:-1"},"canonical":"https:\/\/futbolhoy.co\/index.php\/2019\/01\/30\/barrios-al-zenit-de-rusia\/","og_locale":"es_ES","og_type":"article","og_title":"Barrios al Zenit de Rusia -","og_description":"El volante colombiano\u00a0Wilmar Barrios, de Boca Juniors, fue adquirido por el\u00a0Zenit de San Petersburgo de Rusia, para ocupar el lugar del argentino\u00a0Leandro Paredes, transferido al\u00a0Paris Saint Germain. Seg\u00fan el diario franc\u00e9s L\u2019Equipe, la negociaci\u00f3n se adelant\u00f3 en menos de 48 horas, por la urgencia del equipo ruso de ocupar el lugar vacante, aunque se desconoce [&hellip;]","og_url":"https:\/\/futbolhoy.co\/index.php\/2019\/01\/30\/barrios-al-zenit-de-rusia\/","article_publisher":"https:\/\/www.facebook.com\/FutbolHoyCol\/","article_published_time":"2019-01-30T13:30:07+00:00","article_modified_time":"2019-02-02T22:24:24+00:00","og_image":[{"width":1100,"height":619,"url":"https:\/\/futbolhoy.co\/wp-content\/uploads\/2019\/01\/DyHQC1gX0AA8YDl.jpg","type":"image\/jpeg"}],"author":"Laura Hern\u00e1ndez","twitter_card":"summary_large_image","twitter_creator":"@FutbolHoyCol","twitter_site":"@FutbolHoyCol","twitter_misc":{"Escrito por":"Laura Hern\u00e1ndez","Tiempo de lectura":"1 minuto"},"schema":{"@context":"https:\/\/schema.org","@graph":[{"@type":"Article","@id":"https:\/\/futbolhoy.co\/index.php\/2019\/01\/30\/barrios-al-zenit-de-rusia\/#article","isPartOf":{"@id":"https:\/\/futbolhoy.co\/index.php\/2019\/01\/30\/barrios-al-zenit-de-rusia\/"},"author":{"name":"Laura Hern\u00e1ndez","@id":"https:\/\/futbolhoy.co\/#\/schema\/person\/c4a353a512b127643723a34bb1812f7d"},"headline":"Barrios al Zenit de Rusia","datePublished":"2019-01-30T13:30:07+00:00","dateModified":"2019-02-02T22:24:24+00:00","mainEntityOfPage":{"@id":"https:\/\/futbolhoy.co\/index.php\/2019\/01\/30\/barrios-al-zenit-de-rusia\/"},"wordCount":108,"commentCount":0,"publisher":{"@id":"https:\/\/futbolhoy.co\/#organization"},"image":{"@id":"https:\/\/futbolhoy.co\/index.php\/2019\/01\/30\/barrios-al-zenit-de-rusia\/#primaryimage"},"thumbnailUrl":"https:\/\/futbolhoy.co\/wp-content\/uploads\/2019\/01\/DyHQC1gX0AA8YDl.jpg","keywords":["Wilmar barrios"],"articleSection":["Colombia"],"inLanguage":"es","potentialAction":[{"@type":"CommentAction","name":"Comment","target":["https:\/\/futbolhoy.co\/index.php\/2019\/01\/30\/barrios-al-zenit-de-rusia\/#respond"]}]},{"@type":"WebPage","@id":"https:\/\/futbolhoy.co\/index.php\/2019\/01\/30\/barrios-al-zenit-de-rusia\/","url":"https:\/\/futbolhoy.co\/index.php\/2019\/01\/30\/barrios-al-zenit-de-rusia\/","name":"Barrios al Zenit de Rusia -","isPartOf":{"@id":"https:\/\/futbolhoy.co\/#website"},"primaryImageOfPage":{"@id":"https:\/\/futbolhoy.co\/index.php\/2019\/01\/30\/barrios-al-zenit-de-rusia\/#primaryimage"},"image":{"@id":"https:\/\/futbolhoy.co\/index.php\/2019\/01\/30\/barrios-al-zenit-de-rusia\/#primaryimage"},"thumbnailUrl":"https:\/\/futbolhoy.co\/wp-content\/uploads\/2019\/01\/DyHQC1gX0AA8YDl.jpg","datePublished":"2019-01-30T13:30:07+00:00","dateModified":"2019-02-02T22:24:24+00:00","breadcrumb":{"@id":"https:\/\/futbolhoy.co\/index.php\/2019\/01\/30\/barrios-al-zenit-de-rusia\/#breadcrumb"},"inLanguage":"es","potentialAction":[{"@type":"ReadAction","target":["https:\/\/futbolhoy.co\/index.php\/2019\/01\/30\/barrios-al-zenit-de-rusia\/"]}]},{"@type":"ImageObject","inLanguage":"es","@id":"https:\/\/futbolhoy.co\/index.php\/2019\/01\/30\/barrios-al-zenit-de-rusia\/#primaryimage","url":"https:\/\/futbolhoy.co\/wp-content\/uploads\/2019\/01\/DyHQC1gX0AA8YDl.jpg","contentUrl":"https:\/\/futbolhoy.co\/wp-content\/uploads\/2019\/01\/DyHQC1gX0AA8YDl.jpg","width":1100,"height":619},{"@type":"BreadcrumbList","@id":"https:\/\/futbolhoy.co\/index.php\/2019\/01\/30\/barrios-al-zenit-de-rusia\/#breadcrumb","itemListElement":[{"@type":"ListItem","position":1,"name":"Portada","item":"https:\/\/futbolhoy.co\/"},{"@type":"ListItem","position":2,"name":"Barrios al Zenit de Rusia"}]},{"@type":"WebSite","@id":"https:\/\/futbolhoy.co\/#website","url":"https:\/\/futbolhoy.co\/","name":"FutbolHoy","description":"","publisher":{"@id":"https:\/\/futbolhoy.co\/#organization"},"potentialAction":[{"@type":"SearchAction","target":{"@type":"EntryPoint","urlTemplate":"https:\/\/futbolhoy.co\/?s={search_term_string}"},"query-input":{"@type":"PropertyValueSpecification","valueRequired":true,"valueName":"search_term_string"}}],"inLanguage":"es"},{"@type":"Organization","@id":"https:\/\/futbolhoy.co\/#organization","name":"Futbolhoy.co","url":"https:\/\/futbolhoy.co\/","logo":{"@type":"ImageObject","inLanguage":"es","@id":"https:\/\/futbolhoy.co\/#\/schema\/logo\/image\/","url":"https:\/\/futbolhoy.co\/wp-content\/uploads\/2018\/08\/17426380_1906371736249227_6326180412931521141_n.jpg","contentUrl":"https:\/\/futbolhoy.co\/wp-content\/uploads\/2018\/08\/17426380_1906371736249227_6326180412931521141_n.jpg","width":960,"height":960,"caption":"Futbolhoy.co"},"image":{"@id":"https:\/\/futbolhoy.co\/#\/schema\/logo\/image\/"},"sameAs":["https:\/\/www.facebook.com\/FutbolHoyCol\/","https:\/\/x.com\/FutbolHoyCol","https:\/\/www.instagram.com\/futbolhoycol\/"]},{"@type":"Person","@id":"https:\/\/futbolhoy.co\/#\/schema\/person\/c4a353a512b127643723a34bb1812f7d","name":"Laura Hern\u00e1ndez","image":{"@type":"ImageObject","inLanguage":"es","@id":"https:\/\/futbolhoy.co\/#\/schema\/person\/image\/","url":"https:\/\/secure.gravatar.com\/avatar\/d25959a15b9b293a743f99181c7cfd01?s=96&d=mm&r=g","contentUrl":"https:\/\/secure.gravatar.com\/avatar\/d25959a15b9b293a743f99181c7cfd01?s=96&d=mm&r=g","caption":"Laura Hern\u00e1ndez"}}]}},"publishpress_future_action":{"enabled":false,"date":"2026-05-02 02:13:14","action":"change-status","newStatus":"draft","terms":[],"taxonomy":"category","extraData":[]},"publishpress_future_workflow_manual_trigger":{"enabledWorkflows":[]},"_links":{"self":[{"href":"https:\/\/futbolhoy.co\/index.php\/wp-json\/wp\/v2\/posts\/30963","targetHints":{"allow":["GET"]}}],"collection":[{"href":"https:\/\/futbolhoy.co\/index.php\/wp-json\/wp\/v2\/posts"}],"about":[{"href":"https:\/\/futbolhoy.co\/index.php\/wp-json\/wp\/v2\/types\/post"}],"author":[{"embeddable":true,"href":"https:\/\/futbolhoy.co\/index.php\/wp-json\/wp\/v2\/users\/5"}],"replies":[{"embeddable":true,"href":"https:\/\/futbolhoy.co\/index.php\/wp-json\/wp\/v2\/comments?post=30963"}],"version-history":[{"count":1,"href":"https:\/\/futbolhoy.co\/index.php\/wp-json\/wp\/v2\/posts\/30963\/revisions"}],"predecessor-version":[{"id":30968,"href":"https:\/\/futbolhoy.co\/index.php\/wp-json\/wp\/v2\/posts\/30963\/revisions\/30968"}],"wp:featuredmedia":[{"embeddable":true,"href":"https:\/\/futbolhoy.co\/index.php\/wp-json\/wp\/v2\/media\/30965"}],"wp:attachment":[{"href":"https:\/\/futbolhoy.co\/index.php\/wp-json\/wp\/v2\/media?parent=30963"}],"wp:term":[{"taxonomy":"category","embeddable":true,"href":"https:\/\/futbolhoy.co\/index.php\/wp-json\/wp\/v2\/categories?post=30963"},{"taxonomy":"post_tag","embeddable":true,"href":"https:\/\/futbolhoy.co\/index.php\/wp-json\/wp\/v2\/tags?post=30963"}],"curies":[{"name":"wp","href":"https:\/\/api.w.org\/{rel}","templated":true}]}}