{"id":31386,"date":"2019-02-12T08:41:58","date_gmt":"2019-02-12T13:41:58","guid":{"rendered":"http:\/\/futbolhoy.co\/?p=31386"},"modified":"2019-02-12T18:24:24","modified_gmt":"2019-02-12T23:24:24","slug":"el-poderoso-definira-en-casa-su-permanencia-en-la-libertadores","status":"publish","type":"post","link":"https:\/\/futbolhoy.co\/index.php\/2019\/02\/12\/el-poderoso-definira-en-casa-su-permanencia-en-la-libertadores\/","title":{"rendered":"\u2019El poderoso\u2019 definir\u00e1 en casa su permanencia en la Libertadores"},"content":{"rendered":"<p style=\"text-align: justify;\"><span style=\"font-family: helvetica, arial, sans-serif;\"><strong>Independiente Medell\u00edn<\/strong> y el <strong>Palestino<\/strong> de <strong>Chile<\/strong> definir\u00e1n este martes un cupo a la tercera fase de la <strong>Copa Libertadores.<\/strong><\/span><\/p>\n<p style=\"text-align: justify;\"><span style=\"font-family: helvetica, arial, sans-serif;\">El 'Poderoso', dirigido por el ecuatoriano <strong>Octavio Zambrano<\/strong>, tratar\u00e1 sacarle provecho al empate 1-1 logrado en la ida disputado la semana pasada en el estadio <strong>La Cisterna<\/strong> de <strong>Santiago de Chile.<\/strong><\/span><\/p>\n<p style=\"text-align: justify;\"><span style=\"font-family: helvetica, arial, sans-serif;\">El equipo antioque\u00f1o depositar\u00e1 todas sus esperanzas en el delantero argentino<strong> Germ\u00e1n Cano<\/strong>, que con 93 goles super\u00f3 a su compatriota<strong> Jos\u00e9 Vicente Grecco<\/strong> como el m\u00e1ximo goleador en la historia del Medell\u00edn.<\/span><\/p>\n<p style=\"text-align: justify;\"><span style=\"font-family: helvetica, arial, sans-serif;\">Palestino, que participa por quinta vez en la Libertadores, intentar\u00e1 clasificarse a la tercera fase con una victoria en Colombia.<\/span><\/p>\n<p style=\"text-align: justify;\"><span style=\"font-family: helvetica, arial, sans-serif;\">Los dirigidos por<strong> Ivo Basay<\/strong> llegaron el domingo a Medell\u00edn para culminar su preparaci\u00f3n de cara el encuentro.<\/span><\/p>\n<p style=\"text-align: justify;\"><span style=\"font-family: helvetica, arial, sans-serif;\">El juego, que se cumplir\u00e1 desde las 6.30pm en el estadio <strong>Atanasio Girardot<\/strong>, ser\u00e1 dirigido por el venezolano Juan Soto.<\/span><\/p>\n<p style=\"text-align: justify;\"><strong><span style=\"font-family: helvetica, arial, sans-serif;\">Probables formaciones:<\/span><\/strong><\/p>\n<p style=\"text-align: justify;\"><span style=\"font-family: helvetica, arial, sans-serif;\"><strong>Independiente Medell\u00edn:<\/strong> David Gonz\u00e1lez; Elvis Perlaza, Jes\u00fas Murillo, H\u00e9ctor Urrego, Dairon Mosquera; William Parra, Larry Angulo, Andr\u00e9s Ricaurte, Ever Valencia; Leonardo Castro y Germ\u00e1n Cano.<\/span><\/p>\n<p style=\"text-align: justify;\"><span style=\"font-family: helvetica, arial, sans-serif;\"><strong>Palestino:<\/strong> Ignacio Gonz\u00e1lez; Alejandro Gonz\u00e1lez, Juli\u00e1n Fern\u00e1ndez, Lucas Passerini, Luis Jim\u00e9nez, C\u00e9sar Cort\u00e9s, Luis Mago, Brayan V\u00e9jar, Guillermo Soto, Roberto Guti\u00e9rrez y Agust\u00edn Far\u00edas.<\/span><\/p>\n","protected":false},"excerpt":{"rendered":"<p>Independiente Medell\u00edn y el Palestino de Chile definir\u00e1n este martes un cupo a la tercera fase de la Copa Libertadores. El 'Poderoso', dirigido por el ecuatoriano Octavio Zambrano, tratar\u00e1 sacarle provecho al empate 1-1 logrado en la ida disputado la semana pasada en el estadio La Cisterna de Santiago de Chile. El equipo antioque\u00f1o depositar\u00e1 [&hellip;]<\/p>\n","protected":false},"author":5,"featured_media":31387,"comment_status":"open","ping_status":"open","sticky":false,"template":"","format":"standard","meta":{"_acf_changed":false,"footnotes":""},"categories":[653],"tags":[115,124,1381],"class_list":{"0":"post-31386","1":"post","2":"type-post","3":"status-publish","4":"format-standard","5":"has-post-thumbnail","7":"category-copa-libertadores","8":"tag-copa-libertadores","9":"tag-independiente-medellin","10":"tag-palestino"},"acf":[],"yoast_head":"<!-- This site is optimized with the Yoast SEO plugin v26.8 - https:\/\/yoast.com\/product\/yoast-seo-wordpress\/ -->\n<title>\u2019El poderoso\u2019 definir\u00e1 en casa su permanencia en la Libertadores -<\/title>\n<meta name=\"robots\" content=\"index, follow, max-snippet:-1, max-image-preview:large, max-video-preview:-1\" \/>\n<link rel=\"canonical\" href=\"https:\/\/futbolhoy.co\/index.php\/2019\/02\/12\/el-poderoso-definira-en-casa-su-permanencia-en-la-libertadores\/\" \/>\n<meta property=\"og:locale\" content=\"es_ES\" \/>\n<meta property=\"og:type\" content=\"article\" \/>\n<meta property=\"og:title\" content=\"\u2019El poderoso\u2019 definir\u00e1 en casa su permanencia en la Libertadores -\" \/>\n<meta property=\"og:description\" content=\"Independiente Medell\u00edn y el Palestino de Chile definir\u00e1n este martes un cupo a la tercera fase de la Copa Libertadores. El &#039;Poderoso&#039;, dirigido por el ecuatoriano Octavio Zambrano, tratar\u00e1 sacarle provecho al empate 1-1 logrado en la ida disputado la semana pasada en el estadio La Cisterna de Santiago de Chile. El equipo antioque\u00f1o depositar\u00e1 [&hellip;]\" \/>\n<meta property=\"og:url\" content=\"https:\/\/futbolhoy.co\/index.php\/2019\/02\/12\/el-poderoso-definira-en-casa-su-permanencia-en-la-libertadores\/\" \/>\n<meta property=\"article:publisher\" content=\"https:\/\/www.facebook.com\/FutbolHoyCol\/\" \/>\n<meta property=\"article:published_time\" content=\"2019-02-12T13:41:58+00:00\" \/>\n<meta property=\"article:modified_time\" content=\"2019-02-12T23:24:24+00:00\" \/>\n<meta property=\"og:image\" content=\"https:\/\/futbolhoy.co\/wp-content\/uploads\/2019\/02\/Libertadores.jpg\" \/>\n\t<meta property=\"og:image:width\" content=\"1200\" \/>\n\t<meta property=\"og:image:height\" content=\"900\" \/>\n\t<meta property=\"og:image:type\" content=\"image\/jpeg\" \/>\n<meta name=\"author\" content=\"Laura Hern\u00e1ndez\" \/>\n<meta name=\"twitter:card\" content=\"summary_large_image\" \/>\n<meta name=\"twitter:creator\" content=\"@FutbolHoyCol\" \/>\n<meta name=\"twitter:site\" content=\"@FutbolHoyCol\" \/>\n<meta name=\"twitter:label1\" content=\"Escrito por\" \/>\n\t<meta name=\"twitter:data1\" content=\"Laura Hern\u00e1ndez\" \/>\n\t<meta name=\"twitter:label2\" content=\"Tiempo de lectura\" \/>\n\t<meta name=\"twitter:data2\" content=\"1 minuto\" \/>\n<script type=\"application\/ld+json\" class=\"yoast-schema-graph\">{\"@context\":\"https:\/\/schema.org\",\"@graph\":[{\"@type\":\"Article\",\"@id\":\"https:\/\/futbolhoy.co\/index.php\/2019\/02\/12\/el-poderoso-definira-en-casa-su-permanencia-en-la-libertadores\/#article\",\"isPartOf\":{\"@id\":\"https:\/\/futbolhoy.co\/index.php\/2019\/02\/12\/el-poderoso-definira-en-casa-su-permanencia-en-la-libertadores\/\"},\"author\":{\"name\":\"Laura Hern\u00e1ndez\",\"@id\":\"https:\/\/futbolhoy.co\/#\/schema\/person\/c4a353a512b127643723a34bb1812f7d\"},\"headline\":\"\u2019El poderoso\u2019 definir\u00e1 en casa su permanencia en la Libertadores\",\"datePublished\":\"2019-02-12T13:41:58+00:00\",\"dateModified\":\"2019-02-12T23:24:24+00:00\",\"mainEntityOfPage\":{\"@id\":\"https:\/\/futbolhoy.co\/index.php\/2019\/02\/12\/el-poderoso-definira-en-casa-su-permanencia-en-la-libertadores\/\"},\"wordCount\":227,\"commentCount\":0,\"publisher\":{\"@id\":\"https:\/\/futbolhoy.co\/#organization\"},\"image\":{\"@id\":\"https:\/\/futbolhoy.co\/index.php\/2019\/02\/12\/el-poderoso-definira-en-casa-su-permanencia-en-la-libertadores\/#primaryimage\"},\"thumbnailUrl\":\"https:\/\/futbolhoy.co\/wp-content\/uploads\/2019\/02\/Libertadores.jpg\",\"keywords\":[\"Copa Libertadores\",\"Independiente Medell\u00edn\",\"Palestino\"],\"articleSection\":[\"Libertadores\"],\"inLanguage\":\"es\",\"potentialAction\":[{\"@type\":\"CommentAction\",\"name\":\"Comment\",\"target\":[\"https:\/\/futbolhoy.co\/index.php\/2019\/02\/12\/el-poderoso-definira-en-casa-su-permanencia-en-la-libertadores\/#respond\"]}]},{\"@type\":\"WebPage\",\"@id\":\"https:\/\/futbolhoy.co\/index.php\/2019\/02\/12\/el-poderoso-definira-en-casa-su-permanencia-en-la-libertadores\/\",\"url\":\"https:\/\/futbolhoy.co\/index.php\/2019\/02\/12\/el-poderoso-definira-en-casa-su-permanencia-en-la-libertadores\/\",\"name\":\"\u2019El poderoso\u2019 definir\u00e1 en casa su permanencia en la Libertadores -\",\"isPartOf\":{\"@id\":\"https:\/\/futbolhoy.co\/#website\"},\"primaryImageOfPage\":{\"@id\":\"https:\/\/futbolhoy.co\/index.php\/2019\/02\/12\/el-poderoso-definira-en-casa-su-permanencia-en-la-libertadores\/#primaryimage\"},\"image\":{\"@id\":\"https:\/\/futbolhoy.co\/index.php\/2019\/02\/12\/el-poderoso-definira-en-casa-su-permanencia-en-la-libertadores\/#primaryimage\"},\"thumbnailUrl\":\"https:\/\/futbolhoy.co\/wp-content\/uploads\/2019\/02\/Libertadores.jpg\",\"datePublished\":\"2019-02-12T13:41:58+00:00\",\"dateModified\":\"2019-02-12T23:24:24+00:00\",\"breadcrumb\":{\"@id\":\"https:\/\/futbolhoy.co\/index.php\/2019\/02\/12\/el-poderoso-definira-en-casa-su-permanencia-en-la-libertadores\/#breadcrumb\"},\"inLanguage\":\"es\",\"potentialAction\":[{\"@type\":\"ReadAction\",\"target\":[\"https:\/\/futbolhoy.co\/index.php\/2019\/02\/12\/el-poderoso-definira-en-casa-su-permanencia-en-la-libertadores\/\"]}]},{\"@type\":\"ImageObject\",\"inLanguage\":\"es\",\"@id\":\"https:\/\/futbolhoy.co\/index.php\/2019\/02\/12\/el-poderoso-definira-en-casa-su-permanencia-en-la-libertadores\/#primaryimage\",\"url\":\"https:\/\/futbolhoy.co\/wp-content\/uploads\/2019\/02\/Libertadores.jpg\",\"contentUrl\":\"https:\/\/futbolhoy.co\/wp-content\/uploads\/2019\/02\/Libertadores.jpg\",\"width\":1200,\"height\":900,\"caption\":\"@DIM_Oficial\"},{\"@type\":\"BreadcrumbList\",\"@id\":\"https:\/\/futbolhoy.co\/index.php\/2019\/02\/12\/el-poderoso-definira-en-casa-su-permanencia-en-la-libertadores\/#breadcrumb\",\"itemListElement\":[{\"@type\":\"ListItem\",\"position\":1,\"name\":\"Portada\",\"item\":\"https:\/\/futbolhoy.co\/\"},{\"@type\":\"ListItem\",\"position\":2,\"name\":\"\u2019El poderoso\u2019 definir\u00e1 en casa su permanencia en la Libertadores\"}]},{\"@type\":\"WebSite\",\"@id\":\"https:\/\/futbolhoy.co\/#website\",\"url\":\"https:\/\/futbolhoy.co\/\",\"name\":\"FutbolHoy\",\"description\":\"\",\"publisher\":{\"@id\":\"https:\/\/futbolhoy.co\/#organization\"},\"potentialAction\":[{\"@type\":\"SearchAction\",\"target\":{\"@type\":\"EntryPoint\",\"urlTemplate\":\"https:\/\/futbolhoy.co\/?s={search_term_string}\"},\"query-input\":{\"@type\":\"PropertyValueSpecification\",\"valueRequired\":true,\"valueName\":\"search_term_string\"}}],\"inLanguage\":\"es\"},{\"@type\":\"Organization\",\"@id\":\"https:\/\/futbolhoy.co\/#organization\",\"name\":\"Futbolhoy.co\",\"url\":\"https:\/\/futbolhoy.co\/\",\"logo\":{\"@type\":\"ImageObject\",\"inLanguage\":\"es\",\"@id\":\"https:\/\/futbolhoy.co\/#\/schema\/logo\/image\/\",\"url\":\"https:\/\/futbolhoy.co\/wp-content\/uploads\/2018\/08\/17426380_1906371736249227_6326180412931521141_n.jpg\",\"contentUrl\":\"https:\/\/futbolhoy.co\/wp-content\/uploads\/2018\/08\/17426380_1906371736249227_6326180412931521141_n.jpg\",\"width\":960,\"height\":960,\"caption\":\"Futbolhoy.co\"},\"image\":{\"@id\":\"https:\/\/futbolhoy.co\/#\/schema\/logo\/image\/\"},\"sameAs\":[\"https:\/\/www.facebook.com\/FutbolHoyCol\/\",\"https:\/\/x.com\/FutbolHoyCol\",\"https:\/\/www.instagram.com\/futbolhoycol\/\"]},{\"@type\":\"Person\",\"@id\":\"https:\/\/futbolhoy.co\/#\/schema\/person\/c4a353a512b127643723a34bb1812f7d\",\"name\":\"Laura Hern\u00e1ndez\",\"image\":{\"@type\":\"ImageObject\",\"inLanguage\":\"es\",\"@id\":\"https:\/\/futbolhoy.co\/#\/schema\/person\/image\/\",\"url\":\"https:\/\/secure.gravatar.com\/avatar\/d25959a15b9b293a743f99181c7cfd01?s=96&d=mm&r=g\",\"contentUrl\":\"https:\/\/secure.gravatar.com\/avatar\/d25959a15b9b293a743f99181c7cfd01?s=96&d=mm&r=g\",\"caption\":\"Laura Hern\u00e1ndez\"}}]}<\/script>\n<!-- \/ Yoast SEO plugin. -->","yoast_head_json":{"title":"\u2019El poderoso\u2019 definir\u00e1 en casa su permanencia en la Libertadores -","robots":{"index":"index","follow":"follow","max-snippet":"max-snippet:-1","max-image-preview":"max-image-preview:large","max-video-preview":"max-video-preview:-1"},"canonical":"https:\/\/futbolhoy.co\/index.php\/2019\/02\/12\/el-poderoso-definira-en-casa-su-permanencia-en-la-libertadores\/","og_locale":"es_ES","og_type":"article","og_title":"\u2019El poderoso\u2019 definir\u00e1 en casa su permanencia en la Libertadores -","og_description":"Independiente Medell\u00edn y el Palestino de Chile definir\u00e1n este martes un cupo a la tercera fase de la Copa Libertadores. El 'Poderoso', dirigido por el ecuatoriano Octavio Zambrano, tratar\u00e1 sacarle provecho al empate 1-1 logrado en la ida disputado la semana pasada en el estadio La Cisterna de Santiago de Chile. El equipo antioque\u00f1o depositar\u00e1 [&hellip;]","og_url":"https:\/\/futbolhoy.co\/index.php\/2019\/02\/12\/el-poderoso-definira-en-casa-su-permanencia-en-la-libertadores\/","article_publisher":"https:\/\/www.facebook.com\/FutbolHoyCol\/","article_published_time":"2019-02-12T13:41:58+00:00","article_modified_time":"2019-02-12T23:24:24+00:00","og_image":[{"width":1200,"height":900,"url":"https:\/\/futbolhoy.co\/wp-content\/uploads\/2019\/02\/Libertadores.jpg","type":"image\/jpeg"}],"author":"Laura Hern\u00e1ndez","twitter_card":"summary_large_image","twitter_creator":"@FutbolHoyCol","twitter_site":"@FutbolHoyCol","twitter_misc":{"Escrito por":"Laura Hern\u00e1ndez","Tiempo de lectura":"1 minuto"},"schema":{"@context":"https:\/\/schema.org","@graph":[{"@type":"Article","@id":"https:\/\/futbolhoy.co\/index.php\/2019\/02\/12\/el-poderoso-definira-en-casa-su-permanencia-en-la-libertadores\/#article","isPartOf":{"@id":"https:\/\/futbolhoy.co\/index.php\/2019\/02\/12\/el-poderoso-definira-en-casa-su-permanencia-en-la-libertadores\/"},"author":{"name":"Laura Hern\u00e1ndez","@id":"https:\/\/futbolhoy.co\/#\/schema\/person\/c4a353a512b127643723a34bb1812f7d"},"headline":"\u2019El poderoso\u2019 definir\u00e1 en casa su permanencia en la Libertadores","datePublished":"2019-02-12T13:41:58+00:00","dateModified":"2019-02-12T23:24:24+00:00","mainEntityOfPage":{"@id":"https:\/\/futbolhoy.co\/index.php\/2019\/02\/12\/el-poderoso-definira-en-casa-su-permanencia-en-la-libertadores\/"},"wordCount":227,"commentCount":0,"publisher":{"@id":"https:\/\/futbolhoy.co\/#organization"},"image":{"@id":"https:\/\/futbolhoy.co\/index.php\/2019\/02\/12\/el-poderoso-definira-en-casa-su-permanencia-en-la-libertadores\/#primaryimage"},"thumbnailUrl":"https:\/\/futbolhoy.co\/wp-content\/uploads\/2019\/02\/Libertadores.jpg","keywords":["Copa Libertadores","Independiente Medell\u00edn","Palestino"],"articleSection":["Libertadores"],"inLanguage":"es","potentialAction":[{"@type":"CommentAction","name":"Comment","target":["https:\/\/futbolhoy.co\/index.php\/2019\/02\/12\/el-poderoso-definira-en-casa-su-permanencia-en-la-libertadores\/#respond"]}]},{"@type":"WebPage","@id":"https:\/\/futbolhoy.co\/index.php\/2019\/02\/12\/el-poderoso-definira-en-casa-su-permanencia-en-la-libertadores\/","url":"https:\/\/futbolhoy.co\/index.php\/2019\/02\/12\/el-poderoso-definira-en-casa-su-permanencia-en-la-libertadores\/","name":"\u2019El poderoso\u2019 definir\u00e1 en casa su permanencia en la Libertadores -","isPartOf":{"@id":"https:\/\/futbolhoy.co\/#website"},"primaryImageOfPage":{"@id":"https:\/\/futbolhoy.co\/index.php\/2019\/02\/12\/el-poderoso-definira-en-casa-su-permanencia-en-la-libertadores\/#primaryimage"},"image":{"@id":"https:\/\/futbolhoy.co\/index.php\/2019\/02\/12\/el-poderoso-definira-en-casa-su-permanencia-en-la-libertadores\/#primaryimage"},"thumbnailUrl":"https:\/\/futbolhoy.co\/wp-content\/uploads\/2019\/02\/Libertadores.jpg","datePublished":"2019-02-12T13:41:58+00:00","dateModified":"2019-02-12T23:24:24+00:00","breadcrumb":{"@id":"https:\/\/futbolhoy.co\/index.php\/2019\/02\/12\/el-poderoso-definira-en-casa-su-permanencia-en-la-libertadores\/#breadcrumb"},"inLanguage":"es","potentialAction":[{"@type":"ReadAction","target":["https:\/\/futbolhoy.co\/index.php\/2019\/02\/12\/el-poderoso-definira-en-casa-su-permanencia-en-la-libertadores\/"]}]},{"@type":"ImageObject","inLanguage":"es","@id":"https:\/\/futbolhoy.co\/index.php\/2019\/02\/12\/el-poderoso-definira-en-casa-su-permanencia-en-la-libertadores\/#primaryimage","url":"https:\/\/futbolhoy.co\/wp-content\/uploads\/2019\/02\/Libertadores.jpg","contentUrl":"https:\/\/futbolhoy.co\/wp-content\/uploads\/2019\/02\/Libertadores.jpg","width":1200,"height":900,"caption":"@DIM_Oficial"},{"@type":"BreadcrumbList","@id":"https:\/\/futbolhoy.co\/index.php\/2019\/02\/12\/el-poderoso-definira-en-casa-su-permanencia-en-la-libertadores\/#breadcrumb","itemListElement":[{"@type":"ListItem","position":1,"name":"Portada","item":"https:\/\/futbolhoy.co\/"},{"@type":"ListItem","position":2,"name":"\u2019El poderoso\u2019 definir\u00e1 en casa su permanencia en la Libertadores"}]},{"@type":"WebSite","@id":"https:\/\/futbolhoy.co\/#website","url":"https:\/\/futbolhoy.co\/","name":"FutbolHoy","description":"","publisher":{"@id":"https:\/\/futbolhoy.co\/#organization"},"potentialAction":[{"@type":"SearchAction","target":{"@type":"EntryPoint","urlTemplate":"https:\/\/futbolhoy.co\/?s={search_term_string}"},"query-input":{"@type":"PropertyValueSpecification","valueRequired":true,"valueName":"search_term_string"}}],"inLanguage":"es"},{"@type":"Organization","@id":"https:\/\/futbolhoy.co\/#organization","name":"Futbolhoy.co","url":"https:\/\/futbolhoy.co\/","logo":{"@type":"ImageObject","inLanguage":"es","@id":"https:\/\/futbolhoy.co\/#\/schema\/logo\/image\/","url":"https:\/\/futbolhoy.co\/wp-content\/uploads\/2018\/08\/17426380_1906371736249227_6326180412931521141_n.jpg","contentUrl":"https:\/\/futbolhoy.co\/wp-content\/uploads\/2018\/08\/17426380_1906371736249227_6326180412931521141_n.jpg","width":960,"height":960,"caption":"Futbolhoy.co"},"image":{"@id":"https:\/\/futbolhoy.co\/#\/schema\/logo\/image\/"},"sameAs":["https:\/\/www.facebook.com\/FutbolHoyCol\/","https:\/\/x.com\/FutbolHoyCol","https:\/\/www.instagram.com\/futbolhoycol\/"]},{"@type":"Person","@id":"https:\/\/futbolhoy.co\/#\/schema\/person\/c4a353a512b127643723a34bb1812f7d","name":"Laura Hern\u00e1ndez","image":{"@type":"ImageObject","inLanguage":"es","@id":"https:\/\/futbolhoy.co\/#\/schema\/person\/image\/","url":"https:\/\/secure.gravatar.com\/avatar\/d25959a15b9b293a743f99181c7cfd01?s=96&d=mm&r=g","contentUrl":"https:\/\/secure.gravatar.com\/avatar\/d25959a15b9b293a743f99181c7cfd01?s=96&d=mm&r=g","caption":"Laura Hern\u00e1ndez"}}]}},"publishpress_future_action":{"enabled":false,"date":"2026-05-04 13:13:53","action":"change-status","newStatus":"draft","terms":[],"taxonomy":"category","extraData":[]},"publishpress_future_workflow_manual_trigger":{"enabledWorkflows":[]},"_links":{"self":[{"href":"https:\/\/futbolhoy.co\/index.php\/wp-json\/wp\/v2\/posts\/31386","targetHints":{"allow":["GET"]}}],"collection":[{"href":"https:\/\/futbolhoy.co\/index.php\/wp-json\/wp\/v2\/posts"}],"about":[{"href":"https:\/\/futbolhoy.co\/index.php\/wp-json\/wp\/v2\/types\/post"}],"author":[{"embeddable":true,"href":"https:\/\/futbolhoy.co\/index.php\/wp-json\/wp\/v2\/users\/5"}],"replies":[{"embeddable":true,"href":"https:\/\/futbolhoy.co\/index.php\/wp-json\/wp\/v2\/comments?post=31386"}],"version-history":[{"count":1,"href":"https:\/\/futbolhoy.co\/index.php\/wp-json\/wp\/v2\/posts\/31386\/revisions"}],"predecessor-version":[{"id":31388,"href":"https:\/\/futbolhoy.co\/index.php\/wp-json\/wp\/v2\/posts\/31386\/revisions\/31388"}],"wp:featuredmedia":[{"embeddable":true,"href":"https:\/\/futbolhoy.co\/index.php\/wp-json\/wp\/v2\/media\/31387"}],"wp:attachment":[{"href":"https:\/\/futbolhoy.co\/index.php\/wp-json\/wp\/v2\/media?parent=31386"}],"wp:term":[{"taxonomy":"category","embeddable":true,"href":"https:\/\/futbolhoy.co\/index.php\/wp-json\/wp\/v2\/categories?post=31386"},{"taxonomy":"post_tag","embeddable":true,"href":"https:\/\/futbolhoy.co\/index.php\/wp-json\/wp\/v2\/tags?post=31386"}],"curies":[{"name":"wp","href":"https:\/\/api.w.org\/{rel}","templated":true}]}}