{"id":31401,"date":"2019-02-12T18:15:50","date_gmt":"2019-02-12T23:15:50","guid":{"rendered":"http:\/\/futbolhoy.co\/?p=31401"},"modified":"2019-02-13T09:40:29","modified_gmt":"2019-02-13T14:40:29","slug":"barrios-debuto-con-derrota-en-liga-de-europa","status":"publish","type":"post","link":"https:\/\/futbolhoy.co\/index.php\/2019\/02\/12\/barrios-debuto-con-derrota-en-liga-de-europa\/","title":{"rendered":"Barrios debut\u00f3 con derrota en Liga de Europa"},"content":{"rendered":"<p class=\"m_4750794444980978423ydp9b48f920MsoNormal\" style=\"text-align: justify;\"><span style=\"font-family: helvetica, arial, sans-serif;\">El <strong>Fenerbah\u00e7e<\/strong> derrot\u00f3 1-0 al Zenit de<strong> San Petersburgo<\/strong>, que cont\u00f3 con el debut del cartagenero <strong>Wilmar Barrios<\/strong>, en la ida por los dieciseisavos de final de la<strong> Europa League<\/strong> disputado en Estambul.<\/span><\/p>\n<p class=\"m_4750794444980978423ydp9b48f920MsoNormal\" style=\"text-align: justify;\"><span style=\"font-family: helvetica, arial, sans-serif;\"><strong>Barrios<\/strong> tuvo una buena actuaci\u00f3n desde su posici\u00f3n, cort\u00f3 varias veces a <strong>Moses<\/strong>, uno de los jugadores m\u00e1s destacados del equipo turco.<\/span><\/p>\n<p class=\"m_4750794444980978423ydp9b48f920MsoNormal\" style=\"text-align: justify;\"><span style=\"font-family: helvetica, arial, sans-serif;\">El colombiano<strong>\u00a0<\/strong>respald\u00f3 a lo largo del juego a <strong>Hernani<\/strong> y <strong>Kranevitter<\/strong>, cada vez que estos dejaban su posici\u00f3n para colaborar en ataque.<\/span><\/p>\n<p class=\"m_4750794444980978423ydp9b48f920MsoNormal\" style=\"text-align: justify;\"><span style=\"font-family: helvetica, arial, sans-serif;\">El autor del \u00fanico tanto del encuentro fue el argelino<strong> Islam Slimani<\/strong>, con un remate desde el interior del \u00e1rea tras un tiro de esquina, a los 21 minutos.<\/span><\/p>\n<p class=\"m_4750794444980978423ydp9b48f920MsoNormal\" style=\"text-align: justify;\"><span style=\"font-family: helvetica, arial, sans-serif;\">El l\u00edder del campeonato ruso tuvo una gran ocasi\u00f3n para marcar al cierre del primer tiempo, con un penal de <strong>Robert Mak,<\/strong> donde el portero <strong>Harun Tekin<\/strong> detuvo la acci\u00f3n del eslovaco.<\/span><\/p>\n","protected":false},"excerpt":{"rendered":"<p>El Fenerbah\u00e7e derrot\u00f3 1-0 al Zenit de San Petersburgo, que cont\u00f3 con el debut del cartagenero Wilmar Barrios, en la ida por los dieciseisavos de final de la Europa League disputado en Estambul. Barrios tuvo una buena actuaci\u00f3n desde su posici\u00f3n, cort\u00f3 varias veces a Moses, uno de los jugadores m\u00e1s destacados del equipo turco. [&hellip;]<\/p>\n","protected":false},"author":5,"featured_media":31402,"comment_status":"open","ping_status":"open","sticky":false,"template":"","format":"standard","meta":{"_acf_changed":false,"footnotes":""},"categories":[152],"tags":[132,165,345,799],"class_list":{"0":"post-31401","1":"post","2":"type-post","3":"status-publish","4":"format-standard","5":"has-post-thumbnail","7":"category-mundo-futbol","8":"tag-europa-league","9":"tag-jugadores-colombianos","10":"tag-wilmar-barrios","11":"tag-zenit"},"acf":[],"yoast_head":"<!-- This site is optimized with the Yoast SEO plugin v26.8 - https:\/\/yoast.com\/product\/yoast-seo-wordpress\/ -->\n<title>Barrios debut\u00f3 con derrota en Liga de Europa -<\/title>\n<meta name=\"robots\" content=\"index, follow, max-snippet:-1, max-image-preview:large, max-video-preview:-1\" \/>\n<link rel=\"canonical\" href=\"https:\/\/futbolhoy.co\/index.php\/2019\/02\/12\/barrios-debuto-con-derrota-en-liga-de-europa\/\" \/>\n<meta property=\"og:locale\" content=\"es_ES\" \/>\n<meta property=\"og:type\" content=\"article\" \/>\n<meta property=\"og:title\" content=\"Barrios debut\u00f3 con derrota en Liga de Europa -\" \/>\n<meta property=\"og:description\" content=\"El Fenerbah\u00e7e derrot\u00f3 1-0 al Zenit de San Petersburgo, que cont\u00f3 con el debut del cartagenero Wilmar Barrios, en la ida por los dieciseisavos de final de la Europa League disputado en Estambul. Barrios tuvo una buena actuaci\u00f3n desde su posici\u00f3n, cort\u00f3 varias veces a Moses, uno de los jugadores m\u00e1s destacados del equipo turco. [&hellip;]\" \/>\n<meta property=\"og:url\" content=\"https:\/\/futbolhoy.co\/index.php\/2019\/02\/12\/barrios-debuto-con-derrota-en-liga-de-europa\/\" \/>\n<meta property=\"article:publisher\" content=\"https:\/\/www.facebook.com\/FutbolHoyCol\/\" \/>\n<meta property=\"article:published_time\" content=\"2019-02-12T23:15:50+00:00\" \/>\n<meta property=\"article:modified_time\" content=\"2019-02-13T14:40:29+00:00\" \/>\n<meta property=\"og:image\" content=\"https:\/\/futbolhoy.co\/wp-content\/uploads\/2019\/02\/DzOhrgvX0AUyX_F.jpg\" \/>\n\t<meta property=\"og:image:width\" content=\"1200\" \/>\n\t<meta property=\"og:image:height\" content=\"900\" \/>\n\t<meta property=\"og:image:type\" content=\"image\/jpeg\" \/>\n<meta name=\"author\" content=\"Laura Hern\u00e1ndez\" \/>\n<meta name=\"twitter:card\" content=\"summary_large_image\" \/>\n<meta name=\"twitter:creator\" content=\"@FutbolHoyCol\" \/>\n<meta name=\"twitter:site\" content=\"@FutbolHoyCol\" \/>\n<meta name=\"twitter:label1\" content=\"Escrito por\" \/>\n\t<meta name=\"twitter:data1\" content=\"Laura Hern\u00e1ndez\" \/>\n\t<meta name=\"twitter:label2\" content=\"Tiempo de lectura\" \/>\n\t<meta name=\"twitter:data2\" content=\"1 minuto\" \/>\n<script type=\"application\/ld+json\" class=\"yoast-schema-graph\">{\"@context\":\"https:\/\/schema.org\",\"@graph\":[{\"@type\":\"Article\",\"@id\":\"https:\/\/futbolhoy.co\/index.php\/2019\/02\/12\/barrios-debuto-con-derrota-en-liga-de-europa\/#article\",\"isPartOf\":{\"@id\":\"https:\/\/futbolhoy.co\/index.php\/2019\/02\/12\/barrios-debuto-con-derrota-en-liga-de-europa\/\"},\"author\":{\"name\":\"Laura Hern\u00e1ndez\",\"@id\":\"https:\/\/futbolhoy.co\/#\/schema\/person\/c4a353a512b127643723a34bb1812f7d\"},\"headline\":\"Barrios debut\u00f3 con derrota en Liga de Europa\",\"datePublished\":\"2019-02-12T23:15:50+00:00\",\"dateModified\":\"2019-02-13T14:40:29+00:00\",\"mainEntityOfPage\":{\"@id\":\"https:\/\/futbolhoy.co\/index.php\/2019\/02\/12\/barrios-debuto-con-derrota-en-liga-de-europa\/\"},\"wordCount\":154,\"commentCount\":0,\"publisher\":{\"@id\":\"https:\/\/futbolhoy.co\/#organization\"},\"image\":{\"@id\":\"https:\/\/futbolhoy.co\/index.php\/2019\/02\/12\/barrios-debuto-con-derrota-en-liga-de-europa\/#primaryimage\"},\"thumbnailUrl\":\"https:\/\/futbolhoy.co\/wp-content\/uploads\/2019\/02\/DzOhrgvX0AUyX_F.jpg\",\"keywords\":[\"Europa League\",\"Jugadores Colombianos\",\"Wilmar barrios\",\"Zenit\"],\"articleSection\":[\"Mundo Futbol\"],\"inLanguage\":\"es\",\"potentialAction\":[{\"@type\":\"CommentAction\",\"name\":\"Comment\",\"target\":[\"https:\/\/futbolhoy.co\/index.php\/2019\/02\/12\/barrios-debuto-con-derrota-en-liga-de-europa\/#respond\"]}]},{\"@type\":\"WebPage\",\"@id\":\"https:\/\/futbolhoy.co\/index.php\/2019\/02\/12\/barrios-debuto-con-derrota-en-liga-de-europa\/\",\"url\":\"https:\/\/futbolhoy.co\/index.php\/2019\/02\/12\/barrios-debuto-con-derrota-en-liga-de-europa\/\",\"name\":\"Barrios debut\u00f3 con derrota en Liga de Europa -\",\"isPartOf\":{\"@id\":\"https:\/\/futbolhoy.co\/#website\"},\"primaryImageOfPage\":{\"@id\":\"https:\/\/futbolhoy.co\/index.php\/2019\/02\/12\/barrios-debuto-con-derrota-en-liga-de-europa\/#primaryimage\"},\"image\":{\"@id\":\"https:\/\/futbolhoy.co\/index.php\/2019\/02\/12\/barrios-debuto-con-derrota-en-liga-de-europa\/#primaryimage\"},\"thumbnailUrl\":\"https:\/\/futbolhoy.co\/wp-content\/uploads\/2019\/02\/DzOhrgvX0AUyX_F.jpg\",\"datePublished\":\"2019-02-12T23:15:50+00:00\",\"dateModified\":\"2019-02-13T14:40:29+00:00\",\"breadcrumb\":{\"@id\":\"https:\/\/futbolhoy.co\/index.php\/2019\/02\/12\/barrios-debuto-con-derrota-en-liga-de-europa\/#breadcrumb\"},\"inLanguage\":\"es\",\"potentialAction\":[{\"@type\":\"ReadAction\",\"target\":[\"https:\/\/futbolhoy.co\/index.php\/2019\/02\/12\/barrios-debuto-con-derrota-en-liga-de-europa\/\"]}]},{\"@type\":\"ImageObject\",\"inLanguage\":\"es\",\"@id\":\"https:\/\/futbolhoy.co\/index.php\/2019\/02\/12\/barrios-debuto-con-derrota-en-liga-de-europa\/#primaryimage\",\"url\":\"https:\/\/futbolhoy.co\/wp-content\/uploads\/2019\/02\/DzOhrgvX0AUyX_F.jpg\",\"contentUrl\":\"https:\/\/futbolhoy.co\/wp-content\/uploads\/2019\/02\/DzOhrgvX0AUyX_F.jpg\",\"width\":1200,\"height\":900,\"caption\":\"Twitter @fczenit_en\"},{\"@type\":\"BreadcrumbList\",\"@id\":\"https:\/\/futbolhoy.co\/index.php\/2019\/02\/12\/barrios-debuto-con-derrota-en-liga-de-europa\/#breadcrumb\",\"itemListElement\":[{\"@type\":\"ListItem\",\"position\":1,\"name\":\"Portada\",\"item\":\"https:\/\/futbolhoy.co\/\"},{\"@type\":\"ListItem\",\"position\":2,\"name\":\"Barrios debut\u00f3 con derrota en Liga de Europa\"}]},{\"@type\":\"WebSite\",\"@id\":\"https:\/\/futbolhoy.co\/#website\",\"url\":\"https:\/\/futbolhoy.co\/\",\"name\":\"FutbolHoy\",\"description\":\"\",\"publisher\":{\"@id\":\"https:\/\/futbolhoy.co\/#organization\"},\"potentialAction\":[{\"@type\":\"SearchAction\",\"target\":{\"@type\":\"EntryPoint\",\"urlTemplate\":\"https:\/\/futbolhoy.co\/?s={search_term_string}\"},\"query-input\":{\"@type\":\"PropertyValueSpecification\",\"valueRequired\":true,\"valueName\":\"search_term_string\"}}],\"inLanguage\":\"es\"},{\"@type\":\"Organization\",\"@id\":\"https:\/\/futbolhoy.co\/#organization\",\"name\":\"Futbolhoy.co\",\"url\":\"https:\/\/futbolhoy.co\/\",\"logo\":{\"@type\":\"ImageObject\",\"inLanguage\":\"es\",\"@id\":\"https:\/\/futbolhoy.co\/#\/schema\/logo\/image\/\",\"url\":\"https:\/\/futbolhoy.co\/wp-content\/uploads\/2018\/08\/17426380_1906371736249227_6326180412931521141_n.jpg\",\"contentUrl\":\"https:\/\/futbolhoy.co\/wp-content\/uploads\/2018\/08\/17426380_1906371736249227_6326180412931521141_n.jpg\",\"width\":960,\"height\":960,\"caption\":\"Futbolhoy.co\"},\"image\":{\"@id\":\"https:\/\/futbolhoy.co\/#\/schema\/logo\/image\/\"},\"sameAs\":[\"https:\/\/www.facebook.com\/FutbolHoyCol\/\",\"https:\/\/x.com\/FutbolHoyCol\",\"https:\/\/www.instagram.com\/futbolhoycol\/\"]},{\"@type\":\"Person\",\"@id\":\"https:\/\/futbolhoy.co\/#\/schema\/person\/c4a353a512b127643723a34bb1812f7d\",\"name\":\"Laura Hern\u00e1ndez\",\"image\":{\"@type\":\"ImageObject\",\"inLanguage\":\"es\",\"@id\":\"https:\/\/futbolhoy.co\/#\/schema\/person\/image\/\",\"url\":\"https:\/\/secure.gravatar.com\/avatar\/d25959a15b9b293a743f99181c7cfd01?s=96&d=mm&r=g\",\"contentUrl\":\"https:\/\/secure.gravatar.com\/avatar\/d25959a15b9b293a743f99181c7cfd01?s=96&d=mm&r=g\",\"caption\":\"Laura Hern\u00e1ndez\"}}]}<\/script>\n<!-- \/ Yoast SEO plugin. -->","yoast_head_json":{"title":"Barrios debut\u00f3 con derrota en Liga de Europa -","robots":{"index":"index","follow":"follow","max-snippet":"max-snippet:-1","max-image-preview":"max-image-preview:large","max-video-preview":"max-video-preview:-1"},"canonical":"https:\/\/futbolhoy.co\/index.php\/2019\/02\/12\/barrios-debuto-con-derrota-en-liga-de-europa\/","og_locale":"es_ES","og_type":"article","og_title":"Barrios debut\u00f3 con derrota en Liga de Europa -","og_description":"El Fenerbah\u00e7e derrot\u00f3 1-0 al Zenit de San Petersburgo, que cont\u00f3 con el debut del cartagenero Wilmar Barrios, en la ida por los dieciseisavos de final de la Europa League disputado en Estambul. Barrios tuvo una buena actuaci\u00f3n desde su posici\u00f3n, cort\u00f3 varias veces a Moses, uno de los jugadores m\u00e1s destacados del equipo turco. [&hellip;]","og_url":"https:\/\/futbolhoy.co\/index.php\/2019\/02\/12\/barrios-debuto-con-derrota-en-liga-de-europa\/","article_publisher":"https:\/\/www.facebook.com\/FutbolHoyCol\/","article_published_time":"2019-02-12T23:15:50+00:00","article_modified_time":"2019-02-13T14:40:29+00:00","og_image":[{"width":1200,"height":900,"url":"https:\/\/futbolhoy.co\/wp-content\/uploads\/2019\/02\/DzOhrgvX0AUyX_F.jpg","type":"image\/jpeg"}],"author":"Laura Hern\u00e1ndez","twitter_card":"summary_large_image","twitter_creator":"@FutbolHoyCol","twitter_site":"@FutbolHoyCol","twitter_misc":{"Escrito por":"Laura Hern\u00e1ndez","Tiempo de lectura":"1 minuto"},"schema":{"@context":"https:\/\/schema.org","@graph":[{"@type":"Article","@id":"https:\/\/futbolhoy.co\/index.php\/2019\/02\/12\/barrios-debuto-con-derrota-en-liga-de-europa\/#article","isPartOf":{"@id":"https:\/\/futbolhoy.co\/index.php\/2019\/02\/12\/barrios-debuto-con-derrota-en-liga-de-europa\/"},"author":{"name":"Laura Hern\u00e1ndez","@id":"https:\/\/futbolhoy.co\/#\/schema\/person\/c4a353a512b127643723a34bb1812f7d"},"headline":"Barrios debut\u00f3 con derrota en Liga de Europa","datePublished":"2019-02-12T23:15:50+00:00","dateModified":"2019-02-13T14:40:29+00:00","mainEntityOfPage":{"@id":"https:\/\/futbolhoy.co\/index.php\/2019\/02\/12\/barrios-debuto-con-derrota-en-liga-de-europa\/"},"wordCount":154,"commentCount":0,"publisher":{"@id":"https:\/\/futbolhoy.co\/#organization"},"image":{"@id":"https:\/\/futbolhoy.co\/index.php\/2019\/02\/12\/barrios-debuto-con-derrota-en-liga-de-europa\/#primaryimage"},"thumbnailUrl":"https:\/\/futbolhoy.co\/wp-content\/uploads\/2019\/02\/DzOhrgvX0AUyX_F.jpg","keywords":["Europa League","Jugadores Colombianos","Wilmar barrios","Zenit"],"articleSection":["Mundo Futbol"],"inLanguage":"es","potentialAction":[{"@type":"CommentAction","name":"Comment","target":["https:\/\/futbolhoy.co\/index.php\/2019\/02\/12\/barrios-debuto-con-derrota-en-liga-de-europa\/#respond"]}]},{"@type":"WebPage","@id":"https:\/\/futbolhoy.co\/index.php\/2019\/02\/12\/barrios-debuto-con-derrota-en-liga-de-europa\/","url":"https:\/\/futbolhoy.co\/index.php\/2019\/02\/12\/barrios-debuto-con-derrota-en-liga-de-europa\/","name":"Barrios debut\u00f3 con derrota en Liga de Europa -","isPartOf":{"@id":"https:\/\/futbolhoy.co\/#website"},"primaryImageOfPage":{"@id":"https:\/\/futbolhoy.co\/index.php\/2019\/02\/12\/barrios-debuto-con-derrota-en-liga-de-europa\/#primaryimage"},"image":{"@id":"https:\/\/futbolhoy.co\/index.php\/2019\/02\/12\/barrios-debuto-con-derrota-en-liga-de-europa\/#primaryimage"},"thumbnailUrl":"https:\/\/futbolhoy.co\/wp-content\/uploads\/2019\/02\/DzOhrgvX0AUyX_F.jpg","datePublished":"2019-02-12T23:15:50+00:00","dateModified":"2019-02-13T14:40:29+00:00","breadcrumb":{"@id":"https:\/\/futbolhoy.co\/index.php\/2019\/02\/12\/barrios-debuto-con-derrota-en-liga-de-europa\/#breadcrumb"},"inLanguage":"es","potentialAction":[{"@type":"ReadAction","target":["https:\/\/futbolhoy.co\/index.php\/2019\/02\/12\/barrios-debuto-con-derrota-en-liga-de-europa\/"]}]},{"@type":"ImageObject","inLanguage":"es","@id":"https:\/\/futbolhoy.co\/index.php\/2019\/02\/12\/barrios-debuto-con-derrota-en-liga-de-europa\/#primaryimage","url":"https:\/\/futbolhoy.co\/wp-content\/uploads\/2019\/02\/DzOhrgvX0AUyX_F.jpg","contentUrl":"https:\/\/futbolhoy.co\/wp-content\/uploads\/2019\/02\/DzOhrgvX0AUyX_F.jpg","width":1200,"height":900,"caption":"Twitter @fczenit_en"},{"@type":"BreadcrumbList","@id":"https:\/\/futbolhoy.co\/index.php\/2019\/02\/12\/barrios-debuto-con-derrota-en-liga-de-europa\/#breadcrumb","itemListElement":[{"@type":"ListItem","position":1,"name":"Portada","item":"https:\/\/futbolhoy.co\/"},{"@type":"ListItem","position":2,"name":"Barrios debut\u00f3 con derrota en Liga de Europa"}]},{"@type":"WebSite","@id":"https:\/\/futbolhoy.co\/#website","url":"https:\/\/futbolhoy.co\/","name":"FutbolHoy","description":"","publisher":{"@id":"https:\/\/futbolhoy.co\/#organization"},"potentialAction":[{"@type":"SearchAction","target":{"@type":"EntryPoint","urlTemplate":"https:\/\/futbolhoy.co\/?s={search_term_string}"},"query-input":{"@type":"PropertyValueSpecification","valueRequired":true,"valueName":"search_term_string"}}],"inLanguage":"es"},{"@type":"Organization","@id":"https:\/\/futbolhoy.co\/#organization","name":"Futbolhoy.co","url":"https:\/\/futbolhoy.co\/","logo":{"@type":"ImageObject","inLanguage":"es","@id":"https:\/\/futbolhoy.co\/#\/schema\/logo\/image\/","url":"https:\/\/futbolhoy.co\/wp-content\/uploads\/2018\/08\/17426380_1906371736249227_6326180412931521141_n.jpg","contentUrl":"https:\/\/futbolhoy.co\/wp-content\/uploads\/2018\/08\/17426380_1906371736249227_6326180412931521141_n.jpg","width":960,"height":960,"caption":"Futbolhoy.co"},"image":{"@id":"https:\/\/futbolhoy.co\/#\/schema\/logo\/image\/"},"sameAs":["https:\/\/www.facebook.com\/FutbolHoyCol\/","https:\/\/x.com\/FutbolHoyCol","https:\/\/www.instagram.com\/futbolhoycol\/"]},{"@type":"Person","@id":"https:\/\/futbolhoy.co\/#\/schema\/person\/c4a353a512b127643723a34bb1812f7d","name":"Laura Hern\u00e1ndez","image":{"@type":"ImageObject","inLanguage":"es","@id":"https:\/\/futbolhoy.co\/#\/schema\/person\/image\/","url":"https:\/\/secure.gravatar.com\/avatar\/d25959a15b9b293a743f99181c7cfd01?s=96&d=mm&r=g","contentUrl":"https:\/\/secure.gravatar.com\/avatar\/d25959a15b9b293a743f99181c7cfd01?s=96&d=mm&r=g","caption":"Laura Hern\u00e1ndez"}}]}},"publishpress_future_action":{"enabled":false,"date":"2026-05-04 07:47:36","action":"change-status","newStatus":"draft","terms":[],"taxonomy":"category","extraData":[]},"publishpress_future_workflow_manual_trigger":{"enabledWorkflows":[]},"_links":{"self":[{"href":"https:\/\/futbolhoy.co\/index.php\/wp-json\/wp\/v2\/posts\/31401","targetHints":{"allow":["GET"]}}],"collection":[{"href":"https:\/\/futbolhoy.co\/index.php\/wp-json\/wp\/v2\/posts"}],"about":[{"href":"https:\/\/futbolhoy.co\/index.php\/wp-json\/wp\/v2\/types\/post"}],"author":[{"embeddable":true,"href":"https:\/\/futbolhoy.co\/index.php\/wp-json\/wp\/v2\/users\/5"}],"replies":[{"embeddable":true,"href":"https:\/\/futbolhoy.co\/index.php\/wp-json\/wp\/v2\/comments?post=31401"}],"version-history":[{"count":1,"href":"https:\/\/futbolhoy.co\/index.php\/wp-json\/wp\/v2\/posts\/31401\/revisions"}],"predecessor-version":[{"id":31408,"href":"https:\/\/futbolhoy.co\/index.php\/wp-json\/wp\/v2\/posts\/31401\/revisions\/31408"}],"wp:featuredmedia":[{"embeddable":true,"href":"https:\/\/futbolhoy.co\/index.php\/wp-json\/wp\/v2\/media\/31402"}],"wp:attachment":[{"href":"https:\/\/futbolhoy.co\/index.php\/wp-json\/wp\/v2\/media?parent=31401"}],"wp:term":[{"taxonomy":"category","embeddable":true,"href":"https:\/\/futbolhoy.co\/index.php\/wp-json\/wp\/v2\/categories?post=31401"},{"taxonomy":"post_tag","embeddable":true,"href":"https:\/\/futbolhoy.co\/index.php\/wp-json\/wp\/v2\/tags?post=31401"}],"curies":[{"name":"wp","href":"https:\/\/api.w.org\/{rel}","templated":true}]}}